{"id":59346,"date":"2021-05-05T14:45:32","date_gmt":"2021-05-05T19:45:32","guid":{"rendered":"https:\/\/www.grieta.org.mx\/?p=59346"},"modified":"2021-05-09T14:57:30","modified_gmt":"2021-05-09T19:57:30","slug":"llega-guardia-nacional-al-bosque-la-primavera-para-desalojar-a-100-familias-vecinos-temen-violencia-jalisco","status":"publish","type":"post","link":"http:\/\/www.grieta.org.mx\/index.php\/2021\/05\/05\/llega-guardia-nacional-al-bosque-la-primavera-para-desalojar-a-100-familias-vecinos-temen-violencia-jalisco\/","title":{"rendered":"Llega Guardia Nacional al bosque La Primavera para desalojar a 100 familias; vecinos temen violencia (Jalisco)"},"content":{"rendered":"<p>Foto: Cortes\u00eda<\/p>\n<p>Ignacio P\u00e9rez Vega \/ UDGTV<\/p>\n<p>Posesionarios de predios en la zona del bosque La Primavera denuncian que elementos de la Guardia Nacional llegaron esta tarde para desalojar a 100 familias, que habitan el lugar desde hace m\u00e1s de 40 a\u00f1os.<\/p>\n<p>Sarah\u00ed Carrasco, habitante de La Primavera, dijo que el Tribunal Unitario Agrario n\u00famero 16, dio la orden de entregar mil 114 hect\u00e1reas a los particulares Juana Ch\u00e1vez Guti\u00e9rrez y su esposo Jos\u00e9 Luis Merchant Ovando, quienes\u00a0<strong>pretenden quitarles sus propiedades que est\u00e1n dentro del \u00c1rea Natural Protegida, con la intenci\u00f3n de urbanizar.<\/strong><\/p>\n<p>Los vecinos cuentan con la cesi\u00f3n de derechos respectiva y el fallo del Tribunal Agrario, los tom\u00f3 por sorpresa, sin siquiera mediar alguna negociaci\u00f3n, pues los quieren sacar de las que han sido sus viviendas y de la parte aleda\u00f1a al bosque que ellos han conservado por decenios.<\/p>\n<p><em>\u201cVan a desalojar a m\u00e1s de 100 familias, son mil 114 hect\u00e1reas. Hay una orden para entrar ma\u00f1ana (jueves) a las 10 de la ma\u00f1ana, pero desde ahorita ya est\u00e1n entrando, como que est\u00e1n tomando posiciones para en la ma\u00f1ana ya solo sacar a la gente y aqu\u00ed est\u00e1 la Guardia Nacional ya. Ahorita llegaron a un rancho \u201cQuinta Sof\u00eda\u201d me parece, gente armada que no son de la Fiscal\u00eda, gente armada porque no se identificaron, con documentos falsos a querer desalojar en un rancho. La gente pues no se dej\u00f3\u201d.<\/em><\/p>\n<p>Las familias afectadas temen que se genere violencia, ya que han visto gente armada sin identificar y que no pertenecen ni a la Guardia Nacional ni a la Fiscal\u00eda Estatal.<\/p>\n<p><em>\u201cPorque van a desalojar con fuerza y todo. La orden (del Tribunal Agrario) es que entren con fuerza y todo. Hay ni\u00f1os, hay mujeres, hay ancianos. La gente est\u00e1 muy asustada, est\u00e1n preocupados porque no saben que vamos a hacer o qu\u00e9 va a pasar. Estamos todos preocupados y no hay nadie que nos apoye. Estamos solos\u201d<\/em>, expres\u00f3.<\/p>\n<p>Los colonos aleda\u00f1os al bosque, en el predio de la Ex Hacienda de La Primavera,\u00a0<strong>piden el apoyo del gobierno del estado o del Ayuntamiento de Zapopan para que se detenga el desalojo forzado<\/strong>\u00a0y se frene cualquier intento de desarrollar viviendas.<\/p>\n<p><a href=\"https:\/\/udgtv.com\/noticias\/llega-gn-bosque-primavera-desalojar-100-familias-vecinos-violencia\/\">https:\/\/udgtv.com\/noticias\/llega-gn-bosque-primavera-desalojar-100-familias-vecinos-violencia\/<\/a><\/p>\n","protected":false},"excerpt":{"rendered":"<p>Foto: Cortes\u00eda Ignacio P\u00e9rez Vega \/ UDGTV Posesionarios de predios en la zona del bosque La Primavera denuncian que elementos de la Guardia Nacional llegaron esta tarde para desalojar a &hellip; <a href=\"http:\/\/www.grieta.org.mx\/index.php\/2021\/05\/05\/llega-guardia-nacional-al-bosque-la-primavera-para-desalojar-a-100-familias-vecinos-temen-violencia-jalisco\/\" class=\"more-link\">Leer m\u00e1s<\/a><\/p>\n","protected":false},"author":2,"featured_media":59347,"comment_status":"closed","ping_status":"closed","sticky":false,"template":"","format":"standard","meta":{"ngg_post_thumbnail":0,"_jetpack_newsletter_access":"","_jetpack_dont_email_post_to_subs":false,"_jetpack_newsletter_tier_id":0,"_jetpack_memberships_contains_paywalled_content":false,"_jetpack_memberships_contains_paid_content":false,"footnotes":""},"categories":[80,20,912,2631,2,83],"tags":[1210,2616,2942,3699,2295,614],"class_list":["post-59346","post","type-post","status-publish","format-standard","has-post-thumbnail","hentry","category-cintillo","category-jalisco","category-militarizacion","category-militarizacion-en-jalisco","category-noticias-nacionales","category-temas-nacionales","tag-conflictos-por-desarrollos-inmobiliarios","tag-desalojos","tag-despojo-de-tierras-por-inmobiliarias","tag-destruccion-ambiental-por-proyectos-inmobiliarios","tag-guardia-nacional","tag-militarizacion","entry"],"jetpack_featured_media_url":"http:\/\/www.grieta.org.mx\/wp-content\/uploads\/2021\/05\/WhatsApp-Image-2021-05-05-at-20.22.54-e1620265632830-696x511-1-e1620589978841.jpeg","jetpack_sharing_enabled":true,"jetpack_shortlink":"https:\/\/wp.me\/p7ZJR4-frc","jetpack_likes_enabled":false,"jetpack-related-posts":[{"id":41478,"url":"http:\/\/www.grieta.org.mx\/index.php\/2019\/11\/21\/construyen-2-bases-para-la-guardia-nacional-en-tlajomulco-jalisco\/","url_meta":{"origin":59346,"position":0},"title":"Construyen 2 bases para la Guardia Nacional en Tlajomulco (Jalisco)","author":"grieta","date":"21 noviembre, 2019","format":false,"excerpt":"Foto: Archivo El Occidental Se ha dado a conocer que en Jalisco hay desplegados 2 mil 273 elementos de los 3 mil 600 que llegar\u00e1n a la entidad Elizabeth Ibal \/ El Occidental El municipio de Tlajomulco de Z\u00fa\u00f1iga albergar\u00e1 dos bases operativas para la Guardia Nacional. Una de las\u2026","rel":"","context":"En &quot;CINTILLO&quot;","block_context":{"text":"CINTILLO","link":"http:\/\/www.grieta.org.mx\/index.php\/category\/cintillo\/"},"img":{"alt_text":"","src":"https:\/\/i0.wp.com\/www.grieta.org.mx\/wp-content\/uploads\/2019\/11\/Policiaca.jpg?resize=350%2C200","width":350,"height":200,"srcset":"https:\/\/i0.wp.com\/www.grieta.org.mx\/wp-content\/uploads\/2019\/11\/Policiaca.jpg?resize=350%2C200 1x, https:\/\/i0.wp.com\/www.grieta.org.mx\/wp-content\/uploads\/2019\/11\/Policiaca.jpg?resize=525%2C300 1.5x, https:\/\/i0.wp.com\/www.grieta.org.mx\/wp-content\/uploads\/2019\/11\/Policiaca.jpg?resize=700%2C400 2x"},"classes":[]},{"id":35940,"url":"http:\/\/www.grieta.org.mx\/index.php\/2019\/07\/04\/guardia-nacional-y-policias-comienzan-a-patrullar-parte-de-la-zmg-jalisco\/","url_meta":{"origin":59346,"position":1},"title":"Guardia Nacional y polic\u00edas comienzan a patrullar parte de la ZMG (Jalisco)","author":"grieta","date":"4 julio, 2019","format":false,"excerpt":"Foto: Cortes\u00eda De la misma manera, los agentes federales ya se encuentran en algunos otros municipios metropolitanos Elizabeth Ibal \/ El Occidental Arranc\u00f3 operaciones formalmente este jueves el personal de la Guardia Nacional en conjunto con elementos de la Comisar\u00eda de la Polic\u00eda de Guadalajara con el fin de reforzar\u2026","rel":"","context":"En &quot;CINTILLO&quot;","block_context":{"text":"CINTILLO","link":"http:\/\/www.grieta.org.mx\/index.php\/category\/cintillo\/"},"img":{"alt_text":"","src":"https:\/\/i0.wp.com\/www.grieta.org.mx\/wp-content\/uploads\/2019\/07\/IMG-20190704-WA0026-2.jpg?resize=350%2C200","width":350,"height":200,"srcset":"https:\/\/i0.wp.com\/www.grieta.org.mx\/wp-content\/uploads\/2019\/07\/IMG-20190704-WA0026-2.jpg?resize=350%2C200 1x, https:\/\/i0.wp.com\/www.grieta.org.mx\/wp-content\/uploads\/2019\/07\/IMG-20190704-WA0026-2.jpg?resize=525%2C300 1.5x, https:\/\/i0.wp.com\/www.grieta.org.mx\/wp-content\/uploads\/2019\/07\/IMG-20190704-WA0026-2.jpg?resize=700%2C400 2x"},"classes":[]},{"id":36130,"url":"http:\/\/www.grieta.org.mx\/index.php\/2019\/07\/08\/la-guardia-nacional-arriba-a-la-region-sur-de-jalisco\/","url_meta":{"origin":59346,"position":2},"title":"La Guardia Nacional arriba a la Regi\u00f3n Sur de Jalisco","author":"grieta","date":"8 julio, 2019","format":false,"excerpt":"Har\u00e1n patrullaje conjunto con autoridades locales Marisela Mu\u00f1oz \/ Vallarta Opina Elementos de la Guardia Nacional asignados a la Quinta Regi\u00f3n Territorial, en la que se encuentra Jalisco, contin\u00faan con su despliegue por las diferentes bases de la entidad. Esta ma\u00f1ana, los efectivos federales llegaron a la Regi\u00f3n Sur con\u2026","rel":"","context":"En &quot;CINTILLO&quot;","block_context":{"text":"CINTILLO","link":"http:\/\/www.grieta.org.mx\/index.php\/category\/cintillo\/"},"img":{"alt_text":"","src":"https:\/\/i0.wp.com\/www.grieta.org.mx\/wp-content\/uploads\/2019\/07\/GUARDIA-1.jpg?resize=350%2C200","width":350,"height":200,"srcset":"https:\/\/i0.wp.com\/www.grieta.org.mx\/wp-content\/uploads\/2019\/07\/GUARDIA-1.jpg?resize=350%2C200 1x, https:\/\/i0.wp.com\/www.grieta.org.mx\/wp-content\/uploads\/2019\/07\/GUARDIA-1.jpg?resize=525%2C300 1.5x, https:\/\/i0.wp.com\/www.grieta.org.mx\/wp-content\/uploads\/2019\/07\/GUARDIA-1.jpg?resize=700%2C400 2x"},"classes":[]},{"id":34736,"url":"http:\/\/www.grieta.org.mx\/index.php\/2019\/06\/11\/arribaran-3-mil-600-agentes-de-la-guardia-nacional-en-jalisco\/","url_meta":{"origin":59346,"position":3},"title":"Arribar\u00e1n 3 mil 600 agentes de la Guardia Nacional en Jalisco","author":"grieta","date":"11 junio, 2019","format":false,"excerpt":"Gloria Reza M. \/ P\u00e1gina 24 (apro). \u2013\u00a0Tras sostener una reuni\u00f3n entre autoridades locales con el Gabinete Nacional de Seguridad en Casa Jalisco, el secretario de Seguridad P\u00fablica y Protecci\u00f3n Ciudadana, Alfonso Durazo, confirm\u00f3 que, en la primera semana de julio, arribar\u00e1n 3 mil 600 elementos de la Guardia Nacional\u2026","rel":"","context":"En &quot;CINTILLO&quot;","block_context":{"text":"CINTILLO","link":"http:\/\/www.grieta.org.mx\/index.php\/category\/cintillo\/"},"img":{"alt_text":"","src":"https:\/\/i0.wp.com\/www.grieta.org.mx\/wp-content\/uploads\/2019\/06\/gn_crop1560205586557.jpg_1970638775.jpg?resize=350%2C200","width":350,"height":200,"srcset":"https:\/\/i0.wp.com\/www.grieta.org.mx\/wp-content\/uploads\/2019\/06\/gn_crop1560205586557.jpg_1970638775.jpg?resize=350%2C200 1x, https:\/\/i0.wp.com\/www.grieta.org.mx\/wp-content\/uploads\/2019\/06\/gn_crop1560205586557.jpg_1970638775.jpg?resize=525%2C300 1.5x, https:\/\/i0.wp.com\/www.grieta.org.mx\/wp-content\/uploads\/2019\/06\/gn_crop1560205586557.jpg_1970638775.jpg?resize=700%2C400 2x"},"classes":[]},{"id":38245,"url":"http:\/\/www.grieta.org.mx\/index.php\/2019\/08\/24\/arriban-400-militares-mas-para-reforzar-seguridad-en-metropoli-jalisco\/","url_meta":{"origin":59346,"position":4},"title":"Arriban 400 militares m\u00e1s para reforzar seguridad en metr\u00f3poli (Jalisco)","author":"grieta","date":"24 agosto, 2019","format":false,"excerpt":"Foto: Archivo \/ El Informador Redacci\u00f3n \/ El Informador Para reforzar la seguridad en el \u00c1rea Metropolitana de Guadalajara, 400 elementos m\u00e1s de la Secretar\u00eda de la Defensa Nacional (Sedena) llegaron a la Entidad, inform\u00f3 Pedro Felipe Gurrola Ram\u00edrez, comandante de la V Regi\u00f3n Militar. Se trata de personal del\u2026","rel":"","context":"En &quot;CINTILLO&quot;","block_context":{"text":"CINTILLO","link":"http:\/\/www.grieta.org.mx\/index.php\/category\/cintillo\/"},"img":{"alt_text":"","src":"https:\/\/i0.wp.com\/www.grieta.org.mx\/wp-content\/uploads\/2019\/08\/rs3232399_dig-2019-07-05-23-07-57_crop1566637798391.jpg_1970638775.jpg?resize=350%2C200","width":350,"height":200,"srcset":"https:\/\/i0.wp.com\/www.grieta.org.mx\/wp-content\/uploads\/2019\/08\/rs3232399_dig-2019-07-05-23-07-57_crop1566637798391.jpg_1970638775.jpg?resize=350%2C200 1x, https:\/\/i0.wp.com\/www.grieta.org.mx\/wp-content\/uploads\/2019\/08\/rs3232399_dig-2019-07-05-23-07-57_crop1566637798391.jpg_1970638775.jpg?resize=525%2C300 1.5x, https:\/\/i0.wp.com\/www.grieta.org.mx\/wp-content\/uploads\/2019\/08\/rs3232399_dig-2019-07-05-23-07-57_crop1566637798391.jpg_1970638775.jpg?resize=700%2C400 2x"},"classes":[]},{"id":57360,"url":"http:\/\/www.grieta.org.mx\/index.php\/2021\/03\/05\/llegan-600-elementos-de-la-gn-a-jalisco\/","url_meta":{"origin":59346,"position":5},"title":"Llegan 600 elementos de la GN a Jalisco","author":"grieta","date":"5 marzo, 2021","format":false,"excerpt":"Foto: Presidencia \/ Cuartoscuro Redacci\u00f3n \/ El Diario NTR Llegan a Jalisco 600 efectivos de la Guardia Nacional para reforzamiento de la seguridad en el estado. Desde la madrugada de este viernes, empezaron a arribar los elementos que habr\u00e1n de montar operativos y patrullajes prioritariamente en la Zona Metropolitana de\u2026","rel":"","context":"En &quot;CINTILLO&quot;","block_context":{"text":"CINTILLO","link":"http:\/\/www.grieta.org.mx\/index.php\/category\/cintillo\/"},"img":{"alt_text":"","src":"https:\/\/i0.wp.com\/www.grieta.org.mx\/wp-content\/uploads\/2021\/03\/2021-03-05_01-03-15___7889.jpg?resize=350%2C200","width":350,"height":200,"srcset":"https:\/\/i0.wp.com\/www.grieta.org.mx\/wp-content\/uploads\/2021\/03\/2021-03-05_01-03-15___7889.jpg?resize=350%2C200 1x, https:\/\/i0.wp.com\/www.grieta.org.mx\/wp-content\/uploads\/2021\/03\/2021-03-05_01-03-15___7889.jpg?resize=525%2C300 1.5x, https:\/\/i0.wp.com\/www.grieta.org.mx\/wp-content\/uploads\/2021\/03\/2021-03-05_01-03-15___7889.jpg?resize=700%2C400 2x"},"classes":[]}],"_links":{"self":[{"href":"http:\/\/www.grieta.org.mx\/index.php\/wp-json\/wp\/v2\/posts\/59346","targetHints":{"allow":["GET"]}}],"collection":[{"href":"http:\/\/www.grieta.org.mx\/index.php\/wp-json\/wp\/v2\/posts"}],"about":[{"href":"http:\/\/www.grieta.org.mx\/index.php\/wp-json\/wp\/v2\/types\/post"}],"author":[{"embeddable":true,"href":"http:\/\/www.grieta.org.mx\/index.php\/wp-json\/wp\/v2\/users\/2"}],"replies":[{"embeddable":true,"href":"http:\/\/www.grieta.org.mx\/index.php\/wp-json\/wp\/v2\/comments?post=59346"}],"version-history":[{"count":1,"href":"http:\/\/www.grieta.org.mx\/index.php\/wp-json\/wp\/v2\/posts\/59346\/revisions"}],"predecessor-version":[{"id":59348,"href":"http:\/\/www.grieta.org.mx\/index.php\/wp-json\/wp\/v2\/posts\/59346\/revisions\/59348"}],"wp:featuredmedia":[{"embeddable":true,"href":"http:\/\/www.grieta.org.mx\/index.php\/wp-json\/wp\/v2\/media\/59347"}],"wp:attachment":[{"href":"http:\/\/www.grieta.org.mx\/index.php\/wp-json\/wp\/v2\/media?parent=59346"}],"wp:term":[{"taxonomy":"category","embeddable":true,"href":"http:\/\/www.grieta.org.mx\/index.php\/wp-json\/wp\/v2\/categories?post=59346"},{"taxonomy":"post_tag","embeddable":true,"href":"http:\/\/www.grieta.org.mx\/index.php\/wp-json\/wp\/v2\/tags?post=59346"}],"curies":[{"name":"wp","href":"https:\/\/api.w.org\/{rel}","templated":true}]}}