{"id":59337,"date":"2021-05-02T13:56:22","date_gmt":"2021-05-02T18:56:22","guid":{"rendered":"https:\/\/www.grieta.org.mx\/?p=59337"},"modified":"2021-05-09T14:01:57","modified_gmt":"2021-05-09T19:01:57","slug":"trabajadores-de-telmex-a-punto-de-estallar-a-huelga-por-aumento-de-anos-para-la-jubilacion-jalisco","status":"publish","type":"post","link":"http:\/\/www.grieta.org.mx\/index.php\/2021\/05\/02\/trabajadores-de-telmex-a-punto-de-estallar-a-huelga-por-aumento-de-anos-para-la-jubilacion-jalisco\/","title":{"rendered":"Trabajadores de TELMEX a punto de estallar a huelga por aumento de a\u00f1os para la jubilaci\u00f3n (Jalisco)"},"content":{"rendered":"<p>Foto: Ignacio P\u00e9rez Vega<\/p>\n<p>Ignacio P\u00e9rez Vega \/ UDGTV<\/p>\n<p>Trabajadores de Tel\u00e9fonos de M\u00e9xico salieron a manifestarse en el D\u00eda Internacional del Trabajo para exigir que se les respete su contrato colectivo de trabajo y que se respete la jubilaci\u00f3n en los t\u00e9rminos en que actualmente est\u00e1.<\/p>\n<p>Mar\u00eda del Carmen Gonz\u00e1lez Santoyo, secretaria general de la secci\u00f3n 2 del Sindicato de Telefonistas de la Rep\u00fablica Mexicana (STRM), inform\u00f3 que<strong>\u00a0est\u00e1 a punto de estallar una huelga si Telmex no respeta las prestaciones de los empleados de esa empresa.<\/strong><\/p>\n<p><em>\u201cLa jubilaci\u00f3n es a los 31 a\u00f1os de servicio, mujeres a los 48 a\u00f1os de edad y hombres 53 a\u00f1os y ya quieren quitar la jubilaci\u00f3n. A los de nuevo ingreso que entraron hace poco dejaron la jubilaci\u00f3n a los 60 a\u00f1os y ahorita ya la quieren quitar definitivamente. Por eso nos estamos manifestando. Todas las personas de rojo con negro somos telefonistas y estamos vestidos as\u00ed por una probable huelga\u201d<\/em>, explic\u00f3.<\/p>\n<p>Por su parte, el l\u00edder del Sindicato de Trabajadores Acad\u00e9micos de la UdeG (STAUdeG), Jes\u00fas Palafox Y\u00e1\u00f1ez, se\u00f1al\u00f3 que<strong>\u00a0ellos est\u00e1n exigiendo un incremento salarial de 12%<\/strong>, ya que el tope salarial que les ofrece la SEP es de 3.4%, lo cual no cubre ni siquiera la inflaci\u00f3n del a\u00f1o reciente.<\/p>\n<p>\u201c<em>Principalmente un mayor incremento salarial a los maestros universitarios porque verdaderamente es de dar tristeza el pago que se les da a los maestros de asignatura, que es de aproximadamente 120 pesos la hora. El gobierno federal no ha querido incrementar, pareciera que es un gobierno neoliberal, porque nos sigue sosteniendo un tope. Este a\u00f1o la propuesta es de 3.4% de incremento salarial. Es decir, quien sea un maestro de asignatura va a ganar aproximadamente 4 pesos m\u00e1s\u201d,<\/em>\u00a0se\u00f1al\u00f3.<\/p>\n<p>El sindicato de Telmex, con el apoyo del STAUdeG realizaron un acto de protesta en la plaza Fundadores, bajo un quemante sol, por lo que los trabajadores se resguardaron bajo la sombra de los \u00e1rboles.<\/p>\n<p><a href=\"https:\/\/udgtv.com\/noticias\/trabajadores-telmex-punto-estallar-huelga-aumento-anos-la-jubilacion\/\">https:\/\/udgtv.com\/noticias\/trabajadores-telmex-punto-estallar-huelga-aumento-anos-la-jubilacion\/<\/a><\/p>\n","protected":false},"excerpt":{"rendered":"<p>Foto: Ignacio P\u00e9rez Vega Ignacio P\u00e9rez Vega \/ UDGTV Trabajadores de Tel\u00e9fonos de M\u00e9xico salieron a manifestarse en el D\u00eda Internacional del Trabajo para exigir que se les respete su &hellip; <a href=\"http:\/\/www.grieta.org.mx\/index.php\/2021\/05\/02\/trabajadores-de-telmex-a-punto-de-estallar-a-huelga-por-aumento-de-anos-para-la-jubilacion-jalisco\/\" class=\"more-link\">Leer m\u00e1s<\/a><\/p>\n","protected":false},"author":2,"featured_media":59338,"comment_status":"closed","ping_status":"closed","sticky":false,"template":"","format":"standard","meta":{"ngg_post_thumbnail":0,"_jetpack_newsletter_access":"","_jetpack_dont_email_post_to_subs":false,"_jetpack_newsletter_tier_id":0,"_jetpack_memberships_contains_paywalled_content":false,"_jetpack_memberships_contains_paid_content":false,"footnotes":""},"categories":[80,910,3289,20,2,83],"tags":[105,2841,1290,3275],"class_list":["post-59337","post","type-post","status-publish","format-standard","has-post-thumbnail","hentry","category-cintillo","category-explotacion-y-precariedad-laboral","category-explotacion-y-precariedad-laboral-en-jalisco","category-jalisco","category-noticias-nacionales","category-temas-nacionales","tag-derechos-laborales","tag-explotacion-y-precariedad-laboral","tag-precariedad-laboral","tag-protestas-de-trabajadores","entry"],"jetpack_featured_media_url":"http:\/\/www.grieta.org.mx\/wp-content\/uploads\/2021\/05\/WhatsApp-Image-2021-05-02-at-00.02.26-633x420-1.jpeg","jetpack_sharing_enabled":true,"jetpack_shortlink":"https:\/\/wp.me\/p7ZJR4-fr3","jetpack_likes_enabled":false,"jetpack-related-posts":[{"id":50793,"url":"http:\/\/www.grieta.org.mx\/index.php\/2020\/06\/10\/empleados-del-siop-piden-auxilio-ante-la-existencia-de-casos-de-covid-19-en-las-oficinas-centrales-jalisco\/","url_meta":{"origin":59337,"position":0},"title":"Empleados del SIOP piden \u201cauxilio\u201d ante la existencia de casos de COVID-19 en las oficinas centrales (Jalisco)","author":"grieta","date":"10 junio, 2020","format":false,"excerpt":"Foto: Ignacio P\u00e9rez Vega Los empleados se\u00f1alaron que en la SIOP no han dejado de trabajar, ya que las obras p\u00fablicas que emprende esa dependencia se han realizado sin detenerse, pese a la emergencia sanitaria Ignacio P\u00e9rez Vega \/ UDGTV Guadalajara, Jalisco.\u00a0Empleados que laboran en las oficinas de la Secretar\u00eda\u2026","rel":"","context":"En &quot;CINTILLO&quot;","block_context":{"text":"CINTILLO","link":"http:\/\/www.grieta.org.mx\/index.php\/category\/cintillo\/"},"img":{"alt_text":"","src":"https:\/\/i0.wp.com\/www.grieta.org.mx\/wp-content\/uploads\/2020\/06\/SIOP-Ignacio-P%C3%A9rez-Vega-e1591835730737-600x451.jpeg?resize=350%2C200","width":350,"height":200,"srcset":"https:\/\/i0.wp.com\/www.grieta.org.mx\/wp-content\/uploads\/2020\/06\/SIOP-Ignacio-P%C3%A9rez-Vega-e1591835730737-600x451.jpeg?resize=350%2C200 1x, https:\/\/i0.wp.com\/www.grieta.org.mx\/wp-content\/uploads\/2020\/06\/SIOP-Ignacio-P%C3%A9rez-Vega-e1591835730737-600x451.jpeg?resize=525%2C300 1.5x"},"classes":[]},{"id":71973,"url":"http:\/\/www.grieta.org.mx\/index.php\/2025\/07\/09\/paro-laboral-en-alpura-por-presuntos-abusos-trabajadores-denuncian-violaciones-a-derechos\/","url_meta":{"origin":59337,"position":1},"title":"Paro laboral en Alpura por presuntos abusos; trabajadores denuncian violaciones a derechos","author":"grieta","date":"9 julio, 2025","format":false,"excerpt":"Redacci\u00f3n Fortuna y poder En Puebla iniciar\u00edan huelga el 4 de agosto de no llegar a acuerdos con la empresa Trabajadores de la empresa\u00a0Alpura\u00a0llevaron a cabo un\u00a0paro de labores\u00a0en varias de las plantas productoras de la compa\u00f1\u00eda. En Cuautitl\u00e1n Izcalli y Los Reyes La Paz (Estado de M\u00e9xico), as\u00ed como\u2026","rel":"","context":"En &quot;CINTILLO&quot;","block_context":{"text":"CINTILLO","link":"http:\/\/www.grieta.org.mx\/index.php\/category\/cintillo\/"},"img":{"alt_text":"","src":"https:\/\/i0.wp.com\/www.grieta.org.mx\/wp-content\/uploads\/2025\/07\/Captura-de-pantalla-2025-07-09-000854.png?resize=350%2C200","width":350,"height":200,"srcset":"https:\/\/i0.wp.com\/www.grieta.org.mx\/wp-content\/uploads\/2025\/07\/Captura-de-pantalla-2025-07-09-000854.png?resize=350%2C200 1x, https:\/\/i0.wp.com\/www.grieta.org.mx\/wp-content\/uploads\/2025\/07\/Captura-de-pantalla-2025-07-09-000854.png?resize=525%2C300 1.5x, https:\/\/i0.wp.com\/www.grieta.org.mx\/wp-content\/uploads\/2025\/07\/Captura-de-pantalla-2025-07-09-000854.png?resize=700%2C400 2x"},"classes":[]},{"id":49675,"url":"http:\/\/www.grieta.org.mx\/index.php\/2020\/05\/17\/trabajadores-despedidos-de-sistecozome-tras-el-cierre-en-2017-exigen-laudos-jalisco\/","url_meta":{"origin":59337,"position":2},"title":"Trabajadores despedidos de Sistecozome tras el cierre en 2017 exigen laudos (Jalisco)","author":"grieta","date":"17 mayo, 2020","format":false,"excerpt":"Foto: Redes Sociales Los ex conductores exigen que antes de pagar las liquidaciones respectivas a los empleados de SyT, debe cumplirse con los pagos pendientes a los trabajadores despedidos del Sistecozome Ignacio P\u00e9rez Vega \/ UDGTV Luego de que el Congreso del Estado vot\u00f3 a favor de desaparecer a la\u2026","rel":"","context":"En &quot;CINTILLO&quot;","block_context":{"text":"CINTILLO","link":"http:\/\/www.grieta.org.mx\/index.php\/category\/cintillo\/"},"img":{"alt_text":"","src":"https:\/\/i0.wp.com\/www.grieta.org.mx\/wp-content\/uploads\/2020\/05\/Justicia-Sistecozome3-Ignacio-P%C3%A9rez-Vega.jpg?resize=350%2C200","width":350,"height":200,"srcset":"https:\/\/i0.wp.com\/www.grieta.org.mx\/wp-content\/uploads\/2020\/05\/Justicia-Sistecozome3-Ignacio-P%C3%A9rez-Vega.jpg?resize=350%2C200 1x, https:\/\/i0.wp.com\/www.grieta.org.mx\/wp-content\/uploads\/2020\/05\/Justicia-Sistecozome3-Ignacio-P%C3%A9rez-Vega.jpg?resize=525%2C300 1.5x, https:\/\/i0.wp.com\/www.grieta.org.mx\/wp-content\/uploads\/2020\/05\/Justicia-Sistecozome3-Ignacio-P%C3%A9rez-Vega.jpg?resize=700%2C400 2x"},"classes":[]},{"id":68596,"url":"http:\/\/www.grieta.org.mx\/index.php\/2024\/03\/11\/sin-prestaciones-el-46-de-los-trabajadores-24-esta-en-pobreza-laboral-colima\/","url_meta":{"origin":59337,"position":3},"title":"Sin prestaciones: El 46 % de los trabajadores; 24 % est\u00e1 en pobreza laboral (Colima)","author":"grieta","date":"11 marzo, 2024","format":false,"excerpt":"Imagen: Diario Avanzada Heidi de Le\u00f3n Guti\u00e9rrez \/ Diario Avanzada Colima, M\u00e9xico, Avanzada (11\/03\/2024).- Omar sabe que no contar\u00e1 con una jubilaci\u00f3n que le permita sobrevivir si es que llega a la vejez. Desde hace diez a\u00f1os se dedica a dar clases particulares y en la instituci\u00f3n donde labora solo\u2026","rel":"","context":"En &quot;CINTILLO&quot;","block_context":{"text":"CINTILLO","link":"http:\/\/www.grieta.org.mx\/index.php\/category\/cintillo\/"},"img":{"alt_text":"","src":"https:\/\/i0.wp.com\/www.grieta.org.mx\/wp-content\/uploads\/2024\/03\/a2-17.jpg?resize=350%2C200","width":350,"height":200},"classes":[]},{"id":55014,"url":"http:\/\/www.grieta.org.mx\/index.php\/2020\/11\/12\/trabajadores-del-canal-13-de-san-luis-potosi-estallan-huelga-por-adeudo-salarial\/","url_meta":{"origin":59337,"position":4},"title":"Trabajadores del Canal 13 de San Luis Potos\u00ed estallan huelga por adeudo salarial","author":"grieta","date":"12 noviembre, 2020","format":false,"excerpt":"Felipe C\u00e1rdenas\/El Sol de San Luis 12 noviembre 2020 Luego de 25 a\u00f1os de transmitir ininterrumpidamente la se\u00f1al de televisora potosina Canal 13 se apag\u00f3 debido a un estallamiento de huelga por adeudos salariales a la plantilla laboral. El estallamiento de huelga lo encabez\u00f3 el l\u00edder local del Sitatyr, Diego\u2026","rel":"","context":"En &quot;CINTILLO&quot;","block_context":{"text":"CINTILLO","link":"http:\/\/www.grieta.org.mx\/index.php\/category\/cintillo\/"},"img":{"alt_text":"","src":"https:\/\/i0.wp.com\/www.grieta.org.mx\/wp-content\/uploads\/2020\/11\/El-lider-del-Sitatyr-en-SLP-estallo%CC%81-la-huelga.jpg?resize=350%2C200","width":350,"height":200,"srcset":"https:\/\/i0.wp.com\/www.grieta.org.mx\/wp-content\/uploads\/2020\/11\/El-lider-del-Sitatyr-en-SLP-estallo%CC%81-la-huelga.jpg?resize=350%2C200 1x, https:\/\/i0.wp.com\/www.grieta.org.mx\/wp-content\/uploads\/2020\/11\/El-lider-del-Sitatyr-en-SLP-estallo%CC%81-la-huelga.jpg?resize=525%2C300 1.5x, https:\/\/i0.wp.com\/www.grieta.org.mx\/wp-content\/uploads\/2020\/11\/El-lider-del-Sitatyr-en-SLP-estallo%CC%81-la-huelga.jpg?resize=700%2C400 2x"},"classes":[]},{"id":47518,"url":"http:\/\/www.grieta.org.mx\/index.php\/2020\/04\/06\/se-calcula-que-son-420-los-empleados-despedidos-del-inegi-en-guadalajara-por-la-cancelacion-del-censo-de-poblacion-jalisco\/","url_meta":{"origin":59337,"position":5},"title":"Se calcula que son 420 los empleados despedidos del INEGI en Guadalajara, por la cancelaci\u00f3n del Censo de Poblaci\u00f3n (Jalisco)","author":"grieta","date":"6 abril, 2020","format":false,"excerpt":"Foto: UDGTV El abogado Jes\u00fas Su\u00e1rez, quien representa a los trabajadores cesados del INEGI, explic\u00f3 que se est\u00e1 gestando un movimiento nacional para ejercer presi\u00f3n y lograr que se paguen los salarios pendientes Ignacio P\u00e9rez Vega \/ UDGTV Guadalajara, Jalisco. En el \u00c1rea Metropolitana de Guadalajara, se calcula que son\u2026","rel":"","context":"En &quot;CINTILLO&quot;","block_context":{"text":"CINTILLO","link":"http:\/\/www.grieta.org.mx\/index.php\/category\/cintillo\/"},"img":{"alt_text":"","src":"https:\/\/i0.wp.com\/www.grieta.org.mx\/wp-content\/uploads\/2020\/04\/Protesta-INEGI-Ignacio-P%C3%A9rez-Vega-696x522.jpeg?resize=350%2C200","width":350,"height":200,"srcset":"https:\/\/i0.wp.com\/www.grieta.org.mx\/wp-content\/uploads\/2020\/04\/Protesta-INEGI-Ignacio-P%C3%A9rez-Vega-696x522.jpeg?resize=350%2C200 1x, https:\/\/i0.wp.com\/www.grieta.org.mx\/wp-content\/uploads\/2020\/04\/Protesta-INEGI-Ignacio-P%C3%A9rez-Vega-696x522.jpeg?resize=525%2C300 1.5x"},"classes":[]}],"_links":{"self":[{"href":"http:\/\/www.grieta.org.mx\/index.php\/wp-json\/wp\/v2\/posts\/59337","targetHints":{"allow":["GET"]}}],"collection":[{"href":"http:\/\/www.grieta.org.mx\/index.php\/wp-json\/wp\/v2\/posts"}],"about":[{"href":"http:\/\/www.grieta.org.mx\/index.php\/wp-json\/wp\/v2\/types\/post"}],"author":[{"embeddable":true,"href":"http:\/\/www.grieta.org.mx\/index.php\/wp-json\/wp\/v2\/users\/2"}],"replies":[{"embeddable":true,"href":"http:\/\/www.grieta.org.mx\/index.php\/wp-json\/wp\/v2\/comments?post=59337"}],"version-history":[{"count":1,"href":"http:\/\/www.grieta.org.mx\/index.php\/wp-json\/wp\/v2\/posts\/59337\/revisions"}],"predecessor-version":[{"id":59339,"href":"http:\/\/www.grieta.org.mx\/index.php\/wp-json\/wp\/v2\/posts\/59337\/revisions\/59339"}],"wp:featuredmedia":[{"embeddable":true,"href":"http:\/\/www.grieta.org.mx\/index.php\/wp-json\/wp\/v2\/media\/59338"}],"wp:attachment":[{"href":"http:\/\/www.grieta.org.mx\/index.php\/wp-json\/wp\/v2\/media?parent=59337"}],"wp:term":[{"taxonomy":"category","embeddable":true,"href":"http:\/\/www.grieta.org.mx\/index.php\/wp-json\/wp\/v2\/categories?post=59337"},{"taxonomy":"post_tag","embeddable":true,"href":"http:\/\/www.grieta.org.mx\/index.php\/wp-json\/wp\/v2\/tags?post=59337"}],"curies":[{"name":"wp","href":"https:\/\/api.w.org\/{rel}","templated":true}]}}