{"id":5924,"date":"2015-04-18T01:24:22","date_gmt":"2015-04-18T01:24:22","guid":{"rendered":"http:\/\/50.22.11.12\/~grietaor\/?p=5924"},"modified":"2016-03-28T01:25:38","modified_gmt":"2016-03-28T01:25:38","slug":"matan-a-23-mujeres-en-guanajuato-en-lo-que-va-del-ano","status":"publish","type":"post","link":"http:\/\/www.grieta.org.mx\/index.php\/2015\/04\/18\/matan-a-23-mujeres-en-guanajuato-en-lo-que-va-del-ano\/","title":{"rendered":"Matan a 23 mujeres en Guanajuato en lo que va del a\u00f1o"},"content":{"rendered":"<p>OSVALDO GARC\u00cdA LEDESMA, Guanajuato<\/p>\n<p>En lo que va de este a\u00f1o, en el estado de Guanajuato se han presentado 23 casos de homicidios violentos en contra mujeres, de los cuales s\u00f3lo 15 el Gobierno del Estado ha reconocido como \u201cfeminicidios\u201d por lo que de continuar la tendencia, 2015 podr\u00eda ser el peor a\u00f1o en cuanto a la cantidad de delitos de este tipo.<\/p>\n<p>\u201cJusto este a\u00f1o la mayor\u00eda de los asesinatos violentos contra las mujeres se han tipificado como femenicidios y de los 23 que han ocurrido el Gobierno del Estado s\u00f3lo ha tipificado 15\u201d, dijo Ver\u00f3nica Cruz S\u00e1nchez, dirigente del centro Las Libres.<\/p>\n<p>Explic\u00f3 que pese a los intentos de autoridades estatales por controlar la violencia y las muertes contra las f\u00e9minas, la tendencia sigue a la alza, pues desde 2013 la cantidad de homicidios contra mujeres ha aumentado.<\/p>\n<p>De acuerdo con las mismas estad\u00edsticas que lleva a cabo esta organizaci\u00f3n que vela y tutela por los derechos del sector femenino en la entidad, en 2014 se presentaron 73 asesinatos en contra de mujeres y la tendencia es que en 2015 la cifra por lo menos se mantenga.<\/p>\n<p>\u201cDesde 2013 hemos venido exigiendo las organizaciones, la sociedad civil y dem\u00e1s a la existencia de una alerta de g\u00e9nero, como una medida de prevenir los asesinatos y el Estado se ven\u00eda negando\u201d, afirm\u00f3.<\/p>\n<p>Precis\u00f3 que en 2013 y 2014 los n\u00fameros de casos de homicidios contra mujeres no se han reducido, por el contrario han crecido y de acuerdo con la cantidad que se lleve en 2015, lo m\u00e1s seguro es que la tendencia se mantenga.<\/p>\n<p><a href=\"http:\/\/am.com.mx\/leon\/local\/matan-a-23-mujeres-en-lo-que-va-del-a%C3%B1o-195468.html\" target=\"_blank\">am.com.mx\/leon\/local\/matan-a-23-mujeres-en-lo-que-va-del-a%C3%B1o-195468.html<\/a><\/p>\n","protected":false},"excerpt":{"rendered":"<p>OSVALDO GARC\u00cdA LEDESMA, Guanajuato En lo que va de este a\u00f1o, en el estado de Guanajuato se han presentado 23 casos de homicidios violentos en contra mujeres, de los cuales &hellip; <a href=\"http:\/\/www.grieta.org.mx\/index.php\/2015\/04\/18\/matan-a-23-mujeres-en-guanajuato-en-lo-que-va-del-ano\/\" class=\"more-link\">Leer m\u00e1s<\/a><\/p>\n","protected":false},"author":2,"featured_media":21928,"comment_status":"closed","ping_status":"open","sticky":false,"template":"","format":"standard","meta":{"ngg_post_thumbnail":0,"_jetpack_newsletter_access":"","_jetpack_dont_email_post_to_subs":false,"_jetpack_newsletter_tier_id":0,"_jetpack_memberships_contains_paywalled_content":false,"_jetpack_memberships_contains_paid_content":false,"footnotes":""},"categories":[80],"tags":[],"class_list":["post-5924","post","type-post","status-publish","format-standard","has-post-thumbnail","hentry","category-cintillo","entry"],"jetpack_featured_media_url":"http:\/\/www.grieta.org.mx\/wp-content\/uploads\/2018\/03\/14524434_1106112876131411_958039263622046936_o.jpg","jetpack_sharing_enabled":true,"jetpack_shortlink":"https:\/\/wp.me\/p7ZJR4-1xy","jetpack_likes_enabled":false,"jetpack-related-posts":[{"id":48295,"url":"http:\/\/www.grieta.org.mx\/index.php\/2020\/04\/26\/lidera-guanajuato-en-mayor-numero-de-homicidios-de-mujeres\/","url_meta":{"origin":5924,"position":0},"title":"Lidera Guanajuato en mayor n\u00famero de homicidios de mujeres","author":"grieta","date":"26 abril, 2020","format":false,"excerpt":"Guanajuato es el estado m\u00e1s inseguro para las mujeres, pues en los primeros tres meses del a\u00f1o, les quitaron la vida a 121 de ellas. Por Areli Barrera \/ AM, Le\u00f3n Guanajuato, 26 de abril de 2020 Le\u00f3n.- Con 121 v\u00edctimas mortales, Guanajuato se coloc\u00f3 como el estado con m\u00e1s\u2026","rel":"","context":"En &quot;CINTILLO&quot;","block_context":{"text":"CINTILLO","link":"http:\/\/www.grieta.org.mx\/index.php\/category\/cintillo\/"},"img":{"alt_text":"","src":"https:\/\/i0.wp.com\/www.grieta.org.mx\/wp-content\/uploads\/2020\/04\/CrucesRosasGto.jpg?resize=350%2C200","width":350,"height":200,"srcset":"https:\/\/i0.wp.com\/www.grieta.org.mx\/wp-content\/uploads\/2020\/04\/CrucesRosasGto.jpg?resize=350%2C200 1x, https:\/\/i0.wp.com\/www.grieta.org.mx\/wp-content\/uploads\/2020\/04\/CrucesRosasGto.jpg?resize=525%2C300 1.5x, https:\/\/i0.wp.com\/www.grieta.org.mx\/wp-content\/uploads\/2020\/04\/CrucesRosasGto.jpg?resize=700%2C400 2x"},"classes":[]},{"id":31275,"url":"http:\/\/www.grieta.org.mx\/index.php\/2019\/03\/27\/prevalece-violencia-contra-las-mujeres-en-guanajuato-se-cometen-47-feminicidios-en-2019\/","url_meta":{"origin":5924,"position":1},"title":"Prevalece violencia contra las mujeres en Guanajuato; se cometen 47 feminicidios en 2019","author":"grieta","date":"27 marzo, 2019","format":false,"excerpt":"Jorge Hernandez, Zona Franca, 27 de marzo de 2019 Le\u00f3n, Gto. Este 2019 ha sido el a\u00f1o m\u00e1s violento para las mujeres ya que el estado de Guanajuato, ocupa el segundo lugar con mayor n\u00famero de asesinatos dolosos femeninos. Datos de la informaci\u00f3n sobre violencia contra las mujeres del Centro\u2026","rel":"","context":"En &quot;CINTILLO&quot;","block_context":{"text":"CINTILLO","link":"http:\/\/www.grieta.org.mx\/index.php\/category\/cintillo\/"},"img":{"alt_text":"","src":"https:\/\/i0.wp.com\/www.grieta.org.mx\/wp-content\/uploads\/2019\/03\/hom-dol-2019.jpg?resize=350%2C200","width":350,"height":200,"srcset":"https:\/\/i0.wp.com\/www.grieta.org.mx\/wp-content\/uploads\/2019\/03\/hom-dol-2019.jpg?resize=350%2C200 1x, https:\/\/i0.wp.com\/www.grieta.org.mx\/wp-content\/uploads\/2019\/03\/hom-dol-2019.jpg?resize=525%2C300 1.5x, https:\/\/i0.wp.com\/www.grieta.org.mx\/wp-content\/uploads\/2019\/03\/hom-dol-2019.jpg?resize=700%2C400 2x"},"classes":[]},{"id":7089,"url":"http:\/\/www.grieta.org.mx\/index.php\/2015\/03\/25\/se-incrementan-feminicidios-en-baja-california-y-guanajuato\/","url_meta":{"origin":5924,"position":2},"title":"Se incrementan feminicidios en Baja California y Guanajuato","author":"grieta","date":"25 marzo, 2015","format":false,"excerpt":"C\u00e9sar Arellano Garc\u00eda Ante el incremento de cr\u00edmenes violentos contra mujeres, organizaciones civiles de Baja California y Guanajuato exigieron al gobierno federal emitir alerta por violencia de g\u00e9nero en sus entidades y que tomen las medidas de emergencia correspondientes. Liliana Sevilla, de Libre Movimiento Ciudadano de Baja California, se\u00f1al\u00f3 que\u2026","rel":"","context":"En &quot;CINTILLO&quot;","block_context":{"text":"CINTILLO","link":"http:\/\/www.grieta.org.mx\/index.php\/category\/cintillo\/"},"img":{"alt_text":"","src":"https:\/\/i0.wp.com\/www.grieta.org.mx\/wp-content\/uploads\/2018\/03\/14524434_1106112876131411_958039263622046936_o.jpg?resize=350%2C200","width":350,"height":200,"srcset":"https:\/\/i0.wp.com\/www.grieta.org.mx\/wp-content\/uploads\/2018\/03\/14524434_1106112876131411_958039263622046936_o.jpg?resize=350%2C200 1x, https:\/\/i0.wp.com\/www.grieta.org.mx\/wp-content\/uploads\/2018\/03\/14524434_1106112876131411_958039263622046936_o.jpg?resize=525%2C300 1.5x, https:\/\/i0.wp.com\/www.grieta.org.mx\/wp-content\/uploads\/2018\/03\/14524434_1106112876131411_958039263622046936_o.jpg?resize=700%2C400 2x"},"classes":[]},{"id":29077,"url":"http:\/\/www.grieta.org.mx\/index.php\/2019\/02\/13\/aumentan-asesinatos-de-mujeres-en-guanajuato-pocos-son-considerados-como-feminicidios\/","url_meta":{"origin":5924,"position":3},"title":"Aumentan asesinatos de mujeres en Guanajuato; pocos son considerados como feminicidios","author":"grieta","date":"13 febrero, 2019","format":false,"excerpt":"Carmen Mart\u00ednez\/ Zona Franca, 13 de Febrero de 2019 Le\u00f3n, Gto. Guanajuato es la entidad en la que se cometieron m\u00e1s homicidios dolosos de mujeres en el 2018, reportando un total de 305 casos, seg\u00fan datos del Secretariado Ejecutivo del Sistema Nacional de Seguridad P\u00fablica. Esta cifra contrasta con los\u2026","rel":"","context":"En &quot;CINTILLO&quot;","block_context":{"text":"CINTILLO","link":"http:\/\/www.grieta.org.mx\/index.php\/category\/cintillo\/"},"img":{"alt_text":"","src":"https:\/\/i0.wp.com\/www.grieta.org.mx\/wp-content\/uploads\/2019\/02\/Captura-de-pantalla-2019-02-11-a-las-22.28.13.png?resize=350%2C200","width":350,"height":200,"srcset":"https:\/\/i0.wp.com\/www.grieta.org.mx\/wp-content\/uploads\/2019\/02\/Captura-de-pantalla-2019-02-11-a-las-22.28.13.png?resize=350%2C200 1x, https:\/\/i0.wp.com\/www.grieta.org.mx\/wp-content\/uploads\/2019\/02\/Captura-de-pantalla-2019-02-11-a-las-22.28.13.png?resize=525%2C300 1.5x, https:\/\/i0.wp.com\/www.grieta.org.mx\/wp-content\/uploads\/2019\/02\/Captura-de-pantalla-2019-02-11-a-las-22.28.13.png?resize=700%2C400 2x, https:\/\/i0.wp.com\/www.grieta.org.mx\/wp-content\/uploads\/2019\/02\/Captura-de-pantalla-2019-02-11-a-las-22.28.13.png?resize=1050%2C600 3x"},"classes":[]},{"id":5888,"url":"http:\/\/www.grieta.org.mx\/index.php\/2016\/02\/04\/aumentan-los-feminicidios-en-guanajuato\/","url_meta":{"origin":5924,"position":4},"title":"Aumentan los feminicidios en Guanajuato","author":"grieta","date":"4 febrero, 2016","format":false,"excerpt":"Carmen Pizano, Guanajuato, Gto. La directora del Centro Las Libres, Ver\u00f3nica Cruz S\u00e1nchez, inform\u00f3 que enero del 2016 cerr\u00f3 con tres muertes violentas de mujeres m\u00e1s comparado con los primeros 31 d\u00edas del a\u00f1o 2015. De acuerdo con las estad\u00edsticas que maneja el Centro Las Libres, el 2015 fue el\u2026","rel":"","context":"En &quot;CINTILLO&quot;","block_context":{"text":"CINTILLO","link":"http:\/\/www.grieta.org.mx\/index.php\/category\/cintillo\/"},"img":{"alt_text":"","src":"https:\/\/i0.wp.com\/www.grieta.org.mx\/wp-content\/uploads\/2018\/03\/14524434_1106112876131411_958039263622046936_o.jpg?resize=350%2C200","width":350,"height":200,"srcset":"https:\/\/i0.wp.com\/www.grieta.org.mx\/wp-content\/uploads\/2018\/03\/14524434_1106112876131411_958039263622046936_o.jpg?resize=350%2C200 1x, https:\/\/i0.wp.com\/www.grieta.org.mx\/wp-content\/uploads\/2018\/03\/14524434_1106112876131411_958039263622046936_o.jpg?resize=525%2C300 1.5x, https:\/\/i0.wp.com\/www.grieta.org.mx\/wp-content\/uploads\/2018\/03\/14524434_1106112876131411_958039263622046936_o.jpg?resize=700%2C400 2x"},"classes":[]},{"id":46019,"url":"http:\/\/www.grieta.org.mx\/index.php\/2020\/03\/08\/8m-en-guanajuato-mujeres-de-distintos-municipios-se-manifiestan-contra-el-estado-feminicida\/","url_meta":{"origin":5924,"position":5},"title":"8M en Guanajuato: Mujeres de distintos municipios se manifiestan contra el Estado Feminicida","author":"grieta","date":"8 marzo, 2020","format":false,"excerpt":"En el D\u00eda Internacional de la Mujer, ocho municipios de la entidad convocaron a marchar, para exigir justicia por la violencia de g\u00e9nero que las mujeres viven diariamente. El Imparcial, 08 de marzo de 2020 GUANAJUATO, Guanajuato.- El agua de la fuente de la Plaza de las Ranas, muy conocida\u2026","rel":"","context":"En &quot;CINTILLO&quot;","block_context":{"text":"CINTILLO","link":"http:\/\/www.grieta.org.mx\/index.php\/category\/cintillo\/"},"img":{"alt_text":"","src":"https:\/\/i0.wp.com\/www.grieta.org.mx\/wp-content\/uploads\/2018\/03\/14524434_1106112876131411_958039263622046936_o.jpg?resize=350%2C200","width":350,"height":200,"srcset":"https:\/\/i0.wp.com\/www.grieta.org.mx\/wp-content\/uploads\/2018\/03\/14524434_1106112876131411_958039263622046936_o.jpg?resize=350%2C200 1x, https:\/\/i0.wp.com\/www.grieta.org.mx\/wp-content\/uploads\/2018\/03\/14524434_1106112876131411_958039263622046936_o.jpg?resize=525%2C300 1.5x, https:\/\/i0.wp.com\/www.grieta.org.mx\/wp-content\/uploads\/2018\/03\/14524434_1106112876131411_958039263622046936_o.jpg?resize=700%2C400 2x"},"classes":[]}],"_links":{"self":[{"href":"http:\/\/www.grieta.org.mx\/index.php\/wp-json\/wp\/v2\/posts\/5924","targetHints":{"allow":["GET"]}}],"collection":[{"href":"http:\/\/www.grieta.org.mx\/index.php\/wp-json\/wp\/v2\/posts"}],"about":[{"href":"http:\/\/www.grieta.org.mx\/index.php\/wp-json\/wp\/v2\/types\/post"}],"author":[{"embeddable":true,"href":"http:\/\/www.grieta.org.mx\/index.php\/wp-json\/wp\/v2\/users\/2"}],"replies":[{"embeddable":true,"href":"http:\/\/www.grieta.org.mx\/index.php\/wp-json\/wp\/v2\/comments?post=5924"}],"version-history":[{"count":1,"href":"http:\/\/www.grieta.org.mx\/index.php\/wp-json\/wp\/v2\/posts\/5924\/revisions"}],"predecessor-version":[{"id":5926,"href":"http:\/\/www.grieta.org.mx\/index.php\/wp-json\/wp\/v2\/posts\/5924\/revisions\/5926"}],"wp:featuredmedia":[{"embeddable":true,"href":"http:\/\/www.grieta.org.mx\/index.php\/wp-json\/wp\/v2\/media\/21928"}],"wp:attachment":[{"href":"http:\/\/www.grieta.org.mx\/index.php\/wp-json\/wp\/v2\/media?parent=5924"}],"wp:term":[{"taxonomy":"category","embeddable":true,"href":"http:\/\/www.grieta.org.mx\/index.php\/wp-json\/wp\/v2\/categories?post=5924"},{"taxonomy":"post_tag","embeddable":true,"href":"http:\/\/www.grieta.org.mx\/index.php\/wp-json\/wp\/v2\/tags?post=5924"}],"curies":[{"name":"wp","href":"https:\/\/api.w.org\/{rel}","templated":true}]}}