{"id":59225,"date":"2020-12-13T22:05:18","date_gmt":"2020-12-14T04:05:18","guid":{"rendered":"http:\/\/www.grieta.org.mx\/?p=59225"},"modified":"2021-05-05T22:18:12","modified_gmt":"2021-05-06T03:18:12","slug":"abandonan-montana-de-cromo-entre-leon-y-san-pancho-guanajuato","status":"publish","type":"post","link":"http:\/\/www.grieta.org.mx\/index.php\/2020\/12\/13\/abandonan-montana-de-cromo-entre-leon-y-san-pancho-guanajuato\/","title":{"rendered":"Abandonan monta\u00f1a de cromo entre Le\u00f3n y San Pancho (Guanajuato)"},"content":{"rendered":"<p><strong>Son 196 mil toneladas de cromo hexavalente altamente peligroso abandonadas a cielo abierto <\/strong><\/p>\n<p>PABLO C\u00c9SAR CARRILLO, La Silla Rota 13\/12\/2020<\/p>\n<p>Es una monta\u00f1a verde. Tiene casi 50 metros de altura y est\u00e1 mezclada con escombro para camuflarla, pero en su interior est\u00e1 rellena de cromo hexavalente, verde y pestilente.<\/p>\n<p>Es una monta\u00f1a de 196 mil toneladas de residuos peligrosos que fueron abandonados en un terreno de la empresa Qu\u00edmica Central de M\u00e9xico, en los l\u00edmites de Le\u00f3n y San Francisco del Rinc\u00f3n.<\/p>\n<p>El paisaje es desolador. Las im\u00e1genes a 200 metros de altura, tomadas con un dron, muestran el efecto del cromo-6 o Cr (VI). El color verde penetra la tierra y el agua como un tumor maligno.<\/p>\n<p>Se aprecia un mont\u00edculo de casi 300 metros de largo. Hay escurrimientos de aguas verdes y cromo hexavalente en todo el territorio.<\/p>\n<p>A un lado hay varias pilas de agua acumulada. Y al fondo se aprecian los lixiviados del tiradero que forman un charco de agua espesa y oscura que corre hasta el R\u00edo Turbio. Doscientos metros atr\u00e1s, est\u00e1 el R\u00edo Turbio que sale de Le\u00f3n, pasa por San Francisco del Rinc\u00f3n, corre hasta los Altos de Jalisco y termina en la presa de Chapala, en Guadalajara.<\/p>\n<p>La Procuradur\u00eda Federal de Protecci\u00f3n al Ambiente (Profepa), clausur\u00f3 la empresa en 2014, pero ah\u00ed se qued\u00f3 el tiradero t\u00f3xico a la intemperie, contaminando el subsuelo, sin tratamiento adecuado, con alto riesgo para la poblaci\u00f3n y para el medio ambiente.<\/p>\n<p>El reporte de Profepa establece que la monta\u00f1a constituye un riesgo de desequilibrio ecol\u00f3gico, provoca da\u00f1o y deterioro grave a los recursos naturales y representa un riesgo para la salud p\u00fablica a cielo abierto.<\/p>\n<p>La planta de cromo no ha recibido un tratamiento correcto desde el punto de vista t\u00e9cnico y ecol\u00f3gico durante sus 42 a\u00f1os de existencia. Los expertos ambientalistas han afirmado que la monta\u00f1a de cromo 6 debe ser llevada a un cementerio de residuos t\u00f3xicos con todas las medidas de seguridad, pero el Gobierno Federal dej\u00f3 el tema sin concluir.<\/p>\n<figure id=\"attachment_59230\" aria-describedby=\"caption-attachment-59230\" style=\"width: 750px\" class=\"wp-caption alignnone\"><img loading=\"lazy\" decoding=\"async\" data-attachment-id=\"59230\" data-permalink=\"http:\/\/www.grieta.org.mx\/index.php\/2020\/12\/13\/abandonan-montana-de-cromo-entre-leon-y-san-pancho-guanajuato\/https-_lasillarotarm-blob-core-windows-net_images_2020_12_15_2\/\" data-orig-file=\"http:\/\/www.grieta.org.mx\/wp-content\/uploads\/2021\/05\/https-_lasillarotarm.blob_.core_.windows.net_images_2020_12_15_2.jpg\" data-orig-size=\"750,422\" data-comments-opened=\"0\" data-image-meta=\"{&quot;aperture&quot;:&quot;0&quot;,&quot;credit&quot;:&quot;&quot;,&quot;camera&quot;:&quot;&quot;,&quot;caption&quot;:&quot;&quot;,&quot;created_timestamp&quot;:&quot;0&quot;,&quot;copyright&quot;:&quot;&quot;,&quot;focal_length&quot;:&quot;0&quot;,&quot;iso&quot;:&quot;0&quot;,&quot;shutter_speed&quot;:&quot;0&quot;,&quot;title&quot;:&quot;&quot;,&quot;orientation&quot;:&quot;0&quot;}\" data-image-title=\"https _lasillarotarm.blob.core.windows.net_images_2020_12_15_2\" data-image-description=\"\" data-image-caption=\"&lt;p&gt;Foto: La Silla Rota&lt;\/p&gt;\n\" data-medium-file=\"http:\/\/www.grieta.org.mx\/wp-content\/uploads\/2021\/05\/https-_lasillarotarm.blob_.core_.windows.net_images_2020_12_15_2-300x169.jpg\" data-large-file=\"http:\/\/www.grieta.org.mx\/wp-content\/uploads\/2021\/05\/https-_lasillarotarm.blob_.core_.windows.net_images_2020_12_15_2.jpg\" src=\"http:\/\/www.grieta.org.mx\/wp-content\/uploads\/2021\/05\/https-_lasillarotarm.blob_.core_.windows.net_images_2020_12_15_2.jpg\" alt=\"\" width=\"750\" height=\"422\" class=\"size-full wp-image-59230\" srcset=\"http:\/\/www.grieta.org.mx\/wp-content\/uploads\/2021\/05\/https-_lasillarotarm.blob_.core_.windows.net_images_2020_12_15_2.jpg 750w, http:\/\/www.grieta.org.mx\/wp-content\/uploads\/2021\/05\/https-_lasillarotarm.blob_.core_.windows.net_images_2020_12_15_2-300x169.jpg 300w\" sizes=\"auto, (max-width: 750px) 100vw, 750px\" \/><figcaption id=\"caption-attachment-59230\" class=\"wp-caption-text\">Foto: La Silla Rota<\/figcaption><\/figure>\n<p>La empresa Qu\u00edmica Central de M\u00e9xico fue clausurada por la Profepa el 4 de junio del a\u00f1o 2014. La empresa consigui\u00f3 un amparo federal en el 2015, pero el 20 de abril de 2018, la Procuradur\u00eda Federal de Protecci\u00f3n al Ambiente confirm\u00f3 que se mantiene la clausura total y se aplic\u00f3 una multa de 33 millones 396 mil pesos.<\/p>\n<p>La empresa fue desmontada por completo. Ya retiraron las chimeneas y estructuras met\u00e1licas y solo quedaron las ruinas. Las autoridades encontraron 196 mil toneladas de residuos de cromo, 11 mil metros c\u00fabicos de Al\u00famina con cromo y 3 mil metros c\u00fabicos de escombros con cromo generados por la demolici\u00f3n de instalaciones. Todav\u00eda se ven los dep\u00f3sitos de lodos con hidr\u00f3xido de cromo.<\/p>\n<figure id=\"attachment_59229\" aria-describedby=\"caption-attachment-59229\" style=\"width: 750px\" class=\"wp-caption alignnone\"><img loading=\"lazy\" decoding=\"async\" data-attachment-id=\"59229\" data-permalink=\"http:\/\/www.grieta.org.mx\/index.php\/2020\/12\/13\/abandonan-montana-de-cromo-entre-leon-y-san-pancho-guanajuato\/https-_lasillarotarm-blob-core-windows-net_images_2020_12_15_7\/\" data-orig-file=\"http:\/\/www.grieta.org.mx\/wp-content\/uploads\/2021\/05\/https-_lasillarotarm.blob_.core_.windows.net_images_2020_12_15_7.jpg\" data-orig-size=\"750,422\" data-comments-opened=\"0\" data-image-meta=\"{&quot;aperture&quot;:&quot;0&quot;,&quot;credit&quot;:&quot;&quot;,&quot;camera&quot;:&quot;&quot;,&quot;caption&quot;:&quot;&quot;,&quot;created_timestamp&quot;:&quot;0&quot;,&quot;copyright&quot;:&quot;&quot;,&quot;focal_length&quot;:&quot;0&quot;,&quot;iso&quot;:&quot;0&quot;,&quot;shutter_speed&quot;:&quot;0&quot;,&quot;title&quot;:&quot;&quot;,&quot;orientation&quot;:&quot;0&quot;}\" data-image-title=\"https _lasillarotarm.blob.core.windows.net_images_2020_12_15_7\" data-image-description=\"\" data-image-caption=\"&lt;p&gt;Foto: La Silla Rota&lt;\/p&gt;\n\" data-medium-file=\"http:\/\/www.grieta.org.mx\/wp-content\/uploads\/2021\/05\/https-_lasillarotarm.blob_.core_.windows.net_images_2020_12_15_7-300x169.jpg\" data-large-file=\"http:\/\/www.grieta.org.mx\/wp-content\/uploads\/2021\/05\/https-_lasillarotarm.blob_.core_.windows.net_images_2020_12_15_7.jpg\" src=\"http:\/\/www.grieta.org.mx\/wp-content\/uploads\/2021\/05\/https-_lasillarotarm.blob_.core_.windows.net_images_2020_12_15_7.jpg\" alt=\"\" width=\"750\" height=\"422\" class=\"size-full wp-image-59229\" srcset=\"http:\/\/www.grieta.org.mx\/wp-content\/uploads\/2021\/05\/https-_lasillarotarm.blob_.core_.windows.net_images_2020_12_15_7.jpg 750w, http:\/\/www.grieta.org.mx\/wp-content\/uploads\/2021\/05\/https-_lasillarotarm.blob_.core_.windows.net_images_2020_12_15_7-300x169.jpg 300w\" sizes=\"auto, (max-width: 750px) 100vw, 750px\" \/><figcaption id=\"caption-attachment-59229\" class=\"wp-caption-text\">Foto: La Silla Rota<\/figcaption><\/figure>\n<p>La clausura total fue por almacenar 300 mil toneladas de residuos peligrosos a cielo abierto sin las condiciones de seguridad que establece la Ley General para la Prevenci\u00f3n y Gesti\u00f3n Integral de los Residuos (LGPGIR). Durante una inspecci\u00f3n que se hizo del 8 al 11 de abril del 2014, la Profepa observ\u00f3 que la empresa no cumpli\u00f3 con todas las obligaciones para el tratamiento y disposici\u00f3n final de 104 mil toneladas de residuos peligrosos con cromo hexavalente o al\u00famina que se hab\u00edan enviado para su tratamiento a la empresa Arges Ambiental de M\u00e9xico S.A. de C.V.<\/p>\n<p>En el interior de la empresa, Profepa detect\u00f3 una monta\u00f1a de 300 mil toneladas de cromo 6 y en un terreno cercano, junto a las v\u00edas del ferrocarril, hab\u00eda otras 40 mil toneladas de residuos peligrosos enterradas de manera ilegal en terrenos de derecho de v\u00eda de ferrocarriles, a 1.5 kil\u00f3metros de distancia.<\/p>\n<p>Las autoridades federales en su momento pidieron hacer un estudio ambiental para determinar si los suelos est\u00e1n contaminados. Un informe del Sistema de Agua Potable de Le\u00f3n dio a conocer hace varios a\u00f1os que al menos 10 pozos de agua de la regi\u00f3n est\u00e1n contaminados por el cromo hexavalente.<\/p>\n<p>La empresa Qu\u00edmica Central de M\u00e9xico fue construida en Guanajuato en 1978, con permisos irregulares del Gobierno Federal. La compa\u00f1\u00eda se dedicaba a la fabricaci\u00f3n de productos qu\u00edmicos b\u00e1sicos (sulfato b\u00e1sico de cromo, l\u00edquido y s\u00f3lido y dicromato de sodio), utilizados en la industria curtidora de Le\u00f3n. Con esos qu\u00edmicos se hac\u00eda el proceso de curtido para la fabricaci\u00f3n de zapatos en Le\u00f3n.<\/p>\n<p>En los a\u00f1os ochenta, una planta similar Cromatos de M\u00e9xico fue clausurada en Lecher\u00eda en el Estado de M\u00e9xico por representar un riesgo para la poblaci\u00f3n. Los pasivos ambientales de Cromatos de M\u00e9xico fueron tratados seg\u00fan las leyes ambientales y fueron sepultados en condiciones especiales seg\u00fan las normas para evitar la contaminaci\u00f3n.<\/p>\n<figure id=\"attachment_59228\" aria-describedby=\"caption-attachment-59228\" style=\"width: 750px\" class=\"wp-caption alignnone\"><img loading=\"lazy\" decoding=\"async\" data-attachment-id=\"59228\" data-permalink=\"http:\/\/www.grieta.org.mx\/index.php\/2020\/12\/13\/abandonan-montana-de-cromo-entre-leon-y-san-pancho-guanajuato\/https-_lasillarotarm-blob-core-windows-net_images_2020_12_15_6\/\" data-orig-file=\"http:\/\/www.grieta.org.mx\/wp-content\/uploads\/2021\/05\/https-_lasillarotarm.blob_.core_.windows.net_images_2020_12_15_6.jpg\" data-orig-size=\"750,422\" data-comments-opened=\"0\" data-image-meta=\"{&quot;aperture&quot;:&quot;0&quot;,&quot;credit&quot;:&quot;&quot;,&quot;camera&quot;:&quot;&quot;,&quot;caption&quot;:&quot;&quot;,&quot;created_timestamp&quot;:&quot;0&quot;,&quot;copyright&quot;:&quot;&quot;,&quot;focal_length&quot;:&quot;0&quot;,&quot;iso&quot;:&quot;0&quot;,&quot;shutter_speed&quot;:&quot;0&quot;,&quot;title&quot;:&quot;&quot;,&quot;orientation&quot;:&quot;0&quot;}\" data-image-title=\"https _lasillarotarm.blob.core.windows.net_images_2020_12_15_6\" data-image-description=\"\" data-image-caption=\"&lt;p&gt;Foto: La silla Rota&lt;\/p&gt;\n\" data-medium-file=\"http:\/\/www.grieta.org.mx\/wp-content\/uploads\/2021\/05\/https-_lasillarotarm.blob_.core_.windows.net_images_2020_12_15_6-300x169.jpg\" data-large-file=\"http:\/\/www.grieta.org.mx\/wp-content\/uploads\/2021\/05\/https-_lasillarotarm.blob_.core_.windows.net_images_2020_12_15_6.jpg\" src=\"http:\/\/www.grieta.org.mx\/wp-content\/uploads\/2021\/05\/https-_lasillarotarm.blob_.core_.windows.net_images_2020_12_15_6.jpg\" alt=\"\" width=\"750\" height=\"422\" class=\"size-full wp-image-59228\" srcset=\"http:\/\/www.grieta.org.mx\/wp-content\/uploads\/2021\/05\/https-_lasillarotarm.blob_.core_.windows.net_images_2020_12_15_6.jpg 750w, http:\/\/www.grieta.org.mx\/wp-content\/uploads\/2021\/05\/https-_lasillarotarm.blob_.core_.windows.net_images_2020_12_15_6-300x169.jpg 300w\" sizes=\"auto, (max-width: 750px) 100vw, 750px\" \/><figcaption id=\"caption-attachment-59228\" class=\"wp-caption-text\">Foto: La silla Rota<\/figcaption><\/figure>\n<p>La monta\u00f1a de Qu\u00edmica Central de M\u00e9xico, en cambio, no ha recibido un tratamiento de remediaci\u00f3n ambiental. Ah\u00ed sigue la monta\u00f1a a cielo abierto.<\/p>\n<p>El cromo hexavalente constituye un riesgo para salud de las personas que entran en contacto con el qu\u00edmico. En cantidades importantes puede provocar problemas en la piel, destruir cart\u00edlagos, afectar el sistema respiratorio y provocar incluso c\u00e1ncer. Las autoridades sanitarias han reconocido casos de personas que mueren por c\u00e1ncer, aunque nunca se ha hecho un investigaci\u00f3n profunda para ver si tienen qu\u00e9 ver con la monta\u00f1a de cromo.<\/p>\n<p>La clausura de la planta fue condicionada al retiro de la totalidad de las toneladas de residuos peligrosos que por muchos a\u00f1os estuvieron depositados inadecuadamente, as\u00ed como caracterizar el sitio en donde fueron depositadas y, en su caso, realizar las actividades de remediaci\u00f3n, de acuerdo a lo establecido en la Ley General para la Prevenci\u00f3n y Gesti\u00f3n Integral de los Residuos y la Norma Oficial Mexicana 147-Semarnat-2004. La empresa nunca transport\u00f3 sus residuos a los centros de acopio, tratamiento y disposici\u00f3n final por medio de empresas autorizadas, tal y como lo exige la Ley.<\/p>\n<figure id=\"attachment_59227\" aria-describedby=\"caption-attachment-59227\" style=\"width: 750px\" class=\"wp-caption alignnone\"><img loading=\"lazy\" decoding=\"async\" data-attachment-id=\"59227\" data-permalink=\"http:\/\/www.grieta.org.mx\/index.php\/2020\/12\/13\/abandonan-montana-de-cromo-entre-leon-y-san-pancho-guanajuato\/https-_lasillarotarm-blob-core-windows-net_images_2020_12_15_5\/\" data-orig-file=\"http:\/\/www.grieta.org.mx\/wp-content\/uploads\/2021\/05\/https-_lasillarotarm.blob_.core_.windows.net_images_2020_12_15_5.jpg\" data-orig-size=\"750,422\" data-comments-opened=\"0\" data-image-meta=\"{&quot;aperture&quot;:&quot;0&quot;,&quot;credit&quot;:&quot;&quot;,&quot;camera&quot;:&quot;&quot;,&quot;caption&quot;:&quot;&quot;,&quot;created_timestamp&quot;:&quot;0&quot;,&quot;copyright&quot;:&quot;&quot;,&quot;focal_length&quot;:&quot;0&quot;,&quot;iso&quot;:&quot;0&quot;,&quot;shutter_speed&quot;:&quot;0&quot;,&quot;title&quot;:&quot;&quot;,&quot;orientation&quot;:&quot;0&quot;}\" data-image-title=\"https _lasillarotarm.blob.core.windows.net_images_2020_12_15_5\" data-image-description=\"\" data-image-caption=\"&lt;p&gt;Foto: La Silla Rota&lt;\/p&gt;\n\" data-medium-file=\"http:\/\/www.grieta.org.mx\/wp-content\/uploads\/2021\/05\/https-_lasillarotarm.blob_.core_.windows.net_images_2020_12_15_5-300x169.jpg\" data-large-file=\"http:\/\/www.grieta.org.mx\/wp-content\/uploads\/2021\/05\/https-_lasillarotarm.blob_.core_.windows.net_images_2020_12_15_5.jpg\" src=\"http:\/\/www.grieta.org.mx\/wp-content\/uploads\/2021\/05\/https-_lasillarotarm.blob_.core_.windows.net_images_2020_12_15_5.jpg\" alt=\"\" width=\"750\" height=\"422\" class=\"size-full wp-image-59227\" srcset=\"http:\/\/www.grieta.org.mx\/wp-content\/uploads\/2021\/05\/https-_lasillarotarm.blob_.core_.windows.net_images_2020_12_15_5.jpg 750w, http:\/\/www.grieta.org.mx\/wp-content\/uploads\/2021\/05\/https-_lasillarotarm.blob_.core_.windows.net_images_2020_12_15_5-300x169.jpg 300w\" sizes=\"auto, (max-width: 750px) 100vw, 750px\" \/><figcaption id=\"caption-attachment-59227\" class=\"wp-caption-text\">Foto: La Silla Rota<\/figcaption><\/figure>\n<p>La empresa Arges Ambiental de M\u00e9xico SA de CV, filial de Qu\u00edmica Central de M\u00e9xico,<\/p>\n<p>tambi\u00e9n fue clausurada a partir de un procedimiento de la Profepa, debido a que se detectaron varias muestras de residuo tratado por arriba de los l\u00edmites m\u00e1ximos permisibles en la Norma Oficial 052-Semarnat-2006.<\/p>\n<p>La Procuradur\u00eda Federal de Protecci\u00f3n Ambiental determin\u00f3 en su momento que los pasivos ambientales de Qu\u00edmica Central representan un riesgo inminente de desequilibrio ecol\u00f3gico, da\u00f1o y deterioro grave a los recursos naturales del lugar y a la salud p\u00fablica.<\/p>\n<p>El paisaje de la planta es de destrucci\u00f3n.<\/p>\n<figure id=\"attachment_59226\" aria-describedby=\"caption-attachment-59226\" style=\"width: 750px\" class=\"wp-caption alignnone\"><img loading=\"lazy\" decoding=\"async\" data-attachment-id=\"59226\" data-permalink=\"http:\/\/www.grieta.org.mx\/index.php\/2020\/12\/13\/abandonan-montana-de-cromo-entre-leon-y-san-pancho-guanajuato\/https-_lasillarotarm-blob-core-windows-net_images_2020_12_15_4\/\" data-orig-file=\"http:\/\/www.grieta.org.mx\/wp-content\/uploads\/2021\/05\/https-_lasillarotarm.blob_.core_.windows.net_images_2020_12_15_4.jpg\" data-orig-size=\"750,422\" data-comments-opened=\"0\" data-image-meta=\"{&quot;aperture&quot;:&quot;0&quot;,&quot;credit&quot;:&quot;&quot;,&quot;camera&quot;:&quot;&quot;,&quot;caption&quot;:&quot;&quot;,&quot;created_timestamp&quot;:&quot;0&quot;,&quot;copyright&quot;:&quot;&quot;,&quot;focal_length&quot;:&quot;0&quot;,&quot;iso&quot;:&quot;0&quot;,&quot;shutter_speed&quot;:&quot;0&quot;,&quot;title&quot;:&quot;&quot;,&quot;orientation&quot;:&quot;0&quot;}\" data-image-title=\"https _lasillarotarm.blob.core.windows.net_images_2020_12_15_4\" data-image-description=\"\" data-image-caption=\"&lt;p&gt;Foto: La Silla Rota&lt;\/p&gt;\n\" data-medium-file=\"http:\/\/www.grieta.org.mx\/wp-content\/uploads\/2021\/05\/https-_lasillarotarm.blob_.core_.windows.net_images_2020_12_15_4-300x169.jpg\" data-large-file=\"http:\/\/www.grieta.org.mx\/wp-content\/uploads\/2021\/05\/https-_lasillarotarm.blob_.core_.windows.net_images_2020_12_15_4.jpg\" src=\"http:\/\/www.grieta.org.mx\/wp-content\/uploads\/2021\/05\/https-_lasillarotarm.blob_.core_.windows.net_images_2020_12_15_4.jpg\" alt=\"\" width=\"750\" height=\"422\" class=\"size-full wp-image-59226\" srcset=\"http:\/\/www.grieta.org.mx\/wp-content\/uploads\/2021\/05\/https-_lasillarotarm.blob_.core_.windows.net_images_2020_12_15_4.jpg 750w, http:\/\/www.grieta.org.mx\/wp-content\/uploads\/2021\/05\/https-_lasillarotarm.blob_.core_.windows.net_images_2020_12_15_4-300x169.jpg 300w\" sizes=\"auto, (max-width: 750px) 100vw, 750px\" \/><figcaption id=\"caption-attachment-59226\" class=\"wp-caption-text\">Foto: La Silla Rota<\/figcaption><\/figure>\n<p>El R\u00edo Turbio tiene l\u00edquidos verdes y hasta emite humo. Las l\u00edneas de producci\u00f3n de \u00f3leos y resinas, est\u00e1n destruidas. Los lixiviados y escurrimientos se aprecian alrededor de la planta, sin acciones de mitigaci\u00f3n. El tiradero t\u00f3xico no cuenta con las condiciones de seguridad para evitar o reducir riesgos por posibles emisiones, fugas, incendios, explosiones o inundaciones. Lo m\u00e1s grave es que a 200 y 300 metros del lugar, viven familias que no dimensionan el riesgo.<\/p>\n<p>Los toneladas de cromo siguen ah\u00ed, a granel, sin encapsular, ni protecci\u00f3n, a cielo abierto, poniendo en riesgo la salud de los habitantes.<\/p>\n<p>El manejo inadecuado de residuos peligrosos durante 42 a\u00f1os cre\u00f3 un pasivo ambiental dif\u00edcil de tratar o confinar: una monta\u00f1a verde, como un c\u00e1ncer pestilente de cromo 6 imposible de ocultar.<\/p>\n<p><a href=\"https:\/\/guanajuato.lasillarota.com\/estados\/abandonan-montana-de-cromo-entre-leon-y-san-pancho-\/465356\">https:\/\/guanajuato.lasillarota.com\/estados\/abandonan-montana-de-cromo-entre-leon-y-san-pancho-\/465356<\/a><\/p>\n","protected":false},"excerpt":{"rendered":"<p>Son 196 mil toneladas de cromo hexavalente altamente peligroso abandonadas a cielo abierto PABLO C\u00c9SAR CARRILLO, La Silla Rota 13\/12\/2020 Es una monta\u00f1a verde. Tiene casi 50 metros de altura &hellip; <a href=\"http:\/\/www.grieta.org.mx\/index.php\/2020\/12\/13\/abandonan-montana-de-cromo-entre-leon-y-san-pancho-guanajuato\/\" class=\"more-link\">Leer m\u00e1s<\/a><\/p>\n","protected":false},"author":2,"featured_media":59232,"comment_status":"closed","ping_status":"closed","sticky":false,"template":"","format":"standard","meta":{"ngg_post_thumbnail":0,"_jetpack_newsletter_access":"","_jetpack_dont_email_post_to_subs":false,"_jetpack_newsletter_tier_id":0,"_jetpack_memberships_contains_paywalled_content":false,"_jetpack_memberships_contains_paid_content":false,"footnotes":""},"categories":[80,1066,2746,17],"tags":[2738,2111,425,91,3028,2562,1178],"class_list":["post-59225","post","type-post","status-publish","format-standard","has-post-thumbnail","hentry","category-cintillo","category-contaminacion-ambiental-en-guanajuato","category-destruccion-de-la-naturaleza-en-guanajuato","category-guanajuato","tag-autoridades-omisas","tag-contaminacion","tag-contaminacion-agua","tag-contaminacion-ambiental","tag-contaminacion-de-mantos-acuiferos","tag-destruccion-ambiental","tag-destruccion-de-la-naturaleza","entry"],"jetpack_featured_media_url":"http:\/\/www.grieta.org.mx\/wp-content\/uploads\/2021\/05\/https-_lasillarotarm.blob_.core_.windows.net_images_2020_12_15_1.jpg","jetpack_sharing_enabled":true,"jetpack_shortlink":"https:\/\/wp.me\/p7ZJR4-fpf","jetpack_likes_enabled":false,"jetpack-related-posts":[{"id":59234,"url":"http:\/\/www.grieta.org.mx\/index.php\/2021\/05\/03\/a-4-anos-de-sancion-quimica-central-sigue-contaminado-guanajuato\/","url_meta":{"origin":59225,"position":0},"title":"A 4 a\u00f1os de sanci\u00f3n, Qu\u00edmica Central sigue contaminado (Guanajuato)","author":"grieta","date":"3 mayo, 2021","format":false,"excerpt":"La empresa Qu\u00edmica Central de M\u00e9xico S.A de C.V fue sancionada hace 4 a\u00f1os por la Profepa por generar contaminaci\u00f3n con residuos peligrosos Wendoline Adame, Milenio Le\u00f3n \/ 03.05.2021 06:00:02 A cuatro a\u00f1os de que la Procuradur\u00eda Federal de Protecci\u00f3n al Ambiente (PROFEPA), impuso una sanci\u00f3n y orden\u00f3 el retiro\u2026","rel":"","context":"En &quot;CINTILLO&quot;","block_context":{"text":"CINTILLO","link":"http:\/\/www.grieta.org.mx\/index.php\/category\/cintillo\/"},"img":{"alt_text":"","src":"https:\/\/i0.wp.com\/www.grieta.org.mx\/wp-content\/uploads\/2021\/05\/san-francisco-rincon-mil-toneladas.jpeg?resize=350%2C200","width":350,"height":200,"srcset":"https:\/\/i0.wp.com\/www.grieta.org.mx\/wp-content\/uploads\/2021\/05\/san-francisco-rincon-mil-toneladas.jpeg?resize=350%2C200 1x, https:\/\/i0.wp.com\/www.grieta.org.mx\/wp-content\/uploads\/2021\/05\/san-francisco-rincon-mil-toneladas.jpeg?resize=525%2C300 1.5x, https:\/\/i0.wp.com\/www.grieta.org.mx\/wp-content\/uploads\/2021\/05\/san-francisco-rincon-mil-toneladas.jpeg?resize=700%2C400 2x"},"classes":[]},{"id":43071,"url":"http:\/\/www.grieta.org.mx\/index.php\/2020\/01\/10\/se-asfixia-celaya-por-altos-niveles-de-contaminacion-guanajuato\/","url_meta":{"origin":59225,"position":1},"title":"Se &#8216;asfixia&#8217; Celaya por altos niveles de contaminaci\u00f3n (Guanajuato)","author":"grieta","date":"10 enero, 2020","format":false,"excerpt":"Amanece Celaya en sem\u00e1foro rojo, podr\u00edan declarar precontingencia ambiental en el transcurso del d\u00eda. Por: Jos\u00e9 Trinidad M\u00e9ndez Valadez \/ AM Le\u00f3n Guanajuato, 10 de enero de 2020 Le\u00f3n, Guanajuato.- El Sistema Estatal de Informaci\u00f3n de Calidad del Aire (Seica) informa que Celaya amanece en sem\u00e1foro en rojo, por altos\u2026","rel":"","context":"En &quot;CINTILLO&quot;","block_context":{"text":"CINTILLO","link":"http:\/\/www.grieta.org.mx\/index.php\/category\/cintillo\/"},"img":{"alt_text":"","src":"https:\/\/i0.wp.com\/www.grieta.org.mx\/wp-content\/uploads\/2018\/03\/14524434_1106112876131411_958039263622046936_o.jpg?resize=350%2C200","width":350,"height":200,"srcset":"https:\/\/i0.wp.com\/www.grieta.org.mx\/wp-content\/uploads\/2018\/03\/14524434_1106112876131411_958039263622046936_o.jpg?resize=350%2C200 1x, https:\/\/i0.wp.com\/www.grieta.org.mx\/wp-content\/uploads\/2018\/03\/14524434_1106112876131411_958039263622046936_o.jpg?resize=525%2C300 1.5x, https:\/\/i0.wp.com\/www.grieta.org.mx\/wp-content\/uploads\/2018\/03\/14524434_1106112876131411_958039263622046936_o.jpg?resize=700%2C400 2x"},"classes":[]},{"id":37311,"url":"http:\/\/www.grieta.org.mx\/index.php\/2019\/07\/17\/la-cuenca-de-la-independencia-amenazada-por-proyecto-minero-guanajuato\/","url_meta":{"origin":59225,"position":2},"title":"La Cuenca de la Independencia amenazada por proyecto minero (Guanajuato)","author":"grieta","date":"17 julio, 2019","format":false,"excerpt":"Se contaminar\u00eda el acu\u00edfero que surte a municipios como Dolores Hidalgo y San Miguel de Allende. \u00a0 Redacci\u00f3n La Coperacha Ciudad de M\u00e9xico \/\/ 17 de julio de 2019 a Coalici\u00f3n en Defensa de la Cuenca de la Independencia y el colectivo Guardianes de la Cuenca, advirtieron que el proyecto\u2026","rel":"","context":"En &quot;CINTILLO&quot;","block_context":{"text":"CINTILLO","link":"http:\/\/www.grieta.org.mx\/index.php\/category\/cintillo\/"},"img":{"alt_text":"","src":"https:\/\/i0.wp.com\/www.grieta.org.mx\/wp-content\/uploads\/2019\/08\/cuenca-independencia-amenazada-proyecto-minero.jpg?resize=350%2C200","width":350,"height":200,"srcset":"https:\/\/i0.wp.com\/www.grieta.org.mx\/wp-content\/uploads\/2019\/08\/cuenca-independencia-amenazada-proyecto-minero.jpg?resize=350%2C200 1x, https:\/\/i0.wp.com\/www.grieta.org.mx\/wp-content\/uploads\/2019\/08\/cuenca-independencia-amenazada-proyecto-minero.jpg?resize=525%2C300 1.5x, https:\/\/i0.wp.com\/www.grieta.org.mx\/wp-content\/uploads\/2019\/08\/cuenca-independencia-amenazada-proyecto-minero.jpg?resize=700%2C400 2x, https:\/\/i0.wp.com\/www.grieta.org.mx\/wp-content\/uploads\/2019\/08\/cuenca-independencia-amenazada-proyecto-minero.jpg?resize=1050%2C600 3x"},"classes":[]},{"id":5942,"url":"http:\/\/www.grieta.org.mx\/index.php\/2015\/09\/04\/residuos-en-quimica-central-generarian-graves-riesgos-en-la-salud\/","url_meta":{"origin":59225,"position":3},"title":"Residuos en Qu\u00edmica Central generar\u00edan graves riesgos en la salud","author":"grieta","date":"4 septiembre, 2015","format":false,"excerpt":"Daniel Renter\u00eda Martell, Le\u00f3n, Gto. Arturo Rodr\u00edguez Abitia, subprocurador de Inspecci\u00f3n Ambiental de la Procuradur\u00eda Federal de Protecci\u00f3n al Ambiente (Profepa), afirm\u00f3 que el cromo hexavalente, localizado en la planta de Qu\u00edmica Central de M\u00e9xico, ser\u00eda un factor para que los habitantes cercanos desarrollen enfermedades como el c\u00e1ncer. El funcionario,\u2026","rel":"","context":"En &quot;CINTILLO&quot;","block_context":{"text":"CINTILLO","link":"http:\/\/www.grieta.org.mx\/index.php\/category\/cintillo\/"},"img":{"alt_text":"","src":"https:\/\/i0.wp.com\/www.grieta.org.mx\/wp-content\/uploads\/2018\/03\/14524434_1106112876131411_958039263622046936_o.jpg?resize=350%2C200","width":350,"height":200,"srcset":"https:\/\/i0.wp.com\/www.grieta.org.mx\/wp-content\/uploads\/2018\/03\/14524434_1106112876131411_958039263622046936_o.jpg?resize=350%2C200 1x, https:\/\/i0.wp.com\/www.grieta.org.mx\/wp-content\/uploads\/2018\/03\/14524434_1106112876131411_958039263622046936_o.jpg?resize=525%2C300 1.5x, https:\/\/i0.wp.com\/www.grieta.org.mx\/wp-content\/uploads\/2018\/03\/14524434_1106112876131411_958039263622046936_o.jpg?resize=700%2C400 2x"},"classes":[]},{"id":57256,"url":"http:\/\/www.grieta.org.mx\/index.php\/2021\/02\/10\/enuncian-a-constructora-aldaba-por-dano-ambiental-en-el-arroyo-las-liebres-guanajuato\/","url_meta":{"origin":59225,"position":4},"title":"Denuncian a constructora Aldaba por da\u00f1o ambiental en el arroyo Las Liebres (Guanajuato)","author":"grieta","date":"10 febrero, 2021","format":false,"excerpt":"Joel Reyes Laura, 10 de febrero de 2021. AM Le\u00f3n Guanajuato Le\u00f3n, Guanajuato.- Arboristas denuncian un da\u00f1o ambiental de gran impacto en el arroyo Las Liebres, se\u00f1alan que constructoras inmobiliarias han afectado peri\u00f3dicamente los \u00e1rboles en la zona para instalar una v\u00eda de acceso que conecte con el bulevar Vicente\u2026","rel":"","context":"En &quot;CINTILLO&quot;","block_context":{"text":"CINTILLO","link":"http:\/\/www.grieta.org.mx\/index.php\/category\/cintillo\/"},"img":{"alt_text":"","src":"https:\/\/i0.wp.com\/www.grieta.org.mx\/wp-content\/uploads\/2021\/02\/Captura-de-pantalla-2021-02-28-a-las-21.59.14-copy.jpg?resize=350%2C200","width":350,"height":200,"srcset":"https:\/\/i0.wp.com\/www.grieta.org.mx\/wp-content\/uploads\/2021\/02\/Captura-de-pantalla-2021-02-28-a-las-21.59.14-copy.jpg?resize=350%2C200 1x, https:\/\/i0.wp.com\/www.grieta.org.mx\/wp-content\/uploads\/2021\/02\/Captura-de-pantalla-2021-02-28-a-las-21.59.14-copy.jpg?resize=525%2C300 1.5x, https:\/\/i0.wp.com\/www.grieta.org.mx\/wp-content\/uploads\/2021\/02\/Captura-de-pantalla-2021-02-28-a-las-21.59.14-copy.jpg?resize=700%2C400 2x, https:\/\/i0.wp.com\/www.grieta.org.mx\/wp-content\/uploads\/2021\/02\/Captura-de-pantalla-2021-02-28-a-las-21.59.14-copy.jpg?resize=1050%2C600 3x, https:\/\/i0.wp.com\/www.grieta.org.mx\/wp-content\/uploads\/2021\/02\/Captura-de-pantalla-2021-02-28-a-las-21.59.14-copy.jpg?resize=1400%2C800 4x"},"classes":[]},{"id":20814,"url":"http:\/\/www.grieta.org.mx\/index.php\/2016\/09\/03\/contaminacion-ambiental-en-guanajuato\/","url_meta":{"origin":59225,"position":5},"title":"Contaminaci\u00f3n ambiental en Guanajuato","author":"grieta","date":"3 septiembre, 2016","format":false,"excerpt":"03\/09\/16. Envenenan Salamanca Peri\u00f3dico am","rel":"","context":"En &quot;CINTILLO&quot;","block_context":{"text":"CINTILLO","link":"http:\/\/www.grieta.org.mx\/index.php\/category\/cintillo\/"},"img":{"alt_text":"","src":"https:\/\/i0.wp.com\/www.grieta.org.mx\/wp-content\/uploads\/2018\/03\/14524434_1106112876131411_958039263622046936_o.jpg?resize=350%2C200","width":350,"height":200,"srcset":"https:\/\/i0.wp.com\/www.grieta.org.mx\/wp-content\/uploads\/2018\/03\/14524434_1106112876131411_958039263622046936_o.jpg?resize=350%2C200 1x, https:\/\/i0.wp.com\/www.grieta.org.mx\/wp-content\/uploads\/2018\/03\/14524434_1106112876131411_958039263622046936_o.jpg?resize=525%2C300 1.5x, https:\/\/i0.wp.com\/www.grieta.org.mx\/wp-content\/uploads\/2018\/03\/14524434_1106112876131411_958039263622046936_o.jpg?resize=700%2C400 2x"},"classes":[]}],"_links":{"self":[{"href":"http:\/\/www.grieta.org.mx\/index.php\/wp-json\/wp\/v2\/posts\/59225","targetHints":{"allow":["GET"]}}],"collection":[{"href":"http:\/\/www.grieta.org.mx\/index.php\/wp-json\/wp\/v2\/posts"}],"about":[{"href":"http:\/\/www.grieta.org.mx\/index.php\/wp-json\/wp\/v2\/types\/post"}],"author":[{"embeddable":true,"href":"http:\/\/www.grieta.org.mx\/index.php\/wp-json\/wp\/v2\/users\/2"}],"replies":[{"embeddable":true,"href":"http:\/\/www.grieta.org.mx\/index.php\/wp-json\/wp\/v2\/comments?post=59225"}],"version-history":[{"count":1,"href":"http:\/\/www.grieta.org.mx\/index.php\/wp-json\/wp\/v2\/posts\/59225\/revisions"}],"predecessor-version":[{"id":59233,"href":"http:\/\/www.grieta.org.mx\/index.php\/wp-json\/wp\/v2\/posts\/59225\/revisions\/59233"}],"wp:featuredmedia":[{"embeddable":true,"href":"http:\/\/www.grieta.org.mx\/index.php\/wp-json\/wp\/v2\/media\/59232"}],"wp:attachment":[{"href":"http:\/\/www.grieta.org.mx\/index.php\/wp-json\/wp\/v2\/media?parent=59225"}],"wp:term":[{"taxonomy":"category","embeddable":true,"href":"http:\/\/www.grieta.org.mx\/index.php\/wp-json\/wp\/v2\/categories?post=59225"},{"taxonomy":"post_tag","embeddable":true,"href":"http:\/\/www.grieta.org.mx\/index.php\/wp-json\/wp\/v2\/tags?post=59225"}],"curies":[{"name":"wp","href":"https:\/\/api.w.org\/{rel}","templated":true}]}}