{"id":59220,"date":"2021-04-06T21:13:50","date_gmt":"2021-04-07T02:13:50","guid":{"rendered":"http:\/\/www.grieta.org.mx\/?p=59220"},"modified":"2021-05-05T21:28:18","modified_gmt":"2021-05-06T02:28:18","slug":"exigen-libertad-a-presos-politicos-en-michoacan-afuera-de-scjn","status":"publish","type":"post","link":"http:\/\/www.grieta.org.mx\/index.php\/2021\/04\/06\/exigen-libertad-a-presos-politicos-en-michoacan-afuera-de-scjn\/","title":{"rendered":"Exigen libertad a presos pol\u00edticos en Michoac\u00e1n afuera de SCJN"},"content":{"rendered":"<p>Los integrantes del Concejo se dieron cita en el lugar para exigir la liberaci\u00f3n de los concejales Jos\u00e9 Luis Jim\u00e9nez y Jos\u00e9 Antonio Arreola,<\/p>\n<p>Nora Bucio, MVS Noticias, 06 de abril de 2021<\/p>\n<p>Integrantes del Concejo Ciudadano Ind\u00edgena de Nahuatzen, se manifestaron afuera de la sede de la Suprema Corte de Justicia de la Naci\u00f3n (SCJN), para exigir la libertad de presos pol\u00edticos y respeto a la autonom\u00eda y libre determinaci\u00f3n pur\u00e9pecha. Desde poco antes de las 11:30, los integrantes del Concejo se dieron cita en el lugar para exigir la liberaci\u00f3n de los concejales Jos\u00e9 Luis Jim\u00e9nez y Jos\u00e9 Antonio Arreola, a quienes se les acus\u00f3 del delito de sabotaje y se encuentran detenidos en el Centro de Readaptaci\u00f3n Social de Uruapan, Michoac\u00e1n y quienes interpusieron un recurso de reclamaci\u00f3n ante la SCJN por diversas violaciones procesales y de derechos humanos.<\/p>\n<p>Los detenidos han sido reconocidos como defensores de derechos humanos, del territorio y de los derechos ind\u00edgenas en Michoac\u00e1n e incluso al momento de su detenci\u00f3n, se encontraban bajo el amparo del Mecanismo de Protecci\u00f3n para defensores de derechos humanos y periodistas en 2018.<br \/>\nLa movilizaci\u00f3n del Concejo Ciudadano de Nahuatzen, se realiz\u00f3 en el marco de la discusi\u00f3n del recurso en el que se solicit\u00f3 a la SCJN, que se examine el proceso judicial contra los activistas. Adem\u00e1s busca visibilizar el intento de \u201cdiversas autoridades del estado de Michoac\u00e1n de criminalizar, deslegitimar y desarticular el ejercicio de autonom\u00eda y libre determinaci\u00f3n de los pueblos ind\u00edgenas quienes buscan proteger el territorio, la comunidad y el medio ambiente\u201d.<\/p>\n<p><a href=\"https:\/\/mvsnoticias.com\/noticias\/nacionales\/exigen-libertad-a-presos-politicos-en-michoacan-afuera-de-scjn\/\">https:\/\/mvsnoticias.com\/noticias\/nacionales\/exigen-libertad-a-presos-politicos-en-michoacan-afuera-de-scjn\/<\/a><\/p>\n","protected":false},"excerpt":{"rendered":"<p>Los integrantes del Concejo se dieron cita en el lugar para exigir la liberaci\u00f3n de los concejales Jos\u00e9 Luis Jim\u00e9nez y Jos\u00e9 Antonio Arreola, Nora Bucio, MVS Noticias, 06 de &hellip; <a href=\"http:\/\/www.grieta.org.mx\/index.php\/2021\/04\/06\/exigen-libertad-a-presos-politicos-en-michoacan-afuera-de-scjn\/\" class=\"more-link\">Leer m\u00e1s<\/a><\/p>\n","protected":false},"author":2,"featured_media":59222,"comment_status":"closed","ping_status":"closed","sticky":false,"template":"","format":"standard","meta":{"ngg_post_thumbnail":0,"_jetpack_newsletter_access":"","_jetpack_dont_email_post_to_subs":false,"_jetpack_newsletter_tier_id":0,"_jetpack_memberships_contains_paywalled_content":false,"_jetpack_memberships_contains_paid_content":false,"footnotes":""},"categories":[3167,80,1467,21,995,3165,2934,3336],"tags":[474,2466,131,1090],"class_list":["post-59220","post","type-post","status-publish","format-standard","has-post-thumbnail","hentry","category-autonomias","category-cintillo","category-lucha-y-resistencia-de-la-comunidad-de-nahuatzen","category-michoacan","category-resistencia-y-construccion-de-autonomia-de-las-comunidades-rurales-en-michoacan","category-resistencias","category-resistencias-en-michoacan","category-violencia-delas-fuerzas-represivas-en-michoacan","tag-autonomia","tag-luchas-y-resistencias-de-pueblos-originarios","tag-presos-politicos","tag-represion-de-la-protesta-social","entry"],"jetpack_featured_media_url":"http:\/\/www.grieta.org.mx\/wp-content\/uploads\/2021\/05\/ccdcd426-whatsapp-image-2021-04-06-at-13.38.21.jpeg","jetpack_sharing_enabled":true,"jetpack_shortlink":"https:\/\/wp.me\/p7ZJR4-fpa","jetpack_likes_enabled":false,"jetpack-related-posts":[{"id":35868,"url":"http:\/\/www.grieta.org.mx\/index.php\/2019\/07\/03\/serapaz-denuncia-el-encarcelamiento-de-tres-activistas-de-la-comunidad-indigena-de-nahuatzen-michoacan\/","url_meta":{"origin":59220,"position":0},"title":"Serapaz denuncia el encarcelamiento de tres activistas de la comunidad ind\u00edgena de Nahuatzen (Michoac\u00e1n)","author":"grieta","date":"3 julio, 2019","format":false,"excerpt":"Por Ixtlix\u00f3chitl L\u00f3pez \/ Proceso, 3 de julio de 2019 CIUDAD DE M\u00c9XICO (apro).- La organizaci\u00f3n Servicios y Asesor\u00eda para la Paz (Serapaz) denunci\u00f3 el injusto encarcelamiento de Jos\u00e9 Antonio Arreola, Jos\u00e9 Luis Jim\u00e9nez y Jos\u00e9 Gerardo Talavera, miembros de la comunidad ind\u00edgena pur\u00e9pecha de Nahuatzen, Michoac\u00e1n, privados de la\u2026","rel":"","context":"En &quot;CINTILLO&quot;","block_context":{"text":"CINTILLO","link":"http:\/\/www.grieta.org.mx\/index.php\/category\/cintillo\/"},"img":{"alt_text":"","src":"https:\/\/i0.wp.com\/www.grieta.org.mx\/wp-content\/uploads\/2019\/07\/Nahua-1078x808.jpg?resize=350%2C200","width":350,"height":200,"srcset":"https:\/\/i0.wp.com\/www.grieta.org.mx\/wp-content\/uploads\/2019\/07\/Nahua-1078x808.jpg?resize=350%2C200 1x, https:\/\/i0.wp.com\/www.grieta.org.mx\/wp-content\/uploads\/2019\/07\/Nahua-1078x808.jpg?resize=525%2C300 1.5x, https:\/\/i0.wp.com\/www.grieta.org.mx\/wp-content\/uploads\/2019\/07\/Nahua-1078x808.jpg?resize=700%2C400 2x, https:\/\/i0.wp.com\/www.grieta.org.mx\/wp-content\/uploads\/2019\/07\/Nahua-1078x808.jpg?resize=1050%2C600 3x"},"classes":[]},{"id":43391,"url":"http:\/\/www.grieta.org.mx\/index.php\/2020\/01\/23\/desmiente-concejo-indigena-a-alcaldesa-de-nahuatzen-y-la-retan-a-que-muestre-pruebas-michoacan\/","url_meta":{"origin":59220,"position":1},"title":"Desmiente Concejo Ind\u00edgena a alcaldesa de Nahuatzen y la retan a que muestre pruebas (Michoac\u00e1n)","author":"grieta","date":"23 enero, 2020","format":false,"excerpt":"Por Patricia Torres \/ Noventa Grados, 21 de enerp de 2020 Morelia, mich., a 21 de enero del 2020. Pavel Ulianov Guzm\u00e1n Macario, integrante del Concejo Ind\u00edgena de Michoac\u00e1n lament\u00f3 en rueda de prensa que la presidenta municipal de Nahuatzen los haya acusado como culpables por la violencia ocasionada en\u2026","rel":"","context":"En &quot;CINTILLO&quot;","block_context":{"text":"CINTILLO","link":"http:\/\/www.grieta.org.mx\/index.php\/category\/cintillo\/"},"img":{"alt_text":"","src":"https:\/\/i0.wp.com\/www.grieta.org.mx\/wp-content\/uploads\/2020\/01\/0-grande-1.jpg?resize=350%2C200","width":350,"height":200,"srcset":"https:\/\/i0.wp.com\/www.grieta.org.mx\/wp-content\/uploads\/2020\/01\/0-grande-1.jpg?resize=350%2C200 1x, https:\/\/i0.wp.com\/www.grieta.org.mx\/wp-content\/uploads\/2020\/01\/0-grande-1.jpg?resize=525%2C300 1.5x, https:\/\/i0.wp.com\/www.grieta.org.mx\/wp-content\/uploads\/2020\/01\/0-grande-1.jpg?resize=700%2C400 2x"},"classes":[]},{"id":58764,"url":"http:\/\/www.grieta.org.mx\/index.php\/2021\/04\/08\/la-corte-acepta-revisar-la-detencion-de-comunitarios-de-nahuatzen-michoacan\/","url_meta":{"origin":59220,"position":2},"title":"La Corte acepta revisar la detenci\u00f3n de comunitarios de Nahuatzen (Michoac\u00e1n)","author":"grieta","date":"8 abril, 2021","format":false,"excerpt":"El m\u00e1ximo tribunal de justicia de la naci\u00f3n determin\u00f3 que revisar\u00e1 la detenci\u00f3n de Jos\u00e9 Luis Jim\u00e9nez Meza y Jos\u00e9 Antonio Arreola Jim\u00e9nez, Concejales del Gobierno Ind\u00edgena de Nahuatzen, Michoac\u00e1n. La comunidad acusa que su detenci\u00f3n fue por motivos pol\u00edticos, para detener su proceso de autonom\u00eda, reconocido desde 2017 Texto:\u2026","rel":"","context":"En &quot;Autonom\u00edas&quot;","block_context":{"text":"Autonom\u00edas","link":"http:\/\/www.grieta.org.mx\/index.php\/category\/resistencias\/autonomias\/"},"img":{"alt_text":"","src":"https:\/\/i0.wp.com\/www.grieta.org.mx\/wp-content\/uploads\/2021\/04\/SCJN_Protesta_Nahuatzen_Eber_Huitzil1.jpeg?resize=350%2C200","width":350,"height":200,"srcset":"https:\/\/i0.wp.com\/www.grieta.org.mx\/wp-content\/uploads\/2021\/04\/SCJN_Protesta_Nahuatzen_Eber_Huitzil1.jpeg?resize=350%2C200 1x, https:\/\/i0.wp.com\/www.grieta.org.mx\/wp-content\/uploads\/2021\/04\/SCJN_Protesta_Nahuatzen_Eber_Huitzil1.jpeg?resize=525%2C300 1.5x, https:\/\/i0.wp.com\/www.grieta.org.mx\/wp-content\/uploads\/2021\/04\/SCJN_Protesta_Nahuatzen_Eber_Huitzil1.jpeg?resize=700%2C400 2x"},"classes":[]},{"id":43137,"url":"http:\/\/www.grieta.org.mx\/index.php\/2020\/01\/15\/consejo-supremo-indigena-de-michoacan-denuncia-represion-y-amenazas-de-muerte-en-contra-de-concejos-comunales-de-comachuen-sevina-y-nahuatzen\/","url_meta":{"origin":59220,"position":3},"title":"Consejo Supremo Ind\u00edgena de Michoac\u00e1n denuncia represi\u00f3n y amenazas de muerte en contra de Concejos Comunales de Comachu\u00e9n, Sevina y Nahuatzen","author":"grieta","date":"15 enero, 2020","format":false,"excerpt":"Por:Patricia Torres \/ Noventa Grados, 15 de Enero de 2020 Comunidades P`urh\u00e9pecha a 15 de enero del 2020. A trav\u00e9s de un comunicado, el Consejo Supremo Ind\u00edgena de Michoac\u00e1n (CSIM), consejo de autoridades civiles, comunales y tradicionales que agrupa alrededor de 60 comunidades, denunci\u00f3 la represi\u00f3n de comuneros, mujeres y\u2026","rel":"","context":"En &quot;CINTILLO&quot;","block_context":{"text":"CINTILLO","link":"http:\/\/www.grieta.org.mx\/index.php\/category\/cintillo\/"},"img":{"alt_text":"","src":"https:\/\/i0.wp.com\/www.grieta.org.mx\/wp-content\/uploads\/2020\/01\/0-grande.jpg?resize=350%2C200","width":350,"height":200,"srcset":"https:\/\/i0.wp.com\/www.grieta.org.mx\/wp-content\/uploads\/2020\/01\/0-grande.jpg?resize=350%2C200 1x, https:\/\/i0.wp.com\/www.grieta.org.mx\/wp-content\/uploads\/2020\/01\/0-grande.jpg?resize=525%2C300 1.5x, https:\/\/i0.wp.com\/www.grieta.org.mx\/wp-content\/uploads\/2020\/01\/0-grande.jpg?resize=700%2C400 2x"},"classes":[]},{"id":60084,"url":"http:\/\/www.grieta.org.mx\/index.php\/2021\/06\/24\/destrozan-casa-del-gobierno-autonomo-en-nahuatzen-responsabilizan-a-partidos-politicos-michoacan\/","url_meta":{"origin":59220,"position":4},"title":"Destrozan casa del gobierno aut\u00f3nomo en Nahuatzen; responsabilizan a partidos pol\u00edticos (Michoac\u00e1n)","author":"grieta","date":"24 junio, 2021","format":false,"excerpt":"Desde 2019 y tras muchas dificultades, Nahuatzen, Michoac\u00e1n, se rige por usos y costumbres. Aquel a\u00f1o logr\u00f3 el reconocimiento de su gobierno aut\u00f3nomo y desterr\u00f3 as\u00ed a los partidos pol\u00edticos; este es un ataque a su autonom\u00eda, acusan.\u00a0 Texto: Arturo Contreras Camero Fotos: Cortes\u00eda Concejo de Gobierno de Nahuatzen. Pie\u2026","rel":"","context":"En &quot;CINTILLO&quot;","block_context":{"text":"CINTILLO","link":"http:\/\/www.grieta.org.mx\/index.php\/category\/cintillo\/"},"img":{"alt_text":"","src":"https:\/\/i0.wp.com\/www.grieta.org.mx\/wp-content\/uploads\/2021\/06\/partidos_Michoacan_especial_pDp.jpg?resize=350%2C200","width":350,"height":200,"srcset":"https:\/\/i0.wp.com\/www.grieta.org.mx\/wp-content\/uploads\/2021\/06\/partidos_Michoacan_especial_pDp.jpg?resize=350%2C200 1x, https:\/\/i0.wp.com\/www.grieta.org.mx\/wp-content\/uploads\/2021\/06\/partidos_Michoacan_especial_pDp.jpg?resize=525%2C300 1.5x, https:\/\/i0.wp.com\/www.grieta.org.mx\/wp-content\/uploads\/2021\/06\/partidos_Michoacan_especial_pDp.jpg?resize=700%2C400 2x, https:\/\/i0.wp.com\/www.grieta.org.mx\/wp-content\/uploads\/2021\/06\/partidos_Michoacan_especial_pDp.jpg?resize=1050%2C600 3x"},"classes":[]},{"id":57157,"url":"http:\/\/www.grieta.org.mx\/index.php\/2021\/02\/18\/iden-a-la-corte-libertad-de-concejales-que-luchan-por-la-autonomia-purepecha-michoacan\/","url_meta":{"origin":59220,"position":5},"title":"iden a la Corte libertad de concejales que luchan por la autonom\u00eda pur\u00e9pecha (Michoac\u00e1n)","author":"grieta","date":"18 febrero, 2021","format":false,"excerpt":"El Concejo Ciudadano Ind\u00edgena de Nahuatzen, en la meseta pur\u00e9pecha de Michoac\u00e1n, promovi\u00f3 un recurso de reclamaci\u00f3n con el que esperan que la Suprema Corte ayude a liberar a dos autoridades ind\u00edgenas de la comunidad que fueron aprehendidos en 2018 para reprimir la construcci\u00f3n de un gobierno aut\u00f3nomo en la\u2026","rel":"","context":"En &quot;CINTILLO&quot;","block_context":{"text":"CINTILLO","link":"http:\/\/www.grieta.org.mx\/index.php\/category\/cintillo\/"},"img":{"alt_text":"","src":"https:\/\/i0.wp.com\/www.grieta.org.mx\/wp-content\/uploads\/2021\/02\/Nahuatzen_Mario-Marlo_Zona_Docs.jpg?resize=350%2C200","width":350,"height":200,"srcset":"https:\/\/i0.wp.com\/www.grieta.org.mx\/wp-content\/uploads\/2021\/02\/Nahuatzen_Mario-Marlo_Zona_Docs.jpg?resize=350%2C200 1x, https:\/\/i0.wp.com\/www.grieta.org.mx\/wp-content\/uploads\/2021\/02\/Nahuatzen_Mario-Marlo_Zona_Docs.jpg?resize=525%2C300 1.5x, https:\/\/i0.wp.com\/www.grieta.org.mx\/wp-content\/uploads\/2021\/02\/Nahuatzen_Mario-Marlo_Zona_Docs.jpg?resize=700%2C400 2x"},"classes":[]}],"_links":{"self":[{"href":"http:\/\/www.grieta.org.mx\/index.php\/wp-json\/wp\/v2\/posts\/59220","targetHints":{"allow":["GET"]}}],"collection":[{"href":"http:\/\/www.grieta.org.mx\/index.php\/wp-json\/wp\/v2\/posts"}],"about":[{"href":"http:\/\/www.grieta.org.mx\/index.php\/wp-json\/wp\/v2\/types\/post"}],"author":[{"embeddable":true,"href":"http:\/\/www.grieta.org.mx\/index.php\/wp-json\/wp\/v2\/users\/2"}],"replies":[{"embeddable":true,"href":"http:\/\/www.grieta.org.mx\/index.php\/wp-json\/wp\/v2\/comments?post=59220"}],"version-history":[{"count":1,"href":"http:\/\/www.grieta.org.mx\/index.php\/wp-json\/wp\/v2\/posts\/59220\/revisions"}],"predecessor-version":[{"id":59224,"href":"http:\/\/www.grieta.org.mx\/index.php\/wp-json\/wp\/v2\/posts\/59220\/revisions\/59224"}],"wp:featuredmedia":[{"embeddable":true,"href":"http:\/\/www.grieta.org.mx\/index.php\/wp-json\/wp\/v2\/media\/59222"}],"wp:attachment":[{"href":"http:\/\/www.grieta.org.mx\/index.php\/wp-json\/wp\/v2\/media?parent=59220"}],"wp:term":[{"taxonomy":"category","embeddable":true,"href":"http:\/\/www.grieta.org.mx\/index.php\/wp-json\/wp\/v2\/categories?post=59220"},{"taxonomy":"post_tag","embeddable":true,"href":"http:\/\/www.grieta.org.mx\/index.php\/wp-json\/wp\/v2\/tags?post=59220"}],"curies":[{"name":"wp","href":"https:\/\/api.w.org\/{rel}","templated":true}]}}