{"id":59216,"date":"2021-05-04T19:29:07","date_gmt":"2021-05-05T00:29:07","guid":{"rendered":"https:\/\/www.grieta.org.mx\/?p=59216"},"modified":"2021-05-05T21:13:35","modified_gmt":"2021-05-06T02:13:35","slug":"campeche-jubilados-de-pemex-exigen-pago-completo-de-prestaciones","status":"publish","type":"post","link":"http:\/\/www.grieta.org.mx\/index.php\/2021\/05\/04\/campeche-jubilados-de-pemex-exigen-pago-completo-de-prestaciones\/","title":{"rendered":"Campeche: Jubilados de Pemex exigen pago completo de prestaciones"},"content":{"rendered":"<p>Pablo Puerto \/ Yucat\u00e1n a la Mano<\/p>\n<p>Grupo representativo en Campeche de Jubilados y Pensionados de Petr\u00f3leos Mexicanos (Pemex), exigen a la Junta Especial Federal de Conciliaci\u00f3n y Arbitraje, la calificaci\u00f3n de su demanda en contra de la paraestatal, pues desde 2015 se niega a pagar incrementos en las prestaciones como marca la Ley y aseguran que en promedio deber\u00edan recibir dos mil 400 pesos m\u00e1s cada catorcena.<\/p>\n<p>Roberto Villamonte, representante legal y Tom\u00e1s Tinoco Zu\u00f1iga, vocero del Colectivo de Jubilados y Pensionados, indicaron hay numerosas denuncias y que, aunque son conscientes que la Junta podr\u00eda rechazar su demanda, se sentar\u00e1 un precedente para acudir a la siguiente instancia.<\/p>\n<p>\u201cPermitir\u00e1 seguir adelante y lograr que los incrementos no se den en UMAs, sino conforme a la inflaci\u00f3n, se le entregue al jubilado y pensionado. La intenci\u00f3n es pedir la reuni\u00f3n con el presidente de la Junta de Conciliaci\u00f3n y Arbitraje, pues indic\u00f3 las modificaciones que quieren hacer no pueden ser retroactivas, sobre todo que estamos hablando de subsistencia\u201d, explic\u00f3.<\/p>\n<p>Aseguraron mucha gente adulta mayor no est\u00e1n recibiendo los beneficios que por Ley les corresponden.<\/p>\n<p>Tinoco Z\u00fa\u00f1iga precis\u00f3 que desde 2015 la mayor\u00eda se jubil\u00f3 antes de ese a\u00f1o bajo determinado r\u00e9gimen, y a partir de mayo de ese a\u00f1o, dejaron de recibir las prestaciones a que tienen derecho de acuerdo con el contrato.<\/p>\n<p>Indic\u00f3 que se trata de pago de gasolina, canasta b\u00e1sica y de gas dom\u00e9stico. Reciben en promedio 3 mil 500 pesos y la diferencia es de m\u00e1s de 2 mil 400 pesos por todas las prestaciones cada catorcena.<\/p>\n<p>Fuente: Punto Medio<br \/>\n<a href=\"https:\/\/www.yucatanalamano.com\/campeche-jubilados-de-pemex-exigen-pago-completo-de-prestaciones\/\" rel=\"noopener\" target=\"_blank\">https:\/\/www.yucatanalamano.com\/campeche-jubilados-de-pemex-exigen-pago-completo-de-prestaciones\/<\/a><\/p>\n","protected":false},"excerpt":{"rendered":"<p>Pablo Puerto \/ Yucat\u00e1n a la Mano Grupo representativo en Campeche de Jubilados y Pensionados de Petr\u00f3leos Mexicanos (Pemex), exigen a la Junta Especial Federal de Conciliaci\u00f3n y Arbitraje, la &hellip; <a href=\"http:\/\/www.grieta.org.mx\/index.php\/2021\/05\/04\/campeche-jubilados-de-pemex-exigen-pago-completo-de-prestaciones\/\" class=\"more-link\">Leer m\u00e1s<\/a><\/p>\n","protected":false},"author":2,"featured_media":59217,"comment_status":"closed","ping_status":"closed","sticky":false,"template":"","format":"standard","meta":{"ngg_post_thumbnail":0,"_jetpack_newsletter_access":"","_jetpack_dont_email_post_to_subs":false,"_jetpack_newsletter_tier_id":0,"_jetpack_memberships_contains_paywalled_content":false,"_jetpack_memberships_contains_paid_content":false,"footnotes":""},"categories":[11,80,2,1150],"tags":[310,125],"class_list":["post-59216","post","type-post","status-publish","format-standard","has-post-thumbnail","hentry","category-campeche","category-cintillo","category-noticias-nacionales","category-protestas-de-jubilados-en-campeche","tag-jubilados","tag-pemex","entry"],"jetpack_featured_media_url":"http:\/\/www.grieta.org.mx\/wp-content\/uploads\/2021\/05\/JubiladosPemex.png","jetpack_sharing_enabled":true,"jetpack_shortlink":"https:\/\/wp.me\/p7ZJR4-fp6","jetpack_likes_enabled":false,"jetpack-related-posts":[{"id":21239,"url":"http:\/\/www.grieta.org.mx\/index.php\/2016\/09\/09\/jubilados-exigen-pago-de-bonos-campeche\/","url_meta":{"origin":59216,"position":0},"title":"Jubilados exigen pago de bonos (Campeche)","author":"grieta","date":"9 septiembre, 2016","format":false,"excerpt":"Jubilados y pensionados del Issste se manifestaron a las puertas de la delegaci\u00f3n para exigir el pago de los conceptos 02 y 03 de previsi\u00f3n social m\u00faltiple y bono de despensa conforme lo establece la ley y que les adeudan desde el 2008. Portando pancartas los integrantes de la Coalici\u00f3n\u2026","rel":"","context":"En &quot;Campeche&quot;","block_context":{"text":"Campeche","link":"http:\/\/www.grieta.org.mx\/index.php\/category\/noticias-nacionales\/campeche\/"},"img":{"alt_text":"","src":"https:\/\/i0.wp.com\/www.grieta.org.mx\/wp-content\/uploads\/2018\/03\/14524434_1106112876131411_958039263622046936_o.jpg?resize=350%2C200","width":350,"height":200,"srcset":"https:\/\/i0.wp.com\/www.grieta.org.mx\/wp-content\/uploads\/2018\/03\/14524434_1106112876131411_958039263622046936_o.jpg?resize=350%2C200 1x, https:\/\/i0.wp.com\/www.grieta.org.mx\/wp-content\/uploads\/2018\/03\/14524434_1106112876131411_958039263622046936_o.jpg?resize=525%2C300 1.5x, https:\/\/i0.wp.com\/www.grieta.org.mx\/wp-content\/uploads\/2018\/03\/14524434_1106112876131411_958039263622046936_o.jpg?resize=700%2C400 2x"},"classes":[]},{"id":25560,"url":"http:\/\/www.grieta.org.mx\/index.php\/2018\/08\/15\/exigen-incremento-salarial-jubilados-y-pensionados-del-ic-campeche\/","url_meta":{"origin":59216,"position":1},"title":"Exigen incremento salarial jubilados y pensionados del IC (Campeche)","author":"grieta","date":"15 agosto, 2018","format":false,"excerpt":"Jubilados y pensionados del Instituto Campechano, encabezados por el presidente de esta agrupaci\u00f3n, Vicente Ram\u00f3n Guzm\u00e1n Vega, se manifestaron en el edificio central de esta instituci\u00f3n, solicitando al rector Fernando Sandoval Castellanos un incremento salarial. \u201c\u00c9l pensar\u00e1 que 2.5 que se nos otorg\u00f3 es mucho, pero para un intendente no\u2026","rel":"","context":"En &quot;Campeche&quot;","block_context":{"text":"Campeche","link":"http:\/\/www.grieta.org.mx\/index.php\/category\/noticias-nacionales\/campeche\/"},"img":{"alt_text":"","src":"https:\/\/i0.wp.com\/www.grieta.org.mx\/wp-content\/uploads\/2018\/08\/jubilado-pensionado-34522.jpg?resize=350%2C200","width":350,"height":200,"srcset":"https:\/\/i0.wp.com\/www.grieta.org.mx\/wp-content\/uploads\/2018\/08\/jubilado-pensionado-34522.jpg?resize=350%2C200 1x, https:\/\/i0.wp.com\/www.grieta.org.mx\/wp-content\/uploads\/2018\/08\/jubilado-pensionado-34522.jpg?resize=525%2C300 1.5x, https:\/\/i0.wp.com\/www.grieta.org.mx\/wp-content\/uploads\/2018\/08\/jubilado-pensionado-34522.jpg?resize=700%2C400 2x"},"classes":[]},{"id":67735,"url":"http:\/\/www.grieta.org.mx\/index.php\/2023\/09\/14\/en-ciudad-del-carmen-jubilados-de-la-unacar-exigen-pagos-atrasados-campeche\/","url_meta":{"origin":59216,"position":2},"title":"En Ciudad del Carmen, jubilados de la Unacar exigen pagos atrasados (Campeche)","author":"grieta","date":"14 septiembre, 2023","format":false,"excerpt":"Un grupo de jubilados y pensionados de la Universidad Aut\u00f3noma del Carmen marcharon del Sindicato \u00danico de Trabajadores de la Unacar (Sutunacar) hasta rector\u00eda para exigir a las autoridades universitarias, encabezadas por Sandra Martha Laff\u00f3n Leal, como rectora, que cumpla con el pago de quincenas atrasadas, pues hay algunos a\u2026","rel":"","context":"En &quot;Campeche&quot;","block_context":{"text":"Campeche","link":"http:\/\/www.grieta.org.mx\/index.php\/category\/noticias-nacionales\/campeche\/"},"img":{"alt_text":"","src":"https:\/\/i0.wp.com\/www.grieta.org.mx\/wp-content\/uploads\/2023\/09\/CDCarmen-e1694802785883.jpg?resize=350%2C200","width":350,"height":200,"srcset":"https:\/\/i0.wp.com\/www.grieta.org.mx\/wp-content\/uploads\/2023\/09\/CDCarmen-e1694802785883.jpg?resize=350%2C200 1x, https:\/\/i0.wp.com\/www.grieta.org.mx\/wp-content\/uploads\/2023\/09\/CDCarmen-e1694802785883.jpg?resize=525%2C300 1.5x, https:\/\/i0.wp.com\/www.grieta.org.mx\/wp-content\/uploads\/2023\/09\/CDCarmen-e1694802785883.jpg?resize=700%2C400 2x"},"classes":[]},{"id":67964,"url":"http:\/\/www.grieta.org.mx\/index.php\/2023\/10\/18\/jubilados-toman-la-rectoria-de-la-unacar-campeche\/","url_meta":{"origin":59216,"position":3},"title":"Jubilados toman la Rector\u00eda de la Unacar (Campeche)","author":"grieta","date":"18 octubre, 2023","format":false,"excerpt":"CARMEN. \u201cSi las autoridades universitarias han perdido el poder de gesti\u00f3n o no pueden trabajar en nuestro beneficio, que se vayan\u201d, exigieron los trabajadores jubilados y pensionados de la Universidad Aut\u00f3noma del Carmen (Unacar), al tomar las instalaciones de la Rector\u00eda de la maxima casa de estudios en demanda del\u2026","rel":"","context":"En &quot;Campeche&quot;","block_context":{"text":"Campeche","link":"http:\/\/www.grieta.org.mx\/index.php\/category\/noticias-nacionales\/campeche\/"},"img":{"alt_text":"","src":"https:\/\/i0.wp.com\/www.grieta.org.mx\/wp-content\/uploads\/2023\/10\/Jubilados-e1697896122422.jpg?resize=350%2C200","width":350,"height":200,"srcset":"https:\/\/i0.wp.com\/www.grieta.org.mx\/wp-content\/uploads\/2023\/10\/Jubilados-e1697896122422.jpg?resize=350%2C200 1x, https:\/\/i0.wp.com\/www.grieta.org.mx\/wp-content\/uploads\/2023\/10\/Jubilados-e1697896122422.jpg?resize=525%2C300 1.5x, https:\/\/i0.wp.com\/www.grieta.org.mx\/wp-content\/uploads\/2023\/10\/Jubilados-e1697896122422.jpg?resize=700%2C400 2x"},"classes":[]},{"id":56616,"url":"http:\/\/www.grieta.org.mx\/index.php\/2021\/01\/28\/se-manifiestan-trabajadores-jubilados-y-pensionados-de-pemex-colima\/","url_meta":{"origin":59216,"position":4},"title":"Se manifiestan trabajadores jubilados y pensionados de Pemex (Colima)","author":"grieta","date":"28 enero, 2021","format":false,"excerpt":"Imagen: Colima Noticias Oscar Cervantes \/ Colima Noticias Colima, Col.-\u00a0Un grupo de trabajadores jubilados y pensionados de Petr\u00f3leos Mexicanos (PEMEX), se manifestaron pac\u00edficamente para exigir el respeto a sus derechos laborales y que de inmediato se reactive su acceso a servicios m\u00e9dicos integrales. A las afueras de las instalaciones de\u2026","rel":"","context":"En &quot;CINTILLO&quot;","block_context":{"text":"CINTILLO","link":"http:\/\/www.grieta.org.mx\/index.php\/category\/cintillo\/"},"img":{"alt_text":"","src":"https:\/\/i0.wp.com\/www.grieta.org.mx\/wp-content\/uploads\/2018\/03\/14524434_1106112876131411_958039263622046936_o.jpg?resize=350%2C200","width":350,"height":200,"srcset":"https:\/\/i0.wp.com\/www.grieta.org.mx\/wp-content\/uploads\/2018\/03\/14524434_1106112876131411_958039263622046936_o.jpg?resize=350%2C200 1x, https:\/\/i0.wp.com\/www.grieta.org.mx\/wp-content\/uploads\/2018\/03\/14524434_1106112876131411_958039263622046936_o.jpg?resize=525%2C300 1.5x, https:\/\/i0.wp.com\/www.grieta.org.mx\/wp-content\/uploads\/2018\/03\/14524434_1106112876131411_958039263622046936_o.jpg?resize=700%2C400 2x"},"classes":[]},{"id":68612,"url":"http:\/\/www.grieta.org.mx\/index.php\/2024\/03\/03\/jubilados-y-pensionados-de-la-unacar-exigen-pagos-atrasados-desde-hace-tres-anos-campeche\/","url_meta":{"origin":59216,"position":5},"title":"Jubilados y pensionados de la Unacar exigen pagos atrasados desde hace tres a\u00f1os (Campeche)","author":"grieta","date":"3 marzo, 2024","format":false,"excerpt":"Gerardo Can \/ Por Esto! Ante la inacci\u00f3n de la rectora de la Universidad Aut\u00f3noma del Carmen (Unacar), Sandra Martha Laff\u00f3n Leal, lo cual se ha convertido en una situaci\u00f3n preocupante, los extrabajadores jubilados y pensionados sindicalizados han externado su enojo exigiendo los pagos pendientes del 2023, y las primeras\u2026","rel":"","context":"En &quot;Campeche&quot;","block_context":{"text":"Campeche","link":"http:\/\/www.grieta.org.mx\/index.php\/category\/noticias-nacionales\/campeche\/"},"img":{"alt_text":"","src":"https:\/\/i0.wp.com\/www.grieta.org.mx\/wp-content\/uploads\/2024\/03\/Jubilados-e1710725065743.jpg?resize=350%2C200","width":350,"height":200,"srcset":"https:\/\/i0.wp.com\/www.grieta.org.mx\/wp-content\/uploads\/2024\/03\/Jubilados-e1710725065743.jpg?resize=350%2C200 1x, https:\/\/i0.wp.com\/www.grieta.org.mx\/wp-content\/uploads\/2024\/03\/Jubilados-e1710725065743.jpg?resize=525%2C300 1.5x, https:\/\/i0.wp.com\/www.grieta.org.mx\/wp-content\/uploads\/2024\/03\/Jubilados-e1710725065743.jpg?resize=700%2C400 2x"},"classes":[]}],"_links":{"self":[{"href":"http:\/\/www.grieta.org.mx\/index.php\/wp-json\/wp\/v2\/posts\/59216","targetHints":{"allow":["GET"]}}],"collection":[{"href":"http:\/\/www.grieta.org.mx\/index.php\/wp-json\/wp\/v2\/posts"}],"about":[{"href":"http:\/\/www.grieta.org.mx\/index.php\/wp-json\/wp\/v2\/types\/post"}],"author":[{"embeddable":true,"href":"http:\/\/www.grieta.org.mx\/index.php\/wp-json\/wp\/v2\/users\/2"}],"replies":[{"embeddable":true,"href":"http:\/\/www.grieta.org.mx\/index.php\/wp-json\/wp\/v2\/comments?post=59216"}],"version-history":[{"count":1,"href":"http:\/\/www.grieta.org.mx\/index.php\/wp-json\/wp\/v2\/posts\/59216\/revisions"}],"predecessor-version":[{"id":59219,"href":"http:\/\/www.grieta.org.mx\/index.php\/wp-json\/wp\/v2\/posts\/59216\/revisions\/59219"}],"wp:featuredmedia":[{"embeddable":true,"href":"http:\/\/www.grieta.org.mx\/index.php\/wp-json\/wp\/v2\/media\/59217"}],"wp:attachment":[{"href":"http:\/\/www.grieta.org.mx\/index.php\/wp-json\/wp\/v2\/media?parent=59216"}],"wp:term":[{"taxonomy":"category","embeddable":true,"href":"http:\/\/www.grieta.org.mx\/index.php\/wp-json\/wp\/v2\/categories?post=59216"},{"taxonomy":"post_tag","embeddable":true,"href":"http:\/\/www.grieta.org.mx\/index.php\/wp-json\/wp\/v2\/tags?post=59216"}],"curies":[{"name":"wp","href":"https:\/\/api.w.org\/{rel}","templated":true}]}}