{"id":59203,"date":"2021-05-02T10:24:20","date_gmt":"2021-05-02T15:24:20","guid":{"rendered":"https:\/\/www.grieta.org.mx\/?p=59203"},"modified":"2021-05-03T10:28:01","modified_gmt":"2021-05-03T15:28:01","slug":"subcomandante-moises-ninas-y-ninos-zapatistas-de-las-delegaciones-van-a-jugar-van-a-pintar-como-el-cayuco-que-se-esta-mandando-y-que-ellos-pintaron","status":"publish","type":"post","link":"http:\/\/www.grieta.org.mx\/index.php\/2021\/05\/02\/subcomandante-moises-ninas-y-ninos-zapatistas-de-las-delegaciones-van-a-jugar-van-a-pintar-como-el-cayuco-que-se-esta-mandando-y-que-ellos-pintaron\/","title":{"rendered":"Subcomandante Mois\u00e9s: Ni\u00f1as y ni\u00f1os zapatistas de las delegaciones \u201cvan a jugar, van a pintar, como el cayuco que se est\u00e1 mandando y que ellos pintaron\u201d"},"content":{"rendered":"<p>Contribuci\u00f3n colaborativa de Medios Libres: Radio Pozol, \u00a1Compas Arriba!, Centro de Lengua y Cultura Zoque-Medios, Espoir Chiapas, Regeneraci\u00f3n Radio y fot\u00f3graf@s independientes.<\/p>\n<p>&nbsp;<\/p>\n<p>Isla Mujeres, Q.R., 2 de mayo de 2021. Desde el muelle, cuando miraba al horizonte alejarse el velero del Escuadr\u00f3n 421 en las aguas turquesas de Canc\u00fan, el Subcomandante Mois\u00e9s, vocero del EZLN, di\u00e1logo con los medios libres y declar\u00f3 que \u201chabr\u00eda que preguntarles a los que vamos a compartir con ellos [\u2026] si tiene importancia o no tiene importancia lo que queremos compartir\u201d.<\/p>\n<p>El Subcomandante Insurgente Mois\u00e9s consider\u00f3 que \u201cestamos siguiendo la ruta en donde vino hace 500 a\u00f1os, en este caso estamos siguiendo la ruta para sembrar vida, no como hace 500 a\u00f1os, es lo contrario\u201d. Participar\u00e1n en la travers\u00eda \u201ctodos, todas, todoas, todos los Caracoles, todas las Juntas de buen gobierno, esa es la primera parte pues, la punta de lanza, pero sigue\u201d.<\/p>\n<p>A las y los europeos, \u201cles vamos a compartir que est\u00e1 en riesgo la vida tanto para los de la ciudad como del campo, es tiempo de despertar. Si no hay vida, no habr\u00e1 nada, eso es lo que vamos a ir a decir\u201d.<\/p>\n<p>Adem\u00e1s, el vocero coment\u00f3 que hay que \u201cluchar contra el capitalismo porque destruye a la madre naturaleza. Nosotros no, est\u00e1n los hechos que en los 500 a\u00f1os que no hemos destruido, pero el capitalismo s\u00ed, lo ha destruido, lo ha contaminado, cada vez peor, por eso dijimos de que se va a desmoronar un d\u00eda, y es ah\u00ed donde as\u00ed a todos nos va a llevar a la fregada\u201d.<\/p>\n<p>A\u00f1adi\u00f3 que el trabajo de organizaci\u00f3n con las y los compa\u00f1eros de Europa \u201cest\u00e1 caminando, pero falta que encamine m\u00e1s pues, por eso ah\u00ed vamos, vamos a ver c\u00f3mo va, qu\u00e9 tanto de fuerza va a haber\u201d.<\/p>\n<p><a href=\"https:\/\/radiozapatista.org\/wp-content\/uploads\/2021\/05\/2021-05-02-at-20.02.58-1536x1023.jpeg\"><img loading=\"lazy\" decoding=\"async\" class=\"alignleft size-medium wp-image-37563\" src=\"https:\/\/radiozapatista.org\/wp-content\/uploads\/2021\/05\/2021-05-02-at-20.02.58-1536x1023-350x233.jpeg\" sizes=\"auto, (max-width: 350px) 100vw, 350px\" srcset=\"https:\/\/radiozapatista.org\/wp-content\/uploads\/2021\/05\/2021-05-02-at-20.02.58-1536x1023-350x233.jpeg 350w, https:\/\/radiozapatista.org\/wp-content\/uploads\/2021\/05\/2021-05-02-at-20.02.58-1536x1023-768x512.jpeg 768w, https:\/\/radiozapatista.org\/wp-content\/uploads\/2021\/05\/2021-05-02-at-20.02.58-1536x1023-1024x682.jpeg 1024w, https:\/\/radiozapatista.org\/wp-content\/uploads\/2021\/05\/2021-05-02-at-20.02.58-1536x1023-700x466.jpeg 700w, https:\/\/radiozapatista.org\/wp-content\/uploads\/2021\/05\/2021-05-02-at-20.02.58-1536x1023.jpeg 1536w\" alt=\"\" width=\"350\" height=\"233\"><\/a><\/p>\n<p>El Subcomandante Insurgente Mois\u00e9s confirm\u00f3 que ni\u00f1as y ni\u00f1os zapatistas van a participar como delegadas y delegados. \u201cEstamos luchando por sus pasaportes, todos, todas y todoas\u201d. Con la ni\u00f1ez europea, \u201cvan a jugar, van a pintar, como el cayuco que se est\u00e1 mandando, ah\u00ed los ni\u00f1as y los ni\u00f1os zapatistas pintaron ellos e igual compartir\u00e1n all\u00e1\u201d.<\/p>\n<p>En medio de muestras de cari\u00f1o y apoyo a la traves\u00eda zapatista, el Subcomandante Insurgente Mois\u00e9s despidi\u00f3 a la tripulaci\u00f3n, estando al pendiente de todas las actividades de preparaci\u00f3n de la delegaci\u00f3n mar\u00edtima, como el cuidado de los cuatro cayucos chiapanecos y, en especial, del Escuadr\u00f3n 421 que navegan ahora hacia Europa.<\/p>\n<p>Les deseamos un buen viaje y quedamos al pendiente de los pr\u00f3ximos reportes de Tercios Compas.<\/p>\n<p><a href=\"https:\/\/radiozapatista.org\/wp-content\/uploads\/2021\/05\/2021-05-02-at-19.21.56-1536x415.jpeg\"><img loading=\"lazy\" decoding=\"async\" class=\"alignleft size-medium wp-image-37564\" src=\"https:\/\/radiozapatista.org\/wp-content\/uploads\/2021\/05\/2021-05-02-at-19.21.56-1536x415-350x95.jpeg\" sizes=\"auto, (max-width: 350px) 100vw, 350px\" srcset=\"https:\/\/radiozapatista.org\/wp-content\/uploads\/2021\/05\/2021-05-02-at-19.21.56-1536x415-350x95.jpeg 350w, https:\/\/radiozapatista.org\/wp-content\/uploads\/2021\/05\/2021-05-02-at-19.21.56-1536x415-768x208.jpeg 768w, https:\/\/radiozapatista.org\/wp-content\/uploads\/2021\/05\/2021-05-02-at-19.21.56-1536x415-1024x277.jpeg 1024w, https:\/\/radiozapatista.org\/wp-content\/uploads\/2021\/05\/2021-05-02-at-19.21.56-1536x415.jpeg 1536w\" alt=\"\" width=\"350\" height=\"95\"><\/a><\/p>\n<p><a href=\"https:\/\/radiozapatista.org\/wp-content\/uploads\/2021\/05\/WhatsApp-Image-2021-05-02-at-19.20.46-1536x1152.jpeg\"><img loading=\"lazy\" decoding=\"async\" data-attachment-id=\"37565\" data-permalink=\"http:\/\/www.grieta.org.mx\/index.php\/2019\/08\/02\/protestan-ejidatarios-de-matamoros-para-exigir-se-retire-el-reten-de-la-estatal-tamaulipas\/screenshot_2019-08-07-protestan-ejidatarios-de-matamoros-para-exigir-se-retire-el-reten-de-la-estatal\/\" data-orig-file=\"http:\/\/www.grieta.org.mx\/wp-content\/uploads\/2019\/08\/Screenshot_2019-08-07-Protestan-ejidatarios-de-Matamoros-para-exigir-se-retire-el-reten-de-la-Estatal.png\" data-orig-size=\"868,500\" data-comments-opened=\"0\" data-image-meta=\"{&quot;aperture&quot;:&quot;0&quot;,&quot;credit&quot;:&quot;&quot;,&quot;camera&quot;:&quot;&quot;,&quot;caption&quot;:&quot;&quot;,&quot;created_timestamp&quot;:&quot;0&quot;,&quot;copyright&quot;:&quot;&quot;,&quot;focal_length&quot;:&quot;0&quot;,&quot;iso&quot;:&quot;0&quot;,&quot;shutter_speed&quot;:&quot;0&quot;,&quot;title&quot;:&quot;&quot;,&quot;orientation&quot;:&quot;0&quot;}\" data-image-title=\"Screenshot_2019-08-07 Protestan ejidatarios de Matamoros para exigir se retire el reten de la Estatal\" data-image-description=\"\" data-image-caption=\"\" data-medium-file=\"http:\/\/www.grieta.org.mx\/wp-content\/uploads\/2019\/08\/Screenshot_2019-08-07-Protestan-ejidatarios-de-Matamoros-para-exigir-se-retire-el-reten-de-la-Estatal-300x173.png\" data-large-file=\"http:\/\/www.grieta.org.mx\/wp-content\/uploads\/2019\/08\/Screenshot_2019-08-07-Protestan-ejidatarios-de-Matamoros-para-exigir-se-retire-el-reten-de-la-Estatal.png\" class=\"aligncenter size-medium wp-image-37565\" src=\"https:\/\/radiozapatista.org\/wp-content\/uploads\/2021\/05\/WhatsApp-Image-2021-05-02-at-19.20.46-1536x1152-350x263.jpeg\" sizes=\"auto, (max-width: 350px) 100vw, 350px\" srcset=\"https:\/\/radiozapatista.org\/wp-content\/uploads\/2021\/05\/WhatsApp-Image-2021-05-02-at-19.20.46-1536x1152-350x263.jpeg 350w, https:\/\/radiozapatista.org\/wp-content\/uploads\/2021\/05\/WhatsApp-Image-2021-05-02-at-19.20.46-1536x1152-768x576.jpeg 768w, https:\/\/radiozapatista.org\/wp-content\/uploads\/2021\/05\/WhatsApp-Image-2021-05-02-at-19.20.46-1536x1152-1024x768.jpeg 1024w, https:\/\/radiozapatista.org\/wp-content\/uploads\/2021\/05\/WhatsApp-Image-2021-05-02-at-19.20.46-1536x1152.jpeg 1536w\" alt=\"\" width=\"350\" height=\"263\"><\/a><\/p>\n<p>Contribuci\u00f3n colaborativa de Medios Libres: Radio Pozol, \u00a1Compas Arriba!, Centro de Lengua y Cultura Zoque-Medios, Espoir Chiapas, Regeneraci\u00f3n Radio y fot\u00f3graf@s independientes.<\/p>\n<p><a href=\"https:\/\/radiozapatista.org\/?p=37562&#038;lang=en\" rel=\"noopener\" target=\"_blank\">https:\/\/radiozapatista.org\/?p=37562&#038;lang=en<\/a><\/p>\n","protected":false},"excerpt":{"rendered":"<p>Contribuci\u00f3n colaborativa de Medios Libres: Radio Pozol, \u00a1Compas Arriba!, Centro de Lengua y Cultura Zoque-Medios, Espoir Chiapas, Regeneraci\u00f3n Radio y fot\u00f3graf@s independientes. &nbsp; Isla Mujeres, Q.R., 2 de mayo de &hellip; <a href=\"http:\/\/www.grieta.org.mx\/index.php\/2021\/05\/02\/subcomandante-moises-ninas-y-ninos-zapatistas-de-las-delegaciones-van-a-jugar-van-a-pintar-como-el-cayuco-que-se-esta-mandando-y-que-ellos-pintaron\/\" class=\"more-link\">Leer m\u00e1s<\/a><\/p>\n","protected":false},"author":1,"featured_media":59204,"comment_status":"closed","ping_status":"closed","sticky":false,"template":"","format":"standard","meta":{"ngg_post_thumbnail":0,"_jetpack_newsletter_access":"","_jetpack_dont_email_post_to_subs":false,"_jetpack_newsletter_tier_id":0,"_jetpack_memberships_contains_paywalled_content":false,"_jetpack_memberships_contains_paid_content":false,"footnotes":""},"categories":[80,2,3916],"tags":[3925,3917],"class_list":["post-59203","post","type-post","status-publish","format-standard","has-post-thumbnail","hentry","category-cintillo","category-noticias-nacionales","category-travesia-por-la-vida","tag-escuadron-421","tag-travesia-por-la-vida","entry"],"jetpack_featured_media_url":"http:\/\/www.grieta.org.mx\/wp-content\/uploads\/2021\/05\/2021-05-02-at-20.02.58-1536x1023-700x466-1.jpeg","jetpack_sharing_enabled":true,"jetpack_shortlink":"https:\/\/wp.me\/p7ZJR4-foT","jetpack_likes_enabled":false,"jetpack-related-posts":[{"id":59134,"url":"http:\/\/www.grieta.org.mx\/index.php\/2021\/05\/01\/cartas-nauticas-ii-escuadron-421-aborda-el-navio-la-montana\/","url_meta":{"origin":59203,"position":0},"title":"Cartas n\u00e1uticas II: Escuadr\u00f3n 421 aborda el nav\u00edo La Monta\u00f1a","author":"grieta","date":"1 mayo, 2021","format":false,"excerpt":"Radio Zapatista\/Radio Zapatista 1 mayo 2021 Isla Mujeres, 1 de mayo de 2021 La delegaci\u00f3n mar\u00edtima zapatista \u2013el\u00a0Escuadr\u00f3n 421\u00ad\u2013 abord\u00f3 ayer el nav\u00edo La Monta\u00f1a en tierras sagradas de la diosa maya Ixchel, en Isla Mujeres, Quintana Roo. Larga fue la traves\u00eda que la llev\u00f3 hasta aqu\u00ed \u00ady mucho m\u00e1s\u2026","rel":"","context":"En &quot;CINTILLO&quot;","block_context":{"text":"CINTILLO","link":"http:\/\/www.grieta.org.mx\/index.php\/category\/cintillo\/"},"img":{"alt_text":"","src":"https:\/\/i0.wp.com\/radiozapatista.org\/wp-content\/uploads\/2021\/05\/IMG_20210430_120913-350x197.jpg?resize=350%2C200&ssl=1","width":350,"height":200},"classes":[]},{"id":61465,"url":"http:\/\/www.grieta.org.mx\/index.php\/2021\/08\/22\/apenas-500-anos-despues-escuadron-maritimo-zapatista-en-voz-de-lupita-5-7\/","url_meta":{"origin":59203,"position":1},"title":"Apenas 500 a\u00f1os despu\u00e9s | Escuadr\u00f3n Mar\u00edtimo Zapatista \/ En voz de Lupita (5\/7)","author":"grieta","date":"22 agosto, 2021","format":false,"excerpt":"Por Medios Libres o como se llamen Publicado en Camino al Andar 22 de agosto de 2021. Escuchamos las palabras del movimiento zapatista, el 13 de agosto pasado en Madrid, luego de una marcha hist\u00f3rica en las calles de la capital espa\u00f1ola, dos semanas despu\u00e9s del Encuentro de mujeres, personas\u2026","rel":"","context":"En &quot;NOTICIAS NACIONALES&quot;","block_context":{"text":"NOTICIAS NACIONALES","link":"http:\/\/www.grieta.org.mx\/index.php\/category\/noticias-nacionales\/"},"img":{"alt_text":"","src":"","width":0,"height":0},"classes":[]},{"id":59276,"url":"http:\/\/www.grieta.org.mx\/index.php\/2021\/05\/03\/escuadron-421-zapatistas-navegan-a-contrapelo-de-la-historia\/","url_meta":{"origin":59203,"position":2},"title":"Escuadr\u00f3n 421: zapatistas navegan a contrapelo de la historia","author":"Admin","date":"3 mayo, 2021","format":false,"excerpt":"El Ej\u00e9rcito Zapatista de Liberaci\u00f3n Nacional inici\u00f3 un viaje por el mar que va en sentido contrario al que los colonizadores hicieron hace 500 a\u00f1os. Env\u00eda con la delegaci\u00f3n mar\u00edtima Escuadr\u00f3n 421 el mensaje del aprendizaje de su lucha y su historia de construcci\u00f3n de libre determinaci\u00f3n. Este es un\u2026","rel":"","context":"En &quot;CINTILLO&quot;","block_context":{"text":"CINTILLO","link":"http:\/\/www.grieta.org.mx\/index.php\/category\/cintillo\/"},"img":{"alt_text":"","src":"https:\/\/i0.wp.com\/www.grieta.org.mx\/wp-content\/uploads\/2021\/05\/pdp_zapatistas_escuadron201_zarpa_europa_daliri_oropeza_2-2-scaled-1.jpg?resize=350%2C200","width":350,"height":200,"srcset":"https:\/\/i0.wp.com\/www.grieta.org.mx\/wp-content\/uploads\/2021\/05\/pdp_zapatistas_escuadron201_zarpa_europa_daliri_oropeza_2-2-scaled-1.jpg?resize=350%2C200 1x, https:\/\/i0.wp.com\/www.grieta.org.mx\/wp-content\/uploads\/2021\/05\/pdp_zapatistas_escuadron201_zarpa_europa_daliri_oropeza_2-2-scaled-1.jpg?resize=525%2C300 1.5x, https:\/\/i0.wp.com\/www.grieta.org.mx\/wp-content\/uploads\/2021\/05\/pdp_zapatistas_escuadron201_zarpa_europa_daliri_oropeza_2-2-scaled-1.jpg?resize=700%2C400 2x, https:\/\/i0.wp.com\/www.grieta.org.mx\/wp-content\/uploads\/2021\/05\/pdp_zapatistas_escuadron201_zarpa_europa_daliri_oropeza_2-2-scaled-1.jpg?resize=1050%2C600 3x, https:\/\/i0.wp.com\/www.grieta.org.mx\/wp-content\/uploads\/2021\/05\/pdp_zapatistas_escuadron201_zarpa_europa_daliri_oropeza_2-2-scaled-1.jpg?resize=1400%2C800 4x"},"classes":[]},{"id":61431,"url":"http:\/\/www.grieta.org.mx\/index.php\/2021\/08\/31\/zapatistas-anuncian-salida-de-delegacion-aerea-la-extemporanea-llegara-a-austria\/","url_meta":{"origin":59203,"position":3},"title":"Zapatistas anuncian salida de delegaci\u00f3n a\u00e9rea; \u201cLa Extempor\u00e1nea\u201d llegar\u00e1 a Austria","author":"grieta","date":"31 agosto, 2021","format":false,"excerpt":"Texto y foto: Daliri Oropeza\/ PIE DE P\u00c1GINA El EZLN anuncia la salida de la compa\u00f1\u00eda zapatista aerotransportada nombrada \u201cLa Extempor\u00e1nea\u201d la cual prev\u00e9 llegar a Viena el 14 de septiembre. Colectivas y organizaciones se congratulan. Zapatistas dedican el esfuerzo del viaje a las personas desaparecidas y sus familias que\u2026","rel":"","context":"En &quot;CINTILLO&quot;","block_context":{"text":"CINTILLO","link":"http:\/\/www.grieta.org.mx\/index.php\/category\/cintillo\/"},"img":{"alt_text":"","src":"https:\/\/i0.wp.com\/www.grieta.org.mx\/wp-content\/uploads\/2021\/08\/pdp_zapatistas_madrid_nonosconquistaron_madrid_escuadron421_dalirioropeza.jpg?resize=350%2C200","width":350,"height":200,"srcset":"https:\/\/i0.wp.com\/www.grieta.org.mx\/wp-content\/uploads\/2021\/08\/pdp_zapatistas_madrid_nonosconquistaron_madrid_escuadron421_dalirioropeza.jpg?resize=350%2C200 1x, https:\/\/i0.wp.com\/www.grieta.org.mx\/wp-content\/uploads\/2021\/08\/pdp_zapatistas_madrid_nonosconquistaron_madrid_escuadron421_dalirioropeza.jpg?resize=525%2C300 1.5x, https:\/\/i0.wp.com\/www.grieta.org.mx\/wp-content\/uploads\/2021\/08\/pdp_zapatistas_madrid_nonosconquistaron_madrid_escuadron421_dalirioropeza.jpg?resize=700%2C400 2x, https:\/\/i0.wp.com\/www.grieta.org.mx\/wp-content\/uploads\/2021\/08\/pdp_zapatistas_madrid_nonosconquistaron_madrid_escuadron421_dalirioropeza.jpg?resize=1050%2C600 3x"},"classes":[]},{"id":61684,"url":"http:\/\/www.grieta.org.mx\/index.php\/2021\/09\/14\/nosotros-queremos-la-vida-subcomandante-moises-en-viena-austria\/","url_meta":{"origin":59203,"position":4},"title":"\u00abNosotros queremos la vida\u00bb, Subcomandante Mois\u00e9s en Viena Austria","author":"grieta","date":"14 septiembre, 2021","format":false,"excerpt":"POZOL COLECTIVO Viena, Austria. 14 de septiembre. \u00abEstamos aqu\u00ed nosotros, las zapatista y los zapatistas gracias a que hubo compa\u00f1eras y compa\u00f1eros nuestros que calleron luchando en el amanecer de 1994 cuando salimos a pelear contra el mal gobierno\u00bb, expres\u00f3 el Subcomandante Insurgente Mois\u00e9s a su llegada a Viena a\u2026","rel":"","context":"En &quot;CINTILLO&quot;","block_context":{"text":"CINTILLO","link":"http:\/\/www.grieta.org.mx\/index.php\/category\/cintillo\/"},"img":{"alt_text":"","src":"https:\/\/i0.wp.com\/www.grieta.org.mx\/wp-content\/uploads\/2021\/09\/inbound4904877775943678593-660x330-1.jpg?resize=350%2C200","width":350,"height":200,"srcset":"https:\/\/i0.wp.com\/www.grieta.org.mx\/wp-content\/uploads\/2021\/09\/inbound4904877775943678593-660x330-1.jpg?resize=350%2C200 1x, https:\/\/i0.wp.com\/www.grieta.org.mx\/wp-content\/uploads\/2021\/09\/inbound4904877775943678593-660x330-1.jpg?resize=525%2C300 1.5x"},"classes":[]},{"id":3720,"url":"http:\/\/www.grieta.org.mx\/index.php\/2015\/07\/13\/indice-volumen-uno-participaciones-de-la-comision-sexta-del-ezln-en-el-seminario-el-pensamiento-critico-frente-a-la-hidra-capitalista\/","url_meta":{"origin":59203,"position":5},"title":"\u00cdNDICE volumen Uno (participaciones de la Comisi\u00f3n Sexta del EZLN en el Seminario \u201cEl Pensamiento Cr\u00edtico frente a la Hidra Capitalista\u201d)","author":"grieta","date":"13 julio, 2015","format":false,"excerpt":"\u00cdNDICE volumen Uno (participaciones de la Comisi\u00f3n Sexta del EZLN en el Seminario \u201cEl Pensamiento Cr\u00edtico frente a la Hidra Capitalista\u201d) .- Pr\u00f3logo: De c\u00f3mo llegamos a la Cofa del Vig\u00eda y lo que desde ah\u00ed miramos. SupGaleano. I.- Nuestra mirada hacia dentro. Algunas pistas: .- La Tormenta, el Centinela\u2026","rel":"","context":"En &quot;Comunicados&quot;","block_context":{"text":"Comunicados","link":"http:\/\/www.grieta.org.mx\/index.php\/category\/ezln-2\/ezln\/"},"img":{"alt_text":"","src":"https:\/\/i0.wp.com\/www.grieta.org.mx\/wp-content\/uploads\/2018\/03\/14524434_1106112876131411_958039263622046936_o.jpg?resize=350%2C200","width":350,"height":200,"srcset":"https:\/\/i0.wp.com\/www.grieta.org.mx\/wp-content\/uploads\/2018\/03\/14524434_1106112876131411_958039263622046936_o.jpg?resize=350%2C200 1x, https:\/\/i0.wp.com\/www.grieta.org.mx\/wp-content\/uploads\/2018\/03\/14524434_1106112876131411_958039263622046936_o.jpg?resize=525%2C300 1.5x, https:\/\/i0.wp.com\/www.grieta.org.mx\/wp-content\/uploads\/2018\/03\/14524434_1106112876131411_958039263622046936_o.jpg?resize=700%2C400 2x"},"classes":[]}],"_links":{"self":[{"href":"http:\/\/www.grieta.org.mx\/index.php\/wp-json\/wp\/v2\/posts\/59203","targetHints":{"allow":["GET"]}}],"collection":[{"href":"http:\/\/www.grieta.org.mx\/index.php\/wp-json\/wp\/v2\/posts"}],"about":[{"href":"http:\/\/www.grieta.org.mx\/index.php\/wp-json\/wp\/v2\/types\/post"}],"author":[{"embeddable":true,"href":"http:\/\/www.grieta.org.mx\/index.php\/wp-json\/wp\/v2\/users\/1"}],"replies":[{"embeddable":true,"href":"http:\/\/www.grieta.org.mx\/index.php\/wp-json\/wp\/v2\/comments?post=59203"}],"version-history":[{"count":1,"href":"http:\/\/www.grieta.org.mx\/index.php\/wp-json\/wp\/v2\/posts\/59203\/revisions"}],"predecessor-version":[{"id":59205,"href":"http:\/\/www.grieta.org.mx\/index.php\/wp-json\/wp\/v2\/posts\/59203\/revisions\/59205"}],"wp:featuredmedia":[{"embeddable":true,"href":"http:\/\/www.grieta.org.mx\/index.php\/wp-json\/wp\/v2\/media\/59204"}],"wp:attachment":[{"href":"http:\/\/www.grieta.org.mx\/index.php\/wp-json\/wp\/v2\/media?parent=59203"}],"wp:term":[{"taxonomy":"category","embeddable":true,"href":"http:\/\/www.grieta.org.mx\/index.php\/wp-json\/wp\/v2\/categories?post=59203"},{"taxonomy":"post_tag","embeddable":true,"href":"http:\/\/www.grieta.org.mx\/index.php\/wp-json\/wp\/v2\/tags?post=59203"}],"curies":[{"name":"wp","href":"https:\/\/api.w.org\/{rel}","templated":true}]}}