{"id":59087,"date":"2021-03-02T21:11:09","date_gmt":"2021-03-03T03:11:09","guid":{"rendered":"http:\/\/www.grieta.org.mx\/?p=59087"},"modified":"2021-04-30T21:25:50","modified_gmt":"2021-05-01T02:25:50","slug":"sin-dinero-y-a-garrotazos-asi-combaten-en-nahuatzen-la-tala-ilegal","status":"publish","type":"post","link":"http:\/\/www.grieta.org.mx\/index.php\/2021\/03\/02\/sin-dinero-y-a-garrotazos-asi-combaten-en-nahuatzen-la-tala-ilegal\/","title":{"rendered":"Sin dinero y &#8216;a garrotazos&#8217;, as\u00ed combaten en Nahuatz\u00e9n la tala ilegal (Michoac\u00e1n)"},"content":{"rendered":"<p><strong>&#8220;Hemos batallado mucho para poner un freno a quienes atacan al bosque. Para nosotros, el bosque es algo sagrado&#8221;, dicen comunitarios de Nahuatz\u00e9n.<\/strong><\/p>\n<p>Maru Ureste \/ Animal Po\u00edtico, 02 de marzo de 2021<\/p>\n<p>Con las cicatrices a\u00fan frescas de tres balazos que estallaron en el cristal delantero, una vieja camioneta avanza renqueante por senderos sinuosos hasta adentrarse en la profundidad de los montes de Nahuatz\u00e9n, en la meseta pur\u00e9pecha del estado de Michoac\u00e1n.<\/p>\n<p>La camioneta la maneja un integrante de la ronda comunitaria; un grupo de polic\u00edas pur\u00e9pechas que desde 2015, cuando los vecinos de la localidad siguieron el ejemplo de lo sucedido en Cher\u00e1n en 2011 y expulsaron a los partidos pol\u00edticos y a la polic\u00eda municipal por la corrupci\u00f3n y la violencia, tom\u00f3 el control de la vigilancia del pueblo.<\/p>\n<p>Aunque tomar el control no ser\u00eda la palabra exacta.<\/p>\n<p>Desde noviembre de 2017, el Tribunal Electoral michoacano reconoci\u00f3 al consejo comunal de Nahuatz\u00e9n el derecho a autogobernarse sin partidos pol\u00edticos. Pero, en los \u00faltimos dos a\u00f1os, la comunidad ha enfrentado -y enfrenta- m\u00faltiples problemas con el todav\u00eda existente gobierno municipal de Nahuatz\u00e9n y con las autoridades del gobierno michoacano.<\/p>\n<p>Derivado de esos problemas, una Misi\u00f3n Civil de Observaci\u00f3n, integrada por organizaciones como Serapaz o el Centro Pro de Derechos Humanos, entre muchas otras, document\u00f3 agresiones por parte de la polic\u00eda estatal en contra de los comuneros de Nahuatz\u00e9n, el encarcelamiento de dos concejales y de otro comunero, y la \u201casfixia presupuestaria\u201d del consejo comunal, al que no le llegan los recursos de la Federaci\u00f3n que por ley le corresponde para ejercer su autogobierno.<\/p>\n<p>Lo anterior ha mermado notablemente la capacidad operativa del consejo comunal.<\/p>\n<p>Y a la ronda comunitaria, tambi\u00e9n.<\/p>\n<p>Efra\u00edn Avil\u00e9s, vocero del consejo ind\u00edgena de Nahuatz\u00e9n, explica que hace unos cuatro a\u00f1os la ronda comunitaria ten\u00eda 120 elementos, a los que se equip\u00f3 con chalecos antibalas, uniformes t\u00e1cticos, botas, y un par de patrullas.<\/p>\n<p>Pero hoy, ante la falta de recursos, la ronda solo tiene 36 elementos que, adem\u00e1s, no reciben un salario, que ya no tienen chalecos, ni uniformes, ni botas, y que siguen dando rondines en las dos viejas patrullas que tienen impactos de bala en los cristales.<\/p>\n<p>El resultado: un grupo de apenas cuatro polic\u00edas pur\u00e9pechas va ahora arriba de la camioneta tratando de cuidar una enorme extensi\u00f3n de monte sin m\u00e1s armas que las palabras y los pu\u00f1os para enfrentarse a los talamontes que, ante la precariedad de los guardabosques y la falta de oportunidades laborales, han vuelto a brotar con fuerza en Nahuatz\u00e9n y en otras localidades vecinas, como Comachu\u00e9n.<\/p>\n<p>\u201cHace un par de a\u00f1os logramos detener la tala ilegal hasta en un 85%. Pero ahorita ya no podemos. Estamos volviendo a lo de antes\u201d, asegura Sergio Ram\u00edrez, uno de los concejales mayores del consejo ind\u00edgena, que va sujeto a los hierros de una de las camionetas que va rumbo hacia el invernadero que el consejo abri\u00f3 arriba del cerro.<\/p>\n<p>Mientras habla, el veh\u00edculo va dejando tras de s\u00ed una estela de polvo y un paisaje donde, a simple vista, se aprecian los efectos de la tala masiva: hay troncos cercenados y ramas regadas por extensas \u2018calvas\u2019 de tierra.<\/p>\n<p>Cuando dice que est\u00e1n \u201cvolviendo a lo de antes\u201d, Sergio se refiere a hace unos cinco a\u00f1os, aunque r\u00e1pido matiza que ese \u201cantes\u201d era todav\u00eda mucho peor que ahora.<\/p>\n<p>En aquel entonces, toda la zona estaba dominada por el crimen organizado, que cobraba extorsiones y \u2018derechos de piso\u2019 al por mayor, tanto a los aserraderos, como a cualquier campesino que se acercara al monte a cortar unos cuantos troncos.<\/p>\n<p>Sacar a los malandros del pueblo les cost\u00f3 mucho, enfatiza Sergio que a\u00fan luce los restos de un tatuaje en la piel morena del brazo derecho.<\/p>\n<p>Fueron a\u00f1os de barricadas, de las que a\u00fan quedan abandonadas por las carreteras de la comunidad, como si fueran vestigios del paso de una guerra. Fueron a\u00f1os de armarse cada qui\u00e9n como pudiera, de enfrentamientos con quienes ten\u00edan al pueblo en permanente toque de queda, de balaceras, y de comuneros que aparec\u00edan muertos en los caminos de terracer\u00eda con el roc\u00edo escarchado de la madrugada.<\/p>\n<p>Ahora, la situaci\u00f3n es otra.<\/p>\n<p>El narco se mantiene a raya, por ahora. Aunque cada vez m\u00e1s, la gente se est\u00e1 lanzando al monte a buscar madera para sacar unos pesos.<\/p>\n<p>\u201cLa tala se nos est\u00e1 saliendo un poco de control\u201d, admite Sergio, al tiempo que la camioneta se encuentra de frente con un campesino montado a caballo que detiene su marcha en seco.<\/p>\n<p>A simple vista, el hombre no trae armas. A lo sumo, el cl\u00e1sico machete que la mayor\u00eda en la zona lleva siempre pegado al cintur\u00f3n.<\/p>\n<p>Los guardabosques se miran unos a otros y el ambiente se torna tenso.<\/p>\n<p>A lo lejos, el campesino se lleva la mano al sombrero. Saluda sin perder el gesto hosco, mientras, con la otra mano, tira de una lona azul para tratar -torpemente- de ocultar la mercanc\u00eda que lleva en un viajo carromato: decenas de troncos gruesos de pino reci\u00e9n cortados.<\/p>\n<p>Los guardabosques se dan cuenta del movimiento, pero asienten con la cabeza, regresan el saludo, y el hombre pasa con sus troncos ilegales.<\/p>\n<p>Ante la escena, Sergio se encoge de hombros. Explica que para mucha gente en el pueblo \u201ccortar unos pinos para luego fabricar muebles y venderlos\u201d es pr\u00e1cticamente su \u00fanica salida para subsistir en un municipio donde, seg\u00fan cifras oficiales, 8 de cada 10 de sus habitantes viven en condiciones de pobreza, y donde la alternativa es subir al monte, o emigrar, o acabar en la ma\u00f1a. No hay muchas m\u00e1s.<\/p>\n<p>\u201cDesafortunadamente -comenta el concejal agarrado de los fierros de la batea y aguantando como si fuera un vaquero arriba de una res brava los embistes violentos que da la camioneta a su paso por los senderos escarpados y llenos de baches-, si la gente no tiene otra forma de obtener un ingreso para dar de comer a su familia, tampoco podemos estar deteni\u00e9ndolos a cada rato\u201d.<\/p>\n<figure id=\"attachment_59089\" aria-describedby=\"caption-attachment-59089\" style=\"width: 750px\" class=\"wp-caption alignnone\"><img loading=\"lazy\" decoding=\"async\" data-attachment-id=\"59089\" data-permalink=\"http:\/\/www.grieta.org.mx\/index.php\/2021\/03\/02\/sin-dinero-y-a-garrotazos-asi-combaten-en-nahuatzen-la-tala-ilegal\/https-_www-animalpolitico-com_wp-content_uploads_2020_03_uno\/\" data-orig-file=\"http:\/\/www.grieta.org.mx\/wp-content\/uploads\/2021\/04\/https-_www.animalpolitico.com_wp-content_uploads_2020_03_Uno.jpg\" data-orig-size=\"960,640\" data-comments-opened=\"0\" data-image-meta=\"{&quot;aperture&quot;:&quot;0&quot;,&quot;credit&quot;:&quot;&quot;,&quot;camera&quot;:&quot;&quot;,&quot;caption&quot;:&quot;&quot;,&quot;created_timestamp&quot;:&quot;0&quot;,&quot;copyright&quot;:&quot;&quot;,&quot;focal_length&quot;:&quot;0&quot;,&quot;iso&quot;:&quot;0&quot;,&quot;shutter_speed&quot;:&quot;0&quot;,&quot;title&quot;:&quot;&quot;,&quot;orientation&quot;:&quot;0&quot;}\" data-image-title=\"https _www.animalpolitico.com_wp-content_uploads_2020_03_Uno\" data-image-description=\"\" data-image-caption=\"&lt;p&gt;Foto: Maru Ureste, Animal Pol\u00edtico&lt;\/p&gt;\n\" data-medium-file=\"http:\/\/www.grieta.org.mx\/wp-content\/uploads\/2021\/04\/https-_www.animalpolitico.com_wp-content_uploads_2020_03_Uno-300x200.jpg\" data-large-file=\"http:\/\/www.grieta.org.mx\/wp-content\/uploads\/2021\/04\/https-_www.animalpolitico.com_wp-content_uploads_2020_03_Uno.jpg\" class=\"wp-image-59089\" src=\"http:\/\/www.grieta.org.mx\/wp-content\/uploads\/2021\/04\/https-_www.animalpolitico.com_wp-content_uploads_2020_03_Uno.jpg\" alt=\"\" width=\"750\" height=\"500\" srcset=\"http:\/\/www.grieta.org.mx\/wp-content\/uploads\/2021\/04\/https-_www.animalpolitico.com_wp-content_uploads_2020_03_Uno.jpg 960w, http:\/\/www.grieta.org.mx\/wp-content\/uploads\/2021\/04\/https-_www.animalpolitico.com_wp-content_uploads_2020_03_Uno-300x200.jpg 300w, http:\/\/www.grieta.org.mx\/wp-content\/uploads\/2021\/04\/https-_www.animalpolitico.com_wp-content_uploads_2020_03_Uno-768x512.jpg 768w\" sizes=\"auto, (max-width: 750px) 100vw, 750px\" \/><figcaption id=\"caption-attachment-59089\" class=\"wp-caption-text\">Foto: Maru Ureste, Animal Pol\u00edtico<\/figcaption><\/figure>\n<p><strong>\u201cNadie nos ayuda a defender el bosque\u201d<\/strong><\/p>\n<p>Una hora y media despu\u00e9s de partir desde la casa comunal de Nahuatz\u00e9n, en la cabecera municipal donde hay calles pintadas con murales que aseguran que en el pueblo \u201cno queremos a los partidos pol\u00edticos\u201d, la camioneta de los polic\u00edas pur\u00e9pechas hace cumbre en una peque\u00f1a meseta, donde hay una basta extensi\u00f3n de campo cercado por vallas met\u00e1licas y una balsa de agua para riego.<\/p>\n<p>Los polic\u00edas y el concejal Sergio acceden al lugar, y r\u00e1pido sale al encuentro Arnulfo Espino, un hombre de 60 a\u00f1os que viste una camisa de cuadros roja, pantalones tejanos y un sombrero estilo cowboy.<\/p>\n<p>Las manos grandes y el rostro angosto de Arnulfo est\u00e1n agrietadas y polvorientas por el paso de los a\u00f1os, y por el desgaste del trabajo en el campo desde que pr\u00e1cticamente era un ni\u00f1o imberbe.<\/p>\n<p>Por eso, por su experiencia, lo escogieron a \u00e9l para cuidar del invernadero con el que el consejo comunal de Nahuatz\u00e9n pretende ir reforestando lo que los talamontes devoran a diario, como si fueran termitas en una tienda de muebles.<\/p>\n<p>\u201cTodos los d\u00edas vienen los talamontes, todos\u201d, dice con el ce\u00f1o fruncido el campesino, que est\u00e1 parado junto a una plantaci\u00f3n de cientos de pinos que apenas sobresalen unos cent\u00edmetros del suelo arcilloso del invernadero.<\/p>\n<p>\u201cLe hemos batallado mucho para poner un freno a quienes atacan al bosque. Para nosotros, el bosque es algo sagrado, porque sin bosque no hay agua, no hay animales, y tampoco hay vida\u201d, dice con la mirada puesta en sus pinos, para los que asegura que tampoco cuenta con fertilizantes \u201cpara ayudarlos a que crezcan m\u00e1s r\u00e1pido\u201d y as\u00ed acortar el proceso de reforestaci\u00f3n.<\/p>\n<p>\u201cPero a los presidentes eso no les importa -a\u00f1ade acarici\u00e1ndose el ment\u00f3n por donde una barca gris\u00e1cea brota desde la barbilla hasta el bigote formando un candado-. Por eso nunca han puesto un pie ac\u00e1 y por eso nadie nos ha echado la mano para defender el bosque\u201d.<\/p>\n<p>Y lo peor del caso, abunda Arnulfo, es que ahora que ya tienen su propio consejo y su propia ronda comunitaria \u201ctampoco los dejan trabajar\u201d porque los recursos no est\u00e1n llegando por el pleito con los gobiernos municipal y estatal. Y sin dinero, el sue\u00f1o del autogobierno est\u00e1 muy complicado. Casi imposible.<\/p>\n<p>\u201cNosotros solo pedimos que nos den los recursos que nos corresponde como consejo comunitario y que nos dejen trabajar para detener la taladera de nuestro monte\u201d, hace hincapi\u00e9 el campesino, que sostiene entre sus grandes manos ocres uno de los pinos que, tal vez en meses, sirva para repoblar la vida del bosque que da la vida a Nahuatz\u00e9n.<\/p>\n<p><strong>A garrotazos<\/strong><\/p>\n<p>Abel S\u00e1nchez, jefe de los pocos guardabosques que a\u00fan quedan en Nahuatz\u00e9n, no viste ning\u00fan uniforme policiaco ni militar.<\/p>\n<p>Como el resto de la ronda comunitaria, lleva un pantal\u00f3n de mezclilla, un polo azul claro, y una gorra de b\u00e9isbol. Poco m\u00e1s.<\/p>\n<p>Arriba de la batea de la camioneta, ya de vuelta al pueblo antes de que termine de caer el ocaso anaranjado de la tarde, Abel lamenta que proteger el bosque se ha vuelto una tarea cada m\u00e1s m\u00e1s complicada y peligrosa, por la que muy pocos quieren arriesgar la vida. Y que conste que no lo dice como reproche, matiza a colaci\u00f3n. Nadie trabaja de gratis, por mucho que se quiera al pueblo y a la comunidad. Y menos si en ello va impl\u00edcito arriesgar la vida ante los delincuentes.<\/p>\n<p>\u201cNosotros no vamos armados, no traemos nada porque no tenemos dinero para comprarlas\u201d, insiste el hombre quien, no obstante, dice conciliador que los guardabosques \u201cno son gente de violencia\u201d.<\/p>\n<p>\u201cSiempre tratamos primero de hablar con los vecinos -recalca-. Les explicamos que no pueden llevarse tanta cantidad de \u00e1rboles porque todos tenemos que cuidar el bosque. La mayor\u00eda lo entiende, aunque siempre sale por ah\u00ed alg\u00fan rebeldito que no quiere entenderlo\u201d.<\/p>\n<p>\u00bfY qu\u00e9 pasa con esos que no entienden? -se le pregunta a Abel, a lo que \u00e9ste, responde espont\u00e1neo con una sonrisa burlona.<\/p>\n<p>\u201cEntonces, de las palabras pasamos a los pu\u00f1os y a los garrotazos, como se ha hecho toda la vida\u201d.<\/p>\n<p>A unos 11 kil\u00f3metros del bosque, en Comachu\u00e9n, la localidad vecina que desde el 2018 tambi\u00e9n consigui\u00f3 el reconocimiento del Tribunal Electoral de Michoac\u00e1n como comunidad que se autogobierna sin partidos pol\u00edticos ni polic\u00eda local, Virginia explica que la situaci\u00f3n de la tala ilegal en su comunidad es id\u00e9ntica a la de la cabecera Nahuatz\u00e9n.<\/p>\n<p>Aunque ella s\u00ed va uniformada con botas, pantal\u00f3n y polo azul marino -al estilo de la Polic\u00eda Federal-, la ronda comunitaria de Comachu\u00e9n tampoco porta armas porque no tienen el dinero para comprarlas, y tambi\u00e9n porque legalmente a\u00fan no est\u00e1n autorizados para portarlas.<\/p>\n<p>Por ello, su \u00fanica autoridad en la calle y en los campos de la comunidad es la simb\u00f3lica que le otorg\u00f3 el pueblo. Y con eso, asegura Virginia, les alcanza para hacerse respetar y para imponer el orden.<\/p>\n<p>\u201cCuando pillamos a los talamontes les quitamos los caballos y entonces tienen que venir a la presidencia comunal a pagar para poder recuperarlos. A veces, traemos tres y cuatro caballos por d\u00eda. Pero tambi\u00e9n se nos escapan muchos\u201d, expone la mujer.<\/p>\n<p>En cuanto a si no reciben ayuda de otros cuerpos policiacos para cuidar los montes, Virginia encoge los hombros y sonr\u00ede resignada.<\/p>\n<p>A veces, reciben apoyo de la polic\u00eda estatal michoacana, dice. Pero la mayor parte del tiempo es ella y sus compa\u00f1eros los que enfrentan \u201ca los malos\u201d con palabras o \u201ca los puros golpes\u201d, como sus compas de la ronda comunitaria de Nahuatz\u00e9n.<\/p>\n<p>Aunque, en otras ocasiones, tambi\u00e9n tienen que mirar para otro lado.<\/p>\n<p>\u201cAc\u00e1 todos sabemos qui\u00e9nes son los que suben al monte para cortar unos pocos troncos, y qui\u00e9nes son los que suben con camionetas y armados\u201d, asegura la polic\u00eda, enigm\u00e1tica.<\/p>\n<p>\u201cLos que van con armas siempre se organizan en grupitos, nunca suben solos. Y cuando vemos que son ellos, mejor solo pasamos de largo y no nos acercamos\u2026\u201d, dice Virginia, que clava la mirada en sus botas negras reci\u00e9n boleadas con grasa y cierra los puntos suspensivos con una sentencia cargada de l\u00f3gica: \u201cPorque sin armas no podemos hacerles nada\u201d.<\/p>\n<p>&nbsp;<\/p>\n<p>&nbsp;<\/p>\n<p><a href=\"https:\/\/www.animalpolitico.com\/2020\/03\/sin-dinero-y-a-garrotazos-asi-combaten-comunitarios-de-nahuatzen-la-tala-ilegal\/\">https:\/\/www.animalpolitico.com\/2020\/03\/sin-dinero-y-a-garrotazos-asi-combaten-comunitarios-de-nahuatzen-la-tala-ilegal\/<\/a>&nbsp;<\/p>\n","protected":false},"excerpt":{"rendered":"<p>&#8220;Hemos batallado mucho para poner un freno a quienes atacan al bosque. Para nosotros, el bosque es algo sagrado&#8221;, dicen comunitarios de Nahuatz\u00e9n. Maru Ureste \/ Animal Po\u00edtico, 02 de &hellip; <a href=\"http:\/\/www.grieta.org.mx\/index.php\/2021\/03\/02\/sin-dinero-y-a-garrotazos-asi-combaten-en-nahuatzen-la-tala-ilegal\/\" class=\"more-link\">Leer m\u00e1s<\/a><\/p>\n","protected":false},"author":2,"featured_media":59090,"comment_status":"closed","ping_status":"closed","sticky":false,"template":"","format":"standard","meta":{"ngg_post_thumbnail":0,"_jetpack_newsletter_access":"","_jetpack_dont_email_post_to_subs":false,"_jetpack_newsletter_tier_id":0,"_jetpack_memberships_contains_paywalled_content":false,"_jetpack_memberships_contains_paid_content":false,"footnotes":""},"categories":[80,1467,21,995],"tags":[3918,1412,2562,1178,2814,2466,3094],"class_list":["post-59087","post","type-post","status-publish","format-standard","has-post-thumbnail","hentry","category-cintillo","category-lucha-y-resistencia-de-la-comunidad-de-nahuatzen","category-michoacan","category-resistencia-y-construccion-de-autonomia-de-las-comunidades-rurales-en-michoacan","tag-defensa-de-la-naturaleza","tag-defensa-de-los-bosques","tag-destruccion-ambiental","tag-destruccion-de-la-naturaleza","tag-destruccion-del-medio-ambiente","tag-luchas-y-resistencias-de-pueblos-originarios","tag-tala-ilegal","entry"],"jetpack_featured_media_url":"http:\/\/www.grieta.org.mx\/wp-content\/uploads\/2021\/04\/https-_www.animalpolitico.com_wp-content_uploads_2020_03_nahuatzen-comunitarios.jpg","jetpack_sharing_enabled":true,"jetpack_shortlink":"https:\/\/wp.me\/p7ZJR4-fn1","jetpack_likes_enabled":false,"jetpack-related-posts":[{"id":43137,"url":"http:\/\/www.grieta.org.mx\/index.php\/2020\/01\/15\/consejo-supremo-indigena-de-michoacan-denuncia-represion-y-amenazas-de-muerte-en-contra-de-concejos-comunales-de-comachuen-sevina-y-nahuatzen\/","url_meta":{"origin":59087,"position":0},"title":"Consejo Supremo Ind\u00edgena de Michoac\u00e1n denuncia represi\u00f3n y amenazas de muerte en contra de Concejos Comunales de Comachu\u00e9n, Sevina y Nahuatzen","author":"grieta","date":"15 enero, 2020","format":false,"excerpt":"Por:Patricia Torres \/ Noventa Grados, 15 de Enero de 2020 Comunidades P`urh\u00e9pecha a 15 de enero del 2020. A trav\u00e9s de un comunicado, el Consejo Supremo Ind\u00edgena de Michoac\u00e1n (CSIM), consejo de autoridades civiles, comunales y tradicionales que agrupa alrededor de 60 comunidades, denunci\u00f3 la represi\u00f3n de comuneros, mujeres y\u2026","rel":"","context":"En &quot;CINTILLO&quot;","block_context":{"text":"CINTILLO","link":"http:\/\/www.grieta.org.mx\/index.php\/category\/cintillo\/"},"img":{"alt_text":"","src":"https:\/\/i0.wp.com\/www.grieta.org.mx\/wp-content\/uploads\/2020\/01\/0-grande.jpg?resize=350%2C200","width":350,"height":200,"srcset":"https:\/\/i0.wp.com\/www.grieta.org.mx\/wp-content\/uploads\/2020\/01\/0-grande.jpg?resize=350%2C200 1x, https:\/\/i0.wp.com\/www.grieta.org.mx\/wp-content\/uploads\/2020\/01\/0-grande.jpg?resize=525%2C300 1.5x, https:\/\/i0.wp.com\/www.grieta.org.mx\/wp-content\/uploads\/2020\/01\/0-grande.jpg?resize=700%2C400 2x"},"classes":[]},{"id":43391,"url":"http:\/\/www.grieta.org.mx\/index.php\/2020\/01\/23\/desmiente-concejo-indigena-a-alcaldesa-de-nahuatzen-y-la-retan-a-que-muestre-pruebas-michoacan\/","url_meta":{"origin":59087,"position":1},"title":"Desmiente Concejo Ind\u00edgena a alcaldesa de Nahuatzen y la retan a que muestre pruebas (Michoac\u00e1n)","author":"grieta","date":"23 enero, 2020","format":false,"excerpt":"Por Patricia Torres \/ Noventa Grados, 21 de enerp de 2020 Morelia, mich., a 21 de enero del 2020. Pavel Ulianov Guzm\u00e1n Macario, integrante del Concejo Ind\u00edgena de Michoac\u00e1n lament\u00f3 en rueda de prensa que la presidenta municipal de Nahuatzen los haya acusado como culpables por la violencia ocasionada en\u2026","rel":"","context":"En &quot;CINTILLO&quot;","block_context":{"text":"CINTILLO","link":"http:\/\/www.grieta.org.mx\/index.php\/category\/cintillo\/"},"img":{"alt_text":"","src":"https:\/\/i0.wp.com\/www.grieta.org.mx\/wp-content\/uploads\/2020\/01\/0-grande-1.jpg?resize=350%2C200","width":350,"height":200,"srcset":"https:\/\/i0.wp.com\/www.grieta.org.mx\/wp-content\/uploads\/2020\/01\/0-grande-1.jpg?resize=350%2C200 1x, https:\/\/i0.wp.com\/www.grieta.org.mx\/wp-content\/uploads\/2020\/01\/0-grande-1.jpg?resize=525%2C300 1.5x, https:\/\/i0.wp.com\/www.grieta.org.mx\/wp-content\/uploads\/2020\/01\/0-grande-1.jpg?resize=700%2C400 2x"},"classes":[]},{"id":35868,"url":"http:\/\/www.grieta.org.mx\/index.php\/2019\/07\/03\/serapaz-denuncia-el-encarcelamiento-de-tres-activistas-de-la-comunidad-indigena-de-nahuatzen-michoacan\/","url_meta":{"origin":59087,"position":2},"title":"Serapaz denuncia el encarcelamiento de tres activistas de la comunidad ind\u00edgena de Nahuatzen (Michoac\u00e1n)","author":"grieta","date":"3 julio, 2019","format":false,"excerpt":"Por Ixtlix\u00f3chitl L\u00f3pez \/ Proceso, 3 de julio de 2019 CIUDAD DE M\u00c9XICO (apro).- La organizaci\u00f3n Servicios y Asesor\u00eda para la Paz (Serapaz) denunci\u00f3 el injusto encarcelamiento de Jos\u00e9 Antonio Arreola, Jos\u00e9 Luis Jim\u00e9nez y Jos\u00e9 Gerardo Talavera, miembros de la comunidad ind\u00edgena pur\u00e9pecha de Nahuatzen, Michoac\u00e1n, privados de la\u2026","rel":"","context":"En &quot;CINTILLO&quot;","block_context":{"text":"CINTILLO","link":"http:\/\/www.grieta.org.mx\/index.php\/category\/cintillo\/"},"img":{"alt_text":"","src":"https:\/\/i0.wp.com\/www.grieta.org.mx\/wp-content\/uploads\/2019\/07\/Nahua-1078x808.jpg?resize=350%2C200","width":350,"height":200,"srcset":"https:\/\/i0.wp.com\/www.grieta.org.mx\/wp-content\/uploads\/2019\/07\/Nahua-1078x808.jpg?resize=350%2C200 1x, https:\/\/i0.wp.com\/www.grieta.org.mx\/wp-content\/uploads\/2019\/07\/Nahua-1078x808.jpg?resize=525%2C300 1.5x, https:\/\/i0.wp.com\/www.grieta.org.mx\/wp-content\/uploads\/2019\/07\/Nahua-1078x808.jpg?resize=700%2C400 2x, https:\/\/i0.wp.com\/www.grieta.org.mx\/wp-content\/uploads\/2019\/07\/Nahua-1078x808.jpg?resize=1050%2C600 3x"},"classes":[]},{"id":59220,"url":"http:\/\/www.grieta.org.mx\/index.php\/2021\/04\/06\/exigen-libertad-a-presos-politicos-en-michoacan-afuera-de-scjn\/","url_meta":{"origin":59087,"position":3},"title":"Exigen libertad a presos pol\u00edticos en Michoac\u00e1n afuera de SCJN","author":"grieta","date":"6 abril, 2021","format":false,"excerpt":"Los integrantes del Concejo se dieron cita en el lugar para exigir la liberaci\u00f3n de los concejales Jos\u00e9 Luis Jim\u00e9nez y Jos\u00e9 Antonio Arreola, Nora Bucio, MVS Noticias, 06 de abril de 2021 Integrantes del Concejo Ciudadano Ind\u00edgena de Nahuatzen, se manifestaron afuera de la sede de la Suprema Corte\u2026","rel":"","context":"En &quot;Autonom\u00edas&quot;","block_context":{"text":"Autonom\u00edas","link":"http:\/\/www.grieta.org.mx\/index.php\/category\/resistencias\/autonomias\/"},"img":{"alt_text":"","src":"https:\/\/i0.wp.com\/www.grieta.org.mx\/wp-content\/uploads\/2021\/05\/ccdcd426-whatsapp-image-2021-04-06-at-13.38.21.jpeg?resize=350%2C200","width":350,"height":200,"srcset":"https:\/\/i0.wp.com\/www.grieta.org.mx\/wp-content\/uploads\/2021\/05\/ccdcd426-whatsapp-image-2021-04-06-at-13.38.21.jpeg?resize=350%2C200 1x, https:\/\/i0.wp.com\/www.grieta.org.mx\/wp-content\/uploads\/2021\/05\/ccdcd426-whatsapp-image-2021-04-06-at-13.38.21.jpeg?resize=525%2C300 1.5x, https:\/\/i0.wp.com\/www.grieta.org.mx\/wp-content\/uploads\/2021\/05\/ccdcd426-whatsapp-image-2021-04-06-at-13.38.21.jpeg?resize=700%2C400 2x"},"classes":[]},{"id":43134,"url":"http:\/\/www.grieta.org.mx\/index.php\/2020\/01\/15\/anuncia-consejo-supremo-indigena-toma-generalizada-de-carreteras-en-michoacan\/","url_meta":{"origin":59087,"position":4},"title":"Anuncia Consejo Supremo Ind\u00edgena toma generalizada de carreteras en Michoac\u00e1n","author":"grieta","date":"15 enero, 2020","format":false,"excerpt":"Sandra Soraya Castro \/ Cambio de Michoac\u00e1n, Mi\u00e9rcoles 15 de Enero de 2020 Este texto ha sido publicado en el sitio Cambio de Michoac\u00e1n, en la direcci\u00f3n http:\/\/www.cambiodemichoacan.com.mx\/nota-n59580 Si lo cita por favor cite la fuente, manteniendo un enlace a la informaci\u00f3n original. Derechos Reservados, Sociedad Editora de Michoac\u00e1n S.A.\u2026","rel":"","context":"En &quot;CINTILLO&quot;","block_context":{"text":"CINTILLO","link":"http:\/\/www.grieta.org.mx\/index.php\/category\/cintillo\/"},"img":{"alt_text":"","src":"https:\/\/i0.wp.com\/www.grieta.org.mx\/wp-content\/uploads\/2020\/01\/a63fedc4fe9cd3ce686ee649f80d4c65consejo.jpg?resize=350%2C200","width":350,"height":200,"srcset":"https:\/\/i0.wp.com\/www.grieta.org.mx\/wp-content\/uploads\/2020\/01\/a63fedc4fe9cd3ce686ee649f80d4c65consejo.jpg?resize=350%2C200 1x, https:\/\/i0.wp.com\/www.grieta.org.mx\/wp-content\/uploads\/2020\/01\/a63fedc4fe9cd3ce686ee649f80d4c65consejo.jpg?resize=525%2C300 1.5x, https:\/\/i0.wp.com\/www.grieta.org.mx\/wp-content\/uploads\/2020\/01\/a63fedc4fe9cd3ce686ee649f80d4c65consejo.jpg?resize=700%2C400 2x, https:\/\/i0.wp.com\/www.grieta.org.mx\/wp-content\/uploads\/2020\/01\/a63fedc4fe9cd3ce686ee649f80d4c65consejo.jpg?resize=1050%2C600 3x, https:\/\/i0.wp.com\/www.grieta.org.mx\/wp-content\/uploads\/2020\/01\/a63fedc4fe9cd3ce686ee649f80d4c65consejo.jpg?resize=1400%2C800 4x"},"classes":[]},{"id":13732,"url":"http:\/\/www.grieta.org.mx\/index.php\/2016\/05\/30\/protestas-en-nahuatzen-michoacan-en-demanda-de-acreditacion-de-policias-de-la-comunidad\/","url_meta":{"origin":59087,"position":5},"title":"Protestas en Nahuatzen, Michoac\u00e1n, en demanda de acreditaci\u00f3n de polic\u00edas de la comunidad","author":"grieta","date":"30 mayo, 2016","format":false,"excerpt":"30\/05\/16. Entrevista a Enrique Capiz, integrante del Consejo Mayor de Nahuatzen, Michoac\u00e1n Subversiones 23\/05\/16. Entregan documentaci\u00f3n y patrulla a habitantes de Nahuatzen, Michoac\u00e1n Noventa Grados 17\/05\/16. Pobladores de Nahuatzen desarman a polic\u00edas y les quitan patrullas Proceso","rel":"","context":"En &quot;Michoac\u00e1n&quot;","block_context":{"text":"Michoac\u00e1n","link":"http:\/\/www.grieta.org.mx\/index.php\/category\/noticias-nacionales\/michoacan\/"},"img":{"alt_text":"","src":"https:\/\/i0.wp.com\/www.grieta.org.mx\/wp-content\/uploads\/2018\/03\/14524434_1106112876131411_958039263622046936_o.jpg?resize=350%2C200","width":350,"height":200,"srcset":"https:\/\/i0.wp.com\/www.grieta.org.mx\/wp-content\/uploads\/2018\/03\/14524434_1106112876131411_958039263622046936_o.jpg?resize=350%2C200 1x, https:\/\/i0.wp.com\/www.grieta.org.mx\/wp-content\/uploads\/2018\/03\/14524434_1106112876131411_958039263622046936_o.jpg?resize=525%2C300 1.5x, https:\/\/i0.wp.com\/www.grieta.org.mx\/wp-content\/uploads\/2018\/03\/14524434_1106112876131411_958039263622046936_o.jpg?resize=700%2C400 2x"},"classes":[]}],"_links":{"self":[{"href":"http:\/\/www.grieta.org.mx\/index.php\/wp-json\/wp\/v2\/posts\/59087","targetHints":{"allow":["GET"]}}],"collection":[{"href":"http:\/\/www.grieta.org.mx\/index.php\/wp-json\/wp\/v2\/posts"}],"about":[{"href":"http:\/\/www.grieta.org.mx\/index.php\/wp-json\/wp\/v2\/types\/post"}],"author":[{"embeddable":true,"href":"http:\/\/www.grieta.org.mx\/index.php\/wp-json\/wp\/v2\/users\/2"}],"replies":[{"embeddable":true,"href":"http:\/\/www.grieta.org.mx\/index.php\/wp-json\/wp\/v2\/comments?post=59087"}],"version-history":[{"count":1,"href":"http:\/\/www.grieta.org.mx\/index.php\/wp-json\/wp\/v2\/posts\/59087\/revisions"}],"predecessor-version":[{"id":59092,"href":"http:\/\/www.grieta.org.mx\/index.php\/wp-json\/wp\/v2\/posts\/59087\/revisions\/59092"}],"wp:featuredmedia":[{"embeddable":true,"href":"http:\/\/www.grieta.org.mx\/index.php\/wp-json\/wp\/v2\/media\/59090"}],"wp:attachment":[{"href":"http:\/\/www.grieta.org.mx\/index.php\/wp-json\/wp\/v2\/media?parent=59087"}],"wp:term":[{"taxonomy":"category","embeddable":true,"href":"http:\/\/www.grieta.org.mx\/index.php\/wp-json\/wp\/v2\/categories?post=59087"},{"taxonomy":"post_tag","embeddable":true,"href":"http:\/\/www.grieta.org.mx\/index.php\/wp-json\/wp\/v2\/tags?post=59087"}],"curies":[{"name":"wp","href":"https:\/\/api.w.org\/{rel}","templated":true}]}}