{"id":5900,"date":"2015-09-20T01:15:08","date_gmt":"2015-09-20T01:15:08","guid":{"rendered":"http:\/\/50.22.11.12\/~grietaor\/?p=5900"},"modified":"2016-03-28T01:15:45","modified_gmt":"2016-03-28T01:15:45","slug":"marchan-en-guanajuato-exigiendo-poner-fin-a-violencia-contra-las-mujeres","status":"publish","type":"post","link":"http:\/\/www.grieta.org.mx\/index.php\/2015\/09\/20\/marchan-en-guanajuato-exigiendo-poner-fin-a-violencia-contra-las-mujeres\/","title":{"rendered":"Marchan en Guanajuato exigiendo poner fin a violencia contra las mujeres"},"content":{"rendered":"<p>Le\u00f3n, Gto. Cuatro ciudades guanajuatenses se unieron a una sola voz para exigir se ponga fin a los feminicidios y recordar a las v\u00edctimas de este delito.<\/p>\n<p>Distintas organizaciones de la sociedad civil, familiares de las mujeres asesinadas y ciudadanos en general se reunieron en punto de las cinco de la tarde en Le\u00f3n, Celaya, San Miguel de Allende y Guanajuato capital para clamar justicia mediante la tercera marcha por los derechos humanos de las mujeres y contra el feminicidio.<\/p>\n<p>Durante el evento, se record\u00f3 que cuando el Gobierno Federal decidi\u00f3 no declarar una Alerta de Violencia de G\u00e9nero (AVG) para la entidad, Guanajuato no qued\u00f3 exento de continuar combatiendo la violencia feminicida.<\/p>\n<p>Fue as\u00ed que se hicieron peticiones a los tres Poderes de la Uni\u00f3n y a diversos \u00f3rdenes de gobierno.<\/p>\n<p>Entre ellas se encuentran que todos los servidores p\u00fablicos manden diariamente el mensaje de cero tolerancia hacia la violencia contra las mujeres y educar a los hombres en materia de igualdad.<\/p>\n<p>Al Gobierno del Estado se le recuerda la importancia del Instituto de las Mujeres Guanajuatenses (Imug), mismo que deber\u00eda ser el \u00f3rgano encargado a transversalizar las pol\u00edticas de g\u00e9nero en toda la entidad.<\/p>\n<p>Del mismo modo se exige que los jueces erradiquen la violencia contra las ni\u00f1as y las mujeres de sus sentencias.<\/p>\n<p>Al Legislativo se le pide que se armonice la Ley estatal de acceso de las mujeres a una vida libre de violencia y a los municipios se les solicita implementar una pol\u00edtica p\u00fablica en materia de prevenci\u00f3n de la violencia de las mujeres.<\/p>\n<p>Celaya<\/p>\n<p>En el municipio de Celaya la marcha fue convocada por los colectivos La Regla Rota y Luna Celaya.<br \/>\nLa manifestaci\u00f3n parti\u00f3 de las calles Hidalgo y Abasolo, rumbo al jard\u00edn principal y se realiz\u00f3 de manera pac\u00edfica.<\/p>\n<p>Los participantes se\u00f1alaron que realizaban el acto por las 51 mujeres que han sido asesinadas en lo que va del a\u00f1o \u2013de acuerdo con cifras del Centro Las Libres- y exigen a los tres niveles de gobierno que implementen las pol\u00edticas p\u00fablicas que frenen la violencia contra las mujeres en el municipio que durante los \u00faltimos 5 a\u00f1os se ha reportado como el de mayor \u00edndice de violencia familiar y entre los cinco primeros en denuncias por violaciones.<\/p>\n<p>Guanajuato<\/p>\n<p>En Guanajuato, las mujeres v\u00edctimas de feminicidio fueron recordadas y homenajeadas por familiares y sociedad en general con ofrendas florales.<\/p>\n<p>De Palacio de Gobierno hasta el kiosko del Jard\u00edn Florencio Antill\u00f3n, alrededor de 40 personas, entre familiares, sociedad y activistas, recordaron a las mujeres que han sido asesinadas en Guanajuato.<\/p>\n<p>Por tercer a\u00f1o consecutivo, organizaciones civiles como El Centro Las Libres, convocaron a la marcha, que este a\u00f1o en la capital del estado se convirti\u00f3 en un homenaje a las v\u00edctimas de feminicidio.<\/p>\n<p>Minutos despu\u00e9s caminaron a la Presa de la Olla para arrojar flores blancas al embalse y enviar un mensaje a las autoridades estatales para que se haga justicia.<\/p>\n<p>Le\u00f3n<\/p>\n<p>Alrededor de 70 personas, entre mujeres, ni\u00f1as y hombres, recorrieron la calle Madero desde el Arco de la Calzada hasta la Plaza Principal y exigieron se ponga alto a la violencia feminicida.<\/p>\n<p>En este municipio la organizaci\u00f3n estuvo a cargo de la asociaci\u00f3n Red Define, integrantes de Las Libres, Genera y el Colectivo 2 de enero.<\/p>\n<p>En el lugar estuvieron presentes familiares de Noem\u00ed Rocha, quien fue v\u00edctima de feminicidio.<\/p>\n<p>As\u00ed como a Noem\u00ed, se hizo memoria de otras v\u00edctimas mediante pancartas que llevaban sus nombres, sus edades y qui\u00e9n las asesin\u00f3.<\/p>\n<p>Connie Flores Buenrostro, integrante de Red Define se\u00f1al\u00f3 que se exige a las autoridades estatales dar continuidad a las 13 recomendaciones que se le hicieron cuando evit\u00f3 la emisi\u00f3n de la AVG.<\/p>\n<p>San Miguel de Allende<\/p>\n<p>Dicha movilizaci\u00f3n se llev\u00f3 a cabo de manera simult\u00e1nea a las cinco de la tarde en los municipios de Le\u00f3n, Guanajuato, San Miguel de Allende y Celaya.<\/p>\n<p>En esta ciudad un contingente de mujeres y hombres parti\u00f3 de la plaza c\u00edvica, y realiz\u00f3 un recorrido hasta la parroquia de San Miguel donde se manifestaron durante aproximadamente una hora.<\/p>\n<p>Isabel Cristina morales, activista del centro para los adolescentes de San Miguel de Allende A. CASA indic\u00f3 que este centro fue el encargado de la organizaci\u00f3n de la manifestacion.<\/p>\n<p>Durante el acto enfrente del jard\u00edn principal los organizadores, tapizaron el enrejado de la parroquia con carteles y consignas alusivas al acto.<\/p>\n<p>La protesta fue recibida de manera positiva por algunos sanmiguelenses, quienes manifestaban su apoyo al sumarse a los gritos de alto a los femenicidios.<\/p>\n<p>zonafranca.mx\/exige-guanajuato-poner-fin-a-la-violencia-contra-las-mujeres\/<\/p>\n","protected":false},"excerpt":{"rendered":"<p>Le\u00f3n, Gto. Cuatro ciudades guanajuatenses se unieron a una sola voz para exigir se ponga fin a los feminicidios y recordar a las v\u00edctimas de este delito. Distintas organizaciones de &hellip; <a href=\"http:\/\/www.grieta.org.mx\/index.php\/2015\/09\/20\/marchan-en-guanajuato-exigiendo-poner-fin-a-violencia-contra-las-mujeres\/\" class=\"more-link\">Leer m\u00e1s<\/a><\/p>\n","protected":false},"author":2,"featured_media":21928,"comment_status":"closed","ping_status":"open","sticky":false,"template":"","format":"standard","meta":{"ngg_post_thumbnail":0,"_jetpack_newsletter_access":"","_jetpack_dont_email_post_to_subs":false,"_jetpack_newsletter_tier_id":0,"_jetpack_memberships_contains_paywalled_content":false,"_jetpack_memberships_contains_paid_content":false,"footnotes":""},"categories":[80],"tags":[],"class_list":["post-5900","post","type-post","status-publish","format-standard","has-post-thumbnail","hentry","category-cintillo","entry"],"jetpack_featured_media_url":"http:\/\/www.grieta.org.mx\/wp-content\/uploads\/2018\/03\/14524434_1106112876131411_958039263622046936_o.jpg","jetpack_sharing_enabled":true,"jetpack_shortlink":"https:\/\/wp.me\/p7ZJR4-1xa","jetpack_likes_enabled":false,"jetpack-related-posts":[{"id":65277,"url":"http:\/\/www.grieta.org.mx\/index.php\/2022\/04\/24\/marchan-en-guanajuato-contra-violencia-y-feminicidios\/","url_meta":{"origin":5900,"position":0},"title":"Marchan en Guanajuato contra violencia y feminicidios","author":"grieta","date":"24 abril, 2022","format":false,"excerpt":"Andr\u00e9s Guardiola\/Corresponsal en Guanajuato | 24-04-2022 Exc\u00e9lsior Cientos de mujeres, familias y colectivos feministas marcharon a trav\u00e9s de las calles del centro de Le\u00f3n y se plantaron a la puerta de Palacio Municipal para protestar contra las desapariciones y la violencia machista que prevalecen no solamente en Guanajuato, sino en\u2026","rel":"","context":"En &quot;Feminicidios en Guanajuato&quot;","block_context":{"text":"Feminicidios en Guanajuato","link":"http:\/\/www.grieta.org.mx\/index.php\/category\/noticias-nacionales\/guanajuato\/feminicidios-en-guanajuato\/"},"img":{"alt_text":"","src":"https:\/\/i0.wp.com\/www.grieta.org.mx\/wp-content\/uploads\/2022\/09\/2748399.jpg?resize=350%2C200","width":350,"height":200,"srcset":"https:\/\/i0.wp.com\/www.grieta.org.mx\/wp-content\/uploads\/2022\/09\/2748399.jpg?resize=350%2C200 1x, https:\/\/i0.wp.com\/www.grieta.org.mx\/wp-content\/uploads\/2022\/09\/2748399.jpg?resize=525%2C300 1.5x, https:\/\/i0.wp.com\/www.grieta.org.mx\/wp-content\/uploads\/2022\/09\/2748399.jpg?resize=700%2C400 2x"},"classes":[]},{"id":19918,"url":"http:\/\/www.grieta.org.mx\/index.php\/2016\/09\/01\/violencia-contra-las-mujeres-en-guanajuato\/","url_meta":{"origin":5900,"position":1},"title":"Violencia contra las mujeres en Guanajuato","author":"grieta","date":"1 septiembre, 2016","format":false,"excerpt":"03\/09\/16. Da a luz ni\u00f1a de 15 a\u00f1os \u00a1en sala de espera de hospital! am Irapuato 01\/09\/16. Imponen 4 a\u00f1os y 6 meses de prisi\u00f3n al agresor de \u201cLucero\u201d Proceso 13\/08\/16. Comprueban abusos de polic\u00edas a jovencitas am Le\u00f3n","rel":"","context":"En &quot;CINTILLO&quot;","block_context":{"text":"CINTILLO","link":"http:\/\/www.grieta.org.mx\/index.php\/category\/cintillo\/"},"img":{"alt_text":"","src":"https:\/\/i0.wp.com\/www.grieta.org.mx\/wp-content\/uploads\/2018\/03\/14524434_1106112876131411_958039263622046936_o.jpg?resize=350%2C200","width":350,"height":200,"srcset":"https:\/\/i0.wp.com\/www.grieta.org.mx\/wp-content\/uploads\/2018\/03\/14524434_1106112876131411_958039263622046936_o.jpg?resize=350%2C200 1x, https:\/\/i0.wp.com\/www.grieta.org.mx\/wp-content\/uploads\/2018\/03\/14524434_1106112876131411_958039263622046936_o.jpg?resize=525%2C300 1.5x, https:\/\/i0.wp.com\/www.grieta.org.mx\/wp-content\/uploads\/2018\/03\/14524434_1106112876131411_958039263622046936_o.jpg?resize=700%2C400 2x"},"classes":[]},{"id":5887,"url":"http:\/\/www.grieta.org.mx\/index.php\/2016\/08\/19\/feminicidios-en-guanajuato\/","url_meta":{"origin":5900,"position":2},"title":"Feminicidios en Guanajuato","author":"grieta","date":"19 agosto, 2016","format":false,"excerpt":"18\/08\/2016. Encabeza Le\u00f3n feminicidios en Guanajuato Reforma 20\/06\/2016. Piden alerta de g\u00e9nero en Guanajuato am 03\/02\/2016. Aumentan los feminicidios en Guanajuato Zona Franca 28\/11\/2015. Suman 79 Feminicidios en Guanajuato Kuali 20\/09\/2015. Marchan en Guanajuato exigiendo poner fin a violencia contra las mujeres Zona Franca 19\/07\/2015. Mujeres en Guanajuato marchan en\u2026","rel":"","context":"En &quot;Feminicidios&quot;","block_context":{"text":"Feminicidios","link":"http:\/\/www.grieta.org.mx\/index.php\/category\/temas-nacionales\/feminicidios\/"},"img":{"alt_text":"","src":"https:\/\/i0.wp.com\/www.grieta.org.mx\/wp-content\/uploads\/2018\/03\/14524434_1106112876131411_958039263622046936_o.jpg?resize=350%2C200","width":350,"height":200,"srcset":"https:\/\/i0.wp.com\/www.grieta.org.mx\/wp-content\/uploads\/2018\/03\/14524434_1106112876131411_958039263622046936_o.jpg?resize=350%2C200 1x, https:\/\/i0.wp.com\/www.grieta.org.mx\/wp-content\/uploads\/2018\/03\/14524434_1106112876131411_958039263622046936_o.jpg?resize=525%2C300 1.5x, https:\/\/i0.wp.com\/www.grieta.org.mx\/wp-content\/uploads\/2018\/03\/14524434_1106112876131411_958039263622046936_o.jpg?resize=700%2C400 2x"},"classes":[]},{"id":31275,"url":"http:\/\/www.grieta.org.mx\/index.php\/2019\/03\/27\/prevalece-violencia-contra-las-mujeres-en-guanajuato-se-cometen-47-feminicidios-en-2019\/","url_meta":{"origin":5900,"position":3},"title":"Prevalece violencia contra las mujeres en Guanajuato; se cometen 47 feminicidios en 2019","author":"grieta","date":"27 marzo, 2019","format":false,"excerpt":"Jorge Hernandez, Zona Franca, 27 de marzo de 2019 Le\u00f3n, Gto. Este 2019 ha sido el a\u00f1o m\u00e1s violento para las mujeres ya que el estado de Guanajuato, ocupa el segundo lugar con mayor n\u00famero de asesinatos dolosos femeninos. Datos de la informaci\u00f3n sobre violencia contra las mujeres del Centro\u2026","rel":"","context":"En &quot;CINTILLO&quot;","block_context":{"text":"CINTILLO","link":"http:\/\/www.grieta.org.mx\/index.php\/category\/cintillo\/"},"img":{"alt_text":"","src":"https:\/\/i0.wp.com\/www.grieta.org.mx\/wp-content\/uploads\/2019\/03\/hom-dol-2019.jpg?resize=350%2C200","width":350,"height":200,"srcset":"https:\/\/i0.wp.com\/www.grieta.org.mx\/wp-content\/uploads\/2019\/03\/hom-dol-2019.jpg?resize=350%2C200 1x, https:\/\/i0.wp.com\/www.grieta.org.mx\/wp-content\/uploads\/2019\/03\/hom-dol-2019.jpg?resize=525%2C300 1.5x, https:\/\/i0.wp.com\/www.grieta.org.mx\/wp-content\/uploads\/2019\/03\/hom-dol-2019.jpg?resize=700%2C400 2x"},"classes":[]},{"id":48295,"url":"http:\/\/www.grieta.org.mx\/index.php\/2020\/04\/26\/lidera-guanajuato-en-mayor-numero-de-homicidios-de-mujeres\/","url_meta":{"origin":5900,"position":4},"title":"Lidera Guanajuato en mayor n\u00famero de homicidios de mujeres","author":"grieta","date":"26 abril, 2020","format":false,"excerpt":"Guanajuato es el estado m\u00e1s inseguro para las mujeres, pues en los primeros tres meses del a\u00f1o, les quitaron la vida a 121 de ellas. Por Areli Barrera \/ AM, Le\u00f3n Guanajuato, 26 de abril de 2020 Le\u00f3n.- Con 121 v\u00edctimas mortales, Guanajuato se coloc\u00f3 como el estado con m\u00e1s\u2026","rel":"","context":"En &quot;CINTILLO&quot;","block_context":{"text":"CINTILLO","link":"http:\/\/www.grieta.org.mx\/index.php\/category\/cintillo\/"},"img":{"alt_text":"","src":"https:\/\/i0.wp.com\/www.grieta.org.mx\/wp-content\/uploads\/2020\/04\/CrucesRosasGto.jpg?resize=350%2C200","width":350,"height":200,"srcset":"https:\/\/i0.wp.com\/www.grieta.org.mx\/wp-content\/uploads\/2020\/04\/CrucesRosasGto.jpg?resize=350%2C200 1x, https:\/\/i0.wp.com\/www.grieta.org.mx\/wp-content\/uploads\/2020\/04\/CrucesRosasGto.jpg?resize=525%2C300 1.5x, https:\/\/i0.wp.com\/www.grieta.org.mx\/wp-content\/uploads\/2020\/04\/CrucesRosasGto.jpg?resize=700%2C400 2x"},"classes":[]},{"id":42467,"url":"http:\/\/www.grieta.org.mx\/index.php\/2019\/12\/23\/olvida-guanajuato-violencia-contra-mujeres-urgen-feministas-soluciones\/","url_meta":{"origin":5900,"position":5},"title":"&#8216;Olvida&#8217; Guanajuato violencia contra mujeres; urgen feministas soluciones","author":"grieta","date":"23 diciembre, 2019","format":false,"excerpt":"Yajaira Gasca Ram\u00edrez \/ AM Le\u00f3n Guanajuato, 23 de diciembre de 2019 Le\u00f3n.- Varios estados que encabezan las listas de asesinatos de mujeres ya han declarado la Alerta de Violencia contra las Mujeres (AVCM) y Guanajuato, que se encuentra en segundo lugar nacional con m\u00e1s muertes de mujeres, a\u00fan no\u2026","rel":"","context":"En &quot;CINTILLO&quot;","block_context":{"text":"CINTILLO","link":"http:\/\/www.grieta.org.mx\/index.php\/category\/cintillo\/"},"img":{"alt_text":"","src":"https:\/\/i0.wp.com\/www.grieta.org.mx\/wp-content\/uploads\/2019\/12\/feministas_protestan.jpg_851672003.jpg?resize=350%2C200","width":350,"height":200,"srcset":"https:\/\/i0.wp.com\/www.grieta.org.mx\/wp-content\/uploads\/2019\/12\/feministas_protestan.jpg_851672003.jpg?resize=350%2C200 1x, https:\/\/i0.wp.com\/www.grieta.org.mx\/wp-content\/uploads\/2019\/12\/feministas_protestan.jpg_851672003.jpg?resize=525%2C300 1.5x, https:\/\/i0.wp.com\/www.grieta.org.mx\/wp-content\/uploads\/2019\/12\/feministas_protestan.jpg_851672003.jpg?resize=700%2C400 2x"},"classes":[]}],"_links":{"self":[{"href":"http:\/\/www.grieta.org.mx\/index.php\/wp-json\/wp\/v2\/posts\/5900","targetHints":{"allow":["GET"]}}],"collection":[{"href":"http:\/\/www.grieta.org.mx\/index.php\/wp-json\/wp\/v2\/posts"}],"about":[{"href":"http:\/\/www.grieta.org.mx\/index.php\/wp-json\/wp\/v2\/types\/post"}],"author":[{"embeddable":true,"href":"http:\/\/www.grieta.org.mx\/index.php\/wp-json\/wp\/v2\/users\/2"}],"replies":[{"embeddable":true,"href":"http:\/\/www.grieta.org.mx\/index.php\/wp-json\/wp\/v2\/comments?post=5900"}],"version-history":[{"count":1,"href":"http:\/\/www.grieta.org.mx\/index.php\/wp-json\/wp\/v2\/posts\/5900\/revisions"}],"predecessor-version":[{"id":5901,"href":"http:\/\/www.grieta.org.mx\/index.php\/wp-json\/wp\/v2\/posts\/5900\/revisions\/5901"}],"wp:featuredmedia":[{"embeddable":true,"href":"http:\/\/www.grieta.org.mx\/index.php\/wp-json\/wp\/v2\/media\/21928"}],"wp:attachment":[{"href":"http:\/\/www.grieta.org.mx\/index.php\/wp-json\/wp\/v2\/media?parent=5900"}],"wp:term":[{"taxonomy":"category","embeddable":true,"href":"http:\/\/www.grieta.org.mx\/index.php\/wp-json\/wp\/v2\/categories?post=5900"},{"taxonomy":"post_tag","embeddable":true,"href":"http:\/\/www.grieta.org.mx\/index.php\/wp-json\/wp\/v2\/tags?post=5900"}],"curies":[{"name":"wp","href":"https:\/\/api.w.org\/{rel}","templated":true}]}}