{"id":58970,"date":"2021-04-25T14:03:45","date_gmt":"2021-04-25T19:03:45","guid":{"rendered":"https:\/\/www.grieta.org.mx\/?p=58970"},"modified":"2021-04-25T14:03:45","modified_gmt":"2021-04-25T19:03:45","slug":"slp-registra-355-desaparecidos-comision-nacional-de-busqueda","status":"publish","type":"post","link":"http:\/\/www.grieta.org.mx\/index.php\/2021\/04\/25\/slp-registra-355-desaparecidos-comision-nacional-de-busqueda\/","title":{"rendered":"SLP registra 355 desaparecidos: Comisi\u00f3n Nacional de B\u00fasqueda"},"content":{"rendered":"<p>Juan Hern\u00e1ndez\/Quadrat\u00edn SLP<br \/>\n25 abril 2021<\/p>\n<p>SAN LUIS POTOS\u00cd, SLP., 25 de abril 2021.- En el pa\u00eds hay un total de 87 mil 36 personas desaparecidas o no localizadas, esto desde el 15 de marzo de 1964 hasta abril de 2021, de acuerdo con informaci\u00f3n de la Comisi\u00f3n Nacional de B\u00fasqueda (CNB). San Luis Potos\u00ed cuenta con un total de 355 personas en esta situaci\u00f3n y Jalisco -que ocupa el primer lugar- tiene 12 mil 497, seguido de Tamaulipas con 11 mil 414 y el Estado de M\u00e9xico con 9 mil 284.<\/p>\n<p>En contexto nacional, desde 1964 a la fecha han desaparecido un total de 213 mil 88 personas, de las cuales se han localizado 12 mil cinco, de \u00e9stas 8 mil 221 se han encontrado sin vida y 117 mil 784 con vida, 19 mil 999 no se han encontr\u00f3 de que nacionalidad eran y 19 mil 924 eran mexicanos, 21 mil 620 de las personas desaparecidas o no localizadas son mujeres y 64 mil 948 sin hombres.<\/p>\n<p>De las personas que han sido localizadas con vida 66 mil 522 son mujeres y 51 mil 176 son hombres, por otro lado, dentro de las entidades que m\u00e1s reportes han generado a la CNB de personas desaparecidas, no localizadas y localizadas desde 1964 a la fecha son, el Estado de M\u00e9xico con un total de 67 mil 122 reportes, 20 mil 369 son de mujeres y 16 mil 637 de hombres, 165 no fueron determinados, en cambio San Luis Potos\u00ed ha generado un total de mil 277 reportes de desaparici\u00f3n desde 1964, de estos 633 son de mujeres y 642 de hombres, dos m\u00e1s fueron indeterminados.<\/p>\n<p>En estad\u00edstica de los posibles lugares donde se encuentran osamentas correspondientes a fosas clandestinas, la Asociaci\u00f3n Civil, A Donde Van los Desaparecidos, p\u00fablico la informaci\u00f3n m\u00e1s actualizada con la que cuenta; en lo que respecta a fosas oficialmente registradas por la Fiscal\u00eda General del Estado (FGE) que es de 2006 al 2016, reportando 67 lugares con 17 cuerpos encontrados de los cuales s\u00f3lo 7 fueron identificados, mientras que a nivel nacional, tambi\u00e9n en el rango de tiempo de 2006 al 2016, se detectaron mil 978 fosas, en las cuales la Fiscal\u00eda General de la Rep\u00fablica (FGR) detect\u00f3 232, dentro de las cuales encontraron 2 mil 884 cuerpos.<\/p>\n<p><a href=\"https:\/\/sanluispotosi.quadratin.com.mx\/principal\/slp-registra-355-desaparecidos-desde-1964-cnb\/\" rel=\"noopener\" target=\"_blank\">https:\/\/sanluispotosi.quadratin.com.mx\/principal\/slp-registra-355-desaparecidos-desde-1964-cnb\/<\/a><\/p>\n","protected":false},"excerpt":{"rendered":"<p>Juan Hern\u00e1ndez\/Quadrat\u00edn SLP 25 abril 2021 SAN LUIS POTOS\u00cd, SLP., 25 de abril 2021.- En el pa\u00eds hay un total de 87 mil 36 personas desaparecidas o no localizadas, esto &hellip; <a href=\"http:\/\/www.grieta.org.mx\/index.php\/2021\/04\/25\/slp-registra-355-desaparecidos-comision-nacional-de-busqueda\/\" class=\"more-link\">Leer m\u00e1s<\/a><\/p>\n","protected":false},"author":2,"featured_media":58971,"comment_status":"closed","ping_status":"closed","sticky":false,"template":"","format":"standard","meta":{"ngg_post_thumbnail":0,"_jetpack_newsletter_access":"","_jetpack_dont_email_post_to_subs":false,"_jetpack_newsletter_tier_id":0,"_jetpack_memberships_contains_paywalled_content":false,"_jetpack_memberships_contains_paid_content":false,"footnotes":""},"categories":[80,368,1272,2,29,83],"tags":[3018,2276,121],"class_list":["post-58970","post","type-post","status-publish","format-standard","has-post-thumbnail","hentry","category-cintillo","category-desaparecidos-analisis","category-desaparecidos-en-san-luis-potosi","category-noticias-nacionales","category-san-luis-potosi","category-temas-nacionales","tag-colectivos-de-busqueda-de-desaparecidos","tag-comision-nacional-de-busqueda-de-personas","tag-desaparecidos","entry"],"jetpack_featured_media_url":"http:\/\/www.grieta.org.mx\/wp-content\/uploads\/2021\/04\/PRIMERA-QT-245-1160x700-1.jpeg","jetpack_sharing_enabled":true,"jetpack_shortlink":"https:\/\/wp.me\/p7ZJR4-fl8","jetpack_likes_enabled":false,"jetpack-related-posts":[{"id":58801,"url":"http:\/\/www.grieta.org.mx\/index.php\/2021\/04\/15\/denuncian-falta-de-apoyo-institucional-para-busqueda-de-desaparecidos-en-san-luis-potosi\/","url_meta":{"origin":58970,"position":0},"title":"Denuncian falta de apoyo institucional para b\u00fasqueda de desaparecidos en San Luis Potos\u00ed","author":"grieta","date":"15 abril, 2021","format":false,"excerpt":"Juan Hern\u00e1ndez\/Quadrat\u00edn SLP 15 abril 2021 SAN LUIS POTOS\u00cd, SLP., 15 de abril 2021.- La vocera y representante del colectivo Voz y Dignidad por los Nuestros, que se dedica a la b\u00fasqueda de personas desaparecidas, Edith P\u00e9rez Rodr\u00edguez, ahora estar\u00e1 trabajando en la Comisi\u00f3n Estatal de Derechos Humanos (CEDH), incluso\u2026","rel":"","context":"En &quot;CINTILLO&quot;","block_context":{"text":"CINTILLO","link":"http:\/\/www.grieta.org.mx\/index.php\/category\/cintillo\/"},"img":{"alt_text":"","src":"https:\/\/i0.wp.com\/www.grieta.org.mx\/wp-content\/uploads\/2021\/04\/cedh.jpeg?resize=350%2C200","width":350,"height":200,"srcset":"https:\/\/i0.wp.com\/www.grieta.org.mx\/wp-content\/uploads\/2021\/04\/cedh.jpeg?resize=350%2C200 1x, https:\/\/i0.wp.com\/www.grieta.org.mx\/wp-content\/uploads\/2021\/04\/cedh.jpeg?resize=525%2C300 1.5x, https:\/\/i0.wp.com\/www.grieta.org.mx\/wp-content\/uploads\/2021\/04\/cedh.jpeg?resize=700%2C400 2x, https:\/\/i0.wp.com\/www.grieta.org.mx\/wp-content\/uploads\/2021\/04\/cedh.jpeg?resize=1050%2C600 3x"},"classes":[]},{"id":54397,"url":"http:\/\/www.grieta.org.mx\/index.php\/2020\/08\/30\/buscan-a-250-desaparecidos-en-slp\/","url_meta":{"origin":58970,"position":1},"title":"Buscan a 250 desaparecidos en SLP","author":"grieta","date":"30 agosto, 2020","format":false,"excerpt":"Ruth Berrones\/Quadrat\u00edn SLP 30 agosto 2020 SAN LUIS POTOS\u00cd, SLP., 30 de agosto 2020.- Este domingo en el D\u00eda Internacional de las V\u00edctimas de Desaparici\u00f3n Forzada, familiares de personas desaparecidas realizaron una marcha para solicitar a las autoridades que se localicen a sus familiares. Edith P\u00e9rez Rodr\u00edguez, de la asociaci\u00f3n\u2026","rel":"","context":"En &quot;CINTILLO&quot;","block_context":{"text":"CINTILLO","link":"http:\/\/www.grieta.org.mx\/index.php\/category\/cintillo\/"},"img":{"alt_text":"","src":"https:\/\/i0.wp.com\/www.grieta.org.mx\/wp-content\/uploads\/2020\/10\/WhatsApp-Image-2020-08-30-at-4.36.21-PM-1160x700-1.jpeg?resize=350%2C200","width":350,"height":200,"srcset":"https:\/\/i0.wp.com\/www.grieta.org.mx\/wp-content\/uploads\/2020\/10\/WhatsApp-Image-2020-08-30-at-4.36.21-PM-1160x700-1.jpeg?resize=350%2C200 1x, https:\/\/i0.wp.com\/www.grieta.org.mx\/wp-content\/uploads\/2020\/10\/WhatsApp-Image-2020-08-30-at-4.36.21-PM-1160x700-1.jpeg?resize=525%2C300 1.5x, https:\/\/i0.wp.com\/www.grieta.org.mx\/wp-content\/uploads\/2020\/10\/WhatsApp-Image-2020-08-30-at-4.36.21-PM-1160x700-1.jpeg?resize=700%2C400 2x, https:\/\/i0.wp.com\/www.grieta.org.mx\/wp-content\/uploads\/2020\/10\/WhatsApp-Image-2020-08-30-at-4.36.21-PM-1160x700-1.jpeg?resize=1050%2C600 3x"},"classes":[]},{"id":45512,"url":"http:\/\/www.grieta.org.mx\/index.php\/2020\/02\/19\/encuentran-restos-humanos-en-una-localidad-de-san-luis-potosi\/","url_meta":{"origin":58970,"position":2},"title":"Encuentran restos humanos en una localidad de San Luis Potos\u00ed","author":"grieta","date":"19 febrero, 2020","format":false,"excerpt":"Juan Hern\u00e1ndez\/Quadrat\u00edn SLP 19 febrero 2020 SAN LUIS POTOS\u00cd, SLP., 19 de febrero 2020.- Nuevamente se registr\u00f3 el hallazgo de restos \u00f3seos, en esta ocasi\u00f3n fue en la zona metropolitana, en la localidad de Los Rodr\u00edguez perteneciente al municipio de Soledad de Graciano S\u00e1nchez, en San Luis Potos\u00ed. Esto lo\u2026","rel":"","context":"En &quot;CINTILLO&quot;","block_context":{"text":"CINTILLO","link":"http:\/\/www.grieta.org.mx\/index.php\/category\/cintillo\/"},"img":{"alt_text":"","src":"https:\/\/i0.wp.com\/www.grieta.org.mx\/wp-content\/uploads\/2020\/03\/DerechosSLP-1160x700.jpg?resize=350%2C200","width":350,"height":200,"srcset":"https:\/\/i0.wp.com\/www.grieta.org.mx\/wp-content\/uploads\/2020\/03\/DerechosSLP-1160x700.jpg?resize=350%2C200 1x, https:\/\/i0.wp.com\/www.grieta.org.mx\/wp-content\/uploads\/2020\/03\/DerechosSLP-1160x700.jpg?resize=525%2C300 1.5x, https:\/\/i0.wp.com\/www.grieta.org.mx\/wp-content\/uploads\/2020\/03\/DerechosSLP-1160x700.jpg?resize=700%2C400 2x, https:\/\/i0.wp.com\/www.grieta.org.mx\/wp-content\/uploads\/2020\/03\/DerechosSLP-1160x700.jpg?resize=1050%2C600 3x"},"classes":[]},{"id":41759,"url":"http:\/\/www.grieta.org.mx\/index.php\/2019\/11\/19\/comision-de-busqueda-atiende-39-reportes-san-luis-potosi\/","url_meta":{"origin":58970,"position":3},"title":"Comisi\u00f3n de B\u00fasqueda atiende 39 reportes (San Luis Potos\u00ed)","author":"grieta","date":"19 noviembre, 2019","format":false,"excerpt":"29 son del caso Pirasol; hace 10 a\u00f1os que desapareci\u00f3 un autob\u00fas con trabajadores y siguen desaparecidos Mayra Trist\u00e1n\/El Sol de San Luis La Comisi\u00f3n Estatal de B\u00fasqueda tiene reporte de 39 personas desparecidas en San Luis Potos\u00ed, de las cuales, 10 son migrantes mexicanos y centroamericanos, inform\u00f3 Jes\u00fas Ju\u00e1rez\u2026","rel":"","context":"En &quot;CINTILLO&quot;","block_context":{"text":"CINTILLO","link":"http:\/\/www.grieta.org.mx\/index.php\/category\/cintillo\/"},"img":{"alt_text":"","src":"https:\/\/i0.wp.com\/www.grieta.org.mx\/wp-content\/uploads\/2019\/12\/desaparecidos.png?resize=350%2C200","width":350,"height":200,"srcset":"https:\/\/i0.wp.com\/www.grieta.org.mx\/wp-content\/uploads\/2019\/12\/desaparecidos.png?resize=350%2C200 1x, https:\/\/i0.wp.com\/www.grieta.org.mx\/wp-content\/uploads\/2019\/12\/desaparecidos.png?resize=525%2C300 1.5x, https:\/\/i0.wp.com\/www.grieta.org.mx\/wp-content\/uploads\/2019\/12\/desaparecidos.png?resize=700%2C400 2x"},"classes":[]},{"id":54440,"url":"http:\/\/www.grieta.org.mx\/index.php\/2020\/09\/15\/durante-pandemia-incrementa-10-por-ciento-reportes-de-desaparicion-en-slp\/","url_meta":{"origin":58970,"position":4},"title":"Durante pandemia, incrementa 10 por ciento reportes de desaparici\u00f3n en SLP","author":"grieta","date":"15 septiembre, 2020","format":false,"excerpt":"Samuel Estrada\/El Universal San Luis Potos\u00ed 15 septiembre 2020 Durante los meses de confinamiento estricto, derivado de las recomendaciones sanitarias por pandemia por Colvid-19, incrementaron las denuncias por desaparici\u00f3n de personas en San Luis Potos\u00ed, as\u00ed lo revel\u00f3 el titular de la Comisi\u00f3n Estatal de B\u00fasqueda de Personas Jes\u00fas Ju\u00e1rez\u2026","rel":"","context":"En &quot;CINTILLO&quot;","block_context":{"text":"CINTILLO","link":"http:\/\/www.grieta.org.mx\/index.php\/category\/cintillo\/"},"img":{"alt_text":"","src":"https:\/\/i0.wp.com\/www.grieta.org.mx\/wp-content\/uploads\/2020\/10\/desaparecidos-slp.png?resize=350%2C200","width":350,"height":200,"srcset":"https:\/\/i0.wp.com\/www.grieta.org.mx\/wp-content\/uploads\/2020\/10\/desaparecidos-slp.png?resize=350%2C200 1x, https:\/\/i0.wp.com\/www.grieta.org.mx\/wp-content\/uploads\/2020\/10\/desaparecidos-slp.png?resize=525%2C300 1.5x"},"classes":[]},{"id":25144,"url":"http:\/\/www.grieta.org.mx\/index.php\/2018\/07\/23\/continua-busqueda-de-desaparecidos-en-limites-de-slp-y-tamaulipas\/","url_meta":{"origin":58970,"position":5},"title":"Contin\u00faa b\u00fasqueda de desaparecidos en l\u00edmites de SLP y Tamaulipas","author":"grieta","date":"23 julio, 2018","format":false,"excerpt":"Jos\u00e9 Luis Mart\u00ednez Castro\/El Sol de San Luis La b\u00fasqueda de personas que han desparecido contin\u00faa, se busca en los l\u00edmites de San Luis Potos\u00ed con Tamaulipas, porque pese a que han pasado muchos a\u00f1os, existe la esperanza de familiares de por lo menos encontrar los restos de sus seres\u2026","rel":"","context":"En &quot;CINTILLO&quot;","block_context":{"text":"CINTILLO","link":"http:\/\/www.grieta.org.mx\/index.php\/category\/cintillo\/"},"img":{"alt_text":"","src":"https:\/\/i0.wp.com\/www.grieta.org.mx\/wp-content\/uploads\/2018\/07\/t1-1.jpg?resize=350%2C200","width":350,"height":200,"srcset":"https:\/\/i0.wp.com\/www.grieta.org.mx\/wp-content\/uploads\/2018\/07\/t1-1.jpg?resize=350%2C200 1x, https:\/\/i0.wp.com\/www.grieta.org.mx\/wp-content\/uploads\/2018\/07\/t1-1.jpg?resize=525%2C300 1.5x, https:\/\/i0.wp.com\/www.grieta.org.mx\/wp-content\/uploads\/2018\/07\/t1-1.jpg?resize=700%2C400 2x"},"classes":[]}],"_links":{"self":[{"href":"http:\/\/www.grieta.org.mx\/index.php\/wp-json\/wp\/v2\/posts\/58970","targetHints":{"allow":["GET"]}}],"collection":[{"href":"http:\/\/www.grieta.org.mx\/index.php\/wp-json\/wp\/v2\/posts"}],"about":[{"href":"http:\/\/www.grieta.org.mx\/index.php\/wp-json\/wp\/v2\/types\/post"}],"author":[{"embeddable":true,"href":"http:\/\/www.grieta.org.mx\/index.php\/wp-json\/wp\/v2\/users\/2"}],"replies":[{"embeddable":true,"href":"http:\/\/www.grieta.org.mx\/index.php\/wp-json\/wp\/v2\/comments?post=58970"}],"version-history":[{"count":1,"href":"http:\/\/www.grieta.org.mx\/index.php\/wp-json\/wp\/v2\/posts\/58970\/revisions"}],"predecessor-version":[{"id":58972,"href":"http:\/\/www.grieta.org.mx\/index.php\/wp-json\/wp\/v2\/posts\/58970\/revisions\/58972"}],"wp:featuredmedia":[{"embeddable":true,"href":"http:\/\/www.grieta.org.mx\/index.php\/wp-json\/wp\/v2\/media\/58971"}],"wp:attachment":[{"href":"http:\/\/www.grieta.org.mx\/index.php\/wp-json\/wp\/v2\/media?parent=58970"}],"wp:term":[{"taxonomy":"category","embeddable":true,"href":"http:\/\/www.grieta.org.mx\/index.php\/wp-json\/wp\/v2\/categories?post=58970"},{"taxonomy":"post_tag","embeddable":true,"href":"http:\/\/www.grieta.org.mx\/index.php\/wp-json\/wp\/v2\/tags?post=58970"}],"curies":[{"name":"wp","href":"https:\/\/api.w.org\/{rel}","templated":true}]}}