{"id":58967,"date":"2021-04-24T13:49:10","date_gmt":"2021-04-24T18:49:10","guid":{"rendered":"https:\/\/www.grieta.org.mx\/?p=58967"},"modified":"2021-04-25T13:55:45","modified_gmt":"2021-04-25T18:55:45","slug":"familiares-de-desaparecidos-del-maverick-exigen-justicia-en-aguascalientes","status":"publish","type":"post","link":"http:\/\/www.grieta.org.mx\/index.php\/2021\/04\/24\/familiares-de-desaparecidos-del-maverick-exigen-justicia-en-aguascalientes\/","title":{"rendered":"Familiares de desaparecidos del \u2018Maverick\u2019 exigen justicia en Aguascalientes"},"content":{"rendered":"<p>Redacci\u00f3n\/El Clarinete<br \/>\n24 abril 2021<\/p>\n<p>Aguascalientes, Ags.- Familiares de Javier Espino, desaparecido en el antro \u2018Maverick\u2019 en 2007, clausuraron de manera simb\u00f3lica las instalaciones de la Fiscal\u00eda de Estado de Aguascalientes por los nulos resultados en la investigaci\u00f3n.<\/p>\n<p>Francisco Espinoza padre de uno de los nueve desaparecidos, indic\u00f3 que son ya 14 a\u00f1os sin respuesta alguna en donde procuradores y fiscales que han llegado en ese tiempo han hecho caso omiso al tema.<\/p>\n<p>Molesto, fustig\u00f3 la poca importancia que las autoridades le dan a los casos de desaparecidos en donde ellos documentan al menos 300 casos desde antes del 2007 a la fecha se tienen 203 casos de personas sin localizar de Aguascalientes.<\/p>\n<p>\u201cExigimos resultados, las investigaciones siguen durmiendo el sue\u00f1o de los justos, simplemente no hay avances y s\u00ed en Aguascalientes no hay nada en Zacatecas a donde tambi\u00e9n hemos recurrido est\u00e1n peor\u201d, lament\u00f3.<\/p>\n<p>Con pancartas sobre los barrotes de la barda perimetral del edificio recordando a los desaparecidos del \u2018Maverick\u2019 y otros m\u00e1s, al menos 10 personas documentan que ya son 7 fiscales o procuradores y 3 gobernadores a los que les ha tocado el caso y ninguno ha dado respuesta a los reclamos.<\/p>\n<p><a href=\"https:\/\/www.elclarinete.com.mx\/familiares-de-desaparecidos-del-maverick-exigen-justicia-en-aguascalientes\/\" rel=\"noopener\" target=\"_blank\">https:\/\/www.elclarinete.com.mx\/familiares-de-desaparecidos-del-maverick-exigen-justicia-en-aguascalientes\/<\/a><\/p>\n","protected":false},"excerpt":{"rendered":"<p>Redacci\u00f3n\/El Clarinete 24 abril 2021 Aguascalientes, Ags.- Familiares de Javier Espino, desaparecido en el antro \u2018Maverick\u2019 en 2007, clausuraron de manera simb\u00f3lica las instalaciones de la Fiscal\u00eda de Estado de &hellip; <a href=\"http:\/\/www.grieta.org.mx\/index.php\/2021\/04\/24\/familiares-de-desaparecidos-del-maverick-exigen-justicia-en-aguascalientes\/\" class=\"more-link\">Leer m\u00e1s<\/a><\/p>\n","protected":false},"author":2,"featured_media":58969,"comment_status":"closed","ping_status":"closed","sticky":false,"template":"","format":"standard","meta":{"ngg_post_thumbnail":0,"_jetpack_newsletter_access":"","_jetpack_dont_email_post_to_subs":false,"_jetpack_newsletter_tier_id":0,"_jetpack_memberships_contains_paywalled_content":false,"_jetpack_memberships_contains_paid_content":false,"footnotes":""},"categories":[4,80,87,1189,2,83],"tags":[3791,1828,121,1668],"class_list":["post-58967","post","type-post","status-publish","format-standard","has-post-thumbnail","hentry","category-aguascalientes","category-cintillo","category-desaparecidos","category-desaparecidos-en-aguascalientes","category-noticias-nacionales","category-temas-nacionales","tag-acciones-por-desaparecidos","tag-busqueda-de-desaparecidos","tag-desaparecidos","tag-familiares-de-desaparecidos","entry"],"jetpack_featured_media_url":"http:\/\/www.grieta.org.mx\/wp-content\/uploads\/2021\/04\/desaparecidos-familiares.jpg","jetpack_sharing_enabled":true,"jetpack_shortlink":"https:\/\/wp.me\/p7ZJR4-fl5","jetpack_likes_enabled":false,"jetpack-related-posts":[{"id":5664,"url":"http:\/\/www.grieta.org.mx\/index.php\/2016\/09\/01\/desaparecidos-en-aguascalientes\/","url_meta":{"origin":58967,"position":0},"title":"Desaparecidos en Aguascalientes","author":"grieta","date":"1 septiembre, 2016","format":false,"excerpt":"01\/09\/16. Fiscal\u00eda contin\u00faa sin publicar el protocolo sobre personas desaparecidas La Jornada Aguascalientes 09\/07\/16. Sin ser localizados, 22 aguascalentenses que desaparecieron este a\u00f1o La Jornada Aguascalientes 12\/01\/16. Ocupa Aguascalientes lugar 19 en desaparecidos en el \u00e1mbito nacional La Jornada Aguascalientes 11\/01\/16. 283 personas est\u00e1n desaparecidas en Aguascalientes La Jornada Aguascalientes\u2026","rel":"","context":"En &quot;Aguascalientes&quot;","block_context":{"text":"Aguascalientes","link":"http:\/\/www.grieta.org.mx\/index.php\/category\/noticias-nacionales\/aguascalientes\/"},"img":{"alt_text":"","src":"https:\/\/i0.wp.com\/www.grieta.org.mx\/wp-content\/uploads\/2018\/03\/14524434_1106112876131411_958039263622046936_o.jpg?resize=350%2C200","width":350,"height":200,"srcset":"https:\/\/i0.wp.com\/www.grieta.org.mx\/wp-content\/uploads\/2018\/03\/14524434_1106112876131411_958039263622046936_o.jpg?resize=350%2C200 1x, https:\/\/i0.wp.com\/www.grieta.org.mx\/wp-content\/uploads\/2018\/03\/14524434_1106112876131411_958039263622046936_o.jpg?resize=525%2C300 1.5x, https:\/\/i0.wp.com\/www.grieta.org.mx\/wp-content\/uploads\/2018\/03\/14524434_1106112876131411_958039263622046936_o.jpg?resize=700%2C400 2x"},"classes":[]},{"id":64417,"url":"http:\/\/www.grieta.org.mx\/index.php\/2022\/06\/02\/no-tenemos-miedo-estamos-buscando-a-nuestros-familiares-no-vamos-a-parar-aguascalientes-jalisco-zacatecas\/","url_meta":{"origin":58967,"position":1},"title":"\u00abNo tenemos miedo, estamos buscando a nuestros familiares, no vamos a parar\u00bb (Aguascalientes, Jalisco, Zacatecas)","author":"grieta","date":"2 junio, 2022","format":false,"excerpt":"Imagen:\u00a0 Perimetral \u00abNo tenemos miedo, estamos buscando a nuestros familiares, no vamos a parar\u00bb Georgina Martinez Macias - Florencia Escobedo \/ Perimetral Familias de Zacatecas, Jalisco y Aguascalientes marcharon este\u00a0 31 de mayo\u00a0 para exigir memoria verdad y justicia por sus familiares v\u00edctimas de desaparici\u00f3n forzada. Dentro del contingente particip\u00f3\u2026","rel":"","context":"En &quot;Aguascalientes&quot;","block_context":{"text":"Aguascalientes","link":"http:\/\/www.grieta.org.mx\/index.php\/category\/noticias-nacionales\/aguascalientes\/"},"img":{"alt_text":"","src":"https:\/\/i0.wp.com\/www.grieta.org.mx\/wp-content\/uploads\/2022\/06\/portada1.webp?resize=350%2C200","width":350,"height":200},"classes":[]},{"id":34140,"url":"http:\/\/www.grieta.org.mx\/index.php\/2019\/05\/30\/familias-de-desaparecidos-marchan-en-aguascalientes-para-exigir-avances-en-investigaciones\/","url_meta":{"origin":58967,"position":2},"title":"Familias de desaparecidos marchan en Aguascalientes para exigir avances en investigaciones","author":"grieta","date":"30 mayo, 2019","format":false,"excerpt":"Redacci\u00f3n\/Proceso. AGUASCALIENTES, Ags., (apro).- Familias de personas desaparecidas o asesinadas, integrantes del Colectivo Buscando Personas Verdad y Justicia, marcharon este jueves desde la Fiscal\u00eda de Aguascalientes hasta el palacio de gobierno para exigir avances y resultados en las investigaciones. Violeta Sab\u00e1s explic\u00f3 que, seg\u00fan la \u00faltima actualizaci\u00f3n del Registro Nacional\u2026","rel":"","context":"En &quot;Aguascalientes&quot;","block_context":{"text":"Aguascalientes","link":"http:\/\/www.grieta.org.mx\/index.php\/category\/noticias-nacionales\/aguascalientes\/"},"img":{"alt_text":"","src":"https:\/\/i0.wp.com\/www.grieta.org.mx\/wp-content\/uploads\/2019\/06\/a2.jpg?resize=350%2C200","width":350,"height":200,"srcset":"https:\/\/i0.wp.com\/www.grieta.org.mx\/wp-content\/uploads\/2019\/06\/a2.jpg?resize=350%2C200 1x, https:\/\/i0.wp.com\/www.grieta.org.mx\/wp-content\/uploads\/2019\/06\/a2.jpg?resize=525%2C300 1.5x, https:\/\/i0.wp.com\/www.grieta.org.mx\/wp-content\/uploads\/2019\/06\/a2.jpg?resize=700%2C400 2x, https:\/\/i0.wp.com\/www.grieta.org.mx\/wp-content\/uploads\/2019\/06\/a2.jpg?resize=1050%2C600 3x"},"classes":[]},{"id":30728,"url":"http:\/\/www.grieta.org.mx\/index.php\/2019\/03\/08\/familiares-de-desaparecidos-se-manifiestan-en-aguascalientes\/","url_meta":{"origin":58967,"position":3},"title":"Familiares de desaparecidos se manifiestan en Aguascalientes","author":"grieta","date":"8 marzo, 2019","format":false,"excerpt":"En el posicionamiento se exigi\u00f3 al gobierno federal la actualizaci\u00f3n de bases de datos estatal y nacional que contenga la informaci\u00f3n y fotograf\u00eda de personas desaparecidas Karla M\u00e9ndez\/Exc\u00e9lsior AGUASCALIENTES, Aguascalientes. Durante la visita del Presidente Andr\u00e9s Manuel L\u00f3pez Obrador, familiares de personas desaparecidas se manifestaron en el evento \"La idea\u2026","rel":"","context":"En &quot;Aguascalientes&quot;","block_context":{"text":"Aguascalientes","link":"http:\/\/www.grieta.org.mx\/index.php\/category\/noticias-nacionales\/aguascalientes\/"},"img":{"alt_text":"","src":"https:\/\/i0.wp.com\/www.grieta.org.mx\/wp-content\/uploads\/2019\/03\/2111539.jpg?resize=350%2C200","width":350,"height":200,"srcset":"https:\/\/i0.wp.com\/www.grieta.org.mx\/wp-content\/uploads\/2019\/03\/2111539.jpg?resize=350%2C200 1x, https:\/\/i0.wp.com\/www.grieta.org.mx\/wp-content\/uploads\/2019\/03\/2111539.jpg?resize=525%2C300 1.5x"},"classes":[]},{"id":65077,"url":"http:\/\/www.grieta.org.mx\/index.php\/2022\/08\/31\/familiares-de-desaparecidos-se-manifiestan-en-aguascalientes-2\/","url_meta":{"origin":58967,"position":4},"title":"Familiares de desaparecidos se manifiestan en Aguascalientes","author":"grieta","date":"31 agosto, 2022","format":false,"excerpt":"Judith Gavl\u00e1n\/El Sol del centro 31 agosto 2022 Por el d\u00eda D\u00eda Internacional de las V\u00edctimas de Desapariciones Forzadas, algunos colectivos y familiares se re\u00fanen para conmemorar a los desaparecidos Familiares y colectivos de personas desaparecidas se manifestaron en Aguascalientes en la plaza principal, con motivo del D\u00eda Internacional de\u2026","rel":"","context":"En &quot;Aguascalientes&quot;","block_context":{"text":"Aguascalientes","link":"http:\/\/www.grieta.org.mx\/index.php\/category\/noticias-nacionales\/aguascalientes\/"},"img":{"alt_text":"","src":"https:\/\/i0.wp.com\/www.grieta.org.mx\/wp-content\/uploads\/2022\/09\/Manifestacion-PersonasDesaparecidas.jpg?resize=350%2C200","width":350,"height":200,"srcset":"https:\/\/i0.wp.com\/www.grieta.org.mx\/wp-content\/uploads\/2022\/09\/Manifestacion-PersonasDesaparecidas.jpg?resize=350%2C200 1x, https:\/\/i0.wp.com\/www.grieta.org.mx\/wp-content\/uploads\/2022\/09\/Manifestacion-PersonasDesaparecidas.jpg?resize=525%2C300 1.5x, https:\/\/i0.wp.com\/www.grieta.org.mx\/wp-content\/uploads\/2022\/09\/Manifestacion-PersonasDesaparecidas.jpg?resize=700%2C400 2x"},"classes":[]},{"id":54709,"url":"http:\/\/www.grieta.org.mx\/index.php\/2020\/08\/07\/colectivo-verdad-y-justicia-organiza-caravana-a-jalisco-aguascalientes\/","url_meta":{"origin":58967,"position":5},"title":"COLECTIVO VERDAD Y JUSTICIA ORGANIZA CARAVANA A JALISCO (Aguascalientes)","author":"grieta","date":"7 agosto, 2020","format":false,"excerpt":"Claudia Rodr\u00edguez Loera\/La Jornada Aguascalientes 7 agosto 2020 Familiares de desaparecidos exigir\u00e1n a autoridades jaliscienses reactiven investigaciones Son casos de 6 desaparecidos de Aguascalientes en Jalisco, y 3 m\u00e1s en comunidades l\u00edmite Con caravana, Colectivo Verdad y Justicia de Aguascalientes exigir\u00e1n se reactiven investigaciones en Jalisco relacionadas con personas desaparecidas\u2026","rel":"","context":"En &quot;Aguascalientes&quot;","block_context":{"text":"Aguascalientes","link":"http:\/\/www.grieta.org.mx\/index.php\/category\/noticias-nacionales\/aguascalientes\/"},"img":{"alt_text":"","src":"https:\/\/i0.wp.com\/www.grieta.org.mx\/wp-content\/uploads\/2020\/11\/verdad-y-justicia.jpg?resize=350%2C200","width":350,"height":200},"classes":[]}],"_links":{"self":[{"href":"http:\/\/www.grieta.org.mx\/index.php\/wp-json\/wp\/v2\/posts\/58967","targetHints":{"allow":["GET"]}}],"collection":[{"href":"http:\/\/www.grieta.org.mx\/index.php\/wp-json\/wp\/v2\/posts"}],"about":[{"href":"http:\/\/www.grieta.org.mx\/index.php\/wp-json\/wp\/v2\/types\/post"}],"author":[{"embeddable":true,"href":"http:\/\/www.grieta.org.mx\/index.php\/wp-json\/wp\/v2\/users\/2"}],"replies":[{"embeddable":true,"href":"http:\/\/www.grieta.org.mx\/index.php\/wp-json\/wp\/v2\/comments?post=58967"}],"version-history":[{"count":1,"href":"http:\/\/www.grieta.org.mx\/index.php\/wp-json\/wp\/v2\/posts\/58967\/revisions"}],"predecessor-version":[{"id":58968,"href":"http:\/\/www.grieta.org.mx\/index.php\/wp-json\/wp\/v2\/posts\/58967\/revisions\/58968"}],"wp:featuredmedia":[{"embeddable":true,"href":"http:\/\/www.grieta.org.mx\/index.php\/wp-json\/wp\/v2\/media\/58969"}],"wp:attachment":[{"href":"http:\/\/www.grieta.org.mx\/index.php\/wp-json\/wp\/v2\/media?parent=58967"}],"wp:term":[{"taxonomy":"category","embeddable":true,"href":"http:\/\/www.grieta.org.mx\/index.php\/wp-json\/wp\/v2\/categories?post=58967"},{"taxonomy":"post_tag","embeddable":true,"href":"http:\/\/www.grieta.org.mx\/index.php\/wp-json\/wp\/v2\/tags?post=58967"}],"curies":[{"name":"wp","href":"https:\/\/api.w.org\/{rel}","templated":true}]}}