{"id":58952,"date":"2021-04-23T21:24:17","date_gmt":"2021-04-24T02:24:17","guid":{"rendered":"https:\/\/www.grieta.org.mx\/?p=58952"},"modified":"2021-04-30T14:06:04","modified_gmt":"2021-04-30T19:06:04","slug":"onu-reconoce-desaparicion-forzada-de-roy-rivera-ordena-a-mexico-investigar-nuevo-leon","status":"publish","type":"post","link":"http:\/\/www.grieta.org.mx\/index.php\/2021\/04\/23\/onu-reconoce-desaparicion-forzada-de-roy-rivera-ordena-a-mexico-investigar-nuevo-leon\/","title":{"rendered":"ONU reconoce desaparici\u00f3n forzada de Roy Rivera, ordena a M\u00e9xico investigar (Nuevo Le\u00f3n)"},"content":{"rendered":"<p><strong>Cuando Roy Rivera fue v\u00edctima de desaparici\u00f3n forzada, Clara Luz Flores era presidenta municipal de Escobedo y Adri\u00e1n de la Garza era procurador de Justicia de Nuevo Le\u00f3n. Ahora ambos contienden por la gubernatura del estado.<\/strong><\/p>\n<p>Texto: Daniela Rea\/ PIEDE P\u00c4GINA<\/p>\n<p>CIUDAD DE M\u00c9XICO.- El 11 de enero del 2011, hombres armados que portaban chalecos de la polic\u00eda municipal de Escobedo Nuevo Le\u00f3n, sacaron al estudiante universitario Roy Rivera Hidalgo de su casa. Desde entonces, su madre Leticia Hidalgo, lo ha buscado en campo, en juzgados y en la justicia internacional.<\/p>\n<p>En enero del 2018 Leticia Hidalgo y el Centro Diocesano para los Derechos Humanos Fray Juan de Larios, que la acompa\u00f1a en su b\u00fasqueda, interpusieron una denuncia ante el Comit\u00e9 de Derechos Humanos de la ONU por la desaparici\u00f3n de Roy Rivera Hidalgo. Este pasado 21 de abril el organismo internacional emiti\u00f3 su resoluci\u00f3n:<\/p>\n<p>El estado mexicano es responsable de la desaparici\u00f3n de Roy y \u00e9sta califica como desaparici\u00f3n forzada porque el estado ten\u00eda conocimiento de los v\u00ednculos entre polic\u00edas y criminales, porque nunca investig\u00f3 el crimen, porque el tiempo en que Roy ha estado desaparecido la familia que le busca y le espera ha sido una tortura para ella.<\/p>\n<p>A 10 a\u00f1os de los hechos, la ONU \u00abnos da la raz\u00f3n sobre lo que durante a\u00f1os hemos gritando en un valle de impunidad y simulaci\u00f3n, en Nuevo Le\u00f3n, en todas sus instituciones, en la b\u00fasqueda de nuestro ser querido Roy Rivera. Con esto nos confirman que el estado s\u00ed sab\u00eda de la desaparici\u00f3n de Roy, que es responsable de la desaparici\u00f3n de Roy, que es responsable de no haber buscado ni investigado a Roy y que el estado tortura, porque es una tortura tener a un hijo desaparecido. Fue el estado y sigue siendo el estado\u201d, dijo Leticia Hidalgo, en una conferencia de prensa para anunciar la resoluci\u00f3n de la ONU.<\/p>\n<p>\u201cEl Comit\u00e9 considera que los hechos constituyen una desaparici\u00f3n forzada atribuible al estado mexicano es decir, Roy Rivera Hidalgo pudo ser desaparecido por el estado y contin\u00faa sin ser localizado por su propia irresponsabilidad\u201d, agreg\u00f3 Hidalgo.<\/p>\n<p><strong>Responsables de entonces, ahora van por gubernatura<\/strong><br \/>\nCuando Roy fue desaparecido Clara Luz Flores era presidenta municipal de Escobedo y Adri\u00e1n de la Garza era procurador de Justicia de Nuevo Le\u00f3n. Ahora ambos contienden por la gubernatura del estado.<\/p>\n<p>La familia Rivera Hidalgo tendr\u00e1 reuniones con el gobierno mexicano, particularmente con Olga S\u00e1nchez Cordero, titular de Segob, para trazar una ruta de trabajo y cumplimiento de las recomendaciones a autoridades estatales y federales.<\/p>\n<p>\u201cEl estado debe seguir busc\u00e1ndolo, encontrarlo y regresarlo a casa e investigar a quienes no investigaron, quienes permitieron la desaparici\u00f3n. Incluso, el Comit\u00e9 es muy enf\u00e1tico en como el estado mexicano y de Nuevo Le\u00f3n sab\u00eda de lo que estaba pasando, la vinculaci\u00f3n de agentes estatales vinculados con delincuencia organizada y no hicieron nada y adem\u00e1s de no haber hecho nada no investigaron y negaron el hecho y dejaron la carga de la prueba a la familia, algo que seguimos viendo ahora: son las familias quienes investigan\u201d, dijo Blanca Mart\u00ednez, directora del Centro Diocesano para los Derechos Humanos Fray Juan de Larios.<\/p>\n<p>La ONU afirm\u00f3 en su documento que la investigaci\u00f3n del contexto de las desapariciones es importante para prevenir futuras desapariciones y que est\u00e1 obligado a generar las condiciones de no repetici\u00f3n.<\/p>\n<p>La ONU se\u00f1al\u00f3 que el estado tiene la responsabilidad de la liberaci\u00f3n de Roy en caso de encontrarse con vida; en caso de que haya fallecido se entreguen sus restos mortales a sus familiares en condiciones dignas.<\/p>\n<p>Agreg\u00f3 que el estado mexicano est\u00e1 obligado a investigar y sancionar cualquier acci\u00f3n que haya podido entorpecer la b\u00fasqueda y localizaci\u00f3n de Roy Rivera Hidalgo; adem\u00e1s de proporcionar la informaci\u00f3n detallada de todos los resultados de su investigaci\u00f3n; de procesar y sancionar a las personas responsables de las acciones y de divulgar estas resoluciones.<\/p>\n<p>El estado mexicano debe dar una reparaci\u00f3n integral que incluya una indemnizaci\u00f3n as\u00ed como asistencia medica y psicol\u00f3gica y adoptar medidas para evitar que se cometan violaciones semejantes en el futuro.<\/p>\n<p><a href=\"https:\/\/piedepagina.mx\/onu-reconoce-desaparicion-forzada-de-roy-rivera-ordena-a-mexico-investigar\/\" target=\"_blank\" rel=\"noopener\">https:\/\/piedepagina.mx\/onu-reconoce-desaparicion-forzada-de-roy-rivera-ordena-a-mexico-investigar\/<\/a><\/p>\n","protected":false},"excerpt":{"rendered":"<p>Cuando Roy Rivera fue v\u00edctima de desaparici\u00f3n forzada, Clara Luz Flores era presidenta municipal de Escobedo y Adri\u00e1n de la Garza era procurador de Justicia de Nuevo Le\u00f3n. Ahora ambos &hellip; <a href=\"http:\/\/www.grieta.org.mx\/index.php\/2021\/04\/23\/onu-reconoce-desaparicion-forzada-de-roy-rivera-ordena-a-mexico-investigar-nuevo-leon\/\" class=\"more-link\">Leer m\u00e1s<\/a><\/p>\n","protected":false},"author":2,"featured_media":58953,"comment_status":"closed","ping_status":"closed","sticky":false,"template":"","format":"standard","meta":{"ngg_post_thumbnail":0,"_jetpack_newsletter_access":"","_jetpack_dont_email_post_to_subs":false,"_jetpack_newsletter_tier_id":0,"_jetpack_memberships_contains_paywalled_content":false,"_jetpack_memberships_contains_paid_content":false,"footnotes":""},"categories":[80,1043,2,24],"tags":[121,260,1668,3320,2422],"class_list":["post-58952","post","type-post","status-publish","format-standard","has-post-thumbnail","hentry","category-cintillo","category-desaparecidos-en-nuevo-leon","category-noticias-nacionales","category-nuevo-leon","tag-desaparecidos","tag-desaparicion-forzada","tag-familiares-de-desaparecidos","tag-onu","tag-policia-municipal","entry"],"jetpack_featured_media_url":"http:\/\/www.grieta.org.mx\/wp-content\/uploads\/2021\/04\/cuartoscuro_Roy_Rivera_hidalgo__digital.jpeg","jetpack_sharing_enabled":true,"jetpack_shortlink":"https:\/\/wp.me\/p7ZJR4-fkQ","jetpack_likes_enabled":false,"jetpack-related-posts":[{"id":19297,"url":"http:\/\/www.grieta.org.mx\/index.php\/2016\/08\/03\/empeora-situacion-de-victimas-de-desaparicion-en-nuevo-leon\/","url_meta":{"origin":58952,"position":0},"title":"Empeora situaci\u00f3n de v\u00edctimas de desaparici\u00f3n en Nuevo Le\u00f3n","author":"grieta","date":"3 agosto, 2016","format":false,"excerpt":"Aracely Chantaka Para los familiares de desaparecidos en la entidad, la situaci\u00f3n de atenci\u00f3n para sus casos ha empeorado por parte de la Procuradur\u00eda General de Justicia en el estado, en relaci\u00f3n con el sexenio anterior Monterrey, Nuevo Le\u00f3n.- Para los familiares de desaparecidos en la entidad, la situaci\u00f3n de\u2026","rel":"","context":"En &quot;CINTILLO&quot;","block_context":{"text":"CINTILLO","link":"http:\/\/www.grieta.org.mx\/index.php\/category\/cintillo\/"},"img":{"alt_text":"","src":"https:\/\/i0.wp.com\/www.grieta.org.mx\/wp-content\/uploads\/2018\/03\/14524434_1106112876131411_958039263622046936_o.jpg?resize=350%2C200","width":350,"height":200,"srcset":"https:\/\/i0.wp.com\/www.grieta.org.mx\/wp-content\/uploads\/2018\/03\/14524434_1106112876131411_958039263622046936_o.jpg?resize=350%2C200 1x, https:\/\/i0.wp.com\/www.grieta.org.mx\/wp-content\/uploads\/2018\/03\/14524434_1106112876131411_958039263622046936_o.jpg?resize=525%2C300 1.5x, https:\/\/i0.wp.com\/www.grieta.org.mx\/wp-content\/uploads\/2018\/03\/14524434_1106112876131411_958039263622046936_o.jpg?resize=700%2C400 2x"},"classes":[]},{"id":22125,"url":"http:\/\/www.grieta.org.mx\/index.php\/2018\/02\/19\/familiares-de-desaparecidos-reclaman-20-mdp-por-reparacion-a-la-procuraduria-de-nl\/","url_meta":{"origin":58952,"position":1},"title":"Familiares de desaparecidos reclaman 20 mdp por reparaci\u00f3n a la Procuradur\u00eda de NL","author":"grieta","date":"19 febrero, 2018","format":false,"excerpt":"Luciano Campos Garza MONTERREY, NL (apro).- Familiares de tres personas desaparecidas promovieron hoy un recurso para demandar de la Procuradur\u00eda estatal el pago de 20 millones de pesos, en conjunto, como reparaci\u00f3n por el da\u00f1o que la ausencia ha generado a parientes de las v\u00edctimas. Los desaparecidos son Nicol\u00e1s Flores\u2026","rel":"","context":"En &quot;CINTILLO&quot;","block_context":{"text":"CINTILLO","link":"http:\/\/www.grieta.org.mx\/index.php\/category\/cintillo\/"},"img":{"alt_text":"","src":"https:\/\/i0.wp.com\/www.grieta.org.mx\/wp-content\/uploads\/2018\/03\/14524434_1106112876131411_958039263622046936_o.jpg?resize=350%2C200","width":350,"height":200,"srcset":"https:\/\/i0.wp.com\/www.grieta.org.mx\/wp-content\/uploads\/2018\/03\/14524434_1106112876131411_958039263622046936_o.jpg?resize=350%2C200 1x, https:\/\/i0.wp.com\/www.grieta.org.mx\/wp-content\/uploads\/2018\/03\/14524434_1106112876131411_958039263622046936_o.jpg?resize=525%2C300 1.5x, https:\/\/i0.wp.com\/www.grieta.org.mx\/wp-content\/uploads\/2018\/03\/14524434_1106112876131411_958039263622046936_o.jpg?resize=700%2C400 2x"},"classes":[]},{"id":4893,"url":"http:\/\/www.grieta.org.mx\/index.php\/2016\/01\/10\/realizan-evento-en-memoria-de-desaparecidos-en-nl\/","url_meta":{"origin":58952,"position":2},"title":"Realizan evento en memoria de desaparecidos en NL","author":"grieta","date":"10 enero, 2016","format":false,"excerpt":"La Jornada Por Erick Mu\u00f1iz Monterrey, NL. La organizaci\u00f3n civil Fuerzas Unidas por Nuestros Desaparecidos en Nuevo Le\u00f3n (Fundenl) conmemor\u00f3 la tarde de este domingo los 5 a\u00f1os de la desaparici\u00f3n de Roy Rivera Hidalgo, y los 12 meses sin saber de Karina Oliva. Con un evento en el que\u2026","rel":"","context":"En &quot;Desaparecidos&quot;","block_context":{"text":"Desaparecidos","link":"http:\/\/www.grieta.org.mx\/index.php\/category\/temas-nacionales\/desaparecidos\/"},"img":{"alt_text":"","src":"https:\/\/i0.wp.com\/www.grieta.org.mx\/wp-content\/uploads\/2018\/03\/14524434_1106112876131411_958039263622046936_o.jpg?resize=350%2C200","width":350,"height":200,"srcset":"https:\/\/i0.wp.com\/www.grieta.org.mx\/wp-content\/uploads\/2018\/03\/14524434_1106112876131411_958039263622046936_o.jpg?resize=350%2C200 1x, https:\/\/i0.wp.com\/www.grieta.org.mx\/wp-content\/uploads\/2018\/03\/14524434_1106112876131411_958039263622046936_o.jpg?resize=525%2C300 1.5x, https:\/\/i0.wp.com\/www.grieta.org.mx\/wp-content\/uploads\/2018\/03\/14524434_1106112876131411_958039263622046936_o.jpg?resize=700%2C400 2x"},"classes":[]},{"id":5080,"url":"http:\/\/www.grieta.org.mx\/index.php\/2015\/11\/19\/en-nuevo-leon-173-casos-de-desaparicion-que-involucran-a-314-victimas\/","url_meta":{"origin":58952,"position":3},"title":"En Nuevo Le\u00f3n, 173 casos de desaparici\u00f3n que involucran a 314 v\u00edctimas","author":"grieta","date":"19 noviembre, 2015","format":false,"excerpt":"Desinform\u00e9monos Flor Goche En lo que va del sexenio de Enrique Pe\u00f1a Nieto, la organizaci\u00f3n Ciudadanos en Apoyo a los Derechos Humanos (Cadhac) ha documentado 173 casos de desaparici\u00f3n forzada o involuntaria de personas en Nuevo Le\u00f3n que involucran a 314 v\u00edctimas. De \u00e9stos, 142 son de desaparici\u00f3n y 31\u2026","rel":"","context":"En &quot;CINTILLO&quot;","block_context":{"text":"CINTILLO","link":"http:\/\/www.grieta.org.mx\/index.php\/category\/cintillo\/"},"img":{"alt_text":"","src":"https:\/\/i0.wp.com\/www.grieta.org.mx\/wp-content\/uploads\/2018\/03\/14524434_1106112876131411_958039263622046936_o.jpg?resize=350%2C200","width":350,"height":200,"srcset":"https:\/\/i0.wp.com\/www.grieta.org.mx\/wp-content\/uploads\/2018\/03\/14524434_1106112876131411_958039263622046936_o.jpg?resize=350%2C200 1x, https:\/\/i0.wp.com\/www.grieta.org.mx\/wp-content\/uploads\/2018\/03\/14524434_1106112876131411_958039263622046936_o.jpg?resize=525%2C300 1.5x, https:\/\/i0.wp.com\/www.grieta.org.mx\/wp-content\/uploads\/2018\/03\/14524434_1106112876131411_958039263622046936_o.jpg?resize=700%2C400 2x"},"classes":[]},{"id":48961,"url":"http:\/\/www.grieta.org.mx\/index.php\/2020\/05\/12\/demanda-fundenl-que-siga-viva-su-lucha-y-alcanzar-justicia-nuevo-leon\/","url_meta":{"origin":58952,"position":4},"title":"Demanda FUNDENL que siga viva su lucha y alcanzar justicia (Nuevo Le\u00f3n)","author":"grieta","date":"12 mayo, 2020","format":false,"excerpt":"Al sentirse olvidados por las autoridades de justicia. EL PORVENIR Al sentirse olvidados por las autoridades de justicia, integrantes de la Fundaci\u00f3n de FUNDENL, en b\u00fasqueda por los desparecidos, demandan que sus lucha siga viva, en especial por la fe de que se les haga justicia. En este tema Lety\u2026","rel":"","context":"En &quot;CINTILLO&quot;","block_context":{"text":"CINTILLO","link":"http:\/\/www.grieta.org.mx\/index.php\/category\/cintillo\/"},"img":{"alt_text":"","src":"https:\/\/i0.wp.com\/www.grieta.org.mx\/wp-content\/uploads\/2020\/05\/cover8.jpg?resize=350%2C200","width":350,"height":200,"srcset":"https:\/\/i0.wp.com\/www.grieta.org.mx\/wp-content\/uploads\/2020\/05\/cover8.jpg?resize=350%2C200 1x, https:\/\/i0.wp.com\/www.grieta.org.mx\/wp-content\/uploads\/2020\/05\/cover8.jpg?resize=525%2C300 1.5x, https:\/\/i0.wp.com\/www.grieta.org.mx\/wp-content\/uploads\/2020\/05\/cover8.jpg?resize=700%2C400 2x, https:\/\/i0.wp.com\/www.grieta.org.mx\/wp-content\/uploads\/2020\/05\/cover8.jpg?resize=1050%2C600 3x"},"classes":[]},{"id":53059,"url":"http:\/\/www.grieta.org.mx\/index.php\/2020\/09\/05\/mega-busqueda-en-nl-restos-de-ropa-campamentos-radiofrecuencias\/","url_meta":{"origin":58952,"position":5},"title":"Mega b\u00fasqueda en NL: restos de ropa, campamentos, radiofrecuencias","author":"grieta","date":"5 septiembre, 2020","format":false,"excerpt":"Durante cinco d\u00edas autoridades y familiares de desaparecidos realizaron una b\u00fasqueda de personas desaparecidas en la Sierra Madre Oriental, en un estado donde se espera a casi 5 ausentes Texto: Daniela Rea\/ Fotos: Claudia Mu\u00f1iz y Ang\u00e9lica orozco\/ PIE DE P\u00c1GINA El pasado 30 de agosto, el D\u00eda internacional de\u2026","rel":"","context":"En &quot;CINTILLO&quot;","block_context":{"text":"CINTILLO","link":"http:\/\/www.grieta.org.mx\/index.php\/category\/cintillo\/"},"img":{"alt_text":"","src":"https:\/\/i0.wp.com\/www.grieta.org.mx\/wp-content\/uploads\/2020\/09\/Busqueda_Perosnas_NLeon_Claudia_Mun%CC%83iz_2-1.jpg?resize=350%2C200","width":350,"height":200,"srcset":"https:\/\/i0.wp.com\/www.grieta.org.mx\/wp-content\/uploads\/2020\/09\/Busqueda_Perosnas_NLeon_Claudia_Mun%CC%83iz_2-1.jpg?resize=350%2C200 1x, https:\/\/i0.wp.com\/www.grieta.org.mx\/wp-content\/uploads\/2020\/09\/Busqueda_Perosnas_NLeon_Claudia_Mun%CC%83iz_2-1.jpg?resize=525%2C300 1.5x, https:\/\/i0.wp.com\/www.grieta.org.mx\/wp-content\/uploads\/2020\/09\/Busqueda_Perosnas_NLeon_Claudia_Mun%CC%83iz_2-1.jpg?resize=700%2C400 2x"},"classes":[]}],"_links":{"self":[{"href":"http:\/\/www.grieta.org.mx\/index.php\/wp-json\/wp\/v2\/posts\/58952","targetHints":{"allow":["GET"]}}],"collection":[{"href":"http:\/\/www.grieta.org.mx\/index.php\/wp-json\/wp\/v2\/posts"}],"about":[{"href":"http:\/\/www.grieta.org.mx\/index.php\/wp-json\/wp\/v2\/types\/post"}],"author":[{"embeddable":true,"href":"http:\/\/www.grieta.org.mx\/index.php\/wp-json\/wp\/v2\/users\/2"}],"replies":[{"embeddable":true,"href":"http:\/\/www.grieta.org.mx\/index.php\/wp-json\/wp\/v2\/comments?post=58952"}],"version-history":[{"count":1,"href":"http:\/\/www.grieta.org.mx\/index.php\/wp-json\/wp\/v2\/posts\/58952\/revisions"}],"predecessor-version":[{"id":59085,"href":"http:\/\/www.grieta.org.mx\/index.php\/wp-json\/wp\/v2\/posts\/58952\/revisions\/59085"}],"wp:featuredmedia":[{"embeddable":true,"href":"http:\/\/www.grieta.org.mx\/index.php\/wp-json\/wp\/v2\/media\/58953"}],"wp:attachment":[{"href":"http:\/\/www.grieta.org.mx\/index.php\/wp-json\/wp\/v2\/media?parent=58952"}],"wp:term":[{"taxonomy":"category","embeddable":true,"href":"http:\/\/www.grieta.org.mx\/index.php\/wp-json\/wp\/v2\/categories?post=58952"},{"taxonomy":"post_tag","embeddable":true,"href":"http:\/\/www.grieta.org.mx\/index.php\/wp-json\/wp\/v2\/tags?post=58952"}],"curies":[{"name":"wp","href":"https:\/\/api.w.org\/{rel}","templated":true}]}}