{"id":58892,"date":"2021-04-21T00:00:32","date_gmt":"2021-04-21T05:00:32","guid":{"rendered":"https:\/\/www.grieta.org.mx\/?p=58892"},"modified":"2021-04-22T00:17:16","modified_gmt":"2021-04-22T05:17:16","slug":"con-tumbas-de-animales-en-peligro-de-extincion-se-oponen-a-puente-ciudad-de-mexico","status":"publish","type":"post","link":"http:\/\/www.grieta.org.mx\/index.php\/2021\/04\/21\/con-tumbas-de-animales-en-peligro-de-extincion-se-oponen-a-puente-ciudad-de-mexico\/","title":{"rendered":"Con tumbas de animales en peligro de extinci\u00f3n, se oponen a puente (Ciudad de M\u00e9xico)"},"content":{"rendered":"<p>Jon\u00e1s L\u00f3pez \/ Excelsior<\/p>\n<p>Foto tomada de: Excelsior<\/p>\n<h2 class=\"node-summary\">Los inconformes con el puente vehicular que se construye en Perif\u00e9rico oriente y Canal Nacional, montar\u00e1n guardia en espera de la sentencia<\/h2>\n<p>Activistas pernoctar\u00e1n frente al D\u00e9cimo Quinto Tribunal Colegiado esperando que el viernes emita una suspensi\u00f3n definitiva de las obras de construcci\u00f3n del puente vehicular que el Gobierno de la Ciudad de M\u00e9xico construye en Perif\u00e9rico oriente y Canal Nacional.<\/p>\n<p>Valeria Hern\u00e1ndez, de la Coordinaci\u00f3n de Pueblos, Barrios Originarios y Colonias de Xochimilco, inform\u00f3 que el viernes est\u00e1 programado que el tribunal emita una resoluci\u00f3n.<\/p>\n<p>Confi\u00f3 en que los magistrados emitan una resoluci\u00f3n <strong>favorable<\/strong> a la conservaci\u00f3n del humedal de Xochimilco.<\/p>\n<p>\u201cEsperamos que sea una sentencia favorable para el humedal, la magistrada nos ha comentado que van a revisar todos los documentos y que tendr\u00eda que estar todo en orden, entonces, esperamos que en esta ocasi\u00f3n s\u00ed hagan caso de todas las situaciones que ha habido, las faltas que ha habido por parte del Gobierno de la Ciudad de M\u00e9xico y de la Secretar\u00eda del Medio Ambiente, principalmente. Estamos esperando una <strong>cancelaci\u00f3n<\/strong> del puente vehicular\u201d, se\u00f1al\u00f3.<\/p>\n<p>El plan de acci\u00f3n de los activistas es llegar a partir de este jueves a las 21:00 horas a instalar un campamento frente a la sede del tribunal ubicado en Perif\u00e9rico sur, entre Las Flores y Altavista, pernoctar en el sitio y esperar la sentencia que se estima se emita al mediod\u00eda del viernes.<\/p>\n<p>Este mi\u00e9rcoles, realizaron una actividad de protesta frente al tribunal, colocaron mantas e instalaron tumbas con aserr\u00edn en donde <strong>colocaron algunas de las especies animales<\/strong> que consideran est\u00e1n en peligro.<\/p>\n<p>El puente vehicular ya tiene un avance superior al 83 por ciento, como inform\u00f3<strong>Exc\u00e9lsior<\/strong> la semana pasada.<\/p>\n<p><a href=\"https:\/\/www.excelsior.com.mx\/comunidad\/con-tumbas-de-animales-en-peligro-de-extincion-se-oponen-a-puente\/1444493\" target=\"_blank\" rel=\"noopener\">https:\/\/www.excelsior.com.mx\/comunidad\/con-tumbas-de-animales-en-peligro-de-extincion-se-oponen-a-puente\/1444493<\/a><\/p>\n<p>&nbsp;<\/p>\n","protected":false},"excerpt":{"rendered":"<p>Jon\u00e1s L\u00f3pez \/ Excelsior Foto tomada de: Excelsior Los inconformes con el puente vehicular que se construye en Perif\u00e9rico oriente y Canal Nacional, montar\u00e1n guardia en espera de la sentencia &hellip; <a href=\"http:\/\/www.grieta.org.mx\/index.php\/2021\/04\/21\/con-tumbas-de-animales-en-peligro-de-extincion-se-oponen-a-puente-ciudad-de-mexico\/\" class=\"more-link\">Leer m\u00e1s<\/a><\/p>\n","protected":false},"author":2,"featured_media":58893,"comment_status":"closed","ping_status":"closed","sticky":false,"template":"","format":"standard","meta":{"ngg_post_thumbnail":0,"_jetpack_newsletter_access":"","_jetpack_dont_email_post_to_subs":false,"_jetpack_newsletter_tier_id":0,"_jetpack_memberships_contains_paywalled_content":false,"_jetpack_memberships_contains_paid_content":false,"footnotes":""},"categories":[80,14,3012,1278,922,2065,928,2,83],"tags":[223,96],"class_list":["post-58892","post","type-post","status-publish","format-standard","has-post-thumbnail","hentry","category-cintillo","category-ciudad-de-mexico","category-despojo-de-tierras-en-la-ciudad-de-mexico","category-despojo-de-tierras-y-territorios","category-megaproyectos-estados","category-movilizaciones-y-protestas-de-habitantes-de-la-ciudad-de-mexico","category-mp-ciudad-de-mexico","category-noticias-nacionales","category-temas-nacionales","tag-ecocidio","tag-megaproyectos","entry"],"jetpack_featured_media_url":"http:\/\/www.grieta.org.mx\/wp-content\/uploads\/2021\/04\/Con-tumbas-de-animales-en-peligro-de-extincion-se-oponen-a-puente-cdmx-abr.jpg","jetpack_sharing_enabled":true,"jetpack_shortlink":"https:\/\/wp.me\/p7ZJR4-fjS","jetpack_likes_enabled":false,"jetpack-related-posts":[{"id":50424,"url":"http:\/\/www.grieta.org.mx\/index.php\/2020\/06\/03\/juez-da-luz-verde-para-continuar-con-la-construccion-del-puente-vehicular-de-xochimilco-ciudad-de-mexico\/","url_meta":{"origin":58892,"position":0},"title":"Juez da luz verde para continuar con la construcci\u00f3n del puente vehicular de Xochimilco (Ciudad de M\u00e9xico)","author":"grieta","date":"3 junio, 2020","format":false,"excerpt":"Protesta contra la construcci\u00f3n del puente vehicular en Xochimilco. Foto: Twitter @XochimilcoVivo Sara Pantoja \/ Proceso CIUDAD DE M\u00c9XICO (apro).- El Juzgado Quinto de Distrito en Materia Administrativa determin\u00f3 que la construcci\u00f3n del puente vehicular de Perif\u00e9rico Sur y Canal Nacional \u2013impugnada por habitantes de la alcald\u00eda Xochimilco\u2013 puede continuar.\u2026","rel":"","context":"En &quot;CINTILLO&quot;","block_context":{"text":"CINTILLO","link":"http:\/\/www.grieta.org.mx\/index.php\/category\/cintillo\/"},"img":{"alt_text":"","src":"https:\/\/i0.wp.com\/www.grieta.org.mx\/wp-content\/uploads\/2020\/06\/Juez-da-luz-verde-para-continuar-con-la-construcci%C3%B3n-del-puente-vehicular-de-Xochimilco-cdmx-jun.jpg?resize=350%2C200","width":350,"height":200,"srcset":"https:\/\/i0.wp.com\/www.grieta.org.mx\/wp-content\/uploads\/2020\/06\/Juez-da-luz-verde-para-continuar-con-la-construcci%C3%B3n-del-puente-vehicular-de-Xochimilco-cdmx-jun.jpg?resize=350%2C200 1x, https:\/\/i0.wp.com\/www.grieta.org.mx\/wp-content\/uploads\/2020\/06\/Juez-da-luz-verde-para-continuar-con-la-construcci%C3%B3n-del-puente-vehicular-de-Xochimilco-cdmx-jun.jpg?resize=525%2C300 1.5x, https:\/\/i0.wp.com\/www.grieta.org.mx\/wp-content\/uploads\/2020\/06\/Juez-da-luz-verde-para-continuar-con-la-construcci%C3%B3n-del-puente-vehicular-de-Xochimilco-cdmx-jun.jpg?resize=700%2C400 2x"},"classes":[]},{"id":57811,"url":"http:\/\/www.grieta.org.mx\/index.php\/2021\/03\/21\/ciclistas-denuncian-agresiones-durante-protesta-yoprotejoelhumedal-en-xochimilco-ciudad-de-mexico\/","url_meta":{"origin":58892,"position":1},"title":"Ciclistas denuncian agresiones durante protesta #YoProtejoElHumedal, en Xochimilco (Ciudad de M\u00e9xico)","author":"grieta","date":"21 marzo, 2021","format":false,"excerpt":"Animal Pol\u00edtico Ciclistas de la \u2018Rodada Sonidera\u2019 denunciaron ser agredidos durante la protesta #YoProtejoElHumedal, contra la construcci\u00f3n de un puente vial en la zona de Cuemanco, Xochimilco. Ciclistas denunciaron ser agredidos por personas vestidas de civil, en presencia policiaca, mientras protestaban contra la construcci\u00f3n de un puente vehicular en la\u2026","rel":"","context":"En &quot;Abuso policiaco y tortura en la Ciudad de M\u00e9xico&quot;","block_context":{"text":"Abuso policiaco y tortura en la Ciudad de M\u00e9xico","link":"http:\/\/www.grieta.org.mx\/index.php\/category\/noticias-nacionales\/ciudad-de-mexico\/abuso-policiaco-y-tortura-en-la-ciudad-de-mexico\/"},"img":{"alt_text":"","src":"https:\/\/i0.wp.com\/www.grieta.org.mx\/wp-content\/uploads\/2021\/03\/Ciclistas-denuncian-agresiones-durante-protesta-YoProtejoElHumedal-en-Xochimilco-cdmx-mzo.jpeg?resize=350%2C200","width":350,"height":200,"srcset":"https:\/\/i0.wp.com\/www.grieta.org.mx\/wp-content\/uploads\/2021\/03\/Ciclistas-denuncian-agresiones-durante-protesta-YoProtejoElHumedal-en-Xochimilco-cdmx-mzo.jpeg?resize=350%2C200 1x, https:\/\/i0.wp.com\/www.grieta.org.mx\/wp-content\/uploads\/2021\/03\/Ciclistas-denuncian-agresiones-durante-protesta-YoProtejoElHumedal-en-Xochimilco-cdmx-mzo.jpeg?resize=525%2C300 1.5x, https:\/\/i0.wp.com\/www.grieta.org.mx\/wp-content\/uploads\/2021\/03\/Ciclistas-denuncian-agresiones-durante-protesta-YoProtejoElHumedal-en-Xochimilco-cdmx-mzo.jpeg?resize=700%2C400 2x, https:\/\/i0.wp.com\/www.grieta.org.mx\/wp-content\/uploads\/2021\/03\/Ciclistas-denuncian-agresiones-durante-protesta-YoProtejoElHumedal-en-Xochimilco-cdmx-mzo.jpeg?resize=1050%2C600 3x, https:\/\/i0.wp.com\/www.grieta.org.mx\/wp-content\/uploads\/2021\/03\/Ciclistas-denuncian-agresiones-durante-protesta-YoProtejoElHumedal-en-Xochimilco-cdmx-mzo.jpeg?resize=1400%2C800 4x"},"classes":[]},{"id":40146,"url":"http:\/\/www.grieta.org.mx\/index.php\/2019\/10\/11\/el-movimiento-vecinal-de-tlalpan-con-apoyo-de-la-asamblea-general-de-la-enah-bloqueo-periferico-sur-para-demandar-seguridad-cumplimiento-y-la-colocacion-inmediata-del-puente-para-la-carrasco-ciudad\/","url_meta":{"origin":58892,"position":2},"title":"El Movimiento Vecinal de Tlalpan con apoyo de la Asamblea General de la ENAH bloque\u00f3 Perif\u00e9rico sur para demandar seguridad, cumplimiento y la colocaci\u00f3n inmediata del puente para la Carrasco. (Ciudad de M\u00e9xico)","author":"grieta","date":"11 octubre, 2019","format":false,"excerpt":"Radio Zapote El Movimiento Vecinal de Tlalpan con apoyo de la Asamblea General de la ENAH, como fue aprobado por la comunidad en la ultima sesi\u00f3n, aplicaron un bloqueo del Perif\u00e9rico de lado sur para demandar seguridad, cumplimiento y la colocaci\u00f3n inmediata del puente para la Carrasco. Vecinos y estudiantes\u2026","rel":"","context":"En &quot;CINTILLO&quot;","block_context":{"text":"CINTILLO","link":"http:\/\/www.grieta.org.mx\/index.php\/category\/cintillo\/"},"img":{"alt_text":"","src":"https:\/\/i0.wp.com\/www.grieta.org.mx\/wp-content\/uploads\/2019\/10\/movimiento-tlalpan1-octcdmx.jpg?resize=350%2C200","width":350,"height":200,"srcset":"https:\/\/i0.wp.com\/www.grieta.org.mx\/wp-content\/uploads\/2019\/10\/movimiento-tlalpan1-octcdmx.jpg?resize=350%2C200 1x, https:\/\/i0.wp.com\/www.grieta.org.mx\/wp-content\/uploads\/2019\/10\/movimiento-tlalpan1-octcdmx.jpg?resize=525%2C300 1.5x, https:\/\/i0.wp.com\/www.grieta.org.mx\/wp-content\/uploads\/2019\/10\/movimiento-tlalpan1-octcdmx.jpg?resize=700%2C400 2x"},"classes":[]},{"id":43065,"url":"http:\/\/www.grieta.org.mx\/index.php\/2020\/01\/13\/vecinos-lanzan-un-sos-alertan-que-gobierno-construira-puente-en-area-protegida-de-xochimilco-ciudad-de-mexico\/","url_meta":{"origin":58892,"position":3},"title":"Vecinos lanzan un SOS: alertan que Gobierno construir\u00e1 puente en \u00c1rea Protegida de Xochimilco (Ciudad de M\u00e9xico)","author":"grieta","date":"13 enero, 2020","format":false,"excerpt":"\u00c1rea Natural de Xochimilco , el Perif\u00e9rico Sur y el su camell\u00f3n que alberga canales y \u00e1rboles end\u00e9micos como los ahuejotes En el lugar descender\u00e1 el distribuidor vial. Foto: Xochimilco Vivo. Montserrat Ant\u00fanez Estrada \/ Sin Embargo La construcci\u00f3n de un puente vehicular que pasar\u00e1 por Xochimilco, en la Ciudad\u2026","rel":"","context":"En &quot;CINTILLO&quot;","block_context":{"text":"CINTILLO","link":"http:\/\/www.grieta.org.mx\/index.php\/category\/cintillo\/"},"img":{"alt_text":"","src":"https:\/\/i0.wp.com\/www.grieta.org.mx\/wp-content\/uploads\/2020\/01\/Vecinos-lanzan-un-SOS-alertan-que-Gobierno-construir%C3%A1-puente-en-%C3%81rea-Protegida-de-Xochimilco-cdmx-ene.jpg?resize=350%2C200","width":350,"height":200,"srcset":"https:\/\/i0.wp.com\/www.grieta.org.mx\/wp-content\/uploads\/2020\/01\/Vecinos-lanzan-un-SOS-alertan-que-Gobierno-construir%C3%A1-puente-en-%C3%81rea-Protegida-de-Xochimilco-cdmx-ene.jpg?resize=350%2C200 1x, https:\/\/i0.wp.com\/www.grieta.org.mx\/wp-content\/uploads\/2020\/01\/Vecinos-lanzan-un-SOS-alertan-que-Gobierno-construir%C3%A1-puente-en-%C3%81rea-Protegida-de-Xochimilco-cdmx-ene.jpg?resize=525%2C300 1.5x, https:\/\/i0.wp.com\/www.grieta.org.mx\/wp-content\/uploads\/2020\/01\/Vecinos-lanzan-un-SOS-alertan-que-Gobierno-construir%C3%A1-puente-en-%C3%81rea-Protegida-de-Xochimilco-cdmx-ene.jpg?resize=700%2C400 2x, https:\/\/i0.wp.com\/www.grieta.org.mx\/wp-content\/uploads\/2020\/01\/Vecinos-lanzan-un-SOS-alertan-que-Gobierno-construir%C3%A1-puente-en-%C3%81rea-Protegida-de-Xochimilco-cdmx-ene.jpg?resize=1050%2C600 3x"},"classes":[]},{"id":60760,"url":"http:\/\/www.grieta.org.mx\/index.php\/2021\/07\/23\/policias-agreden-a-manifestantes-durante-protesta-yoprotejoelhumedal-de-xochimilco\/","url_meta":{"origin":58892,"position":4},"title":"Polic\u00edas agreden a manifestantes durante protesta #YoProtejoElHumedal de Xochimilco","author":"grieta","date":"23 julio, 2021","format":false,"excerpt":"Los manifestantes comenzaron a gritar \u201c\u00a1Queremos soluci\u00f3n, no a la represi\u00f3n!\", y dieron a conocer su indignaci\u00f3n por la forma en la que la polic\u00eda proteg\u00eda m\u00e1s una avenida. Andrea Vega\/ ANIMAL POL\u00cdTICO Redacci\u00f3n ANIMAL POL\u00cdTICO Un grupo de manifestantes, la mayor\u00eda integrantes de la Coordinaci\u00f3n de Pueblos de Xochimilco,\u2026","rel":"","context":"En &quot;CINTILLO&quot;","block_context":{"text":"CINTILLO","link":"http:\/\/www.grieta.org.mx\/index.php\/category\/cintillo\/"},"img":{"alt_text":"","src":"https:\/\/i0.wp.com\/www.grieta.org.mx\/wp-content\/uploads\/2021\/07\/humedal.jpg?resize=350%2C200","width":350,"height":200,"srcset":"https:\/\/i0.wp.com\/www.grieta.org.mx\/wp-content\/uploads\/2021\/07\/humedal.jpg?resize=350%2C200 1x, https:\/\/i0.wp.com\/www.grieta.org.mx\/wp-content\/uploads\/2021\/07\/humedal.jpg?resize=525%2C300 1.5x, https:\/\/i0.wp.com\/www.grieta.org.mx\/wp-content\/uploads\/2021\/07\/humedal.jpg?resize=700%2C400 2x, https:\/\/i0.wp.com\/www.grieta.org.mx\/wp-content\/uploads\/2021\/07\/humedal.jpg?resize=1050%2C600 3x"},"classes":[]},{"id":25160,"url":"http:\/\/www.grieta.org.mx\/index.php\/2018\/07\/27\/ante-los-oidos-sordos-del-delegado-de-coyoacan-e-inoperancia-de-los-funcionarios-capitalinos-vecinos-realizan-clausura-ciudadana-de-tres-megaconstrucciones-ciudad-de-mexico\/","url_meta":{"origin":58892,"position":5},"title":"Ante los o\u00eddos sordos del delegado de Coyoac\u00e1n, vecinos realizan clausura ciudadana de tres megaconstrucciones (Ciudad de M\u00e9xico)","author":"grieta","date":"27 julio, 2018","format":false,"excerpt":"COLECTIVO GRIETA Hartos de las afectaciones causadas por las obras de Mantik Pedregal, BeGrand y City Express y por la nula respuesta a sus quejas del jefe delegacional saliente, Edgar Jim\u00e9nez Santill\u00e1n, y su directora general de obras, la ma\u00f1ana del viernes 20 de julio vecinos de varias colonias de\u2026","rel":"","context":"En &quot;CINTILLO&quot;","block_context":{"text":"CINTILLO","link":"http:\/\/www.grieta.org.mx\/index.php\/category\/cintillo\/"},"img":{"alt_text":"","src":"https:\/\/i0.wp.com\/www.grieta.org.mx\/wp-content\/uploads\/2018\/07\/Mani-1.jpg?resize=350%2C200","width":350,"height":200,"srcset":"https:\/\/i0.wp.com\/www.grieta.org.mx\/wp-content\/uploads\/2018\/07\/Mani-1.jpg?resize=350%2C200 1x, https:\/\/i0.wp.com\/www.grieta.org.mx\/wp-content\/uploads\/2018\/07\/Mani-1.jpg?resize=525%2C300 1.5x, https:\/\/i0.wp.com\/www.grieta.org.mx\/wp-content\/uploads\/2018\/07\/Mani-1.jpg?resize=700%2C400 2x, https:\/\/i0.wp.com\/www.grieta.org.mx\/wp-content\/uploads\/2018\/07\/Mani-1.jpg?resize=1050%2C600 3x"},"classes":[]}],"_links":{"self":[{"href":"http:\/\/www.grieta.org.mx\/index.php\/wp-json\/wp\/v2\/posts\/58892","targetHints":{"allow":["GET"]}}],"collection":[{"href":"http:\/\/www.grieta.org.mx\/index.php\/wp-json\/wp\/v2\/posts"}],"about":[{"href":"http:\/\/www.grieta.org.mx\/index.php\/wp-json\/wp\/v2\/types\/post"}],"author":[{"embeddable":true,"href":"http:\/\/www.grieta.org.mx\/index.php\/wp-json\/wp\/v2\/users\/2"}],"replies":[{"embeddable":true,"href":"http:\/\/www.grieta.org.mx\/index.php\/wp-json\/wp\/v2\/comments?post=58892"}],"version-history":[{"count":1,"href":"http:\/\/www.grieta.org.mx\/index.php\/wp-json\/wp\/v2\/posts\/58892\/revisions"}],"predecessor-version":[{"id":58896,"href":"http:\/\/www.grieta.org.mx\/index.php\/wp-json\/wp\/v2\/posts\/58892\/revisions\/58896"}],"wp:featuredmedia":[{"embeddable":true,"href":"http:\/\/www.grieta.org.mx\/index.php\/wp-json\/wp\/v2\/media\/58893"}],"wp:attachment":[{"href":"http:\/\/www.grieta.org.mx\/index.php\/wp-json\/wp\/v2\/media?parent=58892"}],"wp:term":[{"taxonomy":"category","embeddable":true,"href":"http:\/\/www.grieta.org.mx\/index.php\/wp-json\/wp\/v2\/categories?post=58892"},{"taxonomy":"post_tag","embeddable":true,"href":"http:\/\/www.grieta.org.mx\/index.php\/wp-json\/wp\/v2\/tags?post=58892"}],"curies":[{"name":"wp","href":"https:\/\/api.w.org\/{rel}","templated":true}]}}