{"id":5887,"date":"2016-08-19T09:08:34","date_gmt":"2016-08-19T14:08:34","guid":{"rendered":"http:\/\/50.22.11.12\/~grietaor\/?p=5887"},"modified":"2016-08-19T09:10:27","modified_gmt":"2016-08-19T14:10:27","slug":"feminicidios-en-guanajuato","status":"publish","type":"post","link":"http:\/\/www.grieta.org.mx\/index.php\/2016\/08\/19\/feminicidios-en-guanajuato\/","title":{"rendered":"Feminicidios en Guanajuato"},"content":{"rendered":"<p><strong>18\/08\/2016. <\/strong><a href=\"http:\/\/www.grieta.org.mx\/index.php\/2016\/08\/18\/encabeza-leon-feminicidios-en-guanajuato\">Encabeza Le\u00f3n feminicidios en Guanajuato<\/a><br \/>\n<em>Reforma<\/em><\/p>\n<p><strong>20\/06\/2016. <\/strong><a href=\"http:\/\/www.grieta.org.mx\/index.php\/2016\/06\/20\/piden-alerta-de-genero-en-guanajuato\/\">Piden alerta de g\u00e9nero en Guanajuato<\/a><br \/>\n<em>am<\/em><\/p>\n<p><strong>03\/02\/2016. <\/strong><a href=\"http:\/\/grieta.org.mx\/index.php\/2016\/02\/04\/aumentan-los-feminicidios-en-guanajuato\/\">Aumentan los feminicidios en Guanajuato<\/a><br \/>\n<em>Zona Franca<\/em><\/p>\n<p><strong>28\/11\/2015. <\/strong><a href=\"http:\/\/grieta.org.mx\/index.php\/2015\/11\/28\/suman-79-feminicidios-en-guanajuato\/\">Suman 79 Feminicidios en Guanajuato<\/a><br \/>\n<em>Kuali<\/em><\/p>\n<p><strong>20\/09\/2015. <\/strong><a href=\"http:\/\/grieta.org.mx\/index.php\/2015\/09\/20\/marchan-en-guanajuato-exigiendo-poner-fin-a-violencia-contra-las-mujeres\/\">Marchan en Guanajuato exigiendo poner fin a violencia contra las mujeres<\/a><br \/>\n<em>Zona Franca<\/em><\/p>\n<p><strong>19\/07\/2015. <\/strong><a href=\"http:\/\/grieta.org.mx\/index.php\/2015\/07\/19\/mujeres-en-guanajuato-marchan-en-contra-de-la-violencia-de-genero\/\">Mujeres en Guanajuato marchan en contra de la violencia de g\u00e9nero<\/a><br \/>\n<em>AM<\/em><\/p>\n<p><strong>13\/07\/2015. <\/strong><a href=\"http:\/\/grieta.org.mx\/index.php\/2015\/07\/13\/registra-2015-alza-en-violencia-de-genero-en-guanajuato-45-asesinatos-de-mujeres-en-lo-que-va-del-ano\/\">Registra 2015 alza en violencia de g\u00e9nero en Guanajuato: 45 asesinatos de mujeres en lo que va del a\u00f1o<\/a><br \/>\n<em>Zona Franca<\/em><\/p>\n<p><strong>10\/07\/2015. <\/strong><a href=\"http:\/\/grieta.org.mx\/index.php\/2015\/07\/10\/guanajuato-tres-feminicidios-en-48-horas-suman-40-este-ano\/\">Guanajuato: tres feminicidios en 48 horas; suman 40 este a\u00f1o <\/a><br  \/><em>La Jornada<\/em><br  \/><\/p>\n<p><strong>18\/04\/2015. <\/strong><a href=\"http:\/\/grieta.org.mx\/index.php\/2015\/04\/18\/matan-a-23-mujeres-en-guanajuato-en-lo-que-va-del-ano\/\">Matan a 23 mujeres en lo que va del a\u00f1o<\/a><br  \/><em>AM<\/em><br  \/><\/p>\n","protected":false},"excerpt":{"rendered":"<p>18\/08\/2016. Encabeza Le\u00f3n feminicidios en Guanajuato Reforma 20\/06\/2016. Piden alerta de g\u00e9nero en Guanajuato am 03\/02\/2016. Aumentan los feminicidios en Guanajuato Zona Franca 28\/11\/2015. Suman 79 Feminicidios en Guanajuato Kuali &hellip; <a href=\"http:\/\/www.grieta.org.mx\/index.php\/2016\/08\/19\/feminicidios-en-guanajuato\/\" class=\"more-link\">Leer m\u00e1s<\/a><\/p>\n","protected":false},"author":2,"featured_media":21928,"comment_status":"closed","ping_status":"open","sticky":false,"template":"","format":"standard","meta":{"ngg_post_thumbnail":0,"_jetpack_newsletter_access":"","_jetpack_dont_email_post_to_subs":false,"_jetpack_newsletter_tier_id":0,"_jetpack_memberships_contains_paywalled_content":false,"_jetpack_memberships_contains_paid_content":false,"footnotes":""},"categories":[84,17,2],"tags":[81],"class_list":["post-5887","post","type-post","status-publish","format-standard","has-post-thumbnail","hentry","category-feminicidios","category-guanajuato","category-noticias-nacionales","tag-feminicidios","entry"],"jetpack_featured_media_url":"http:\/\/www.grieta.org.mx\/wp-content\/uploads\/2018\/03\/14524434_1106112876131411_958039263622046936_o.jpg","jetpack_sharing_enabled":true,"jetpack_shortlink":"https:\/\/wp.me\/p7ZJR4-1wX","jetpack_likes_enabled":false,"jetpack-related-posts":[{"id":31275,"url":"http:\/\/www.grieta.org.mx\/index.php\/2019\/03\/27\/prevalece-violencia-contra-las-mujeres-en-guanajuato-se-cometen-47-feminicidios-en-2019\/","url_meta":{"origin":5887,"position":0},"title":"Prevalece violencia contra las mujeres en Guanajuato; se cometen 47 feminicidios en 2019","author":"grieta","date":"27 marzo, 2019","format":false,"excerpt":"Jorge Hernandez, Zona Franca, 27 de marzo de 2019 Le\u00f3n, Gto. Este 2019 ha sido el a\u00f1o m\u00e1s violento para las mujeres ya que el estado de Guanajuato, ocupa el segundo lugar con mayor n\u00famero de asesinatos dolosos femeninos. Datos de la informaci\u00f3n sobre violencia contra las mujeres del Centro\u2026","rel":"","context":"En &quot;CINTILLO&quot;","block_context":{"text":"CINTILLO","link":"http:\/\/www.grieta.org.mx\/index.php\/category\/cintillo\/"},"img":{"alt_text":"","src":"https:\/\/i0.wp.com\/www.grieta.org.mx\/wp-content\/uploads\/2019\/03\/hom-dol-2019.jpg?resize=350%2C200","width":350,"height":200,"srcset":"https:\/\/i0.wp.com\/www.grieta.org.mx\/wp-content\/uploads\/2019\/03\/hom-dol-2019.jpg?resize=350%2C200 1x, https:\/\/i0.wp.com\/www.grieta.org.mx\/wp-content\/uploads\/2019\/03\/hom-dol-2019.jpg?resize=525%2C300 1.5x, https:\/\/i0.wp.com\/www.grieta.org.mx\/wp-content\/uploads\/2019\/03\/hom-dol-2019.jpg?resize=700%2C400 2x"},"classes":[]},{"id":30539,"url":"http:\/\/www.grieta.org.mx\/index.php\/2019\/03\/10\/feminicidios-aumentan-90-en-guanajuato-son-la-nueva-forma-de-venganza-en-el-triangulo-del-huachicol\/","url_meta":{"origin":5887,"position":1},"title":"Feminicidios aumentan 90% en Guanajuato, son la nueva forma de venganza en el \u2018Tri\u00e1ngulo del Huachicol\u2019","author":"grieta","date":"10 marzo, 2019","format":false,"excerpt":"\u00a0 De acuerdo con datos del Secretariado Ejecutivo del Sistema Nacional de Seguridad P\u00fablica, el \u2018Tri\u00e1ngulo del Huachicol\u2019 ya dispar\u00f3 al 90% los feminicidios en Guanajuato, homicidios que seg\u00fan organismos internacionales dejan ver la nueva forma de venganza entre grupos delincuenciales. \u00a0 Zona Franca, 10 de marzo de 2019. Fue\u2026","rel":"","context":"En &quot;CINTILLO&quot;","block_context":{"text":"CINTILLO","link":"http:\/\/www.grieta.org.mx\/index.php\/category\/cintillo\/"},"img":{"alt_text":"","src":"https:\/\/i0.wp.com\/www.grieta.org.mx\/wp-content\/uploads\/2019\/03\/photo_2019-03-10-16.33.12.jpeg?resize=350%2C200","width":350,"height":200,"srcset":"https:\/\/i0.wp.com\/www.grieta.org.mx\/wp-content\/uploads\/2019\/03\/photo_2019-03-10-16.33.12.jpeg?resize=350%2C200 1x, https:\/\/i0.wp.com\/www.grieta.org.mx\/wp-content\/uploads\/2019\/03\/photo_2019-03-10-16.33.12.jpeg?resize=525%2C300 1.5x, https:\/\/i0.wp.com\/www.grieta.org.mx\/wp-content\/uploads\/2019\/03\/photo_2019-03-10-16.33.12.jpeg?resize=700%2C400 2x"},"classes":[]},{"id":49903,"url":"http:\/\/www.grieta.org.mx\/index.php\/2020\/05\/26\/guanajuato-el-estado-con-mas-feminicidios-en-2020\/","url_meta":{"origin":5887,"position":2},"title":"Guanajuato: el estado con m\u00e1s feminicidios en 2020","author":"grieta","date":"26 mayo, 2020","format":false,"excerpt":"Contrar\u00e9plica, martes 26 de mayo de 2020 A nivel nacional, tras los primeros cuatro meses del a\u00f1o 2020, Guanajuato encabeza la lista del registro de feminicidios, con 172 homicidios dolosos. Sin embargo, las autoridades solo tienen registro de ocho. El \u00faltimo corte de las cifras del Secretariado Ejecutivo del Sistema\u2026","rel":"","context":"En &quot;CINTILLO&quot;","block_context":{"text":"CINTILLO","link":"http:\/\/www.grieta.org.mx\/index.php\/category\/cintillo\/"},"img":{"alt_text":"","src":"https:\/\/i0.wp.com\/www.grieta.org.mx\/wp-content\/uploads\/2020\/05\/11d2f9afab0dea6e9b96be48141b0b2d.jpg?resize=350%2C200","width":350,"height":200,"srcset":"https:\/\/i0.wp.com\/www.grieta.org.mx\/wp-content\/uploads\/2020\/05\/11d2f9afab0dea6e9b96be48141b0b2d.jpg?resize=350%2C200 1x, https:\/\/i0.wp.com\/www.grieta.org.mx\/wp-content\/uploads\/2020\/05\/11d2f9afab0dea6e9b96be48141b0b2d.jpg?resize=525%2C300 1.5x, https:\/\/i0.wp.com\/www.grieta.org.mx\/wp-content\/uploads\/2020\/05\/11d2f9afab0dea6e9b96be48141b0b2d.jpg?resize=700%2C400 2x"},"classes":[]},{"id":29077,"url":"http:\/\/www.grieta.org.mx\/index.php\/2019\/02\/13\/aumentan-asesinatos-de-mujeres-en-guanajuato-pocos-son-considerados-como-feminicidios\/","url_meta":{"origin":5887,"position":3},"title":"Aumentan asesinatos de mujeres en Guanajuato; pocos son considerados como feminicidios","author":"grieta","date":"13 febrero, 2019","format":false,"excerpt":"Carmen Mart\u00ednez\/ Zona Franca, 13 de Febrero de 2019 Le\u00f3n, Gto. Guanajuato es la entidad en la que se cometieron m\u00e1s homicidios dolosos de mujeres en el 2018, reportando un total de 305 casos, seg\u00fan datos del Secretariado Ejecutivo del Sistema Nacional de Seguridad P\u00fablica. Esta cifra contrasta con los\u2026","rel":"","context":"En &quot;CINTILLO&quot;","block_context":{"text":"CINTILLO","link":"http:\/\/www.grieta.org.mx\/index.php\/category\/cintillo\/"},"img":{"alt_text":"","src":"https:\/\/i0.wp.com\/www.grieta.org.mx\/wp-content\/uploads\/2019\/02\/Captura-de-pantalla-2019-02-11-a-las-22.28.13.png?resize=350%2C200","width":350,"height":200,"srcset":"https:\/\/i0.wp.com\/www.grieta.org.mx\/wp-content\/uploads\/2019\/02\/Captura-de-pantalla-2019-02-11-a-las-22.28.13.png?resize=350%2C200 1x, https:\/\/i0.wp.com\/www.grieta.org.mx\/wp-content\/uploads\/2019\/02\/Captura-de-pantalla-2019-02-11-a-las-22.28.13.png?resize=525%2C300 1.5x, https:\/\/i0.wp.com\/www.grieta.org.mx\/wp-content\/uploads\/2019\/02\/Captura-de-pantalla-2019-02-11-a-las-22.28.13.png?resize=700%2C400 2x, https:\/\/i0.wp.com\/www.grieta.org.mx\/wp-content\/uploads\/2019\/02\/Captura-de-pantalla-2019-02-11-a-las-22.28.13.png?resize=1050%2C600 3x"},"classes":[]},{"id":44423,"url":"http:\/\/www.grieta.org.mx\/index.php\/2020\/02\/16\/protestan-por-feminicidios-contra-amlo-en-guanajuato\/","url_meta":{"origin":5887,"position":4},"title":"Protestan por feminicidios contra AMLO en Guanajuato","author":"grieta","date":"16 febrero, 2020","format":false,"excerpt":"Aseguraron que las medidas que ha implementado la administraci\u00f3n de AMLO son \"ineficientes\" El Porvernir, 16 de febrero de 2020 ROMITA, Gto.- Con un cartel que dec\u00eda \"La vida de las mujeres vale m\u00e1s que t\u00fa pinche rifa\", un grupo de mujeres se manifest\u00f3 en la visita que realiz\u00f3 el\u2026","rel":"","context":"En &quot;CINTILLO&quot;","block_context":{"text":"CINTILLO","link":"http:\/\/www.grieta.org.mx\/index.php\/category\/cintillo\/"},"img":{"alt_text":"","src":"https:\/\/i0.wp.com\/www.grieta.org.mx\/wp-content\/uploads\/2020\/02\/feminicidios-focus-0-0-745-535.jpg?resize=350%2C200","width":350,"height":200,"srcset":"https:\/\/i0.wp.com\/www.grieta.org.mx\/wp-content\/uploads\/2020\/02\/feminicidios-focus-0-0-745-535.jpg?resize=350%2C200 1x, https:\/\/i0.wp.com\/www.grieta.org.mx\/wp-content\/uploads\/2020\/02\/feminicidios-focus-0-0-745-535.jpg?resize=525%2C300 1.5x, https:\/\/i0.wp.com\/www.grieta.org.mx\/wp-content\/uploads\/2020\/02\/feminicidios-focus-0-0-745-535.jpg?resize=700%2C400 2x"},"classes":[]},{"id":29599,"url":"http:\/\/www.grieta.org.mx\/index.php\/2019\/02\/24\/cifras-de-estado-y-federacion-difieren-entre-homicidios-de-mujeres-y-feminicidios-cometidos-en-guanajuato\/","url_meta":{"origin":5887,"position":5},"title":"Cifras de estado y federaci\u00f3n difieren entre homicidios de mujeres y feminicidios cometidos en Guanajuato","author":"grieta","date":"24 febrero, 2019","format":false,"excerpt":"Carmen Mart\u00ednez \/ Zona Franca, 24 de febrero de 2019 Le\u00f3n, Gto. Durante el 2018, la entonces Procuradur\u00eda General de Justicia del Estado abri\u00f3 288 carpetas de investigaci\u00f3n por homicidio doloso de mujeres, adem\u00e1s de 31 por el delito de feminicidio. Estas cifras, proporcionadas a trav\u00e9s de una solicitud de\u2026","rel":"","context":"En &quot;CINTILLO&quot;","block_context":{"text":"CINTILLO","link":"http:\/\/www.grieta.org.mx\/index.php\/category\/cintillo\/"},"img":{"alt_text":"","src":"https:\/\/i0.wp.com\/www.grieta.org.mx\/wp-content\/uploads\/2019\/02\/Captura-de-pantalla-2019-02-23-a-las-22.22.23.png?resize=350%2C200","width":350,"height":200,"srcset":"https:\/\/i0.wp.com\/www.grieta.org.mx\/wp-content\/uploads\/2019\/02\/Captura-de-pantalla-2019-02-23-a-las-22.22.23.png?resize=350%2C200 1x, https:\/\/i0.wp.com\/www.grieta.org.mx\/wp-content\/uploads\/2019\/02\/Captura-de-pantalla-2019-02-23-a-las-22.22.23.png?resize=525%2C300 1.5x"},"classes":[]}],"_links":{"self":[{"href":"http:\/\/www.grieta.org.mx\/index.php\/wp-json\/wp\/v2\/posts\/5887","targetHints":{"allow":["GET"]}}],"collection":[{"href":"http:\/\/www.grieta.org.mx\/index.php\/wp-json\/wp\/v2\/posts"}],"about":[{"href":"http:\/\/www.grieta.org.mx\/index.php\/wp-json\/wp\/v2\/types\/post"}],"author":[{"embeddable":true,"href":"http:\/\/www.grieta.org.mx\/index.php\/wp-json\/wp\/v2\/users\/2"}],"replies":[{"embeddable":true,"href":"http:\/\/www.grieta.org.mx\/index.php\/wp-json\/wp\/v2\/comments?post=5887"}],"version-history":[{"count":1,"href":"http:\/\/www.grieta.org.mx\/index.php\/wp-json\/wp\/v2\/posts\/5887\/revisions"}],"predecessor-version":[{"id":19910,"href":"http:\/\/www.grieta.org.mx\/index.php\/wp-json\/wp\/v2\/posts\/5887\/revisions\/19910"}],"wp:featuredmedia":[{"embeddable":true,"href":"http:\/\/www.grieta.org.mx\/index.php\/wp-json\/wp\/v2\/media\/21928"}],"wp:attachment":[{"href":"http:\/\/www.grieta.org.mx\/index.php\/wp-json\/wp\/v2\/media?parent=5887"}],"wp:term":[{"taxonomy":"category","embeddable":true,"href":"http:\/\/www.grieta.org.mx\/index.php\/wp-json\/wp\/v2\/categories?post=5887"},{"taxonomy":"post_tag","embeddable":true,"href":"http:\/\/www.grieta.org.mx\/index.php\/wp-json\/wp\/v2\/tags?post=5887"}],"curies":[{"name":"wp","href":"https:\/\/api.w.org\/{rel}","templated":true}]}}