{"id":58779,"date":"2021-04-12T12:45:22","date_gmt":"2021-04-12T17:45:22","guid":{"rendered":"https:\/\/www.grieta.org.mx\/?p=58779"},"modified":"2021-04-16T14:48:08","modified_gmt":"2021-04-16T19:48:08","slug":"los-militares-que-dispararon-contra-javier-y-jacob-estan-identificados-pero-siguen-libres-y-sin-ser-acusados","status":"publish","type":"post","link":"http:\/\/www.grieta.org.mx\/index.php\/2021\/04\/12\/los-militares-que-dispararon-contra-javier-y-jacob-estan-identificados-pero-siguen-libres-y-sin-ser-acusados\/","title":{"rendered":"Los militares que dispararon contra Javier y Jacob est\u00e1n identificados, pero siguen libres y sin ser acusados (Tamaulipas)"},"content":{"rendered":"<p>Alberto Pradilla\/Animal Pol\u00edtico<br \/>\n12 abril 2021<\/p>\n<blockquote><p>Javier y Jacob son dos de las 10 personas muertas a manos del Ej\u00e9rcito en Nuevo Laredo durante los \u00faltimos meses, seg\u00fan el Comit\u00e9 de Derechos Humanos del municipio. No hay militares detenidos ni formalmente acusados por sus casos.<\/p><\/blockquote>\n<p>Tamaulipas, el 27 de febrero. Sali\u00f3 de casa junto a tres amigos despu\u00e9s de pasar la tarde en familia, pero fue acribillado por disparos del ej\u00e9rcito. Los militares que apretaron el gatillo reconocieron su responsabilidad ante la Fiscal\u00eda General de la Rep\u00fablica (FGR), aunque se excusaron afirmando que la v\u00edctima iba armada y les hab\u00eda atacado. Las pruebas efectuadas por el Ministerio P\u00fablico desmintieron esta versi\u00f3n. A pesar de que han transcurrido m\u00e1s de un mes desde aquel homicidio los uniformados siguen en libertad y sin que se haya formalizado una acusaci\u00f3n en su contra.<\/p>\n<p>\u201cNo puede ser que sigan libres. Estamos pidiendo justicia para que paguen por lo que hicieron. Yo antes pensaba que el ej\u00e9rcito estaba para protegernos\u201d, dice su viuda, Ang\u00e9lica, de 26 a\u00f1os.<\/p>\n<p>En los \u00faltimos meses se han registrado al menos diez muertes a manos del Ej\u00e9rcito en Nuevo Laredo, seg\u00fan datos de Raymundo Ramos, presidente del Comit\u00e9 de Derechos Humanos del municipio tamaulipeco. Los \u00faltimos casos son el asesinato de Javier, ocurrido en febrero, y la de Jacob Rodr\u00edguez, de 21 a\u00f1os, tiroteado el 10 marzo cuando acud\u00eda con su esposa embarazada para realizar una ecograf\u00eda, seg\u00fan revel\u00f3 El Universal. No hay un solo militar detenido ni encausado por estos hechos.<\/p>\n<p>A esta serie de asesinatos se le suma la muerte de dos personas tras recibir disparos de la Guardia Nacional el pasado 8 de abril.<\/p>\n<p>Javier era comerciante, trabajaba con su hermano en una boutique donde vend\u00edan ropa y zapatos. Le gustaba el f\u00fatbol, era seguidor del Am\u00e9rica y pasaba los fines de semana viendo pel\u00edculas y series con su esposa Ang\u00e9lica. Apenas hace ocho meses hab\u00edan sido padres y su plan era ver crecer a la familia. Todo se vino abajo el 27 de febrero, cuando los soldados dispararon contra el veh\u00edculo en el que viajaba el joven y acabaron con su vida. <\/p>\n<p>\u201cEste es un dolor muy fuerte. \u00c9l siempre fue responsable con su familia. Ten\u00edamos el anhelo de ver crecer a nuestro ni\u00f1o y nos lo arrebataron\u201d, dice Ang\u00e9lica.<\/p>\n<p>El relato de los hechos seg\u00fan el parte de los militares fue que alguien les atac\u00f3 desde el veh\u00edculo en el que viajaba la v\u00edctima con otros tres amigos y que ellos se limitaron a repeler la agresi\u00f3n. Seg\u00fan esta narrativa, que qued\u00f3 por escrito en el parte adjunto a la carpeta de investigaci\u00f3n, en el coche se incaut\u00f3 un arma larga y varios cargadores. Sin embargo, el MP realiz\u00f3 pruebas de radizonato de sodio, que determinan si alguien dispar\u00f3 un arma por los restos de p\u00f3lvora que quedan en las manos, y dieron negativo. Es decir, ah\u00ed solo apretaron el gatillo los militares.<\/p>\n<p>En su declaraci\u00f3n, el cabo Ranulfo Citlalan Mart\u00ednez y el soldado Jos\u00e9 Mar\u00eda Ortiz reconocieron haber disparado hacia las llantas del coche, aunque siempre argumentando que fue en defensa propia. El teniente Alejandro Gonz\u00e1lez Leyva, que estaba al frente del operativo, neg\u00f3 haber usado su arma. <\/p>\n<p>Tras probarse que nadie les hab\u00eda agredido habr\u00e1 que determinar de d\u00f3nde sali\u00f3 el arma que dicen los soldados que incautaron en el coche. Los tres sobrevivientes aseguran que se la sembraron y, de hecho, uno de ellos fue detenido y posteriormente puesto en libertad ya que el juez no crey\u00f3 en la versi\u00f3n del ej\u00e9rcito. <\/p>\n<p>\u201cLe sembraron un arma y no quisieron ayudarle cuando estaba herido. \u00bfNo tienen sentimientos?\u201d, dice Ang\u00e9lica. Su esposo estuvo 35 minutos con constantes vitales despu\u00e9s de recibir dos balazos. Ella cree que si la hubieran conducido r\u00e1pidamente al hospital quiz\u00e1s hubiese logrado salvar la vida.<\/p>\n<p>Adem\u00e1s de las pruebas realizadas por el MP que descartan la agresi\u00f3n previa existe otro dato relevante que muestra la responsabilidad del Ej\u00e9rcito. D\u00edas despu\u00e9s de los hechos, una delegaci\u00f3n castrense visit\u00f3 a Ang\u00e9lica y le ofreci\u00f3 una indemnizaci\u00f3n y hacerse cargo de los gastos funerarios. Seg\u00fan le dijeron, aceptar la ayuda no implicaba desistir del proceso penal. Pero ella no se f\u00eda y rechaz\u00f3 el ofrecimiento. <\/p>\n<p><a href=\"https:\/\/www.animalpolitico.com\/2021\/04\/militares-que-dispararon-javier-jacob-libres-sin-acusacion\/\" rel=\"noopener\" target=\"_blank\">https:\/\/www.animalpolitico.com\/2021\/04\/militares-que-dispararon-javier-jacob-libres-sin-acusacion\/<\/a><\/p>\n","protected":false},"excerpt":{"rendered":"<p>Alberto Pradilla\/Animal Pol\u00edtico 12 abril 2021 Javier y Jacob son dos de las 10 personas muertas a manos del Ej\u00e9rcito en Nuevo Laredo durante los \u00faltimos meses, seg\u00fan el Comit\u00e9 &hellip; <a href=\"http:\/\/www.grieta.org.mx\/index.php\/2021\/04\/12\/los-militares-que-dispararon-contra-javier-y-jacob-estan-identificados-pero-siguen-libres-y-sin-ser-acusados\/\" class=\"more-link\">Leer m\u00e1s<\/a><\/p>\n","protected":false},"author":2,"featured_media":58780,"comment_status":"closed","ping_status":"closed","sticky":false,"template":"","format":"standard","meta":{"ngg_post_thumbnail":0,"_jetpack_newsletter_access":"","_jetpack_dont_email_post_to_subs":false,"_jetpack_newsletter_tier_id":0,"_jetpack_memberships_contains_paywalled_content":false,"_jetpack_memberships_contains_paid_content":false,"footnotes":""},"categories":[80,912,2009,2,33,83],"tags":[2938,855,2772,614],"class_list":["post-58779","post","type-post","status-publish","format-standard","has-post-thumbnail","hentry","category-cintillo","category-militarizacion","category-militarizacion-en-tamaulipas","category-noticias-nacionales","category-tamaulipas","category-temas-nacionales","tag-asesinato-de-jovenes","tag-ejecuciones-extrajudiciales","tag-ejercito-mexicano","tag-militarizacion","entry"],"jetpack_featured_media_url":"http:\/\/www.grieta.org.mx\/wp-content\/uploads\/2021\/04\/javier_jacob_asesinados_militares.jpg","jetpack_sharing_enabled":true,"jetpack_shortlink":"https:\/\/wp.me\/p7ZJR4-fi3","jetpack_likes_enabled":false,"jetpack-related-posts":[{"id":65094,"url":"http:\/\/www.grieta.org.mx\/index.php\/2022\/09\/04\/hospitalizan-a-hermano-de-heidi-pequena-que-murio-por-bala-del-ejercito-en-tamaulipas\/","url_meta":{"origin":58779,"position":0},"title":"Hospitalizan a hermano de Heidi, peque\u00f1a que muri\u00f3 por bala del Ej\u00e9rcito en Tamaulipas","author":"grieta","date":"4 septiembre, 2022","format":false,"excerpt":"Redacci\u00f3n\/El Universal 4 septiembre 2022 Kevin presenci\u00f3 el asesinato de su hermanita, cuando era llevada al hospital del IMSS para ser atendida de dolor estomacal Nuevo Laredo, Tamaulipas.- Kevin, hermano de Heidi Mariana, la peque\u00f1a de 4 a\u00f1os que falleci\u00f3 por una bala perdida a manos del Ej\u00e9rcito Mexicano, fue\u2026","rel":"","context":"En &quot;CINTILLO&quot;","block_context":{"text":"CINTILLO","link":"http:\/\/www.grieta.org.mx\/index.php\/category\/cintillo\/"},"img":{"alt_text":"","src":"https:\/\/i0.wp.com\/www.grieta.org.mx\/wp-content\/uploads\/2022\/09\/hospitalizan_a_hermano_de_heidi_pequena_que_murio_por_bala_perdida_del_ejercito_en_tamaulipas-min.webp?resize=350%2C200","width":350,"height":200,"srcset":"https:\/\/i0.wp.com\/www.grieta.org.mx\/wp-content\/uploads\/2022\/09\/hospitalizan_a_hermano_de_heidi_pequena_que_murio_por_bala_perdida_del_ejercito_en_tamaulipas-min.webp?resize=350%2C200 1x, https:\/\/i0.wp.com\/www.grieta.org.mx\/wp-content\/uploads\/2022\/09\/hospitalizan_a_hermano_de_heidi_pequena_que_murio_por_bala_perdida_del_ejercito_en_tamaulipas-min.webp?resize=525%2C300 1.5x, https:\/\/i0.wp.com\/www.grieta.org.mx\/wp-content\/uploads\/2022\/09\/hospitalizan_a_hermano_de_heidi_pequena_que_murio_por_bala_perdida_del_ejercito_en_tamaulipas-min.webp?resize=700%2C400 2x, https:\/\/i0.wp.com\/www.grieta.org.mx\/wp-content\/uploads\/2022\/09\/hospitalizan_a_hermano_de_heidi_pequena_que_murio_por_bala_perdida_del_ejercito_en_tamaulipas-min.webp?resize=1050%2C600 3x"},"classes":[]},{"id":43201,"url":"http:\/\/www.grieta.org.mx\/index.php\/2020\/01\/17\/tres-incidentes-violentos-desatan-temor-en-la-poblacion-de-tamaulipas-mexico\/","url_meta":{"origin":58779,"position":1},"title":"Tres incidentes violentos desatan temor en la poblaci\u00f3n de Tamaulipas, M\u00e9xico","author":"grieta","date":"17 enero, 2020","format":false,"excerpt":"Miguel Turriza\/CNN Latinoam\u00e9rica 17 enero 2020 (CNN Espa\u00f1ol) \u2014 En una escalada de violencia en la regi\u00f3n fronteriza de Tamaulipas, el ej\u00e9rcito mexicano abati\u00f3 a once presuntos delincuentes en el municipio de Miguel Alem\u00e1n; en otro incidente, la polic\u00eda estatal detuvo a tres civiles armados tras una persecuci\u00f3n y balacera\u2026","rel":"","context":"En &quot;CINTILLO&quot;","block_context":{"text":"CINTILLO","link":"http:\/\/www.grieta.org.mx\/index.php\/category\/cintillo\/"},"img":{"alt_text":"","src":"https:\/\/i0.wp.com\/www.grieta.org.mx\/wp-content\/uploads\/2020\/01\/milicos.png?resize=350%2C200","width":350,"height":200,"srcset":"https:\/\/i0.wp.com\/www.grieta.org.mx\/wp-content\/uploads\/2020\/01\/milicos.png?resize=350%2C200 1x, https:\/\/i0.wp.com\/www.grieta.org.mx\/wp-content\/uploads\/2020\/01\/milicos.png?resize=525%2C300 1.5x, https:\/\/i0.wp.com\/www.grieta.org.mx\/wp-content\/uploads\/2020\/01\/milicos.png?resize=700%2C400 2x"},"classes":[]},{"id":57922,"url":"http:\/\/www.grieta.org.mx\/index.php\/2021\/03\/24\/cdhnl-denuncia-nueva-ejecucion-arbitraria-a-manos-de-militares-en-nuevo-laredo-tamaulipas\/","url_meta":{"origin":58779,"position":2},"title":"CDHNL denuncia nueva ejecuci\u00f3n arbitraria a manos de militares en Nuevo Laredo (Tamaulipas)","author":"grieta","date":"24 marzo, 2021","format":false,"excerpt":"El Comit\u00e9 de Derechos Humanos de Nuevo Laredo (CDHNL) denunci\u00f3 una nueva ejecuci\u00f3n arbitraria atribuible a miembros de la Sedena, con lo que suman ocho v\u00edctimas de militares en la ciudad fronteriza en este sexenio. Gloria Leticia D\u00edaz\/ PROCESO CIUDAD DE M\u00c9XICO (apro).- El Comit\u00e9 de Derechos Humanos de Nuevo\u2026","rel":"","context":"En &quot;CINTILLO&quot;","block_context":{"text":"CINTILLO","link":"http:\/\/www.grieta.org.mx\/index.php\/category\/cintillo\/"},"img":{"alt_text":"","src":"https:\/\/i0.wp.com\/www.grieta.org.mx\/wp-content\/uploads\/2021\/03\/131103.jpg?resize=350%2C200","width":350,"height":200,"srcset":"https:\/\/i0.wp.com\/www.grieta.org.mx\/wp-content\/uploads\/2021\/03\/131103.jpg?resize=350%2C200 1x, https:\/\/i0.wp.com\/www.grieta.org.mx\/wp-content\/uploads\/2021\/03\/131103.jpg?resize=525%2C300 1.5x, https:\/\/i0.wp.com\/www.grieta.org.mx\/wp-content\/uploads\/2021\/03\/131103.jpg?resize=700%2C400 2x, https:\/\/i0.wp.com\/www.grieta.org.mx\/wp-content\/uploads\/2021\/03\/131103.jpg?resize=1050%2C600 3x"},"classes":[]},{"id":70187,"url":"http:\/\/www.grieta.org.mx\/index.php\/2024\/10\/20\/ejercito-y-guardia-nacional-matan-a-una-nina-una-enfermera-y-un-joven-en-nuevo-laredo-denuncian-osc-y-familias\/","url_meta":{"origin":58779,"position":3},"title":"Ej\u00e9rcito y Guardia Nacional matan a una ni\u00f1a, una enfermera y un joven en Nuevo Laredo, denuncian OSC y familias","author":"grieta","date":"20 octubre, 2024","format":false,"excerpt":"Redacci\u00f3n\/Animal Pol\u00edtico 14 octubre 2024 Ej\u00e9rcito y Guardia Nacional matan a una ni\u00f1a, una enfermera y un joven en Nuevo Laredo, denuncian OSC y familias Este fin de semana tres personas fueron asesinadas por militares y elementos de la Guardia Nacional en Nuevo Laredo, Tamaulipas, mientras persegu\u00edan a presuntos delincuentes.\u2026","rel":"","context":"En &quot;CINTILLO&quot;","block_context":{"text":"CINTILLO","link":"http:\/\/www.grieta.org.mx\/index.php\/category\/cintillo\/"},"img":{"alt_text":"","src":"https:\/\/i0.wp.com\/www.grieta.org.mx\/wp-content\/uploads\/2024\/10\/militares-nuevo-laredo-1.jpg?resize=350%2C200","width":350,"height":200,"srcset":"https:\/\/i0.wp.com\/www.grieta.org.mx\/wp-content\/uploads\/2024\/10\/militares-nuevo-laredo-1.jpg?resize=350%2C200 1x, https:\/\/i0.wp.com\/www.grieta.org.mx\/wp-content\/uploads\/2024\/10\/militares-nuevo-laredo-1.jpg?resize=525%2C300 1.5x, https:\/\/i0.wp.com\/www.grieta.org.mx\/wp-content\/uploads\/2024\/10\/militares-nuevo-laredo-1.jpg?resize=700%2C400 2x, https:\/\/i0.wp.com\/www.grieta.org.mx\/wp-content\/uploads\/2024\/10\/militares-nuevo-laredo-1.jpg?resize=1050%2C600 3x"},"classes":[]},{"id":61763,"url":"http:\/\/www.grieta.org.mx\/index.php\/2021\/09\/16\/fgr-investiga-cinco-ejecuciones-extrajudiciales-ocurridas-en-agosto-en-nuevo-laredo-tamaulipas\/","url_meta":{"origin":58779,"position":4},"title":"FGR investiga cinco ejecuciones extrajudiciales ocurridas en agosto en Nuevo Laredo (Tamaulipas)","author":"grieta","date":"16 septiembre, 2021","format":false,"excerpt":"Alberto Pradilla\/Animal Pol\u00edtico 16 septiembre 2021 La Fiscal\u00eda General de la Rep\u00fablica (FGR) tiene abierta una carpeta de investigaci\u00f3n por la presunta ejecuci\u00f3n extrajudicial de cinco personas el pasado 14 de agosto en la colonia Nueva Era de Nuevo Laredo, Tamaulipas. Familiares de las v\u00edctimas interpusieron denuncias tras ser informados\u2026","rel":"","context":"En &quot;CINTILLO&quot;","block_context":{"text":"CINTILLO","link":"http:\/\/www.grieta.org.mx\/index.php\/category\/cintillo\/"},"img":{"alt_text":"","src":"https:\/\/i0.wp.com\/www.grieta.org.mx\/wp-content\/uploads\/2021\/09\/ejercito.png?resize=350%2C200","width":350,"height":200,"srcset":"https:\/\/i0.wp.com\/www.grieta.org.mx\/wp-content\/uploads\/2021\/09\/ejercito.png?resize=350%2C200 1x, https:\/\/i0.wp.com\/www.grieta.org.mx\/wp-content\/uploads\/2021\/09\/ejercito.png?resize=525%2C300 1.5x, https:\/\/i0.wp.com\/www.grieta.org.mx\/wp-content\/uploads\/2021\/09\/ejercito.png?resize=700%2C400 2x"},"classes":[]},{"id":34611,"url":"http:\/\/www.grieta.org.mx\/index.php\/2019\/06\/10\/llegan-tropas-especiales-tamaulipas\/","url_meta":{"origin":58779,"position":5},"title":"Llegan tropas especiales (Tamaulipas)","author":"grieta","date":"10 junio, 2019","format":false,"excerpt":"El Bravo Un contingente de 450 elementos de Fuerzas Especiales del Ej\u00e9rcito entrenados como unidades \u00e9lite de combate a guerrillas urbanas, fue aerotransportado ayer a esta frontera en tres aviones de la Fuerza A\u00e9rea Mexicana para desplegar operativos en Reynosa, R\u00edo Bravo y la regi\u00f3n Ribere\u00f1a. El arribo de las\u2026","rel":"","context":"En &quot;CINTILLO&quot;","block_context":{"text":"CINTILLO","link":"http:\/\/www.grieta.org.mx\/index.php\/category\/cintillo\/"},"img":{"alt_text":"","src":"https:\/\/i0.wp.com\/www.grieta.org.mx\/wp-content\/uploads\/2019\/06\/Llegan-tropas-especiales-tama-jun.jpg?resize=350%2C200","width":350,"height":200,"srcset":"https:\/\/i0.wp.com\/www.grieta.org.mx\/wp-content\/uploads\/2019\/06\/Llegan-tropas-especiales-tama-jun.jpg?resize=350%2C200 1x, https:\/\/i0.wp.com\/www.grieta.org.mx\/wp-content\/uploads\/2019\/06\/Llegan-tropas-especiales-tama-jun.jpg?resize=525%2C300 1.5x"},"classes":[]}],"_links":{"self":[{"href":"http:\/\/www.grieta.org.mx\/index.php\/wp-json\/wp\/v2\/posts\/58779","targetHints":{"allow":["GET"]}}],"collection":[{"href":"http:\/\/www.grieta.org.mx\/index.php\/wp-json\/wp\/v2\/posts"}],"about":[{"href":"http:\/\/www.grieta.org.mx\/index.php\/wp-json\/wp\/v2\/types\/post"}],"author":[{"embeddable":true,"href":"http:\/\/www.grieta.org.mx\/index.php\/wp-json\/wp\/v2\/users\/2"}],"replies":[{"embeddable":true,"href":"http:\/\/www.grieta.org.mx\/index.php\/wp-json\/wp\/v2\/comments?post=58779"}],"version-history":[{"count":1,"href":"http:\/\/www.grieta.org.mx\/index.php\/wp-json\/wp\/v2\/posts\/58779\/revisions"}],"predecessor-version":[{"id":58783,"href":"http:\/\/www.grieta.org.mx\/index.php\/wp-json\/wp\/v2\/posts\/58779\/revisions\/58783"}],"wp:featuredmedia":[{"embeddable":true,"href":"http:\/\/www.grieta.org.mx\/index.php\/wp-json\/wp\/v2\/media\/58780"}],"wp:attachment":[{"href":"http:\/\/www.grieta.org.mx\/index.php\/wp-json\/wp\/v2\/media?parent=58779"}],"wp:term":[{"taxonomy":"category","embeddable":true,"href":"http:\/\/www.grieta.org.mx\/index.php\/wp-json\/wp\/v2\/categories?post=58779"},{"taxonomy":"post_tag","embeddable":true,"href":"http:\/\/www.grieta.org.mx\/index.php\/wp-json\/wp\/v2\/tags?post=58779"}],"curies":[{"name":"wp","href":"https:\/\/api.w.org\/{rel}","templated":true}]}}