{"id":58761,"date":"2021-03-20T21:45:29","date_gmt":"2021-03-21T03:45:29","guid":{"rendered":"http:\/\/www.grieta.org.mx\/?p=58761"},"modified":"2021-04-15T21:54:02","modified_gmt":"2021-04-16T02:54:02","slug":"colectivos-hallan-un-cuerpo-en-cortazar-y-las-autoridades-los-ignoran","status":"publish","type":"post","link":"http:\/\/www.grieta.org.mx\/index.php\/2021\/03\/20\/colectivos-hallan-un-cuerpo-en-cortazar-y-las-autoridades-los-ignoran\/","title":{"rendered":"Colectivos hallan un cuerpo en Cortazar&#8230; y las autoridades los ignoran (Guanajuato)"},"content":{"rendered":"<p><strong>Colectivos de familiares de personas desaparecidas en Guanajuato ubicaron los restos de una persona en Cortazar, y aunque llamaron a diferentes instancias estatales y municipales, ninguna se present\u00f3 en el lugar.<\/strong><\/p>\n<p>Por Ver\u00f3nica Espinosa \/ Proceso, s\u00e1bado, 20 de marzo de 2021<\/p>\n<p>GUANAJUATO, Gto., (proceso.com.mx).- Integrantes de colectivos de familiares de personas desaparecidas en Guanajuato ubicaron los restos de al menos una persona en un r\u00edo seco en la comunidad de Ca\u00f1ada de Caracheo, en Cortazar. Pero aunque llamaron a Polic\u00eda Municipal y a autoridades de otras instancias como la Comisi\u00f3n Estatal de B\u00fasqueda, ninguna autoridad acudi\u00f3.<\/p>\n<p>A fines del a\u00f1o pasado, en esta misma localidad de Cortazar, la Fiscal\u00eda General del Estado asegur\u00f3 un predio en el cual fueron localizados cerca restos de alrededor de 50 personas, hechos por los que detuvieron a dos personas.<\/p>\n<p>En enero, la Comisi\u00f3n Nacional de B\u00fasqueda recuper\u00f3 tambi\u00e9n osamentas de tres personas m\u00e1s en la misma comunidad, ubicada a unos pocos minutos de Celaya.<\/p>\n<p>A trav\u00e9s de la cuenta de Twitter \u201cDesaparecidos Guanajuato\u201d (@desapGto) la Plataforma por la Paz y la Justicia de Guanajuato dio a conocer este hallazgo hecho el s\u00e1bado por la tarde por parte de colectivos, as\u00ed como el hecho de que se hab\u00eda notificado a autoridades, sin que nadie se presentara.<\/p>\n<p>\u201cColectivos GTO hallan cuerpo masculino en Ca\u00f1ada de Caracheo #Cortazar. No hubo respuesta de autoridades. Esperan parte oficial\u201d, se public\u00f3 en la cuenta, donde se etiquet\u00f3 a la Fiscal\u00eda estatal, al gobierno municipal del panista Ariel Cort\u00e9s, as\u00ed como a las Fuerzas de Seguridad del estado.<\/p>\n<p>En un segundo tuit, se describi\u00f3 el hallazgo del cuerpo de una persona recientemente asesinada (aproximadamente dos semanas), del sexo masculino, a\u00fan con sus ropas: un short camel tipo cargo, cintur\u00f3n negro de piel, playera polo amarilla, calcetines negros, tenis blancos y pulseras de chaquira en una de las mu\u00f1ecas.<\/p>\n<p>Aqu\u00ed se etiquet\u00f3 a las comisiones nacional y estatal de b\u00fasqueda, as\u00ed como a sus titulares Karla Quintana y H\u00e9ctor D\u00edaz Ezquerra, as\u00ed como a la Secretar\u00eda de Gobierno de Guanajuato.<\/p>\n<p>El cuerpo fue ubicado por los colectivos entre piedras de un lecho de r\u00edo seco y se dio aviso cerca de las 4 de la tarde a la Polic\u00eda Municipal de forma inicial.<\/p>\n<p>Los propios colectivos llamaron a la Polic\u00eda y a personal de la Comisi\u00f3n estatal, de manera infructuosa.<\/p>\n<p>Incluso, el gobierno municipal desestim\u00f3 este hallazgo e indic\u00f3 que polic\u00edas hab\u00edan acudido hace unos d\u00edas porque ya hab\u00edan recibido reportes similares y \u201cse encontraron restos de animales\u201d.<\/p>\n<p>Debido a la violencia prevaleciente en este municipio y otros vecinos de la regi\u00f3n Laja-Baj\u00edo, los colectivos optaron por retirarse pasadas las seis de la tarde, sin que se presentara alguna autoridad.<\/p>\n<p><a href=\"https:\/\/www.proceso.com.mx\/nacional\/estados\/2021\/3\/20\/colectivos-hallan-un-cuerpo-en-cortazar-las-autoridades-los-ignoran-260449.html\">https:\/\/www.proceso.com.mx\/nacional\/estados\/2021\/3\/20\/colectivos-hallan-un-cuerpo-en-cortazar-las-autoridades-los-ignoran-260449.html<\/a><\/p>\n","protected":false},"excerpt":{"rendered":"<p>Colectivos de familiares de personas desaparecidas en Guanajuato ubicaron los restos de una persona en Cortazar, y aunque llamaron a diferentes instancias estatales y municipales, ninguna se present\u00f3 en el &hellip; <a href=\"http:\/\/www.grieta.org.mx\/index.php\/2021\/03\/20\/colectivos-hallan-un-cuerpo-en-cortazar-y-las-autoridades-los-ignoran\/\" class=\"more-link\">Leer m\u00e1s<\/a><\/p>\n","protected":false},"author":2,"featured_media":58762,"comment_status":"closed","ping_status":"closed","sticky":false,"template":"","format":"standard","meta":{"ngg_post_thumbnail":0,"_jetpack_newsletter_access":"","_jetpack_dont_email_post_to_subs":false,"_jetpack_newsletter_tier_id":0,"_jetpack_memberships_contains_paywalled_content":false,"_jetpack_memberships_contains_paid_content":false,"footnotes":""},"categories":[80,87,1432,17,2910],"tags":[1241,2738,1828,3018,2220,2642],"class_list":["post-58761","post","type-post","status-publish","format-standard","has-post-thumbnail","hentry","category-cintillo","category-desaparecidos","category-desaparecidos-en-guanajuato","category-guanajuato","category-resistencias-en-guanajuato","tag-autoridades-no-investigan","tag-autoridades-omisas","tag-busqueda-de-desaparecidos","tag-colectivos-de-busqueda-de-desaparecidos","tag-colectivos-rastreadores-de-desaparecidos","tag-rastreadores-de-desaparecidos","entry"],"jetpack_featured_media_url":"http:\/\/www.grieta.org.mx\/wp-content\/uploads\/2021\/04\/f800x450-132110_183556_5050.jpg","jetpack_sharing_enabled":true,"jetpack_shortlink":"https:\/\/wp.me\/p7ZJR4-fhL","jetpack_likes_enabled":false,"jetpack-related-posts":[{"id":57226,"url":"http:\/\/www.grieta.org.mx\/index.php\/2021\/02\/21\/familiares-de-desaparecidos-piden-transparentar-busqueda-en-guanajuato\/","url_meta":{"origin":58761,"position":0},"title":"Familiares de desaparecidos piden transparentar b\u00fasqueda en Guanajuato","author":"grieta","date":"21 febrero, 2021","format":false,"excerpt":"\u00a0 Familiares de v\u00edctimas de desaparici\u00f3n forzada en Guanajuato pidieron a las autoridades que les informen sobre la b\u00fasqueda de restos, debido a que no son invitados por el sem\u00e1foro epidemiol\u00f3gico rojo en la entidad \u00a0 Por Ver\u00f3nica Espinosa \/ Proceso, domingo, 21 de febrero de 2021 GUANAJUATO, Gto. (proceso.com.mx).\u2013\u2026","rel":"","context":"En &quot;CINTILLO&quot;","block_context":{"text":"CINTILLO","link":"http:\/\/www.grieta.org.mx\/index.php\/category\/cintillo\/"},"img":{"alt_text":"","src":"https:\/\/i0.wp.com\/www.grieta.org.mx\/wp-content\/uploads\/2021\/02\/f800x450-128062_179508_5050.jpg?resize=350%2C200","width":350,"height":200,"srcset":"https:\/\/i0.wp.com\/www.grieta.org.mx\/wp-content\/uploads\/2021\/02\/f800x450-128062_179508_5050.jpg?resize=350%2C200 1x, https:\/\/i0.wp.com\/www.grieta.org.mx\/wp-content\/uploads\/2021\/02\/f800x450-128062_179508_5050.jpg?resize=525%2C300 1.5x, https:\/\/i0.wp.com\/www.grieta.org.mx\/wp-content\/uploads\/2021\/02\/f800x450-128062_179508_5050.jpg?resize=700%2C400 2x"},"classes":[]},{"id":64501,"url":"http:\/\/www.grieta.org.mx\/index.php\/2022\/05\/16\/en-guanajuato-se-reportan-91-fosas-clandestinas-encontradas-durante-el-2021-y-2022\/","url_meta":{"origin":58761,"position":1},"title":"En Guanajuato se reportan 91 fosas clandestinas encontradas durante el 2021 y 2022","author":"grieta","date":"16 mayo, 2022","format":false,"excerpt":"En 2021 y lo que va del 2022 se hallaron 91 fosas clandestinas en Guanajuato, de acuerdo con los registros de la Comisi\u00f3n Estatal de B\u00fasqueda de Personas Desaparecidas (CEB). AM, Le\u00f3n Gunajauato Por Daniel Gilberto Mart\u00ednez Mac\u00edas lunes, 16 de mayo de 2022 Guanajuato.- En 2021 y lo que\u2026","rel":"","context":"En &quot;CINTILLO&quot;","block_context":{"text":"CINTILLO","link":"http:\/\/www.grieta.org.mx\/index.php\/category\/cintillo\/"},"img":{"alt_text":"","src":"https:\/\/i0.wp.com\/www.grieta.org.mx\/wp-content\/uploads\/2022\/07\/f800x450-353291_404737_5050.jpg?resize=350%2C200","width":350,"height":200,"srcset":"https:\/\/i0.wp.com\/www.grieta.org.mx\/wp-content\/uploads\/2022\/07\/f800x450-353291_404737_5050.jpg?resize=350%2C200 1x, https:\/\/i0.wp.com\/www.grieta.org.mx\/wp-content\/uploads\/2022\/07\/f800x450-353291_404737_5050.jpg?resize=525%2C300 1.5x, https:\/\/i0.wp.com\/www.grieta.org.mx\/wp-content\/uploads\/2022\/07\/f800x450-353291_404737_5050.jpg?resize=700%2C400 2x"},"classes":[]},{"id":61577,"url":"http:\/\/www.grieta.org.mx\/index.php\/2021\/08\/27\/piden-a-autoridades-revertir-la-grave-situacion-de-desapariciones-en-guanajuato\/","url_meta":{"origin":58761,"position":2},"title":"Piden a autoridades revertir \u201cla grave situaci\u00f3n de desapariciones\u201d en Guanajuato","author":"grieta","date":"27 agosto, 2021","format":false,"excerpt":"Por Ver\u00f3nica Espinosa\/ Proceso, viernes, 27 de agosto de 2021 Colectivos de familiares de personas desaparecidas pidieron al gobernador y al fiscal de Guanajuato mayor voluntad y trabajo para revertir \u201cla grave situaci\u00f3n de desapariciones de personas\" en la entidad. GUANAJUATO, Gto. (apro).- Colectivos de familiares de personas desaparecidas pidieron\u2026","rel":"","context":"En &quot;CINTILLO&quot;","block_context":{"text":"CINTILLO","link":"http:\/\/www.grieta.org.mx\/index.php\/category\/cintillo\/"},"img":{"alt_text":"","src":"https:\/\/i0.wp.com\/www.grieta.org.mx\/wp-content\/uploads\/2021\/09\/f800x450-138541_189987_5050.jpg?resize=350%2C200","width":350,"height":200,"srcset":"https:\/\/i0.wp.com\/www.grieta.org.mx\/wp-content\/uploads\/2021\/09\/f800x450-138541_189987_5050.jpg?resize=350%2C200 1x, https:\/\/i0.wp.com\/www.grieta.org.mx\/wp-content\/uploads\/2021\/09\/f800x450-138541_189987_5050.jpg?resize=525%2C300 1.5x, https:\/\/i0.wp.com\/www.grieta.org.mx\/wp-content\/uploads\/2021\/09\/f800x450-138541_189987_5050.jpg?resize=700%2C400 2x"},"classes":[]},{"id":64238,"url":"http:\/\/www.grieta.org.mx\/index.php\/2022\/05\/13\/colectivos-hallan-18-cuerpos-en-fosa-clandestina-de-guanajuato\/","url_meta":{"origin":58761,"position":3},"title":"Colectivos hallan 18 cuerpos en fosa clandestina de Guanajuato","author":"grieta","date":"13 mayo, 2022","format":false,"excerpt":"El colectivo \u201cMadres Guerreras de Le\u00f3n\u201d informaron que recuperaron los restos de 10 hombres y ocho mujeres, que fueron inhumados; en un punto cercano a la comunidad de Comanja, fue desmantelado un centro de operaciones del C\u00e1rtel Jalisco Nueva Generaci\u00f3n en noviembre del 2020. Por Ver\u00f3nica Espinosa, Proceso viernes, 13\u2026","rel":"","context":"En &quot;CINTILLO&quot;","block_context":{"text":"CINTILLO","link":"http:\/\/www.grieta.org.mx\/index.php\/category\/cintillo\/"},"img":{"alt_text":"","src":"https:\/\/i0.wp.com\/www.grieta.org.mx\/wp-content\/uploads\/2022\/05\/f800x450-154748_206194_5050.jpg?resize=350%2C200","width":350,"height":200,"srcset":"https:\/\/i0.wp.com\/www.grieta.org.mx\/wp-content\/uploads\/2022\/05\/f800x450-154748_206194_5050.jpg?resize=350%2C200 1x, https:\/\/i0.wp.com\/www.grieta.org.mx\/wp-content\/uploads\/2022\/05\/f800x450-154748_206194_5050.jpg?resize=525%2C300 1.5x, https:\/\/i0.wp.com\/www.grieta.org.mx\/wp-content\/uploads\/2022\/05\/f800x450-154748_206194_5050.jpg?resize=700%2C400 2x"},"classes":[]},{"id":58158,"url":"http:\/\/www.grieta.org.mx\/index.php\/2021\/03\/18\/hallan-22-cuerpos-en-fosa-de-celaya-autoridades-esperan-encontrar-mas\/","url_meta":{"origin":58761,"position":4},"title":"Hallan 22 cuerpos en fosa de Celaya; autoridades esperan encontrar m\u00e1s","author":"grieta","date":"18 marzo, 2021","format":false,"excerpt":"Autoridades presumen que el predio donde fueron hallados los restos humanos podr\u00eda guardar la mayor cantidad de hallazgos en Guanajuato hasta el momento. AFP, Animal Po\u00edtico, 18 de marzo de 2021 Los cad\u00e1veres de al menos 22 personas fueron localizados en una fosa clandestina en el municipio de Celaya, en\u2026","rel":"","context":"En &quot;CINTILLO&quot;","block_context":{"text":"CINTILLO","link":"http:\/\/www.grieta.org.mx\/index.php\/category\/cintillo\/"},"img":{"alt_text":"","src":"https:\/\/i0.wp.com\/www.grieta.org.mx\/wp-content\/uploads\/2021\/04\/cuartoscuro_783110_digital.jpeg?resize=350%2C200","width":350,"height":200,"srcset":"https:\/\/i0.wp.com\/www.grieta.org.mx\/wp-content\/uploads\/2021\/04\/cuartoscuro_783110_digital.jpeg?resize=350%2C200 1x, https:\/\/i0.wp.com\/www.grieta.org.mx\/wp-content\/uploads\/2021\/04\/cuartoscuro_783110_digital.jpeg?resize=525%2C300 1.5x, https:\/\/i0.wp.com\/www.grieta.org.mx\/wp-content\/uploads\/2021\/04\/cuartoscuro_783110_digital.jpeg?resize=700%2C400 2x, https:\/\/i0.wp.com\/www.grieta.org.mx\/wp-content\/uploads\/2021\/04\/cuartoscuro_783110_digital.jpeg?resize=1050%2C600 3x, https:\/\/i0.wp.com\/www.grieta.org.mx\/wp-content\/uploads\/2021\/04\/cuartoscuro_783110_digital.jpeg?resize=1400%2C800 4x"},"classes":[]},{"id":57634,"url":"http:\/\/www.grieta.org.mx\/index.php\/2021\/03\/09\/colectivos-de-busqueda-inician-planton-en-el-teatro-juarez-de-guanajuato\/","url_meta":{"origin":58761,"position":5},"title":"Colectivos de b\u00fasqueda inician plant\u00f3n en el Teatro Ju\u00e1rez de Guanajuato","author":"grieta","date":"9 marzo, 2021","format":false,"excerpt":"Redaci\u00f3n Notus 09 de marzo de 2021 Guanajuato, Gto.- Los colectivos de b\u00fasqueda, \u201cHasta encontrarte\u201d, \u201cSalamanca unidos buscando desaparecidos\u201d, \u201cColectivo buscadoras\u201d, \u201cLuz y Justicia\u201d y \u201cProyecto de b\u00fasqueda Guanajuato\u201d, son los colectivos que se reunieron el d\u00eda de hoy con casas de campa\u00f1a para plantarse en las escalinatas del Teatro\u2026","rel":"","context":"En &quot;CINTILLO&quot;","block_context":{"text":"CINTILLO","link":"http:\/\/www.grieta.org.mx\/index.php\/category\/cintillo\/"},"img":{"alt_text":"","src":"https:\/\/i0.wp.com\/www.grieta.org.mx\/wp-content\/uploads\/2021\/03\/https-_i1.wp.com_notus.com_.mx_wp-content_uploads_2021_03_colectivo-de-busqueda-planton-teatro-juazrez-1.jpgresize7082C398ssl1.jpg?resize=350%2C200","width":350,"height":200,"srcset":"https:\/\/i0.wp.com\/www.grieta.org.mx\/wp-content\/uploads\/2021\/03\/https-_i1.wp.com_notus.com_.mx_wp-content_uploads_2021_03_colectivo-de-busqueda-planton-teatro-juazrez-1.jpgresize7082C398ssl1.jpg?resize=350%2C200 1x, https:\/\/i0.wp.com\/www.grieta.org.mx\/wp-content\/uploads\/2021\/03\/https-_i1.wp.com_notus.com_.mx_wp-content_uploads_2021_03_colectivo-de-busqueda-planton-teatro-juazrez-1.jpgresize7082C398ssl1.jpg?resize=525%2C300 1.5x, https:\/\/i0.wp.com\/www.grieta.org.mx\/wp-content\/uploads\/2021\/03\/https-_i1.wp.com_notus.com_.mx_wp-content_uploads_2021_03_colectivo-de-busqueda-planton-teatro-juazrez-1.jpgresize7082C398ssl1.jpg?resize=700%2C400 2x"},"classes":[]}],"_links":{"self":[{"href":"http:\/\/www.grieta.org.mx\/index.php\/wp-json\/wp\/v2\/posts\/58761","targetHints":{"allow":["GET"]}}],"collection":[{"href":"http:\/\/www.grieta.org.mx\/index.php\/wp-json\/wp\/v2\/posts"}],"about":[{"href":"http:\/\/www.grieta.org.mx\/index.php\/wp-json\/wp\/v2\/types\/post"}],"author":[{"embeddable":true,"href":"http:\/\/www.grieta.org.mx\/index.php\/wp-json\/wp\/v2\/users\/2"}],"replies":[{"embeddable":true,"href":"http:\/\/www.grieta.org.mx\/index.php\/wp-json\/wp\/v2\/comments?post=58761"}],"version-history":[{"count":1,"href":"http:\/\/www.grieta.org.mx\/index.php\/wp-json\/wp\/v2\/posts\/58761\/revisions"}],"predecessor-version":[{"id":58769,"href":"http:\/\/www.grieta.org.mx\/index.php\/wp-json\/wp\/v2\/posts\/58761\/revisions\/58769"}],"wp:featuredmedia":[{"embeddable":true,"href":"http:\/\/www.grieta.org.mx\/index.php\/wp-json\/wp\/v2\/media\/58762"}],"wp:attachment":[{"href":"http:\/\/www.grieta.org.mx\/index.php\/wp-json\/wp\/v2\/media?parent=58761"}],"wp:term":[{"taxonomy":"category","embeddable":true,"href":"http:\/\/www.grieta.org.mx\/index.php\/wp-json\/wp\/v2\/categories?post=58761"},{"taxonomy":"post_tag","embeddable":true,"href":"http:\/\/www.grieta.org.mx\/index.php\/wp-json\/wp\/v2\/tags?post=58761"}],"curies":[{"name":"wp","href":"https:\/\/api.w.org\/{rel}","templated":true}]}}