{"id":58704,"date":"2021-04-13T19:28:19","date_gmt":"2021-04-14T00:28:19","guid":{"rendered":"https:\/\/www.grieta.org.mx\/?p=58704"},"modified":"2021-04-13T19:54:25","modified_gmt":"2021-04-14T00:54:25","slug":"red-de-resistencia-y-rebeldia-exige-la-liberacion-inmediata-de-defensores-de-derechos-humanos-del-frayba","status":"publish","type":"post","link":"http:\/\/www.grieta.org.mx\/index.php\/2021\/04\/13\/red-de-resistencia-y-rebeldia-exige-la-liberacion-inmediata-de-defensores-de-derechos-humanos-del-frayba\/","title":{"rendered":"Red de Resistencia y rebeld\u00eda exige la liberaci\u00f3n inmediata de defensores de derechos humanos del Frayba."},"content":{"rendered":"<p>Colectivo Grieta<\/p>\n<p>En un comunicado publicado el d\u00eda de hoy, 13 de abril, organizaciones sociales, colectivos e individuos, adherentes de la Sexta Declaraci\u00f3n de la Selva Lacandona, condenaron la privaci\u00f3n de la libertad de dos integrantes del Centro de Derechos Humanos Fray Bartolom\u00e9 de las Casas A.C.<\/p>\n<p>L\u00e1zaro S\u00e1nchez Guti\u00e9rrez y Vict\u00f3rico G\u00e1lvez P\u00e9rez, defensores de derechos humanos, y miembros del Frayba fueron privados de su libertad el d\u00eda de ayer 12 de abril mientras se dirig\u00edan a una reuni\u00f3n de trabajo en Palenque, Chiapas.<\/p>\n<p>Los colectivos llaman a la liberaci\u00f3n inmediata de los defensores de derechos humanos, que est\u00e1n detenidos de forma ilegal en la comunidad de San Felipe, Ocosingo, Chiapas. En el comunicado, los firmantes tambi\u00e9n hacen una llamado de solidaridad y solicitan firmar una acci\u00f3n urgente disponible en la p\u00e1gina <a href=\"http:\/\/www.frayba.org.mx\" rel=\"noopener\" target=\"_blank\">www.frayba.org.mx<\/a>.<\/p>\n<p>A continuaci\u00f3n reproducimos el comunicado completo:<\/p>\n<p><a href=\"http:\/\/www.grieta.org.mx\/wp-content\/uploads\/2021\/04\/Screenshot_2021-04-13-Pronunciamiento-ante-la-privacion-ilegal-de-la-libertad-de-nuestros-companeros-Red-de-Resistencia-y-R...1.png\"><img loading=\"lazy\" decoding=\"async\" data-attachment-id=\"58705\" data-permalink=\"http:\/\/www.grieta.org.mx\/index.php\/2021\/04\/13\/red-de-resistencia-y-rebeldia-exige-la-liberacion-inmediata-de-defensores-de-derechos-humanos-del-frayba\/screenshot_2021-04-13-pronunciamiento-ante-la-privacion-ilegal-de-la-libertad-de-nuestros-companeros-red-de-resistencia-y-r-1\/\" data-orig-file=\"http:\/\/www.grieta.org.mx\/wp-content\/uploads\/2021\/04\/Screenshot_2021-04-13-Pronunciamiento-ante-la-privacion-ilegal-de-la-libertad-de-nuestros-companeros-Red-de-Resistencia-y-R...1.png\" data-orig-size=\"616,496\" data-comments-opened=\"0\" data-image-meta=\"{&quot;aperture&quot;:&quot;0&quot;,&quot;credit&quot;:&quot;&quot;,&quot;camera&quot;:&quot;&quot;,&quot;caption&quot;:&quot;&quot;,&quot;created_timestamp&quot;:&quot;0&quot;,&quot;copyright&quot;:&quot;&quot;,&quot;focal_length&quot;:&quot;0&quot;,&quot;iso&quot;:&quot;0&quot;,&quot;shutter_speed&quot;:&quot;0&quot;,&quot;title&quot;:&quot;&quot;,&quot;orientation&quot;:&quot;0&quot;}\" data-image-title=\"Screenshot_2021-04-13 Pronunciamiento ante la privacion ilegal de la libertad de nuestros compa\u00f1eros Red de Resistencia y R[&amp;#8230;](1)\" data-image-description=\"\" data-image-caption=\"\" data-medium-file=\"http:\/\/www.grieta.org.mx\/wp-content\/uploads\/2021\/04\/Screenshot_2021-04-13-Pronunciamiento-ante-la-privacion-ilegal-de-la-libertad-de-nuestros-companeros-Red-de-Resistencia-y-R...1-300x242.png\" data-large-file=\"http:\/\/www.grieta.org.mx\/wp-content\/uploads\/2021\/04\/Screenshot_2021-04-13-Pronunciamiento-ante-la-privacion-ilegal-de-la-libertad-de-nuestros-companeros-Red-de-Resistencia-y-R...1.png\" class=\"aligncenter wp-image-58705\" src=\"http:\/\/www.grieta.org.mx\/wp-content\/uploads\/2021\/04\/Screenshot_2021-04-13-Pronunciamiento-ante-la-privacion-ilegal-de-la-libertad-de-nuestros-companeros-Red-de-Resistencia-y-R...1.png\" alt=\"\" width=\"500\" height=\"403\" srcset=\"http:\/\/www.grieta.org.mx\/wp-content\/uploads\/2021\/04\/Screenshot_2021-04-13-Pronunciamiento-ante-la-privacion-ilegal-de-la-libertad-de-nuestros-companeros-Red-de-Resistencia-y-R...1.png 616w, http:\/\/www.grieta.org.mx\/wp-content\/uploads\/2021\/04\/Screenshot_2021-04-13-Pronunciamiento-ante-la-privacion-ilegal-de-la-libertad-de-nuestros-companeros-Red-de-Resistencia-y-R...1-300x242.png 300w\" sizes=\"auto, (max-width: 500px) 100vw, 500px\" \/><\/a><\/p>\n<p>A las Juntas de Buen Gobierno y Bases de Apoyo del EZLN<br \/>\nAl Concejo Ind\u00edgena de Gobierno<br \/>\nAl Congreso Nacional Ind\u00edgena<br \/>\nAl Ej\u00e9rcito Zapatista de Liberaci\u00f3n Nacional<br \/>\nA las Redes de Resistencia y Rebeld\u00eda<br \/>\nA los organismos de derechos humanos nacionales e internacionales<br \/>\nA los medios libres, independientes, aut\u00f3nomos<br \/>\nA los pueblos de M\u00e9xico y del mundo<\/p>\n<p>Organizaciones, colectivos y personas a t\u00edtulo individual, Adherentes a la Sexta Declaraci\u00f3n de la Selva Lacandona del Ej\u00e9rcito Zapatista de Liberaci\u00f3n Nacional, condenamos la privaci\u00f3n ilegal de la libertad y exigimos de manera inmediata la presentaci\u00f3n con vida de nuestros compa\u00f1eros L\u00e1zaro S\u00e1nchez Guti\u00e9rrez y Vict\u00f3rico G\u00e1lvez P\u00e9rez, defensores del Centro de Derechos Humanos Fray Bartolom\u00e9 de Las Casas, privados de su libertad desde el d\u00eda de ayer, 12 de abril, en el transcurso de su trayecto a una reuni\u00f3n de trabajo en la ciudad de Palenque, Chiapas.<\/p>\n<p>Es importante se\u00f1alar que estos hechos no son hechos aislados, sino que ocurren en un momento en donde continuamente se est\u00e1 criminalizando a defensorxs de derechos humanos en M\u00e9xico, entre ellxs compa\u00f1erxs del Frayba. Tambi\u00e9n se\u00f1alamos que en esta regi\u00f3n, donde fueron retenidos los dos defensores de derechos humanos, el Frayba a realizado trabajos de observaci\u00f3n y documentaci\u00f3n de las agresiones que se est\u00e1n cometiendo contra comunidades zapatistas por parte de la ORCAO.<\/p>\n<p>Ante ello, exigimos de manera inmediata la presentaci\u00f3n con vida de L\u00e1zaro S\u00e1nchez Guti\u00e9rrez y Vict\u00f3rico G\u00e1lvez P\u00e9rez, y al mismo tiempo condenamos estos actos de intimidaci\u00f3n, agresi\u00f3n y secuestro.<\/p>\n<p>Hacemos eco al llamado de solidaridad nacional e internacional de Frayba, pidiendo que firmen esta acci\u00f3n urgente disponible en la p\u00e1gina www.frayba.org.mx y le escriban a las autoridades mexicanas a fin de que se comprometan a implementar medidas de seguridad para el ejercicio del derecho a defender los derechos humanos.<br \/>\nInvitamos a lxs inviduxs y colectivos adherentes a la Sexta y a quien caminen abajo y a la izquierda, a sumarse a este pronunciamiento. Las firmas se estar\u00e1n reciviendo en el trascurso del d\u00eda de hoy al correo: ajmaq_chiapas@riseup.net.<\/p>\n<p>SI TOCAN A UNX, NOS TOCAN A TODXS.<\/p>\n<p>ATENTAMENTE<\/p>\n<p>Memoria Viva.<br \/>\nM\u00e9dicos del Mundo Suiza-M\u00e9xico.<br \/>\nPromedios de Comuniaci\u00f3n Comunitaria.<br \/>\nGrupo de Trabajo No Estamos Todxs.<br \/>\nLumaltik Herriak.<br \/>\nRed de Resistencia y Rebeld\u00eda Ajmaq.<br \/>\nDesarrollo Tecnol\u00f3gico y Servicios Comunitarios El Puente, S.C.<br \/>\nEspacio de Lucha Contra el Olvido y la Represi\u00f3n (ELCOR).<br \/>\nDesarrollo Econ\u00f3mico y Social de los Mexicanos Ind\u00edgenas, A.C. (DESMI).<br \/>\nEnlace Civil, A.C.<br \/>\nColectivo Aequus &#8211; Promoci\u00f3n y Defensa de Derechos.<br \/>\nCoordinaci\u00f3n de Familiares de Estudiantes V\u00edctimas de la Violencia.<br \/>\nFrente Nacional Ni Una Menos M\u00e9xico.<br \/>\nColectiva Nuestra Alegre Rebeld\u00eda en apoyo al CNI y CIG, Cuernavaca, Morelos.<br \/>\nRed de Resistencia y Rebeld\u00eda en apoyo al CNI-CIG del Puerto de Veracruz.<br \/>\nLa Voz del Anahuac, adherentes a la Sexta.<br \/>\nFrente de Trabajador@s por el derecho a la Salud y a la Seguridad Social.<br \/>\nConcepci\u00f3n Su\u00e1rez Aguilar.<br \/>\nColectivo La Flor de Asfalto.<br \/>\nColectiva Aut\u00f3noma de Colaboraci\u00f3n Social (COACS).<br \/>\nMujeres Transformando Mundos, A.C.<br \/>\nSusana Montes Cruz.<br \/>\nColectiva Coraz\u00f3n del Tiempo (Puelmapu\/Norpatagonia, Argentina).<br \/>\nSusana de la Cruz.<br \/>\nMartha de la Cruz.<br \/>\nEva Mar\u00eda Ruiz P\u00e9rez.<br \/>\nJuan de la Cruz Ruiz.<br \/>\nUniversidad Revoluci\u00f3n (UR).<br \/>\nMagisterio Mexiquiense Contra la Reforma Educativa (MMCRE-CNTE).<br \/>\nTxiapasekin Euskal Herria.<br \/>\n\u00c1ngel Bosqued.<br \/>\nManuel Rosental, Pueblos en Camino, Abya Ayala.<br \/>\nVilma Almendra, Pueblos en Camino, Abya Ayala.<br \/>\nColectivo Na Ch&#8217;ul Chan, Casa de Sanaci\u00f3n y Armonizaci\u00f3n Ancestral Maya.<br \/>\nComunidad de Tlanezi Calli<br \/>\nComunidad de Xochitlanezi<br \/>\nColectivo de Profes en la Sexta<br \/>\nColectivo Cuaderno Com\u00fan<br \/>\nColectivo Gavilanas<br \/>\nMeza de Caf\u00e9 Zapatista Abajo y a la Izquierda del Edificio &#8220;E&#8221;.<br \/>\nCooperativa La Cacerola, Stgo-Chile.<br \/>\nChiapasgruppa Latin-Amerikagruppene i Norge (LAG) \/ El comit\u00e9 Noruego en solidaridad con Am\u00e9rica Latina.<br \/>\nStella Maris Figueroa<br \/>\nIsrael Pirra Mora<\/p>\n<p><a href=\"https:\/\/redajmaq.espora.org\/pronunciamiento20210413\" target=\"_blank\" rel=\"noopener\">https:\/\/redajmaq.espora.org\/pronunciamiento20210413<\/a><\/p>\n","protected":false},"excerpt":{"rendered":"<p>Colectivo Grieta En un comunicado publicado el d\u00eda de hoy, 13 de abril, organizaciones sociales, colectivos e individuos, adherentes de la Sexta Declaraci\u00f3n de la Selva Lacandona, condenaron la privaci\u00f3n &hellip; <a href=\"http:\/\/www.grieta.org.mx\/index.php\/2021\/04\/13\/red-de-resistencia-y-rebeldia-exige-la-liberacion-inmediata-de-defensores-de-derechos-humanos-del-frayba\/\" class=\"more-link\">Leer m\u00e1s<\/a><\/p>\n","protected":false},"author":1,"featured_media":58706,"comment_status":"closed","ping_status":"closed","sticky":false,"template":"","format":"standard","meta":{"ngg_post_thumbnail":0,"_jetpack_newsletter_access":"","_jetpack_dont_email_post_to_subs":false,"_jetpack_newsletter_tier_id":0,"_jetpack_memberships_contains_paywalled_content":false,"_jetpack_memberships_contains_paid_content":false,"footnotes":""},"categories":[80,1775,2,2661],"tags":[174,3782],"class_list":["post-58704","post","type-post","status-publish","format-standard","has-post-thumbnail","hentry","category-cintillo","category-colectivo-grieta","category-noticias-nacionales","category-redes-de-resistencia-y-rebeldia","tag-derechos-humanos","tag-redes-de-resistencia-y-rebeldia","entry"],"jetpack_featured_media_url":"http:\/\/www.grieta.org.mx\/wp-content\/uploads\/2021\/04\/Screenshot_2021-04-13-Pronunciamiento-ante-la-privacion-ilegal-de-la-libertad-de-nuestros-companeros-Red-de-Resistencia-y-R....png","jetpack_sharing_enabled":true,"jetpack_shortlink":"https:\/\/wp.me\/p7ZJR4-fgQ","jetpack_likes_enabled":false,"jetpack-related-posts":[{"id":38877,"url":"http:\/\/www.grieta.org.mx\/index.php\/2019\/09\/01\/colectivos-se-reunen-en-el-festival-de-la-resistencia-veracruz\/","url_meta":{"origin":58704,"position":0},"title":"Colectivos se re\u00fanen en el Festival de La Resistencia (Veracruz)","author":"grieta","date":"1 septiembre, 2019","format":false,"excerpt":"Fernanda Torres \/ La Silla Rota De manera conjunta, defensores del agua, tierra, los derechos humanos, de g\u00e9nero e ind\u00edgenas se unieron en un di\u00e1logo Veracruz, Ver.- Distintos colectivos veracruzanos se dieron cita este domingo en el Festival de La Resistencia donde a trav\u00e9s de foros y actividades culturales hicieron\u2026","rel":"","context":"En &quot;CINTILLO&quot;","block_context":{"text":"CINTILLO","link":"http:\/\/www.grieta.org.mx\/index.php\/category\/cintillo\/"},"img":{"alt_text":"","src":"https:\/\/i0.wp.com\/www.grieta.org.mx\/wp-content\/uploads\/2019\/09\/whatsappimage20190901at3.13.16pm_1-focus-min0.26-0.65-700-600.jpg?resize=350%2C200","width":350,"height":200,"srcset":"https:\/\/i0.wp.com\/www.grieta.org.mx\/wp-content\/uploads\/2019\/09\/whatsappimage20190901at3.13.16pm_1-focus-min0.26-0.65-700-600.jpg?resize=350%2C200 1x, https:\/\/i0.wp.com\/www.grieta.org.mx\/wp-content\/uploads\/2019\/09\/whatsappimage20190901at3.13.16pm_1-focus-min0.26-0.65-700-600.jpg?resize=525%2C300 1.5x, https:\/\/i0.wp.com\/www.grieta.org.mx\/wp-content\/uploads\/2019\/09\/whatsappimage20190901at3.13.16pm_1-focus-min0.26-0.65-700-600.jpg?resize=700%2C400 2x"},"classes":[]},{"id":58719,"url":"http:\/\/www.grieta.org.mx\/index.php\/2021\/04\/14\/por-que-secuestran-a-dos-defensores-del-frayba\/","url_meta":{"origin":58704,"position":1},"title":"\u00bfPor qu\u00e9 secuestran a dos defensores del Frayba?","author":"Admin","date":"14 abril, 2021","format":false,"excerpt":"Daliri Oropeza \/ Pie de p\u00e1gina Este es un perfil del defensor de derechos humanos L\u00e1zaro S\u00e1nchez Guti\u00e9rrez, quien fue secuestrado en la zona selva de Chiapas con Vict\u00f3rico G\u00e1lvez P\u00e9rez. Ambos son integrantes del Frayba y documentan violaciones a derechos de pueblos ind\u00edgenas Dedicado a tsoly y a Citlalmina,\u2026","rel":"","context":"En &quot;CINTILLO&quot;","block_context":{"text":"CINTILLO","link":"http:\/\/www.grieta.org.mx\/index.php\/category\/cintillo\/"},"img":{"alt_text":"","src":"https:\/\/i0.wp.com\/www.grieta.org.mx\/wp-content\/uploads\/2021\/04\/Screenshot_2021-04-14-%C2%BFPor-que-secuestran-a-dos-defensores-del-Frayba-Pie-de-Pagina4.png?resize=350%2C200","width":350,"height":200,"srcset":"https:\/\/i0.wp.com\/www.grieta.org.mx\/wp-content\/uploads\/2021\/04\/Screenshot_2021-04-14-%C2%BFPor-que-secuestran-a-dos-defensores-del-Frayba-Pie-de-Pagina4.png?resize=350%2C200 1x, https:\/\/i0.wp.com\/www.grieta.org.mx\/wp-content\/uploads\/2021\/04\/Screenshot_2021-04-14-%C2%BFPor-que-secuestran-a-dos-defensores-del-Frayba-Pie-de-Pagina4.png?resize=525%2C300 1.5x, https:\/\/i0.wp.com\/www.grieta.org.mx\/wp-content\/uploads\/2021\/04\/Screenshot_2021-04-14-%C2%BFPor-que-secuestran-a-dos-defensores-del-Frayba-Pie-de-Pagina4.png?resize=700%2C400 2x"},"classes":[]},{"id":58700,"url":"http:\/\/www.grieta.org.mx\/index.php\/2021\/04\/13\/privacion-arbitraria-de-la-libertad-a-integrantes-del-frayba\/","url_meta":{"origin":58704,"position":2},"title":"Privaci\u00f3n arbitraria de la libertad a integrantes del Frayba","author":"Admin","date":"13 abril, 2021","format":false,"excerpt":"El Centro de Derechos Humanos Fray Bartolom\u00e9 de Las Casas, A.C. (Frayba), tienen informaci\u00f3n de que dos de sus integrantes fueron secuestrados mientras se trasladaban rumbo a la Ciudad de Palenque, Chiapas, y hasta esta hora su paradero es impreciso. El 12 de abril de 2021, aproximadamente las 7:00 horas,\u2026","rel":"","context":"En &quot;CINTILLO&quot;","block_context":{"text":"CINTILLO","link":"http:\/\/www.grieta.org.mx\/index.php\/category\/cintillo\/"},"img":{"alt_text":"","src":"https:\/\/i0.wp.com\/www.grieta.org.mx\/wp-content\/uploads\/2021\/04\/chd_frayba-1.jpg?resize=350%2C200","width":350,"height":200},"classes":[]},{"id":62126,"url":"http:\/\/www.grieta.org.mx\/index.php\/2021\/09\/14\/activistas-protestan-en-migracion-por-persecucion-contra-haitianos-en-veracruz-denuncian-violacion-a-los-derechos-humanos\/","url_meta":{"origin":58704,"position":3},"title":"Activistas protestan en Migraci\u00f3n por persecuci\u00f3n contra haitianos en Veracruz; denuncian violaci\u00f3n a los derechos humanos","author":"grieta","date":"14 septiembre, 2021","format":false,"excerpt":"Juan David Castilla \/ Libertad bajo palabra Un grupo de activistas protest\u00f3 afuera de las oficinas del Instituto Nacional de Migraci\u00f3n (INM), municipio de Xalapa, para exigir que cese la persecuci\u00f3n contra los haitianos que huyen de su pa\u00eds y pasan por Veracruz con direcci\u00f3n a Estados Unidos. Los integrantes\u2026","rel":"","context":"En &quot;CINTILLO&quot;","block_context":{"text":"CINTILLO","link":"http:\/\/www.grieta.org.mx\/index.php\/category\/cintillo\/"},"img":{"alt_text":"","src":"https:\/\/i0.wp.com\/www.grieta.org.mx\/wp-content\/uploads\/2021\/10\/Screenshot-2021-10-04-at-13-02-49-Activistas-protestan-en-Migracion-por-persecucion-contra-haitianos-en-Veracruz-denuncian....png?resize=350%2C200","width":350,"height":200,"srcset":"https:\/\/i0.wp.com\/www.grieta.org.mx\/wp-content\/uploads\/2021\/10\/Screenshot-2021-10-04-at-13-02-49-Activistas-protestan-en-Migracion-por-persecucion-contra-haitianos-en-Veracruz-denuncian....png?resize=350%2C200 1x, https:\/\/i0.wp.com\/www.grieta.org.mx\/wp-content\/uploads\/2021\/10\/Screenshot-2021-10-04-at-13-02-49-Activistas-protestan-en-Migracion-por-persecucion-contra-haitianos-en-Veracruz-denuncian....png?resize=525%2C300 1.5x, https:\/\/i0.wp.com\/www.grieta.org.mx\/wp-content\/uploads\/2021\/10\/Screenshot-2021-10-04-at-13-02-49-Activistas-protestan-en-Migracion-por-persecucion-contra-haitianos-en-Veracruz-denuncian....png?resize=700%2C400 2x"},"classes":[]},{"id":59220,"url":"http:\/\/www.grieta.org.mx\/index.php\/2021\/04\/06\/exigen-libertad-a-presos-politicos-en-michoacan-afuera-de-scjn\/","url_meta":{"origin":58704,"position":4},"title":"Exigen libertad a presos pol\u00edticos en Michoac\u00e1n afuera de SCJN","author":"grieta","date":"6 abril, 2021","format":false,"excerpt":"Los integrantes del Concejo se dieron cita en el lugar para exigir la liberaci\u00f3n de los concejales Jos\u00e9 Luis Jim\u00e9nez y Jos\u00e9 Antonio Arreola, Nora Bucio, MVS Noticias, 06 de abril de 2021 Integrantes del Concejo Ciudadano Ind\u00edgena de Nahuatzen, se manifestaron afuera de la sede de la Suprema Corte\u2026","rel":"","context":"En &quot;Autonom\u00edas&quot;","block_context":{"text":"Autonom\u00edas","link":"http:\/\/www.grieta.org.mx\/index.php\/category\/resistencias\/autonomias\/"},"img":{"alt_text":"","src":"https:\/\/i0.wp.com\/www.grieta.org.mx\/wp-content\/uploads\/2021\/05\/ccdcd426-whatsapp-image-2021-04-06-at-13.38.21.jpeg?resize=350%2C200","width":350,"height":200,"srcset":"https:\/\/i0.wp.com\/www.grieta.org.mx\/wp-content\/uploads\/2021\/05\/ccdcd426-whatsapp-image-2021-04-06-at-13.38.21.jpeg?resize=350%2C200 1x, https:\/\/i0.wp.com\/www.grieta.org.mx\/wp-content\/uploads\/2021\/05\/ccdcd426-whatsapp-image-2021-04-06-at-13.38.21.jpeg?resize=525%2C300 1.5x, https:\/\/i0.wp.com\/www.grieta.org.mx\/wp-content\/uploads\/2021\/05\/ccdcd426-whatsapp-image-2021-04-06-at-13.38.21.jpeg?resize=700%2C400 2x"},"classes":[]},{"id":31827,"url":"http:\/\/www.grieta.org.mx\/index.php\/2019\/04\/05\/libres-los-tres-defensores-del-agua-de-tlanixco-que-aun-estaban-en-la-carcel-estado-de-mexico\/","url_meta":{"origin":58704,"position":5},"title":"Libres, los tres defensores del agua de Tlanixco que a\u00fan estaban en la c\u00e1rcel (Estado de M\u00e9xico)","author":"grieta","date":"5 abril, 2019","format":false,"excerpt":"Veneranda Mendoza\/Proceso TOLUCA, Edomex. (apro).- El Segundo Tribunal de Alzada en Material Penal de Toluca decret\u00f3 la libertad de los tres defensores del agua de Tlanixco que permanec\u00edan encarcelados por el presunto homicidio de un empresario flor\u00edcola de Villa Guerrero ocurrido en 2003. El Poder Judicial del Estado de M\u00e9xico\u2026","rel":"","context":"En &quot;CINTILLO&quot;","block_context":{"text":"CINTILLO","link":"http:\/\/www.grieta.org.mx\/index.php\/category\/cintillo\/"},"img":{"alt_text":"","src":"https:\/\/i0.wp.com\/www.grieta.org.mx\/wp-content\/uploads\/2019\/04\/WhatsApp-Image-2018-10-30-at-2.07.20-PM.jpeg?resize=350%2C200","width":350,"height":200,"srcset":"https:\/\/i0.wp.com\/www.grieta.org.mx\/wp-content\/uploads\/2019\/04\/WhatsApp-Image-2018-10-30-at-2.07.20-PM.jpeg?resize=350%2C200 1x, https:\/\/i0.wp.com\/www.grieta.org.mx\/wp-content\/uploads\/2019\/04\/WhatsApp-Image-2018-10-30-at-2.07.20-PM.jpeg?resize=525%2C300 1.5x, https:\/\/i0.wp.com\/www.grieta.org.mx\/wp-content\/uploads\/2019\/04\/WhatsApp-Image-2018-10-30-at-2.07.20-PM.jpeg?resize=700%2C400 2x"},"classes":[]}],"_links":{"self":[{"href":"http:\/\/www.grieta.org.mx\/index.php\/wp-json\/wp\/v2\/posts\/58704","targetHints":{"allow":["GET"]}}],"collection":[{"href":"http:\/\/www.grieta.org.mx\/index.php\/wp-json\/wp\/v2\/posts"}],"about":[{"href":"http:\/\/www.grieta.org.mx\/index.php\/wp-json\/wp\/v2\/types\/post"}],"author":[{"embeddable":true,"href":"http:\/\/www.grieta.org.mx\/index.php\/wp-json\/wp\/v2\/users\/1"}],"replies":[{"embeddable":true,"href":"http:\/\/www.grieta.org.mx\/index.php\/wp-json\/wp\/v2\/comments?post=58704"}],"version-history":[{"count":1,"href":"http:\/\/www.grieta.org.mx\/index.php\/wp-json\/wp\/v2\/posts\/58704\/revisions"}],"predecessor-version":[{"id":58711,"href":"http:\/\/www.grieta.org.mx\/index.php\/wp-json\/wp\/v2\/posts\/58704\/revisions\/58711"}],"wp:featuredmedia":[{"embeddable":true,"href":"http:\/\/www.grieta.org.mx\/index.php\/wp-json\/wp\/v2\/media\/58706"}],"wp:attachment":[{"href":"http:\/\/www.grieta.org.mx\/index.php\/wp-json\/wp\/v2\/media?parent=58704"}],"wp:term":[{"taxonomy":"category","embeddable":true,"href":"http:\/\/www.grieta.org.mx\/index.php\/wp-json\/wp\/v2\/categories?post=58704"},{"taxonomy":"post_tag","embeddable":true,"href":"http:\/\/www.grieta.org.mx\/index.php\/wp-json\/wp\/v2\/tags?post=58704"}],"curies":[{"name":"wp","href":"https:\/\/api.w.org\/{rel}","templated":true}]}}