{"id":587,"date":"2016-02-15T18:51:08","date_gmt":"2016-02-15T18:51:08","guid":{"rendered":"http:\/\/50.22.11.12\/~grietaor\/?p=587"},"modified":"2016-03-01T19:25:26","modified_gmt":"2016-03-01T19:25:26","slug":"otro-paro-en-la-uaz","status":"publish","type":"post","link":"http:\/\/www.grieta.org.mx\/index.php\/2016\/02\/15\/otro-paro-en-la-uaz\/","title":{"rendered":"Otro paro en la UAZ"},"content":{"rendered":"<p>Zacatecas<br \/>\nLunes, 15 de febrero de 2016<br \/>\nABIGAIL SALINAS<\/p>\n<p>Zacatecas.- Al mediod\u00eda de este lunes, en asamblea general del Sindicato del Personal Acad\u00e9mico de la Universidad Aut\u00f3noma de Zacatecas (SPAUAZ), se decidi\u00f3 realizar un paro general de actividades este martes en todos los planteles de la m\u00e1xima casa de estudios del estado.<\/p>\n<p>Esto, para presionar a la Rector\u00eda a fin de que haga los pagos pendientes e informe sobre la situaci\u00f3n financiera de la Universidad, a unos d\u00edas de que venza el emplazamiento a huelga del sindicato, este 18 de febrero.<\/p>\n<p>Durante la asamblea hubo voces encontradas, ya que algunos acad\u00e9micos dijeron que es momento de prepararse ante la huelga, que es el \u00fanico recurso que les queda para exigir los puntos irrenunciables, pero otros externaron su inconformidad por iniciar un movimiento parecido al de 2014 y 2015.<\/p>\n<p>En la asamblea se dio a conocer un documento que lleg\u00f3 al SPAUAZ con propuestas de pago para este 18 de febrero; sin embargo, \u00e9ste no convenci\u00f3 a los docentes, ya que no se envi\u00f3 en una hoja membretada ni con alguna firma que hiciera constar la validez oficial de las proposiciones.<\/p>\n<p>Por otra parte, destacaron que el adeudo que hasta el momento tiene la administraci\u00f3n central con la Universidad Aut\u00f3noma de Zacatecas (UAZ) es de 86 millones 791 mil 826 pesos.<\/p>\n<p>En entrevista, el secretario general del SPAUAZ, Jos\u00e9 Crescenciano S\u00e1nchez P\u00e9rez, record\u00f3 los puntos irrenunciables del sindicato, adem\u00e1s, inform\u00f3 que el plebiscito para decidir si estalla o no la huelga en la instituci\u00f3n se efectuar\u00e1 este mi\u00e9rcoles de las 7 a las 20 horas, en las instalaciones del sindicato.<\/p>\n<p>Propuestas del pago al SPAUAZ:<\/p>\n<p>*Prima de antig\u00fcedad de enero (14 millones 39 mil 199 pesos)<\/p>\n<p>*Bono \u00fanico por revisi\u00f3n (12 millones 183 mil 838 pesos)<\/p>\n<p>*Apoyo acad\u00e9mico de noviembre-diciembre 2015 y enero 2016 (186 mil pesos)<\/p>\n<p>*Comit\u00e9 Ejecutivo SPAUAZ (al 30 de enero de 2016) (300 mil pesos)<\/p>\n<p>*Arrendamiento Insurgentes SPAUAZ (26 mil pesos)<\/p>\n<p>Puntos irrenunciables<\/p>\n<p>*Informaci\u00f3n financiera<\/p>\n<p>*Seguridad social<\/p>\n<p>*Cubrir el adeudo<\/p>\n<p>*Violaciones e incumplimientos que incluyen elaboraci\u00f3n bilateral de las cargas de trabajo<\/p>\n<p>*Aumento Salarial 3.15 por ciento al salario y 1.5 por ciento en prestaciones<\/p>\n<p><a href=\"http:\/\/ntrzacatecas.com\/2016\/02\/15\/otro-paro-en-la-uaz\/\">ntrzacatecas.com\/2016\/02\/15\/otro-paro-en-la-uaz\/<\/a><\/p>\n","protected":false},"excerpt":{"rendered":"<p>Zacatecas Lunes, 15 de febrero de 2016 ABIGAIL SALINAS Zacatecas.- Al mediod\u00eda de este lunes, en asamblea general del Sindicato del Personal Acad\u00e9mico de la Universidad Aut\u00f3noma de Zacatecas (SPAUAZ), &hellip; <a href=\"http:\/\/www.grieta.org.mx\/index.php\/2016\/02\/15\/otro-paro-en-la-uaz\/\" class=\"more-link\">Leer m\u00e1s<\/a><\/p>\n","protected":false},"author":2,"featured_media":21928,"comment_status":"closed","ping_status":"open","sticky":false,"template":"","format":"standard","meta":{"ngg_post_thumbnail":0,"_jetpack_newsletter_access":"","_jetpack_dont_email_post_to_subs":false,"_jetpack_newsletter_tier_id":0,"_jetpack_memberships_contains_paywalled_content":false,"_jetpack_memberships_contains_paid_content":false,"footnotes":""},"categories":[80,139],"tags":[105,107],"class_list":["post-587","post","type-post","status-publish","format-standard","has-post-thumbnail","hentry","category-cintillo","category-zacatecas","tag-derechos-laborales","tag-educacion","entry"],"jetpack_featured_media_url":"http:\/\/www.grieta.org.mx\/wp-content\/uploads\/2018\/03\/14524434_1106112876131411_958039263622046936_o.jpg","jetpack_sharing_enabled":true,"jetpack_shortlink":"https:\/\/wp.me\/p7ZJR4-9t","jetpack_likes_enabled":false,"jetpack-related-posts":[{"id":675,"url":"http:\/\/www.grieta.org.mx\/index.php\/2015\/02\/16\/docentes-de-zacatecas-activan-paro-de-brazos-caidos\/","url_meta":{"origin":587,"position":0},"title":"Docentes de Zacatecas activan paro de brazos ca\u00eddos","author":"grieta","date":"16 febrero, 2015","format":false,"excerpt":"Sin Embargo Por Redacci\u00f3n \/ Sin Embargo febrero 16, 2015 Zacatecas, 16 Feb (Notimex).- Los docentes de la Universidad Aut\u00f3noma de Zacatecas (UAZ) iniciaron este lunes un paro de \u201cbrazos ca\u00eddos\u201d en esa casa de estudios en demanda de la soluci\u00f3n al problema econ\u00f3mico. En entrevista, el secretario general del\u2026","rel":"","context":"En &quot;CINTILLO&quot;","block_context":{"text":"CINTILLO","link":"http:\/\/www.grieta.org.mx\/index.php\/category\/cintillo\/"},"img":{"alt_text":"","src":"https:\/\/i0.wp.com\/www.grieta.org.mx\/wp-content\/uploads\/2018\/03\/14524434_1106112876131411_958039263622046936_o.jpg?resize=350%2C200","width":350,"height":200,"srcset":"https:\/\/i0.wp.com\/www.grieta.org.mx\/wp-content\/uploads\/2018\/03\/14524434_1106112876131411_958039263622046936_o.jpg?resize=350%2C200 1x, https:\/\/i0.wp.com\/www.grieta.org.mx\/wp-content\/uploads\/2018\/03\/14524434_1106112876131411_958039263622046936_o.jpg?resize=525%2C300 1.5x, https:\/\/i0.wp.com\/www.grieta.org.mx\/wp-content\/uploads\/2018\/03\/14524434_1106112876131411_958039263622046936_o.jpg?resize=700%2C400 2x"},"classes":[]},{"id":71056,"url":"http:\/\/www.grieta.org.mx\/index.php\/2025\/02\/18\/profesores-de-la-uaz-se-van-a-huelga-para-exigir-mejores-condiciones-laborales-zacatecas\/","url_meta":{"origin":587,"position":1},"title":"Profesores de la UAZ se van a huelga para exigir mejores condiciones laborales (Zacatecas)","author":"grieta","date":"18 febrero, 2025","format":false,"excerpt":"Proceso Por Alonso Ch\u00e1vez Landeros martes, 18 de febrero de 2025 \u00b7 ZACATECAS, Zac. (apro).- Este mediod\u00eda de martes fueron colocadas las banderas rojinegras en la Universidad Aut\u00f3noma de Zacatecas (UAZ) tras estallar la huelga los integrantes del Sindicato de Personal Acad\u00e9mico (SPAUAZ). La huelga fue aprobada por la mayor\u00eda\u2026","rel":"","context":"En &quot;CINTILLO&quot;","block_context":{"text":"CINTILLO","link":"http:\/\/www.grieta.org.mx\/index.php\/category\/cintillo\/"},"img":{"alt_text":"","src":"https:\/\/i0.wp.com\/www.grieta.org.mx\/wp-content\/uploads\/2025\/02\/f685x385-217268_254961_5050.webp?resize=350%2C200","width":350,"height":200,"srcset":"https:\/\/i0.wp.com\/www.grieta.org.mx\/wp-content\/uploads\/2025\/02\/f685x385-217268_254961_5050.webp?resize=350%2C200 1x, https:\/\/i0.wp.com\/www.grieta.org.mx\/wp-content\/uploads\/2025\/02\/f685x385-217268_254961_5050.webp?resize=525%2C300 1.5x"},"classes":[]},{"id":592,"url":"http:\/\/www.grieta.org.mx\/index.php\/2016\/01\/27\/paro-general-en-la-uaz\/","url_meta":{"origin":587,"position":2},"title":"Paro general en la UAZ","author":"grieta","date":"27 enero, 2016","format":false,"excerpt":"Mi\u00e9rcoles, 27 de enero de 2016 ABIGAIL SALINAS Zacatecas.- De las 7 a las 19 horas de este mi\u00e9rcoles, Sindicato de Personal Acad\u00e9mico de la Universidad Aut\u00f3noma de Zacatecas (SPAUAZ) mantendr\u00e1 un paro general en la universidad, debido a que a\u00fan queda pendiente el pago de 70 millones de pesos\u2026","rel":"","context":"En &quot;CINTILLO&quot;","block_context":{"text":"CINTILLO","link":"http:\/\/www.grieta.org.mx\/index.php\/category\/cintillo\/"},"img":{"alt_text":"","src":"https:\/\/i0.wp.com\/www.grieta.org.mx\/wp-content\/uploads\/2018\/03\/14524434_1106112876131411_958039263622046936_o.jpg?resize=350%2C200","width":350,"height":200,"srcset":"https:\/\/i0.wp.com\/www.grieta.org.mx\/wp-content\/uploads\/2018\/03\/14524434_1106112876131411_958039263622046936_o.jpg?resize=350%2C200 1x, https:\/\/i0.wp.com\/www.grieta.org.mx\/wp-content\/uploads\/2018\/03\/14524434_1106112876131411_958039263622046936_o.jpg?resize=525%2C300 1.5x, https:\/\/i0.wp.com\/www.grieta.org.mx\/wp-content\/uploads\/2018\/03\/14524434_1106112876131411_958039263622046936_o.jpg?resize=700%2C400 2x"},"classes":[]},{"id":678,"url":"http:\/\/www.grieta.org.mx\/index.php\/2016\/02\/15\/conflictos-en-la-universidad-autonoma-de-zacatecas\/","url_meta":{"origin":587,"position":3},"title":"Conflictos en la Universidad Aut\u00f3noma de Zacatecas","author":"grieta","date":"15 febrero, 2016","format":false,"excerpt":"15\/02\/16. Otro Paro en la UAZ NTR Zacatecas 12\/02\/16. Planta rector a SPAUAZ; STUAZ rechaza huelga NTR Zacatecas 27\/01\/16. Paro general en la UAZ NTR Zacatecas 26\/01\/16. Condicionan a alumnos de medicina de la UAZ NTR Zacatecas 18\/01\/16. Denuncia SPAUAZ a rector por peculado NTR Zacatecas 17\/12\/15. Prestar\u00e1 SPAUAZ dinero\u2026","rel":"","context":"En &quot;Zacatecas&quot;","block_context":{"text":"Zacatecas","link":"http:\/\/www.grieta.org.mx\/index.php\/category\/noticias-nacionales\/zacatecas\/"},"img":{"alt_text":"","src":"https:\/\/i0.wp.com\/www.grieta.org.mx\/wp-content\/uploads\/2018\/03\/14524434_1106112876131411_958039263622046936_o.jpg?resize=350%2C200","width":350,"height":200,"srcset":"https:\/\/i0.wp.com\/www.grieta.org.mx\/wp-content\/uploads\/2018\/03\/14524434_1106112876131411_958039263622046936_o.jpg?resize=350%2C200 1x, https:\/\/i0.wp.com\/www.grieta.org.mx\/wp-content\/uploads\/2018\/03\/14524434_1106112876131411_958039263622046936_o.jpg?resize=525%2C300 1.5x, https:\/\/i0.wp.com\/www.grieta.org.mx\/wp-content\/uploads\/2018\/03\/14524434_1106112876131411_958039263622046936_o.jpg?resize=700%2C400 2x"},"classes":[]},{"id":71197,"url":"http:\/\/www.grieta.org.mx\/index.php\/2025\/02\/27\/acciones-anti-huelga-del-rector-provoca-sancion-economica-a-la-uaz-zacatecas\/","url_meta":{"origin":587,"position":4},"title":"Acciones anti-huelga del rector provoca sanci\u00f3n econ\u00f3mica a la UAZ (Zacatecas)","author":"grieta","date":"27 febrero, 2025","format":false,"excerpt":"El tribunal laboral impone multa de m\u00e1s de 148 mil pesos El Sol de Zacatecas, 27 de febrero de 2025 Ana Vacio El Tribunal Laboral del Poder Judicial del Estado, impuso una multa de 148 mil 552.82 pesos a la Universidad Aut\u00f3noma de Zacatecas (UAZ), por varios videos en los\u2026","rel":"","context":"En &quot;CINTILLO&quot;","block_context":{"text":"CINTILLO","link":"http:\/\/www.grieta.org.mx\/index.php\/category\/cintillo\/"},"img":{"alt_text":"","src":"https:\/\/i0.wp.com\/www.grieta.org.mx\/wp-content\/uploads\/2025\/02\/Campus-siglo-XXI-UAZ.webp?resize=350%2C200","width":350,"height":200,"srcset":"https:\/\/i0.wp.com\/www.grieta.org.mx\/wp-content\/uploads\/2025\/02\/Campus-siglo-XXI-UAZ.webp?resize=350%2C200 1x, https:\/\/i0.wp.com\/www.grieta.org.mx\/wp-content\/uploads\/2025\/02\/Campus-siglo-XXI-UAZ.webp?resize=525%2C300 1.5x, https:\/\/i0.wp.com\/www.grieta.org.mx\/wp-content\/uploads\/2025\/02\/Campus-siglo-XXI-UAZ.webp?resize=700%2C400 2x, https:\/\/i0.wp.com\/www.grieta.org.mx\/wp-content\/uploads\/2025\/02\/Campus-siglo-XXI-UAZ.webp?resize=1050%2C600 3x"},"classes":[]},{"id":71079,"url":"http:\/\/www.grieta.org.mx\/index.php\/2025\/02\/18\/estalla-la-huelga-en-la-uaz-zacatecas\/","url_meta":{"origin":587,"position":5},"title":"Estalla la huelga en la UAZ (Zacatecas)","author":"grieta","date":"18 febrero, 2025","format":false,"excerpt":"El Sol de Zacatecas, 18 de febrero de 2025 Ana Vacio La Universidad Aut\u00f3noma de Zacatecas (UAZ) se va a la huelga este martes, por primera vez en 10 a\u00f1os. Durante el plebiscito convocado por el Sindicato del Personal Acad\u00e9mico (SPAUAZ), mil 261 agremiados apoyaron el \u201cs\u00ed a la huelga\u201d,\u2026","rel":"","context":"En &quot;Aguascalientes&quot;","block_context":{"text":"Aguascalientes","link":"http:\/\/www.grieta.org.mx\/index.php\/category\/noticias-nacionales\/aguascalientes\/"},"img":{"alt_text":"El SPAUAZ realiz\u00f3 un plebiscito donde los resultados favorecieron el estallamiento de huelga. \/ Ricardo Reyes \/ El Sol de Zacatecas","src":"https:\/\/i0.wp.com\/www.grieta.org.mx\/wp-content\/uploads\/2025\/02\/Resultados-de-plebiscito-de-huelga-de-la-UAZ.webp?resize=350%2C200","width":350,"height":200,"srcset":"https:\/\/i0.wp.com\/www.grieta.org.mx\/wp-content\/uploads\/2025\/02\/Resultados-de-plebiscito-de-huelga-de-la-UAZ.webp?resize=350%2C200 1x, https:\/\/i0.wp.com\/www.grieta.org.mx\/wp-content\/uploads\/2025\/02\/Resultados-de-plebiscito-de-huelga-de-la-UAZ.webp?resize=525%2C300 1.5x, https:\/\/i0.wp.com\/www.grieta.org.mx\/wp-content\/uploads\/2025\/02\/Resultados-de-plebiscito-de-huelga-de-la-UAZ.webp?resize=700%2C400 2x, https:\/\/i0.wp.com\/www.grieta.org.mx\/wp-content\/uploads\/2025\/02\/Resultados-de-plebiscito-de-huelga-de-la-UAZ.webp?resize=1050%2C600 3x"},"classes":[]}],"_links":{"self":[{"href":"http:\/\/www.grieta.org.mx\/index.php\/wp-json\/wp\/v2\/posts\/587","targetHints":{"allow":["GET"]}}],"collection":[{"href":"http:\/\/www.grieta.org.mx\/index.php\/wp-json\/wp\/v2\/posts"}],"about":[{"href":"http:\/\/www.grieta.org.mx\/index.php\/wp-json\/wp\/v2\/types\/post"}],"author":[{"embeddable":true,"href":"http:\/\/www.grieta.org.mx\/index.php\/wp-json\/wp\/v2\/users\/2"}],"replies":[{"embeddable":true,"href":"http:\/\/www.grieta.org.mx\/index.php\/wp-json\/wp\/v2\/comments?post=587"}],"version-history":[{"count":1,"href":"http:\/\/www.grieta.org.mx\/index.php\/wp-json\/wp\/v2\/posts\/587\/revisions"}],"predecessor-version":[{"id":589,"href":"http:\/\/www.grieta.org.mx\/index.php\/wp-json\/wp\/v2\/posts\/587\/revisions\/589"}],"wp:featuredmedia":[{"embeddable":true,"href":"http:\/\/www.grieta.org.mx\/index.php\/wp-json\/wp\/v2\/media\/21928"}],"wp:attachment":[{"href":"http:\/\/www.grieta.org.mx\/index.php\/wp-json\/wp\/v2\/media?parent=587"}],"wp:term":[{"taxonomy":"category","embeddable":true,"href":"http:\/\/www.grieta.org.mx\/index.php\/wp-json\/wp\/v2\/categories?post=587"},{"taxonomy":"post_tag","embeddable":true,"href":"http:\/\/www.grieta.org.mx\/index.php\/wp-json\/wp\/v2\/tags?post=587"}],"curies":[{"name":"wp","href":"https:\/\/api.w.org\/{rel}","templated":true}]}}