{"id":58674,"date":"2021-04-12T10:21:55","date_gmt":"2021-04-12T15:21:55","guid":{"rendered":"http:\/\/www.grieta.org.mx\/?p=58674"},"modified":"2021-04-13T14:00:03","modified_gmt":"2021-04-13T19:00:03","slug":"nuevo-leon-aumentan-delitos-contra-mujeres-el-acoso-sexual-se-incremento-100-en-marzo","status":"publish","type":"post","link":"http:\/\/www.grieta.org.mx\/index.php\/2021\/04\/12\/nuevo-leon-aumentan-delitos-contra-mujeres-el-acoso-sexual-se-incremento-100-en-marzo\/","title":{"rendered":"Nuevo Le\u00f3n: aumentan delitos contra mujeres; el acoso sexual se increment\u00f3 100% en marzo"},"content":{"rendered":"<p><strong>Luego de los meses de confinamiento por la pandemia, la incidencia delictiva volvi\u00f3 a niveles anteriores a la contingencia, seg\u00fan el an\u00e1lisis difundido hoy<\/strong><\/p>\n<p>Luciano Campos Garza\/ PROCESO<\/p>\n<p>MONTERREY, N. L. (apro).- Los delitos contra mujeres en la entidad aumentaron en marzo, comparados con el mes previo, inform\u00f3 la Fiscal\u00eda de Justicia de Nuevo Le\u00f3n en su reporte de incidencia delictiva correspondiente al tercer mes de 2021.<\/p>\n<p>Luego de los meses de confinamiento por la pandemia, la incidencia delictiva volvi\u00f3 a niveles anteriores a la contingencia, seg\u00fan el an\u00e1lisis difundido hoy.<\/p>\n<p>En el caso de las mujeres, el delito de acoso sexual aument\u00f3 100%, con 36 nuevos casos reportados, mientras que el abuso sexual subi\u00f3 85%, con 80; feminicidio en tentativa, 77%, con 10; equiparable a violaci\u00f3n, 68%, con 19; violencia familiar, 44%, con 180; y trata de personas, 114%, con ocho casos.<\/p>\n<p>\u201cVemos un aumento en los casos de violencia familiar y su equiparable, que son dos de los delitos de m\u00e1s alta incidencia en el estado. En cuanto a los n\u00fameros reportados, respecto de los delitos que tuvieron aumento en el mes de marzo, el nivel de denuncia tom\u00f3 el mismo ritmo que ten\u00eda antes de la cuarentena sanitaria\u201d, se\u00f1al\u00f3 la Fiscal\u00eda nuevoleonesa.<\/p>\n<p>Precis\u00f3 que, ante la mayor facilidad para presentar denuncias virtuales o presenciales, se report\u00f3 un incremento en el n\u00famero de casos en delitos contra la vida, la integridad y la libertad de las personas.<\/p>\n<p>Respecto a febrero, en marzo el delito de disparos con arma de fuego aument\u00f3 155%, con 17 nuevas denuncias; privaci\u00f3n ilegal de la libertad, 107%, con 16; homicidio culposo, 70%, con 20; lesiones que ponen en peligro la vida, 50%, con 18 casos. Esta estad\u00edstica es similar a la que se reportaba en meses anteriores a la pandemia, apunt\u00f3 la Fiscal\u00eda.<\/p>\n<p>Sobre los delitos patrimoniales, destac\u00f3 que a ra\u00edz de la mayor libertad social se recuper\u00f3 la incidencia criminal al nivel que se registraba cuando no hab\u00eda contingencia sanitaria.<\/p>\n<p>As\u00ed, el robo a negocio aument\u00f3 33%, con 26 casos m\u00e1s en el tercer mes; robo a veh\u00edculo, 74%, con 142; despojo, 45%, con 47; robo a casa habitaci\u00f3n 42%, con 65; robo a persona, 40%, con cuatro casos.<\/p>\n<p>Tambi\u00e9n se detect\u00f3 un incremento en los delitos cometidos en redes sociales, de 156% en suplantaci\u00f3n de identidad, con 31 nuevos casos, y 168% en chantaje, con 32.<\/p>\n<p>En la suplantaci\u00f3n se crean perfiles falsos en cuentas de redes, y los responsables chantajean usando la informaci\u00f3n para obtener beneficios ilegales en perjuicio de otros, apunt\u00f3 la Fiscal\u00eda.<\/p>\n<p><a href=\"https:\/\/www.proceso.com.mx\/nacional\/estados\/2021\/4\/12\/nl-aumentan-delitos-contra-mujeres-el-acoso-sexual-se-incremento-100-en-marzo-261854.html\" target=\"_blank\" rel=\"noopener\">https:\/\/www.proceso.com.mx\/nacional\/estados\/2021\/4\/12\/nl-aumentan-delitos-contra-mujeres-el-acoso-sexual-se-incremento-100-en-marzo-261854.html<\/a><\/p>\n","protected":false},"excerpt":{"rendered":"<p>Luego de los meses de confinamiento por la pandemia, la incidencia delictiva volvi\u00f3 a niveles anteriores a la contingencia, seg\u00fan el an\u00e1lisis difundido hoy Luciano Campos Garza\/ PROCESO MONTERREY, N. &hellip; <a href=\"http:\/\/www.grieta.org.mx\/index.php\/2021\/04\/12\/nuevo-leon-aumentan-delitos-contra-mujeres-el-acoso-sexual-se-incremento-100-en-marzo\/\" class=\"more-link\">Leer m\u00e1s<\/a><\/p>\n","protected":false},"author":2,"featured_media":58675,"comment_status":"closed","ping_status":"closed","sticky":false,"template":"","format":"standard","meta":{"ngg_post_thumbnail":0,"_jetpack_newsletter_access":"","_jetpack_dont_email_post_to_subs":false,"_jetpack_newsletter_tier_id":0,"_jetpack_memberships_contains_paywalled_content":false,"_jetpack_memberships_contains_paid_content":false,"footnotes":""},"categories":[80,3266,2,24,2332],"tags":[3225,3241],"class_list":["post-58674","post","type-post","status-publish","format-standard","has-post-thumbnail","hentry","category-cintillo","category-covid-19-en-nuevo-leon","category-noticias-nacionales","category-nuevo-leon","category-violencia-contra-las-mujeres-en-nuevo-leon","tag-aumento-de-la-violencia-contra-las-mujeres","tag-covid-19","entry"],"jetpack_featured_media_url":"http:\/\/www.grieta.org.mx\/wp-content\/uploads\/2021\/04\/f800x450-133415_184861_5050.jpg","jetpack_sharing_enabled":true,"jetpack_shortlink":"https:\/\/wp.me\/p7ZJR4-fgm","jetpack_likes_enabled":false,"jetpack-related-posts":[{"id":33269,"url":"http:\/\/www.grieta.org.mx\/index.php\/2019\/05\/04\/nuevo-leon-es-quinto-lugar-en-feminicidios\/","url_meta":{"origin":58674,"position":0},"title":"Nuevo Le\u00f3n es quinto lugar en feminicidios","author":"grieta","date":"4 mayo, 2019","format":false,"excerpt":"Aracely Garza \/ Excelsior Nueve municipios del estado aparecen en la lista de los 100 en los que se cometi\u00f3 m\u00e1s este delito durante el primer trimestre del a\u00f1o MONTERREY, Nuevo Le\u00f3n En relaci\u00f3n con los 32 estados de la Rep\u00fablica, Nuevo Le\u00f3n figura en el quinto lugar en el\u2026","rel":"","context":"En &quot;CINTILLO&quot;","block_context":{"text":"CINTILLO","link":"http:\/\/www.grieta.org.mx\/index.php\/category\/cintillo\/"},"img":{"alt_text":"","src":"https:\/\/i0.wp.com\/www.grieta.org.mx\/wp-content\/uploads\/2019\/05\/Nuevo-Le%C3%B3n-es-quinto-lugar-en-feminicidios-nl-may.jpg?resize=350%2C200","width":350,"height":200,"srcset":"https:\/\/i0.wp.com\/www.grieta.org.mx\/wp-content\/uploads\/2019\/05\/Nuevo-Le%C3%B3n-es-quinto-lugar-en-feminicidios-nl-may.jpg?resize=350%2C200 1x, https:\/\/i0.wp.com\/www.grieta.org.mx\/wp-content\/uploads\/2019\/05\/Nuevo-Le%C3%B3n-es-quinto-lugar-en-feminicidios-nl-may.jpg?resize=525%2C300 1.5x"},"classes":[]},{"id":33288,"url":"http:\/\/www.grieta.org.mx\/index.php\/2019\/04\/25\/marchan-en-el-centro-contra-la-violencia-de-genero-nuevo-leon\/","url_meta":{"origin":58674,"position":1},"title":"Marchan en el centro contra la violencia de g\u00e9nero (Nuevo Le\u00f3n)","author":"grieta","date":"25 abril, 2019","format":false,"excerpt":"Ricardo Alan\u00eds \/ Milenio Las mujeres alzaron la voz en la protesta contra quienes ejercen el machismo. Unas 70 integrantes del colectivo Asamblea Feminista de Nuevo Le\u00f3n realizaron una marcha por calles del centro de Monterrey la tarde de ayer para protestar por actos de violencia en contra de las\u2026","rel":"","context":"En &quot;CINTILLO&quot;","block_context":{"text":"CINTILLO","link":"http:\/\/www.grieta.org.mx\/index.php\/category\/cintillo\/"},"img":{"alt_text":"","src":"https:\/\/i0.wp.com\/www.grieta.org.mx\/wp-content\/uploads\/2019\/05\/Marchan-en-el-centro-contra-la-violencia-de-g%C3%A9nero-nl-may.jpg?resize=350%2C200","width":350,"height":200,"srcset":"https:\/\/i0.wp.com\/www.grieta.org.mx\/wp-content\/uploads\/2019\/05\/Marchan-en-el-centro-contra-la-violencia-de-g%C3%A9nero-nl-may.jpg?resize=350%2C200 1x, https:\/\/i0.wp.com\/www.grieta.org.mx\/wp-content\/uploads\/2019\/05\/Marchan-en-el-centro-contra-la-violencia-de-g%C3%A9nero-nl-may.jpg?resize=525%2C300 1.5x, https:\/\/i0.wp.com\/www.grieta.org.mx\/wp-content\/uploads\/2019\/05\/Marchan-en-el-centro-contra-la-violencia-de-g%C3%A9nero-nl-may.jpg?resize=700%2C400 2x"},"classes":[]},{"id":31957,"url":"http:\/\/www.grieta.org.mx\/index.php\/2019\/04\/05\/metoouanl-protestan-por-acoso-en-filosofia-y-letras-nuevo-leon\/","url_meta":{"origin":58674,"position":2},"title":"#MeTooUANL: protestan por acoso en Filosof\u00eda y Letras (Nuevo Le\u00f3n)","author":"grieta","date":"5 abril, 2019","format":false,"excerpt":"Aracely Garza \/ Excelsior Las estudiantes que protestaron hoy en la Facultad de Filosof\u00eda y Letras de la UANL denunciaron al maestro Orestes Cabrales, quien ha sido se\u00f1alado en #MeTooEscritoresMexicanos MONTERREY, NUEVO LE\u00d3N Ahora fue en la Facultad de Filosof\u00eda y Letras de la UANL en donde se registr\u00f3 una\u2026","rel":"","context":"En &quot;CINTILLO&quot;","block_context":{"text":"CINTILLO","link":"http:\/\/www.grieta.org.mx\/index.php\/category\/cintillo\/"},"img":{"alt_text":"","src":"https:\/\/i0.wp.com\/www.grieta.org.mx\/wp-content\/uploads\/2019\/04\/MeTooUANL-protestan-por-acoso-en-Filosof%C3%ADa-y-Letras1-nl-abr.jpg?resize=350%2C200","width":350,"height":200,"srcset":"https:\/\/i0.wp.com\/www.grieta.org.mx\/wp-content\/uploads\/2019\/04\/MeTooUANL-protestan-por-acoso-en-Filosof%C3%ADa-y-Letras1-nl-abr.jpg?resize=350%2C200 1x, https:\/\/i0.wp.com\/www.grieta.org.mx\/wp-content\/uploads\/2019\/04\/MeTooUANL-protestan-por-acoso-en-Filosof%C3%ADa-y-Letras1-nl-abr.jpg?resize=525%2C300 1.5x, https:\/\/i0.wp.com\/www.grieta.org.mx\/wp-content\/uploads\/2019\/04\/MeTooUANL-protestan-por-acoso-en-Filosof%C3%ADa-y-Letras1-nl-abr.jpg?resize=700%2C400 2x, https:\/\/i0.wp.com\/www.grieta.org.mx\/wp-content\/uploads\/2019\/04\/MeTooUANL-protestan-por-acoso-en-Filosof%C3%ADa-y-Letras1-nl-abr.jpg?resize=1050%2C600 3x"},"classes":[]},{"id":48951,"url":"http:\/\/www.grieta.org.mx\/index.php\/2020\/05\/10\/protestan-en-redes-por-desaparecidos-de-nuevo-leon\/","url_meta":{"origin":58674,"position":3},"title":"Protestan en redes por desaparecidos de Nuevo Le\u00f3n","author":"grieta","date":"10 mayo, 2020","format":false,"excerpt":"Ante la contingencia por el covid-19, FUNDENL realiz\u00f3 una \u201cmarcha\u201d en redes sociales exigiendo al Gobierno del Estado no parar con la b\u00fasqueda de las personas desaparecidas. Kevin Recio\/ MILENIO La organizaci\u00f3n no gubernamental Fuerzas Unidas por Nuestros Desaparecidos en Nuevo Le\u00f3n, (FUNDENL) \u201cmarch\u00f3\u201d en redes sociales exigiendo al Estado\u2026","rel":"","context":"En &quot;CINTILLO&quot;","block_context":{"text":"CINTILLO","link":"http:\/\/www.grieta.org.mx\/index.php\/category\/cintillo\/"},"img":{"alt_text":"","src":"https:\/\/i0.wp.com\/www.grieta.org.mx\/wp-content\/uploads\/2020\/05\/desaparecidos-archivos.jpg?resize=350%2C200","width":350,"height":200,"srcset":"https:\/\/i0.wp.com\/www.grieta.org.mx\/wp-content\/uploads\/2020\/05\/desaparecidos-archivos.jpg?resize=350%2C200 1x, https:\/\/i0.wp.com\/www.grieta.org.mx\/wp-content\/uploads\/2020\/05\/desaparecidos-archivos.jpg?resize=525%2C300 1.5x, https:\/\/i0.wp.com\/www.grieta.org.mx\/wp-content\/uploads\/2020\/05\/desaparecidos-archivos.jpg?resize=700%2C400 2x"},"classes":[]},{"id":31964,"url":"http:\/\/www.grieta.org.mx\/index.php\/2019\/04\/08\/crean-red-contra-el-acoso-en-la-uanl-nuevo-leon\/","url_meta":{"origin":58674,"position":4},"title":"Crean Red contra el acoso en la UANL (Nuevo Le\u00f3n)","author":"grieta","date":"8 abril, 2019","format":false,"excerpt":"Melva Frutos \/ Posta Anuncian protesta el pr\u00f3ximo 3 de mayo. NUEVO LE\u00d3N.- Alumnas y ex alumnas de la Universidad Aut\u00f3noma de Nuevo Le\u00f3n (UANL) han creado una Red de Acompa\u00f1amiento para v\u00edctimas de acoso, a la vez que han anunciado una protesta que se efectuar\u00e1 el pr\u00f3ximo 3 de\u2026","rel":"","context":"En &quot;CINTILLO&quot;","block_context":{"text":"CINTILLO","link":"http:\/\/www.grieta.org.mx\/index.php\/category\/cintillo\/"},"img":{"alt_text":"","src":"https:\/\/i0.wp.com\/www.grieta.org.mx\/wp-content\/uploads\/2019\/04\/Crean-Red-contra-el-acoso-en-la-UANL-nl-abr.jpg?resize=350%2C200","width":350,"height":200,"srcset":"https:\/\/i0.wp.com\/www.grieta.org.mx\/wp-content\/uploads\/2019\/04\/Crean-Red-contra-el-acoso-en-la-UANL-nl-abr.jpg?resize=350%2C200 1x, https:\/\/i0.wp.com\/www.grieta.org.mx\/wp-content\/uploads\/2019\/04\/Crean-Red-contra-el-acoso-en-la-UANL-nl-abr.jpg?resize=525%2C300 1.5x"},"classes":[]},{"id":33943,"url":"http:\/\/www.grieta.org.mx\/index.php\/2019\/05\/22\/incrementan-delitos-de-feminicidios-violencia-familiar-y-violaciones-en-nl-nuevo-leon\/","url_meta":{"origin":58674,"position":5},"title":"Incrementan delitos de feminicidios, violencia familiar y violaciones en NL (Nuevo Le\u00f3n)","author":"grieta","date":"22 mayo, 2019","format":false,"excerpt":"Cynthia Pardo \/ Multimedios De acuerdo con las cifras del sem\u00e1foro delictivo, dichos cr\u00edmenes se ubican en color rojo junto a los homicidios. MONTERREY.- Los feminicidios, violencia familiar, y las violaciones fueron los delitos que se dispararon en el mes de abril de acuerdo a cifras del sem\u00e1foro delictivo para\u2026","rel":"","context":"En &quot;CINTILLO&quot;","block_context":{"text":"CINTILLO","link":"http:\/\/www.grieta.org.mx\/index.php\/category\/cintillo\/"},"img":{"alt_text":"","src":"https:\/\/i0.wp.com\/www.grieta.org.mx\/wp-content\/uploads\/2019\/05\/Incrementan-delitos-de-feminicidios-violencia-familiar-y-violaciones-en-NL-may.jpg?resize=350%2C200","width":350,"height":200,"srcset":"https:\/\/i0.wp.com\/www.grieta.org.mx\/wp-content\/uploads\/2019\/05\/Incrementan-delitos-de-feminicidios-violencia-familiar-y-violaciones-en-NL-may.jpg?resize=350%2C200 1x, https:\/\/i0.wp.com\/www.grieta.org.mx\/wp-content\/uploads\/2019\/05\/Incrementan-delitos-de-feminicidios-violencia-familiar-y-violaciones-en-NL-may.jpg?resize=525%2C300 1.5x"},"classes":[]}],"_links":{"self":[{"href":"http:\/\/www.grieta.org.mx\/index.php\/wp-json\/wp\/v2\/posts\/58674","targetHints":{"allow":["GET"]}}],"collection":[{"href":"http:\/\/www.grieta.org.mx\/index.php\/wp-json\/wp\/v2\/posts"}],"about":[{"href":"http:\/\/www.grieta.org.mx\/index.php\/wp-json\/wp\/v2\/types\/post"}],"author":[{"embeddable":true,"href":"http:\/\/www.grieta.org.mx\/index.php\/wp-json\/wp\/v2\/users\/2"}],"replies":[{"embeddable":true,"href":"http:\/\/www.grieta.org.mx\/index.php\/wp-json\/wp\/v2\/comments?post=58674"}],"version-history":[{"count":1,"href":"http:\/\/www.grieta.org.mx\/index.php\/wp-json\/wp\/v2\/posts\/58674\/revisions"}],"predecessor-version":[{"id":58692,"href":"http:\/\/www.grieta.org.mx\/index.php\/wp-json\/wp\/v2\/posts\/58674\/revisions\/58692"}],"wp:featuredmedia":[{"embeddable":true,"href":"http:\/\/www.grieta.org.mx\/index.php\/wp-json\/wp\/v2\/media\/58675"}],"wp:attachment":[{"href":"http:\/\/www.grieta.org.mx\/index.php\/wp-json\/wp\/v2\/media?parent=58674"}],"wp:term":[{"taxonomy":"category","embeddable":true,"href":"http:\/\/www.grieta.org.mx\/index.php\/wp-json\/wp\/v2\/categories?post=58674"},{"taxonomy":"post_tag","embeddable":true,"href":"http:\/\/www.grieta.org.mx\/index.php\/wp-json\/wp\/v2\/tags?post=58674"}],"curies":[{"name":"wp","href":"https:\/\/api.w.org\/{rel}","templated":true}]}}