{"id":58251,"date":"2021-04-10T20:07:59","date_gmt":"2021-04-11T01:07:59","guid":{"rendered":"http:\/\/www.grieta.org.mx\/?p=58251"},"modified":"2021-04-11T23:01:48","modified_gmt":"2021-04-12T04:01:48","slug":"tramo-4-del-tren-maya-avanza-sin-manifestacion-de-impacto-ambiental-en-yucatan","status":"publish","type":"post","link":"http:\/\/www.grieta.org.mx\/index.php\/2021\/04\/10\/tramo-4-del-tren-maya-avanza-sin-manifestacion-de-impacto-ambiental-en-yucatan\/","title":{"rendered":"Tramo 4 del Tren Maya avanza sin Manifestaci\u00f3n de Impacto Ambiental en Yucat\u00e1n"},"content":{"rendered":"<p>David Rico \/ Por Esto!<\/p>\n<p>A diferencia de los Tramos 1, 2 y 3 del Tren Maya que cuentan con una Manifestaci\u00f3n de Impacto Ambiental (MIA), las obras del Tramo 4 siguen avanzando sin que exista alg\u00fan documento autorizado que eval\u00fae los da\u00f1os que generar\u00e1 el proyecto ni las acciones de mitigaci\u00f3n que deben llevarse a cabo.<\/p>\n<p>A la fecha, la empresa que se adjudic\u00f3 la obra, Ingenieros Civiles Asociados (ICA), contin\u00faa en las labores de ampliaci\u00f3n de la autopista y se registran avances importantes, por lo que se prev\u00e9 que en breve empezar\u00edan los trabajos ferroviarios.<\/p>\n<p>Aunque con severas cr\u00edticas por parte de los especialistas, principalmente porque la evaluaci\u00f3n se hizo de manera fragmentada, existe una MIA para la Fase 1 que comprende los primeros tres tramos que van de Palenque a Izamal. El Fondo Nacional de Fomento al Turismo (Fonatur) ha considerado que no tiene la obligaci\u00f3n de solicitar una autorizaci\u00f3n ambiental, toda vez que no se trata de una obra nueva, sino de rehabilitaci\u00f3n y mantenimiento para mejorar la seguridad operativa.<\/p>\n<p>Sin embargo, el doctor Rodrigo Pati\u00f1o D\u00edaz, Investigador del Centro de Investigaci\u00f3n y de Estudios Avanzados (Cinvestav) del Instituto Polit\u00e9cnico Nacional (IPN) e integrante de la agrupaci\u00f3n Articulaci\u00f3n Yucat\u00e1n, considera en este caso que el impacto del proyecto del Tren Maya no es solamente por el paso de las v\u00edas, como lo ha presentado el Fonatur en su MIA, que para el caso del Tramo 4 ni siquiera existe una.<\/p>\n<p>\u201cLlama la atenci\u00f3n que para este tramo que va tan avanzado no hay (MIA). Lo que pasa es que, creo, como vieron toda la problem\u00e1tica que tuvieron con la que se hizo para la Fase 1, ahora consideran que no se necesita porque tienen un permiso especial como para rehabilitar una v\u00eda general de comunicaci\u00f3n existente\u201d, extern\u00f3.<\/p>\n<p>Sin embargo, agreg\u00f3 que es \u201cobvio\u201d que s\u00ed hay un impacto, aunque se pretenda que este tramo vaya por la autopista.<\/p>\n<p>\u201cHay que tener claro en todo este proyecto que s\u00f3lo analizan el impacto de las v\u00edas, como si lo fuera todo y, en realidad, lo menos impactante ser\u00e1n \u00e9stas. Lo que de verdad impactar\u00e1 es el crecimiento de la poblaci\u00f3n flotante, de turistas que van a requerir servicios, agua, alimentos; y a su vez, la cantidad de urbanizaci\u00f3n que crecer\u00e1 para ofrecer esos servicios\u201d, coment\u00f3.<\/p>\n<p>Expuso que esto no se est\u00e1 analizando \u201cpor ning\u00fan lado\u201d y que se supone que se har\u00eda una planeaci\u00f3n ordenada con la intervenci\u00f3n de ONU H\u00e1bitat.<\/p>\n<p>\u201cNo veo que avance en esta parte, pero s\u00ed en el asunto de las v\u00edas y dem\u00e1s trabajos, cuando ya se haga la planeaci\u00f3n urbana va estar el tren funcionando y solo ser\u00e1 reaccionar a lo que ya est\u00e1 pasando\u201d, comparti\u00f3.<\/p>\n<p>Adem\u00e1s, record\u00f3 que est\u00e1 el tema de todos los servicios que demandar\u00e1 el propio Tren Maya y los llamados \u201cPolos de Desarrollo\u201d o \u201cCiudades Sustentables\u201d.<\/p>\n<p>Tambi\u00e9n, expuso que hay una fragmentaci\u00f3n del h\u00e1bitat de las especies. Tan es as\u00ed que, en el propio proyecto, en su Tramo 4 como en los dem\u00e1s, se est\u00e1n colocando pasos de fauna para proteger las especies y no hay una MIA en este sentido tampoco.<\/p>\n<p>Agreg\u00f3 que \u201ctodo trabajo que se haga tiene un impacto\u201d, particularmente con los proyectos m\u00e1s grandes. En el caso del Tren Maya, coment\u00f3, se trata de algo enorme que abarca toda la Pen\u00ednsula.<\/p>\n<p>\u201cEn este tenor, nunca vamos a estar en la capacidad de saber cu\u00e1l va a ser el impacto real de todo el proyecto, porque el an\u00e1lisis se hace por pedazos y en otros tramos (como en el 4) no hay an\u00e1lisis. No tenemos idea de c\u00f3mo est\u00e1 ahora y c\u00f3mo lo estar\u00e1 despu\u00e9s. Al final no hay manera de saberlo y sigue avanzando; no hay estudios suficientes para darle seguimiento al proceso\u201d, coment\u00f3.<\/p>\n<p>Reiter\u00f3 que hoy solamente existe una MIA para la Fase 1 que abarca los primeros tres tramos y, adem\u00e1s, \u00e9stos tienen un an\u00e1lisis fragmentado.<\/p>\n<p>\u201cEl simple hecho de fragmentar los impactos no te va a dar una visi\u00f3n real de cu\u00e1l va a ser el efecto, el conjunto de acciones sobre la regi\u00f3n\u201d, apunt\u00f3.<\/p>\n<p>El Centro Mexicano de Derecho Ambiental (CMDA), con base en la Carta de Relatores de Derechos Humanos de la Organizaci\u00f3n de las Naciones Unidas (ONU) al Gobierno de M\u00e9xico, se\u00f1ala que la MIA del Tren Maya contiene una caracterizaci\u00f3n y delimitaci\u00f3n del sistema ambiental regional insuficiente e incorrecta, que fragmenta el sistema ambiental, minimiza los da\u00f1os e impide realizar una valoraci\u00f3n correcta de los impactos socio-ambientales.<\/p>\n<p>Adem\u00e1s, menciona la falta de informaci\u00f3n adecuada y justificada de la generaci\u00f3n, manejo y disposici\u00f3n final de residuos s\u00f3lidos; sobre los impactos negativos a las especies de flora y fauna amenazadas o en peligro de extinci\u00f3n; en la generaci\u00f3n de aguas residuales y el impacto del proyecto en la disponibilidad de agua. Los estudios y evaluaciones para la elaboraci\u00f3n de la MIA habr\u00edan sido realizados de manera m\u00e1s r\u00e1pida y sin la participaci\u00f3n de los pueblos y comunidades ind\u00edgenas potencialmente afectados por el proyecto.<\/p>\n<p>El Tramo 4 del Tren Maya abarca alrededor de 257 kil\u00f3metros y la obra est\u00e1 a cargo de la empresa ICA, la cual tiene tambi\u00e9n la concesi\u00f3n de la autopista. Al d\u00eda de hoy, las obras que se realizan son de ampliaci\u00f3n del lado de la carretera que albergar\u00e1 los cuatro carriles para los autos y, del otro lado correr\u00e1 la locomotora en un futuro.<\/p>\n<p>La ampliaci\u00f3n de carriles lleva un avance considerable, tanto que, en algunos puntos ya se est\u00e1 colocando la carpeta asf\u00e1ltica. Mientras eso sucede, uno de los carriles donde se hacen las obras se mantiene cerrado y el otro se emplea con doble sentido, con el riesgo que ello representa. Los accidentes, como se pudo observar en el recorrido, son constantes.<\/p>\n<p>Tambi\u00e9n se apreci\u00f3 que algunos tramos ya cuentan con la carpeta asf\u00e1ltica. Llam\u00f3 la atenci\u00f3n que, a diferencia de otras ocasiones, el d\u00eda de ayer algunos trabajadores trataron de impedir que se documentara el avance observado y aseguraron tener instrucciones para hacerlo.<\/p>\n<p>Trataron de impedir que se tomaran fotograf\u00edas de los distintos puntos en donde las m\u00e1quinas y los obreros est\u00e1n trabajando. De acuerdo con respectivos informes recabados en el sitio, se tienen avances en m\u00e1s de 82 kil\u00f3metros de la v\u00eda y se proyecta que este mes se pudiera avanzar en unos 30 kil\u00f3metros m\u00e1s.<\/p>\n<p>Del carril en donde se colocar\u00e1n las v\u00edas s\u00f3lo se han llevado a cabo trabajos de prospecci\u00f3n, de an\u00e1lisis de suelo y topogr\u00e1ficos, la mayor\u00eda a cargo de la Comisi\u00f3n Federal de Electricidad. Aunque no hay fecha, se espera que en unas semanas se empiecen trabajos relativos a la v\u00eda f\u00e9rrea.<\/p>\n<p>Se han colocado a lo largo del carril varios pasos de ganado, que son t\u00faneles que estar\u00e1n por debajo de la carretera y de las v\u00edas del tren. Son corredores muy amplios por los que se podr\u00e1n pasar diferentes especies animales e incluso ganado.<\/p>\n<p><a href=\"https:\/\/www.poresto.net\/tren-maya\/2021\/4\/10\/tramo-del-tren-maya-avanza-sin-manifestacion-de-impacto-ambiental-en-yucatan-247693.html\" target=\"_blank\" rel=\"noopener\">https:\/\/www.poresto.net\/tren-maya\/2021\/4\/10\/tramo-del-tren-maya-avanza-sin-manifestacion-de-impacto-ambiental-en-yucatan-247693.html<\/a><\/p>\n","protected":false},"excerpt":{"rendered":"<p>David Rico \/ Por Esto! A diferencia de los Tramos 1, 2 y 3 del Tren Maya que cuentan con una Manifestaci\u00f3n de Impacto Ambiental (MIA), las obras del Tramo &hellip; <a href=\"http:\/\/www.grieta.org.mx\/index.php\/2021\/04\/10\/tramo-4-del-tren-maya-avanza-sin-manifestacion-de-impacto-ambiental-en-yucatan\/\" class=\"more-link\">Leer m\u00e1s<\/a><\/p>\n","protected":false},"author":2,"featured_media":58252,"comment_status":"closed","ping_status":"closed","sticky":false,"template":"","format":"standard","meta":{"ngg_post_thumbnail":0,"_jetpack_newsletter_access":"","_jetpack_dont_email_post_to_subs":false,"_jetpack_newsletter_tier_id":0,"_jetpack_memberships_contains_paywalled_content":false,"_jetpack_memberships_contains_paid_content":false,"footnotes":""},"categories":[11,80,3,922,926,944,952,2,28,1877,1875,1876,2026,36],"tags":[3542,1878],"class_list":["post-58251","post","type-post","status-publish","format-standard","has-post-thumbnail","hentry","category-campeche","category-cintillo","category-megaproyectos","category-megaproyectos-estados","category-mp-campeche","category-mp-quintana-roo","category-mp-yucatan","category-noticias-nacionales","category-quintana-roo","category-resistencia-al-tren-maya-en-la-peninsula-de-yucatan-campeche","category-resistencia-al-tren-maya-en-la-peninsula-de-yucatan","category-resistencia-al-tren-maya-en-la-peninsula-de-yucatan-quintana-roo","category-tren-maya","category-yucatan","tag-manifestacion-de-impacto-ambiental","tag-tren-maya","entry"],"jetpack_featured_media_url":"http:\/\/www.grieta.org.mx\/wp-content\/uploads\/2021\/04\/TrenSinMia-e1618103050820.png","jetpack_sharing_enabled":true,"jetpack_shortlink":"https:\/\/wp.me\/p7ZJR4-f9x","jetpack_likes_enabled":false,"jetpack-related-posts":[{"id":64433,"url":"http:\/\/www.grieta.org.mx\/index.php\/2022\/06\/09\/con-omisiones-e-imprecisiones-la-manifestacion-de-impacto-ambiental-para-el-tren-maya-ong\/","url_meta":{"origin":58251,"position":0},"title":"Con omisiones e imprecisiones, la Manifestaci\u00f3n de Impacto Ambiental para el Tren Maya: ONG","author":"grieta","date":"9 junio, 2022","format":false,"excerpt":"Proceso CIUDAD DE M\u00c9XICO (apro).\u2013 La Manifestaci\u00f3n de Impacto Ambiental (MIA) que el Fondo Nacional de Fomento al Turismo (Fonatur) elabor\u00f3 para reiniciar las obras del Tramo 5 Sur del Tren Maya tiene \u201cuna gran cantidad de omisiones e imprecisiones\u201d en informaci\u00f3n \u201cesencial\u201d para determinar los impactos ambientales del megaproyecto\u2026","rel":"","context":"En &quot;Campeche&quot;","block_context":{"text":"Campeche","link":"http:\/\/www.grieta.org.mx\/index.php\/category\/noticias-nacionales\/campeche\/"},"img":{"alt_text":"","src":"https:\/\/i0.wp.com\/www.grieta.org.mx\/wp-content\/uploads\/2022\/06\/MIATren-e1655851330619.png?resize=350%2C200","width":350,"height":200,"srcset":"https:\/\/i0.wp.com\/www.grieta.org.mx\/wp-content\/uploads\/2022\/06\/MIATren-e1655851330619.png?resize=350%2C200 1x, https:\/\/i0.wp.com\/www.grieta.org.mx\/wp-content\/uploads\/2022\/06\/MIATren-e1655851330619.png?resize=525%2C300 1.5x, https:\/\/i0.wp.com\/www.grieta.org.mx\/wp-content\/uploads\/2022\/06\/MIATren-e1655851330619.png?resize=700%2C400 2x"},"classes":[]},{"id":47874,"url":"http:\/\/www.grieta.org.mx\/index.php\/2020\/04\/13\/las-vias-torcidas-del-tren-maya-video\/","url_meta":{"origin":58251,"position":1},"title":"Las v\u00edas torcidas del tren maya (Video)","author":"grieta","date":"13 abril, 2020","format":false,"excerpt":"https:\/\/www.youtube.com\/watch?v=k8FRX9eT0YY","rel":"","context":"En &quot;16. Pueblo Maya&quot;","block_context":{"text":"16. Pueblo Maya","link":"http:\/\/www.grieta.org.mx\/index.php\/category\/espejos-de-la-resistencia\/16-pueblo-maya\/"},"img":{"alt_text":"","src":"https:\/\/i0.wp.com\/www.grieta.org.mx\/wp-content\/uploads\/2020\/04\/ViasTorcidasTrenMaya.png?resize=350%2C200","width":350,"height":200,"srcset":"https:\/\/i0.wp.com\/www.grieta.org.mx\/wp-content\/uploads\/2020\/04\/ViasTorcidasTrenMaya.png?resize=350%2C200 1x, https:\/\/i0.wp.com\/www.grieta.org.mx\/wp-content\/uploads\/2020\/04\/ViasTorcidasTrenMaya.png?resize=525%2C300 1.5x, https:\/\/i0.wp.com\/www.grieta.org.mx\/wp-content\/uploads\/2020\/04\/ViasTorcidasTrenMaya.png?resize=700%2C400 2x"},"classes":[]},{"id":35945,"url":"http:\/\/www.grieta.org.mx\/index.php\/2019\/07\/05\/expansion-de-megaproyectos-en-la-peninsula-de-yucatan-video\/","url_meta":{"origin":58251,"position":2},"title":"Expansi\u00f3n de Megaproyectos en la Pen\u00ednsula de Yucat\u00e1n (Video)","author":"grieta","date":"5 julio, 2019","format":false,"excerpt":"https:\/\/youtu.be\/qLBARIAaBsI","rel":"","context":"En &quot;Campeche&quot;","block_context":{"text":"Campeche","link":"http:\/\/www.grieta.org.mx\/index.php\/category\/noticias-nacionales\/campeche\/"},"img":{"alt_text":"","src":"https:\/\/i0.wp.com\/img.youtube.com\/vi\/qLBARIAaBsI\/0.jpg?resize=350%2C200","width":350,"height":200},"classes":[]},{"id":57749,"url":"http:\/\/www.grieta.org.mx\/index.php\/2021\/03\/18\/tren-maya-3-nuevos-amparos-frenan-su-marcha\/","url_meta":{"origin":58251,"position":3},"title":"Tren Maya: 3 nuevos amparos frenan su marcha","author":"grieta","date":"18 marzo, 2021","format":false,"excerpt":"Texto: Alberto N\u00e1jar \/Foto: Gobierno de M\u00e9xico \/ Pie de P\u00e1gina Una jueza de Yucat\u00e1n determin\u00f3 que existen dudas sobre el verdadero impacto del Tren Maya en el medio ambiente. La decisi\u00f3n suspende la autorizaci\u00f3n de Semarnat al proyecto con lo cual, en los hechos, la obra deber\u00eda suspenderse por\u2026","rel":"","context":"En &quot;Campeche&quot;","block_context":{"text":"Campeche","link":"http:\/\/www.grieta.org.mx\/index.php\/category\/noticias-nacionales\/campeche\/"},"img":{"alt_text":"","src":"https:\/\/i0.wp.com\/www.grieta.org.mx\/wp-content\/uploads\/2021\/03\/trenmaya_gobiernodemexico-e1616110885468.jpg?resize=350%2C200","width":350,"height":200,"srcset":"https:\/\/i0.wp.com\/www.grieta.org.mx\/wp-content\/uploads\/2021\/03\/trenmaya_gobiernodemexico-e1616110885468.jpg?resize=350%2C200 1x, https:\/\/i0.wp.com\/www.grieta.org.mx\/wp-content\/uploads\/2021\/03\/trenmaya_gobiernodemexico-e1616110885468.jpg?resize=525%2C300 1.5x, https:\/\/i0.wp.com\/www.grieta.org.mx\/wp-content\/uploads\/2021\/03\/trenmaya_gobiernodemexico-e1616110885468.jpg?resize=700%2C400 2x"},"classes":[]},{"id":53133,"url":"http:\/\/www.grieta.org.mx\/index.php\/2020\/09\/07\/pasos-de-fauna-del-tren-maya-serian-construidos-despues-de-atropellamientos-de-animales-denuncian\/","url_meta":{"origin":58251,"position":4},"title":"Pasos de fauna del Tren Maya ser\u00edan construidos despu\u00e9s de atropellamientos de animales, denuncian","author":"grieta","date":"7 septiembre, 2020","format":false,"excerpt":"Itzel Chan \/ Noticaribe M\u00c9RIDA, MX.- Aunque en la Manifestaci\u00f3n de Impacto Ambiental (MIA) regional del Tren Maya, s\u00ed se establece que se construir\u00e1n pasos de fauna en los tramos que abarca el proyecto, \u00e9stos ser\u00e1n construidos de acuerdo al n\u00famero de atropellamientos de animales que se presenten. De acuerdo\u2026","rel":"","context":"En &quot;Campeche&quot;","block_context":{"text":"Campeche","link":"http:\/\/www.grieta.org.mx\/index.php\/category\/noticias-nacionales\/campeche\/"},"img":{"alt_text":"","src":"https:\/\/i0.wp.com\/www.grieta.org.mx\/wp-content\/uploads\/2020\/09\/PasosFauna-e1599672131119.png?resize=350%2C200","width":350,"height":200,"srcset":"https:\/\/i0.wp.com\/www.grieta.org.mx\/wp-content\/uploads\/2020\/09\/PasosFauna-e1599672131119.png?resize=350%2C200 1x, https:\/\/i0.wp.com\/www.grieta.org.mx\/wp-content\/uploads\/2020\/09\/PasosFauna-e1599672131119.png?resize=525%2C300 1.5x, https:\/\/i0.wp.com\/www.grieta.org.mx\/wp-content\/uploads\/2020\/09\/PasosFauna-e1599672131119.png?resize=700%2C400 2x"},"classes":[]},{"id":63716,"url":"http:\/\/www.grieta.org.mx\/index.php\/2022\/03\/09\/organizacion-indigena-condena-que-amlo-afirme-que-obras-del-tren-maya-no-se-detendran\/","url_meta":{"origin":58251,"position":5},"title":"Organizaci\u00f3n ind\u00edgena condena que AMLO afirme que obras del Tren Maya no se detendr\u00e1n","author":"grieta","date":"9 marzo, 2022","format":false,"excerpt":"Gloria Leticia D\u00edaz \/ Proceso CIUDAD DE M\u00c9XICO (apro).- La Asamblea de Defensores del Territorio Maya, M\u00fauch\u2019 X\u00edinbal, conden\u00f3 las declaraciones del presidente Andr\u00e9s Manuel L\u00f3pez Obrador quien sostuvo que las obras del Tren Maya continuar\u00e1n a pesar de resoluciones del Poder Judicial que ordenan parar su construcci\u00f3n en el\u2026","rel":"","context":"En &quot;Campeche&quot;","block_context":{"text":"Campeche","link":"http:\/\/www.grieta.org.mx\/index.php\/category\/noticias-nacionales\/campeche\/"},"img":{"alt_text":"","src":"https:\/\/i0.wp.com\/www.grieta.org.mx\/wp-content\/uploads\/2022\/03\/TrenOrganizacionIndigenaCondena-e1647560160318.png?resize=350%2C200","width":350,"height":200,"srcset":"https:\/\/i0.wp.com\/www.grieta.org.mx\/wp-content\/uploads\/2022\/03\/TrenOrganizacionIndigenaCondena-e1647560160318.png?resize=350%2C200 1x, https:\/\/i0.wp.com\/www.grieta.org.mx\/wp-content\/uploads\/2022\/03\/TrenOrganizacionIndigenaCondena-e1647560160318.png?resize=525%2C300 1.5x, https:\/\/i0.wp.com\/www.grieta.org.mx\/wp-content\/uploads\/2022\/03\/TrenOrganizacionIndigenaCondena-e1647560160318.png?resize=700%2C400 2x"},"classes":[]}],"_links":{"self":[{"href":"http:\/\/www.grieta.org.mx\/index.php\/wp-json\/wp\/v2\/posts\/58251","targetHints":{"allow":["GET"]}}],"collection":[{"href":"http:\/\/www.grieta.org.mx\/index.php\/wp-json\/wp\/v2\/posts"}],"about":[{"href":"http:\/\/www.grieta.org.mx\/index.php\/wp-json\/wp\/v2\/types\/post"}],"author":[{"embeddable":true,"href":"http:\/\/www.grieta.org.mx\/index.php\/wp-json\/wp\/v2\/users\/2"}],"replies":[{"embeddable":true,"href":"http:\/\/www.grieta.org.mx\/index.php\/wp-json\/wp\/v2\/comments?post=58251"}],"version-history":[{"count":1,"href":"http:\/\/www.grieta.org.mx\/index.php\/wp-json\/wp\/v2\/posts\/58251\/revisions"}],"predecessor-version":[{"id":58454,"href":"http:\/\/www.grieta.org.mx\/index.php\/wp-json\/wp\/v2\/posts\/58251\/revisions\/58454"}],"wp:featuredmedia":[{"embeddable":true,"href":"http:\/\/www.grieta.org.mx\/index.php\/wp-json\/wp\/v2\/media\/58252"}],"wp:attachment":[{"href":"http:\/\/www.grieta.org.mx\/index.php\/wp-json\/wp\/v2\/media?parent=58251"}],"wp:term":[{"taxonomy":"category","embeddable":true,"href":"http:\/\/www.grieta.org.mx\/index.php\/wp-json\/wp\/v2\/categories?post=58251"},{"taxonomy":"post_tag","embeddable":true,"href":"http:\/\/www.grieta.org.mx\/index.php\/wp-json\/wp\/v2\/tags?post=58251"}],"curies":[{"name":"wp","href":"https:\/\/api.w.org\/{rel}","templated":true}]}}