{"id":58188,"date":"2021-03-28T18:18:30","date_gmt":"2021-03-29T00:18:30","guid":{"rendered":"https:\/\/www.grieta.org.mx\/?p=58188"},"modified":"2021-04-06T18:19:46","modified_gmt":"2021-04-06T23:19:46","slug":"el-consejo-regional-wixarika-exige-a-la-federacion-y-al-estado-apoyo-a-las-comunidades-afectadas-por-incendio-forestal-san-luis-potosi","status":"publish","type":"post","link":"http:\/\/www.grieta.org.mx\/index.php\/2021\/03\/28\/el-consejo-regional-wixarika-exige-a-la-federacion-y-al-estado-apoyo-a-las-comunidades-afectadas-por-incendio-forestal-san-luis-potosi\/","title":{"rendered":"El Consejo Regional Wix\u00e1rika exige a la Federaci\u00f3n y al estado apoyo a las comunidades afectadas por incendio forestal (San Luis Potos\u00ed)"},"content":{"rendered":"<p><img decoding=\"async\" data-attachment-id=\"58189\" data-permalink=\"http:\/\/www.grieta.org.mx\/index.php\/2021\/03\/28\/el-consejo-regional-wixarika-exige-a-la-federacion-y-al-estado-apoyo-a-las-comunidades-afectadas-por-incendio-forestal-san-luis-potosi\/incendio\/\" data-orig-file=\"http:\/\/www.grieta.org.mx\/wp-content\/uploads\/2021\/04\/incendio.jpg\" data-orig-size=\"600,360\" data-comments-opened=\"0\" data-image-meta=\"{&quot;aperture&quot;:&quot;0&quot;,&quot;credit&quot;:&quot;&quot;,&quot;camera&quot;:&quot;&quot;,&quot;caption&quot;:&quot;&quot;,&quot;created_timestamp&quot;:&quot;0&quot;,&quot;copyright&quot;:&quot;&quot;,&quot;focal_length&quot;:&quot;0&quot;,&quot;iso&quot;:&quot;0&quot;,&quot;shutter_speed&quot;:&quot;0&quot;,&quot;title&quot;:&quot;&quot;,&quot;orientation&quot;:&quot;1&quot;}\" data-image-title=\"incendio\" data-image-description=\"\" data-image-caption=\"\" data-medium-file=\"http:\/\/www.grieta.org.mx\/wp-content\/uploads\/2021\/04\/incendio-300x180.jpg\" data-large-file=\"http:\/\/www.grieta.org.mx\/wp-content\/uploads\/2021\/04\/incendio.jpg\" src=\"http:\/\/www.grieta.org.mx\/wp-content\/uploads\/2021\/04\/incendio.jpg\" alt=\"\" width=\"100%\" class=\"alignnone size-full wp-image-58189\" srcset=\"http:\/\/www.grieta.org.mx\/wp-content\/uploads\/2021\/04\/incendio.jpg 600w, http:\/\/www.grieta.org.mx\/wp-content\/uploads\/2021\/04\/incendio-300x180.jpg 300w\" sizes=\"(max-width: 600px) 100vw, 600px\" \/><\/p>\n<p>Jordana Gonz\u00e1lez\/Contrl\u00ednea<br \/>\n28 marzo 2021<\/p>\n<p>El Consejo Regional Wix\u00e1rika por la Defensa de Wirikuta exigi\u00f3 a los gobiernos federal y estatal intervenir \u201clo m\u00e1s pronto posible\u201d para ayudar a los ejidatarios y comuneros de los municipios Villa de Guadalupe, Charcas y Catorce a sofocar el incendio que ha deforestado m\u00e1s de 700 hect\u00e1reas de sus tierras ancestrales ubicadas en San Luis Potos\u00ed.<\/p>\n<p>El Consejo manifest\u00f3 que el pueblo Wix\u00e1rika (wirr\u00e1rika o huichiol) es una es \u201cuna cultura milenaria que a\u00f1o con a\u00f1o peregrina rumbo a Wirikuta donde se encuentran nuestras m\u00e1ximas deidades y es cuna de la sabidur\u00eda ancestral de nuestras comunidades\u201d.<\/p>\n<p>Es por ello que una brigada de sus comunidades wixaritari parti\u00f3 a los municipios se\u00f1alados para brindar apoyo a las personas afectadas. El objetivo es colaborar a sofocar el fuego y llevar v\u00edveres a los comuneros y ejidatarios brigadistas.<\/p>\n<p>Asimismo, el Consejo se deslind\u00f3 de las acciones que otras organizaciones, como el Frente en Defensa de Wirikuta, Aho Colectivo, Naci\u00f3n Wix\u00e1rika Unido, Chichimecas de la Regi\u00f3n Norte del Altiplano Potosino, realicen \u201cutilizando nuestra organizaci\u00f3n\u201d.<\/p>\n<p><a href=\"https:\/\/www.contralinea.com.mx\/archivo-revista\/2021\/03\/28\/el-consejo-regional-wixarika-exige-a-la-federacion-y-al-estado-apoyo-a-las-comunidades-afectadas-por-incendio-forestal\/\" rel=\"noopener\" target=\"_blank\">https:\/\/www.contralinea.com.mx\/archivo-revista\/2021\/03\/28\/el-consejo-regional-wixarika-exige-a-la-federacion-y-al-estado-apoyo-a-las-comunidades-afectadas-por-incendio-forestal\/<\/a><\/p>\n","protected":false},"excerpt":{"rendered":"<p>Jordana Gonz\u00e1lez\/Contrl\u00ednea 28 marzo 2021 El Consejo Regional Wix\u00e1rika por la Defensa de Wirikuta exigi\u00f3 a los gobiernos federal y estatal intervenir \u201clo m\u00e1s pronto posible\u201d para ayudar a los &hellip; <a href=\"http:\/\/www.grieta.org.mx\/index.php\/2021\/03\/28\/el-consejo-regional-wixarika-exige-a-la-federacion-y-al-estado-apoyo-a-las-comunidades-afectadas-por-incendio-forestal-san-luis-potosi\/\" class=\"more-link\">Leer m\u00e1s<\/a><\/p>\n","protected":false},"author":2,"featured_media":58189,"comment_status":"closed","ping_status":"closed","sticky":false,"template":"","format":"standard","meta":{"ngg_post_thumbnail":0,"_jetpack_newsletter_access":"","_jetpack_dont_email_post_to_subs":false,"_jetpack_newsletter_tier_id":0,"_jetpack_memberships_contains_paywalled_content":false,"_jetpack_memberships_contains_paid_content":false,"footnotes":""},"categories":[80,2829,2,29],"tags":[2574,1799,1724],"class_list":["post-58188","post","type-post","status-publish","format-standard","has-post-thumbnail","hentry","category-cintillo","category-defensa-de-wirikuta","category-noticias-nacionales","category-san-luis-potosi","tag-incendios-forestales","tag-wirikuta","tag-wixarikas","entry"],"jetpack_featured_media_url":"http:\/\/www.grieta.org.mx\/wp-content\/uploads\/2021\/04\/incendio.jpg","jetpack_sharing_enabled":true,"jetpack_shortlink":"https:\/\/wp.me\/p7ZJR4-f8w","jetpack_likes_enabled":false,"jetpack-related-posts":[{"id":63688,"url":"http:\/\/www.grieta.org.mx\/index.php\/2022\/03\/10\/pueblo-wixarika-pide-ayuda-para-detener-ecocidio-de-wirikuta-san-luis-potosi\/","url_meta":{"origin":58188,"position":0},"title":"Pueblo Wix\u00e1rika pide ayuda para detener ecocidio de Wirikuta (San Luis Potos\u00ed)","author":"grieta","date":"10 marzo, 2022","format":false,"excerpt":"Yazm\u00edn Navarro\/SDP Noticias 10 marzo 2022 El pueblo Wix\u00e1rika hizo un llamado urgente para salvar Wirikuta de las mineras que est\u00e1n invadiendo un espacio sagrado. El pueblo Wix\u00e1rika hizo llamado urgente para salvar Wirikuta de las mineras; invitando a participar en la ceremonia de \u201crenovaci\u00f3n del mundo\u201d, que se llevar\u00e1\u2026","rel":"","context":"En &quot;CINTILLO&quot;","block_context":{"text":"CINTILLO","link":"http:\/\/www.grieta.org.mx\/index.php\/category\/cintillo\/"},"img":{"alt_text":"","src":"https:\/\/i0.wp.com\/www.grieta.org.mx\/wp-content\/uploads\/2022\/03\/YZHO2WD7FBCERG54FPJP7V75ZY.webp?resize=350%2C200","width":350,"height":200,"srcset":"https:\/\/i0.wp.com\/www.grieta.org.mx\/wp-content\/uploads\/2022\/03\/YZHO2WD7FBCERG54FPJP7V75ZY.webp?resize=350%2C200 1x, https:\/\/i0.wp.com\/www.grieta.org.mx\/wp-content\/uploads\/2022\/03\/YZHO2WD7FBCERG54FPJP7V75ZY.webp?resize=525%2C300 1.5x"},"classes":[]},{"id":37216,"url":"http:\/\/www.grieta.org.mx\/index.php\/2019\/07\/27\/no-desistiran-de-amparo-contra-minera-advierten-wixarikas-san-luis-potosi\/","url_meta":{"origin":58188,"position":1},"title":"No desistir\u00e1n de amparo contra minera, advierten Wix\u00e1rikas (San Luis Potos\u00ed)","author":"grieta","date":"27 julio, 2019","format":false,"excerpt":"Mayra Trist\u00e1n \/ El Sol de San Luis Autoridades civiles, tradicionales y agrarias del pueblo Wix\u00e1rika se desistieron de asistir a una reuni\u00f3n convocada por ejidatarios para este s\u00e1bado, en la cual se pretende generar acuerdos para \u201cintervenir en el amparo 819\/2011-VI\u201d que el pueblo Wix\u00e1rika interpuso contra la empresa\u2026","rel":"","context":"En &quot;3. Wix\u00e1rikas&quot;","block_context":{"text":"3. Wix\u00e1rikas","link":"http:\/\/www.grieta.org.mx\/index.php\/category\/espejos-de-la-resistencia\/3-wixarikas\/"},"img":{"alt_text":"","src":"https:\/\/i0.wp.com\/www.grieta.org.mx\/wp-content\/uploads\/2019\/08\/Ritual-Wix%C3%A1rika.jpg?resize=350%2C200","width":350,"height":200,"srcset":"https:\/\/i0.wp.com\/www.grieta.org.mx\/wp-content\/uploads\/2019\/08\/Ritual-Wix%C3%A1rika.jpg?resize=350%2C200 1x, https:\/\/i0.wp.com\/www.grieta.org.mx\/wp-content\/uploads\/2019\/08\/Ritual-Wix%C3%A1rika.jpg?resize=525%2C300 1.5x, https:\/\/i0.wp.com\/www.grieta.org.mx\/wp-content\/uploads\/2019\/08\/Ritual-Wix%C3%A1rika.jpg?resize=700%2C400 2x"},"classes":[]},{"id":68817,"url":"http:\/\/www.grieta.org.mx\/index.php\/2024\/04\/18\/wirikuta-no-se-vende-se-ama-y-se-defiende-13-anos-en-defensa-del-territorio-sagrado-de-los-wixarikas\/","url_meta":{"origin":58188,"position":2},"title":"\u201cWirikuta no se vende, se ama y se defiende\u201d: 13 a\u00f1os en defensa del territorio sagrado de los Wix\u00e1rikas","author":"grieta","date":"18 abril, 2024","format":false,"excerpt":"Imagen: Zona Docs Despu\u00e9s de 13 a\u00f1os de constante batalla, el Consejo Regional Wix\u00e1rika por la Defensa de Wirikuta exige la cancelaci\u00f3n de concesiones mineras que amenazan su tierra sagrada.\u00a0 Durante el foro Wirikuta: 13 a\u00f1os en defensa del territorio sagrado, autoridades tradicionales y civiles reafirmaron su compromiso, destacando logros\u2026","rel":"","context":"En &quot;3. Wix\u00e1rikas&quot;","block_context":{"text":"3. Wix\u00e1rikas","link":"http:\/\/www.grieta.org.mx\/index.php\/category\/espejos-de-la-resistencia\/3-wixarikas\/"},"img":{"alt_text":"","src":"https:\/\/i0.wp.com\/www.grieta.org.mx\/wp-content\/uploads\/2024\/04\/IMG_4859-1068x712-1.jpeg?resize=350%2C200","width":350,"height":200,"srcset":"https:\/\/i0.wp.com\/www.grieta.org.mx\/wp-content\/uploads\/2024\/04\/IMG_4859-1068x712-1.jpeg?resize=350%2C200 1x, https:\/\/i0.wp.com\/www.grieta.org.mx\/wp-content\/uploads\/2024\/04\/IMG_4859-1068x712-1.jpeg?resize=525%2C300 1.5x, https:\/\/i0.wp.com\/www.grieta.org.mx\/wp-content\/uploads\/2024\/04\/IMG_4859-1068x712-1.jpeg?resize=700%2C400 2x, https:\/\/i0.wp.com\/www.grieta.org.mx\/wp-content\/uploads\/2024\/04\/IMG_4859-1068x712-1.jpeg?resize=1050%2C600 3x"},"classes":[]},{"id":1805,"url":"http:\/\/www.grieta.org.mx\/index.php\/2015\/08\/10\/anuncian-nueva-etapa-en-defensa-del-territorio-wixarika-2\/","url_meta":{"origin":58188,"position":3},"title":"Anuncian nueva etapa en defensa del territorio wix\u00e1rika","author":"grieta","date":"10 agosto, 2015","format":false,"excerpt":"Las comunidades del pueblo wix\u00e1rika exigen que se detengan los proyectos mineros, tur\u00edsticos y de infraestructura en sus territorios Ra\u00fal Torres\/El Universal Las comunidades que conforman el pueblo wix\u00e1rika, asentado en los estados de Jalisco, Nayarit y Durango, anunciaron una nueva etapa de coordinaci\u00f3n y fortalecimiento en la defensa de\u2026","rel":"","context":"En &quot;CINTILLO&quot;","block_context":{"text":"CINTILLO","link":"http:\/\/www.grieta.org.mx\/index.php\/category\/cintillo\/"},"img":{"alt_text":"","src":"https:\/\/i0.wp.com\/www.grieta.org.mx\/wp-content\/uploads\/2018\/03\/14524434_1106112876131411_958039263622046936_o.jpg?resize=350%2C200","width":350,"height":200,"srcset":"https:\/\/i0.wp.com\/www.grieta.org.mx\/wp-content\/uploads\/2018\/03\/14524434_1106112876131411_958039263622046936_o.jpg?resize=350%2C200 1x, https:\/\/i0.wp.com\/www.grieta.org.mx\/wp-content\/uploads\/2018\/03\/14524434_1106112876131411_958039263622046936_o.jpg?resize=525%2C300 1.5x, https:\/\/i0.wp.com\/www.grieta.org.mx\/wp-content\/uploads\/2018\/03\/14524434_1106112876131411_958039263622046936_o.jpg?resize=700%2C400 2x"},"classes":[]},{"id":1612,"url":"http:\/\/www.grieta.org.mx\/index.php\/2015\/10\/10\/anuncian-nueva-etapa-en-defensa-del-territorio-wixarika\/","url_meta":{"origin":58188,"position":4},"title":"Anuncian nueva etapa en defensa del territorio wix\u00e1rika","author":"grieta","date":"10 octubre, 2015","format":false,"excerpt":"Las comunidades del pueblo wix\u00e1rika exigen que se detengan los proyectos mineros, tur\u00edsticos y de infraestructura en sus terrirotios Ra\u00fal Torres\/El Universal Las comunidades que conforman el pueblo wix\u00e1rika, asentado en los estados de Jalisco, Nayarit y Durango, anunciaron una nueva etapa de coordinaci\u00f3n y fortalecimiento en la defensa de\u2026","rel":"","context":"En &quot;CINTILLO&quot;","block_context":{"text":"CINTILLO","link":"http:\/\/www.grieta.org.mx\/index.php\/category\/cintillo\/"},"img":{"alt_text":"","src":"https:\/\/i0.wp.com\/www.grieta.org.mx\/wp-content\/uploads\/2018\/03\/14524434_1106112876131411_958039263622046936_o.jpg?resize=350%2C200","width":350,"height":200,"srcset":"https:\/\/i0.wp.com\/www.grieta.org.mx\/wp-content\/uploads\/2018\/03\/14524434_1106112876131411_958039263622046936_o.jpg?resize=350%2C200 1x, https:\/\/i0.wp.com\/www.grieta.org.mx\/wp-content\/uploads\/2018\/03\/14524434_1106112876131411_958039263622046936_o.jpg?resize=525%2C300 1.5x, https:\/\/i0.wp.com\/www.grieta.org.mx\/wp-content\/uploads\/2018\/03\/14524434_1106112876131411_958039263622046936_o.jpg?resize=700%2C400 2x"},"classes":[]},{"id":38390,"url":"http:\/\/www.grieta.org.mx\/index.php\/2019\/07\/26\/reiteran-wixarikas-lucha-contra-mineria-jalisco-san-luis-potosi\/","url_meta":{"origin":58188,"position":5},"title":"Reiteran wix\u00e1rikas lucha contra miner\u00eda (Jalisco, San Luis Potos\u00ed)","author":"grieta","date":"26 julio, 2019","format":false,"excerpt":"Dario Pereira \/ El Diario NTR No habr\u00e1 marcha atr\u00e1s en el amparo interpuesto por autoridades tradicionales de San Sebasti\u00e1n Teponahuaxtl\u00e1n, comunidad wix\u00e1rika enclavada en Mezquitic, Jalisco, mediante el que se busca frenar la intervenci\u00f3n de mineras en su territorio sagrado de Wirikuta. En 2011, los wixaritari de Jalisco interpusieron\u2026","rel":"","context":"En &quot;3. Wix\u00e1rikas&quot;","block_context":{"text":"3. Wix\u00e1rikas","link":"http:\/\/www.grieta.org.mx\/index.php\/category\/espejos-de-la-resistencia\/3-wixarikas\/"},"img":{"alt_text":"","src":"https:\/\/i0.wp.com\/www.grieta.org.mx\/wp-content\/uploads\/2019\/08\/2019-07-25_11-07-22___6449.jpg?resize=350%2C200","width":350,"height":200,"srcset":"https:\/\/i0.wp.com\/www.grieta.org.mx\/wp-content\/uploads\/2019\/08\/2019-07-25_11-07-22___6449.jpg?resize=350%2C200 1x, https:\/\/i0.wp.com\/www.grieta.org.mx\/wp-content\/uploads\/2019\/08\/2019-07-25_11-07-22___6449.jpg?resize=525%2C300 1.5x, https:\/\/i0.wp.com\/www.grieta.org.mx\/wp-content\/uploads\/2019\/08\/2019-07-25_11-07-22___6449.jpg?resize=700%2C400 2x"},"classes":[]}],"_links":{"self":[{"href":"http:\/\/www.grieta.org.mx\/index.php\/wp-json\/wp\/v2\/posts\/58188","targetHints":{"allow":["GET"]}}],"collection":[{"href":"http:\/\/www.grieta.org.mx\/index.php\/wp-json\/wp\/v2\/posts"}],"about":[{"href":"http:\/\/www.grieta.org.mx\/index.php\/wp-json\/wp\/v2\/types\/post"}],"author":[{"embeddable":true,"href":"http:\/\/www.grieta.org.mx\/index.php\/wp-json\/wp\/v2\/users\/2"}],"replies":[{"embeddable":true,"href":"http:\/\/www.grieta.org.mx\/index.php\/wp-json\/wp\/v2\/comments?post=58188"}],"version-history":[{"count":1,"href":"http:\/\/www.grieta.org.mx\/index.php\/wp-json\/wp\/v2\/posts\/58188\/revisions"}],"predecessor-version":[{"id":58191,"href":"http:\/\/www.grieta.org.mx\/index.php\/wp-json\/wp\/v2\/posts\/58188\/revisions\/58191"}],"wp:featuredmedia":[{"embeddable":true,"href":"http:\/\/www.grieta.org.mx\/index.php\/wp-json\/wp\/v2\/media\/58189"}],"wp:attachment":[{"href":"http:\/\/www.grieta.org.mx\/index.php\/wp-json\/wp\/v2\/media?parent=58188"}],"wp:term":[{"taxonomy":"category","embeddable":true,"href":"http:\/\/www.grieta.org.mx\/index.php\/wp-json\/wp\/v2\/categories?post=58188"},{"taxonomy":"post_tag","embeddable":true,"href":"http:\/\/www.grieta.org.mx\/index.php\/wp-json\/wp\/v2\/tags?post=58188"}],"curies":[{"name":"wp","href":"https:\/\/api.w.org\/{rel}","templated":true}]}}