{"id":58185,"date":"2021-03-31T18:00:11","date_gmt":"2021-04-01T00:00:11","guid":{"rendered":"https:\/\/www.grieta.org.mx\/?p=58185"},"modified":"2021-04-06T18:10:04","modified_gmt":"2021-04-06T23:10:04","slug":"asesinato-de-guatemalteco-por-ejercito-no-es-hecho-aislado-denuncian","status":"publish","type":"post","link":"http:\/\/www.grieta.org.mx\/index.php\/2021\/03\/31\/asesinato-de-guatemalteco-por-ejercito-no-es-hecho-aislado-denuncian\/","title":{"rendered":"Asesinato de guatemalteco por ej\u00e9rcito no es hecho aislado, denuncian"},"content":{"rendered":"<p><img decoding=\"async\" data-attachment-id=\"58186\" data-permalink=\"http:\/\/www.grieta.org.mx\/index.php\/2021\/03\/31\/asesinato-de-guatemalteco-por-ejercito-no-es-hecho-aislado-denuncian\/0b667deb-asesinato\/\" data-orig-file=\"http:\/\/www.grieta.org.mx\/wp-content\/uploads\/2021\/04\/0b667deb-asesinato.jpg\" data-orig-size=\"958,596\" data-comments-opened=\"0\" data-image-meta=\"{&quot;aperture&quot;:&quot;0&quot;,&quot;credit&quot;:&quot;&quot;,&quot;camera&quot;:&quot;&quot;,&quot;caption&quot;:&quot;&quot;,&quot;created_timestamp&quot;:&quot;0&quot;,&quot;copyright&quot;:&quot;&quot;,&quot;focal_length&quot;:&quot;0&quot;,&quot;iso&quot;:&quot;0&quot;,&quot;shutter_speed&quot;:&quot;0&quot;,&quot;title&quot;:&quot;&quot;,&quot;orientation&quot;:&quot;0&quot;}\" data-image-title=\"0b667deb-asesinato\" data-image-description=\"\" data-image-caption=\"\" data-medium-file=\"http:\/\/www.grieta.org.mx\/wp-content\/uploads\/2021\/04\/0b667deb-asesinato-300x187.jpg\" data-large-file=\"http:\/\/www.grieta.org.mx\/wp-content\/uploads\/2021\/04\/0b667deb-asesinato.jpg\" src=\"http:\/\/www.grieta.org.mx\/wp-content\/uploads\/2021\/04\/0b667deb-asesinato.jpg\" alt=\"\" width=\"100%\" class=\"alignnone size-full wp-image-58186\" srcset=\"http:\/\/www.grieta.org.mx\/wp-content\/uploads\/2021\/04\/0b667deb-asesinato.jpg 958w, http:\/\/www.grieta.org.mx\/wp-content\/uploads\/2021\/04\/0b667deb-asesinato-300x187.jpg 300w, http:\/\/www.grieta.org.mx\/wp-content\/uploads\/2021\/04\/0b667deb-asesinato-768x478.jpg 768w\" sizes=\"(max-width: 958px) 100vw, 958px\" \/><\/p>\n<p>Nora Bucio\/MVS Noticias<br \/>\n30 marzo 2021<\/p>\n<blockquote><p>Colectivo #SeguridadSinGuerra cuestion\u00f3 si este es el Ej\u00e9rcito que el presidente L\u00f3pez Obrador asegura que respeta los derechos humanos.\n<\/p><\/blockquote>\n<p>El asesinato del guatemalteco Elvin Mazariegos de 30 a\u00f1os a manos del Ej\u00e9rcito Mexicano en la frontera sur, no es un hecho aislado ni una reacci\u00f3n err\u00f3nea, \u201csino resultado de tener a las Fuerzas Armadas realizando tareas de seguridad p\u00fablica\u201d, se\u00f1al\u00f3 el Colectivo #SeguridadSinGuerra. A trav\u00e9s de un comunicado cuestion\u00f3 si este, que asesina a personas sin mediar justificaci\u00f3n, es el Ej\u00e9rcito que el presidente Andr\u00e9s Manuel L\u00f3pez Obrador asegura que respeta los derechos humanos.<\/p>\n<p>Adem\u00e1s record\u00f3 que el pasado 25 de enero del 2020, dos j\u00f3venes fueron asesinados en Carb\u00f3, Sonora, cuando iban a comprar tortillas, por presuntamente no detenerse en un ret\u00e9n militar, casi de la misma manera en que ocurri\u00f3 con las personas que viajaban en el veh\u00edculo en la frontera con Guatemala. Finalmente los integrantes de este colectivo le recordaron al gobierno federal que, los retenes son inconstitucionales y escenario propicio para el abuso y la vulneraci\u00f3n de los derechos fundamentales de las personas.<\/p>\n<p><a href=\"https:\/\/mvsnoticias.com\/noticias\/nacionales\/denuncian-que-asesinato-de-guatemalteco-por-ejercito-no-es-un-hecho-aislado\/\" rel=\"noopener\" target=\"_blank\">https:\/\/mvsnoticias.com\/noticias\/nacionales\/denuncian-que-asesinato-de-guatemalteco-por-ejercito-no-es-un-hecho-aislado\/<\/a><\/p>\n","protected":false},"excerpt":{"rendered":"<p>Nora Bucio\/MVS Noticias 30 marzo 2021 Colectivo #SeguridadSinGuerra cuestion\u00f3 si este es el Ej\u00e9rcito que el presidente L\u00f3pez Obrador asegura que respeta los derechos humanos. El asesinato del guatemalteco Elvin &hellip; <a href=\"http:\/\/www.grieta.org.mx\/index.php\/2021\/03\/31\/asesinato-de-guatemalteco-por-ejercito-no-es-hecho-aislado-denuncian\/\" class=\"more-link\">Leer m\u00e1s<\/a><\/p>\n","protected":false},"author":2,"featured_media":58186,"comment_status":"closed","ping_status":"closed","sticky":false,"template":"","format":"standard","meta":{"ngg_post_thumbnail":0,"_jetpack_newsletter_access":"","_jetpack_dont_email_post_to_subs":false,"_jetpack_newsletter_tier_id":0,"_jetpack_memberships_contains_paywalled_content":false,"_jetpack_memberships_contains_paid_content":false,"footnotes":""},"categories":[80,86,912,83],"tags":[2694,2974,614,2867],"class_list":["post-58185","post","type-post","status-publish","format-standard","has-post-thumbnail","hentry","category-cintillo","category-migrantes","category-militarizacion","category-temas-nacionales","tag-asesinato-de-migrantes","tag-aumento-de-la-militarizacion","tag-militarizacion","tag-militarizacion-de-la-politica-migratoria","entry"],"jetpack_featured_media_url":"http:\/\/www.grieta.org.mx\/wp-content\/uploads\/2021\/04\/0b667deb-asesinato.jpg","jetpack_sharing_enabled":true,"jetpack_shortlink":"https:\/\/wp.me\/p7ZJR4-f8t","jetpack_likes_enabled":false,"jetpack-related-posts":[{"id":58182,"url":"http:\/\/www.grieta.org.mx\/index.php\/2021\/03\/31\/ejercito-suma-5-mil-500-quejas-por-abusos-a-migrantes-ante-derechos-humanos\/","url_meta":{"origin":58185,"position":0},"title":"Ej\u00e9rcito suma 5 mil 500 quejas por abusos a migrantes ante Derechos Humanos","author":"grieta","date":"31 marzo, 2021","format":false,"excerpt":"Marcos Muedano\/La Silla Rota 31 marzo 2021 La\u00a0pol\u00edtica\u00a0del\u00a0gobierno federal\u00a0para evitar el ingreso de\u00a0migrantes\u00a0a territorio nacional no ha dado resultados. Durante los \u00faltimos dos a\u00f1os, por lo menos, m\u00e1s de\u00a0130 mil personas de distintas nacionalidades\u00a0lograron evadir lo\u00a0filtros de seguridad\u00a0implementados durante el\u00a0gobierno de Andr\u00e9s Manuel L\u00f3pez Obrador. Tan s\u00f3lo el\u00a0Ej\u00e9rcito\u00a0detuvo, cada 24\u2026","rel":"","context":"En &quot;CINTILLO&quot;","block_context":{"text":"CINTILLO","link":"http:\/\/www.grieta.org.mx\/index.php\/category\/cintillo\/"},"img":{"alt_text":"","src":"https:\/\/i0.wp.com\/www.grieta.org.mx\/wp-content\/uploads\/2021\/04\/migrante2-focus-0.29-0.16-983-557.jpg?resize=350%2C200","width":350,"height":200,"srcset":"https:\/\/i0.wp.com\/www.grieta.org.mx\/wp-content\/uploads\/2021\/04\/migrante2-focus-0.29-0.16-983-557.jpg?resize=350%2C200 1x, https:\/\/i0.wp.com\/www.grieta.org.mx\/wp-content\/uploads\/2021\/04\/migrante2-focus-0.29-0.16-983-557.jpg?resize=525%2C300 1.5x, https:\/\/i0.wp.com\/www.grieta.org.mx\/wp-content\/uploads\/2021\/04\/migrante2-focus-0.29-0.16-983-557.jpg?resize=700%2C400 2x"},"classes":[]},{"id":49479,"url":"http:\/\/www.grieta.org.mx\/index.php\/2020\/05\/16\/un-paso-mas-hacia-la-militarizacion\/","url_meta":{"origin":58185,"position":1},"title":"Un paso m\u00e1s hacia la militarizaci\u00f3n","author":"grieta","date":"16 mayo, 2020","format":false,"excerpt":"Juan Omar Fierro\/Proceso 16 mayo 2020 Foto:Hugo Cruz Con el acuerdo que el presidente L\u00f3pez Obrador public\u00f3 el lunes 11 para extender hasta 2024 la intervenci\u00f3n de militares en la seguridad p\u00fablica, no s\u00f3lo revivi\u00f3 las protestas de los defensores de derechos humanos sino que profundiz\u00f3 los riesgos que entra\u00f1a\u2026","rel":"","context":"En &quot;CINTILLO&quot;","block_context":{"text":"CINTILLO","link":"http:\/\/www.grieta.org.mx\/index.php\/category\/cintillo\/"},"img":{"alt_text":"","src":"https:\/\/i0.wp.com\/www.grieta.org.mx\/wp-content\/uploads\/2020\/05\/decreto-870x522.jpg?resize=350%2C200","width":350,"height":200,"srcset":"https:\/\/i0.wp.com\/www.grieta.org.mx\/wp-content\/uploads\/2020\/05\/decreto-870x522.jpg?resize=350%2C200 1x, https:\/\/i0.wp.com\/www.grieta.org.mx\/wp-content\/uploads\/2020\/05\/decreto-870x522.jpg?resize=525%2C300 1.5x, https:\/\/i0.wp.com\/www.grieta.org.mx\/wp-content\/uploads\/2020\/05\/decreto-870x522.jpg?resize=700%2C400 2x"},"classes":[]},{"id":58237,"url":"http:\/\/www.grieta.org.mx\/index.php\/2021\/04\/07\/creciente-militarizacion-en-mexico-podria-provocar-violaciones-a-los-derechos-humanos-advierte-la-onu\/","url_meta":{"origin":58185,"position":2},"title":"Creciente militarizaci\u00f3n en M\u00e9xico podr\u00eda provocar violaciones a los derechos humanos, advierte la ONU","author":"grieta","date":"7 abril, 2021","format":false,"excerpt":"El Ej\u00e9rcito mexicano en un operativo. Foto: EFE. Latinus\/Latinus 7 abril 2021 AP.- La creciente participaci\u00f3n de las fuerzas armadas en las tareas de seguridad p\u00fablica y en varios proyectos del gobierno generan preocupaci\u00f3n en materia de respeto a los derechos humanos y de transparencia en M\u00e9xico, dijo este mi\u00e9rcoles\u2026","rel":"","context":"En &quot;CINTILLO&quot;","block_context":{"text":"CINTILLO","link":"http:\/\/www.grieta.org.mx\/index.php\/category\/cintillo\/"},"img":{"alt_text":"","src":"https:\/\/i0.wp.com\/www.grieta.org.mx\/wp-content\/uploads\/2021\/04\/colectivo-investigar-red-corrupcion-ejercito-cienfuegos-1024x529-1.jpg?resize=350%2C200","width":350,"height":200,"srcset":"https:\/\/i0.wp.com\/www.grieta.org.mx\/wp-content\/uploads\/2021\/04\/colectivo-investigar-red-corrupcion-ejercito-cienfuegos-1024x529-1.jpg?resize=350%2C200 1x, https:\/\/i0.wp.com\/www.grieta.org.mx\/wp-content\/uploads\/2021\/04\/colectivo-investigar-red-corrupcion-ejercito-cienfuegos-1024x529-1.jpg?resize=525%2C300 1.5x, https:\/\/i0.wp.com\/www.grieta.org.mx\/wp-content\/uploads\/2021\/04\/colectivo-investigar-red-corrupcion-ejercito-cienfuegos-1024x529-1.jpg?resize=700%2C400 2x"},"classes":[]},{"id":65258,"url":"http:\/\/www.grieta.org.mx\/index.php\/2022\/09\/13\/cndh-no-llevara-a-la-corte-pase-de-gn-al-ejercito-ya-no-hay-militarizacion-dice\/","url_meta":{"origin":58185,"position":3},"title":"CNDH no llevar\u00e1 a la Corte pase de GN al Ej\u00e9rcito; ya no hay militarizaci\u00f3n, dice","author":"grieta","date":"13 septiembre, 2022","format":false,"excerpt":"Redacci\u00f3n\/Aristegui Noticias 13 septiembre 2022 Derechos Humanos respalda los cambios aprobados en el Congreso de la Uni\u00f3n y publicados por el Presidente. La Comisi\u00f3n Nacional de los Derechos Humanos (CNDH) afirm\u00f3 que no presentar\u00e1 acci\u00f3n de inconstitucionalidad por las reformas que traspasan el control de la Guardia Nacional al Ej\u00e9rcito.\u2026","rel":"","context":"En &quot;CINTILLO&quot;","block_context":{"text":"CINTILLO","link":"http:\/\/www.grieta.org.mx\/index.php\/category\/cintillo\/"},"img":{"alt_text":"","src":"https:\/\/i0.wp.com\/www.grieta.org.mx\/wp-content\/uploads\/2022\/09\/ejercito-cndh-militarizacion-13092022.webp?resize=350%2C200","width":350,"height":200,"srcset":"https:\/\/i0.wp.com\/www.grieta.org.mx\/wp-content\/uploads\/2022\/09\/ejercito-cndh-militarizacion-13092022.webp?resize=350%2C200 1x, https:\/\/i0.wp.com\/www.grieta.org.mx\/wp-content\/uploads\/2022\/09\/ejercito-cndh-militarizacion-13092022.webp?resize=525%2C300 1.5x, https:\/\/i0.wp.com\/www.grieta.org.mx\/wp-content\/uploads\/2022\/09\/ejercito-cndh-militarizacion-13092022.webp?resize=700%2C400 2x, https:\/\/i0.wp.com\/www.grieta.org.mx\/wp-content\/uploads\/2022\/09\/ejercito-cndh-militarizacion-13092022.webp?resize=1050%2C600 3x"},"classes":[]},{"id":52267,"url":"http:\/\/www.grieta.org.mx\/index.php\/2020\/07\/22\/organizaciones-presentan-amparos-contra-acuerdo-de-militarizacion\/","url_meta":{"origin":58185,"position":4},"title":"Organizaciones presentan amparos contra acuerdo de militarizaci\u00f3n","author":"grieta","date":"22 julio, 2020","format":false,"excerpt":"Alexis Ortiz\/El Universal 22 julio 2020 Organizaciones de la sociedad civil presentaron m\u00faltiples amparos contra un acuerdo publicado el 11 de mayo en el Diario Oficial de la Federaci\u00f3n (DOF), el cual permite que las Fuerzas Armadas participen en labores de seguridad hasta el 2024. El acuerdo fue publicado por\u2026","rel":"","context":"En &quot;CINTILLO&quot;","block_context":{"text":"CINTILLO","link":"http:\/\/www.grieta.org.mx\/index.php\/category\/cintillo\/"},"img":{"alt_text":"","src":"https:\/\/i0.wp.com\/www.grieta.org.mx\/wp-content\/uploads\/2020\/08\/mil-un.png?resize=350%2C200","width":350,"height":200,"srcset":"https:\/\/i0.wp.com\/www.grieta.org.mx\/wp-content\/uploads\/2020\/08\/mil-un.png?resize=350%2C200 1x, https:\/\/i0.wp.com\/www.grieta.org.mx\/wp-content\/uploads\/2020\/08\/mil-un.png?resize=525%2C300 1.5x"},"classes":[]},{"id":58240,"url":"http:\/\/www.grieta.org.mx\/index.php\/2021\/04\/07\/ha-militarizado-amlo-mas-a-mexico-que-pena-nieto-y-calderon-amnistia-internacional\/","url_meta":{"origin":58185,"position":5},"title":"Ha militarizado AMLO m\u00e1s a M\u00e9xico que Pe\u00f1a Nieto y Calder\u00f3n: Amnist\u00eda Internacional","author":"grieta","date":"7 abril, 2021","format":false,"excerpt":"Foto: cortes\u00eda Cristina Herrera\/Debate 7 abril 2021 M\u00e9xico.- A pesar de que en m\u00faltiples ocasiones lo ha negado, el gobierno del presidente Andr\u00e9s Manuel L\u00f3pez Obrador ha desplegado a m\u00e1s elementos del Ej\u00e9rcito en M\u00e9xico, esto como factor de su plan de seguridad p\u00fablica, que en las administraciones de los\u2026","rel":"","context":"En &quot;CINTILLO&quot;","block_context":{"text":"CINTILLO","link":"http:\/\/www.grieta.org.mx\/index.php\/category\/cintillo\/"},"img":{"alt_text":"","src":"https:\/\/i0.wp.com\/www.grieta.org.mx\/wp-content\/uploads\/2021\/04\/amlo-gn.png?resize=350%2C200","width":350,"height":200,"srcset":"https:\/\/i0.wp.com\/www.grieta.org.mx\/wp-content\/uploads\/2021\/04\/amlo-gn.png?resize=350%2C200 1x, https:\/\/i0.wp.com\/www.grieta.org.mx\/wp-content\/uploads\/2021\/04\/amlo-gn.png?resize=525%2C300 1.5x, https:\/\/i0.wp.com\/www.grieta.org.mx\/wp-content\/uploads\/2021\/04\/amlo-gn.png?resize=700%2C400 2x"},"classes":[]}],"_links":{"self":[{"href":"http:\/\/www.grieta.org.mx\/index.php\/wp-json\/wp\/v2\/posts\/58185","targetHints":{"allow":["GET"]}}],"collection":[{"href":"http:\/\/www.grieta.org.mx\/index.php\/wp-json\/wp\/v2\/posts"}],"about":[{"href":"http:\/\/www.grieta.org.mx\/index.php\/wp-json\/wp\/v2\/types\/post"}],"author":[{"embeddable":true,"href":"http:\/\/www.grieta.org.mx\/index.php\/wp-json\/wp\/v2\/users\/2"}],"replies":[{"embeddable":true,"href":"http:\/\/www.grieta.org.mx\/index.php\/wp-json\/wp\/v2\/comments?post=58185"}],"version-history":[{"count":1,"href":"http:\/\/www.grieta.org.mx\/index.php\/wp-json\/wp\/v2\/posts\/58185\/revisions"}],"predecessor-version":[{"id":58187,"href":"http:\/\/www.grieta.org.mx\/index.php\/wp-json\/wp\/v2\/posts\/58185\/revisions\/58187"}],"wp:featuredmedia":[{"embeddable":true,"href":"http:\/\/www.grieta.org.mx\/index.php\/wp-json\/wp\/v2\/media\/58186"}],"wp:attachment":[{"href":"http:\/\/www.grieta.org.mx\/index.php\/wp-json\/wp\/v2\/media?parent=58185"}],"wp:term":[{"taxonomy":"category","embeddable":true,"href":"http:\/\/www.grieta.org.mx\/index.php\/wp-json\/wp\/v2\/categories?post=58185"},{"taxonomy":"post_tag","embeddable":true,"href":"http:\/\/www.grieta.org.mx\/index.php\/wp-json\/wp\/v2\/tags?post=58185"}],"curies":[{"name":"wp","href":"https:\/\/api.w.org\/{rel}","templated":true}]}}