{"id":58182,"date":"2021-03-31T17:52:54","date_gmt":"2021-03-31T23:52:54","guid":{"rendered":"https:\/\/www.grieta.org.mx\/?p=58182"},"modified":"2021-04-06T17:59:53","modified_gmt":"2021-04-06T22:59:53","slug":"ejercito-suma-5-mil-500-quejas-por-abusos-a-migrantes-ante-derechos-humanos","status":"publish","type":"post","link":"http:\/\/www.grieta.org.mx\/index.php\/2021\/03\/31\/ejercito-suma-5-mil-500-quejas-por-abusos-a-migrantes-ante-derechos-humanos\/","title":{"rendered":"Ej\u00e9rcito suma 5 mil 500 quejas por abusos a migrantes ante Derechos Humanos"},"content":{"rendered":"<p><img decoding=\"async\" data-attachment-id=\"58183\" data-permalink=\"http:\/\/www.grieta.org.mx\/index.php\/2021\/03\/31\/ejercito-suma-5-mil-500-quejas-por-abusos-a-migrantes-ante-derechos-humanos\/migrante2-focus-0-29-0-16-983-557\/\" data-orig-file=\"http:\/\/www.grieta.org.mx\/wp-content\/uploads\/2021\/04\/migrante2-focus-0.29-0.16-983-557.jpg\" data-orig-size=\"983,552\" data-comments-opened=\"0\" data-image-meta=\"{&quot;aperture&quot;:&quot;0&quot;,&quot;credit&quot;:&quot;&quot;,&quot;camera&quot;:&quot;&quot;,&quot;caption&quot;:&quot;&quot;,&quot;created_timestamp&quot;:&quot;0&quot;,&quot;copyright&quot;:&quot;&quot;,&quot;focal_length&quot;:&quot;0&quot;,&quot;iso&quot;:&quot;0&quot;,&quot;shutter_speed&quot;:&quot;0&quot;,&quot;title&quot;:&quot;&quot;,&quot;orientation&quot;:&quot;0&quot;}\" data-image-title=\"migrante2-focus-0.29-0.16-983-557\" data-image-description=\"\" data-image-caption=\"\" data-medium-file=\"http:\/\/www.grieta.org.mx\/wp-content\/uploads\/2021\/04\/migrante2-focus-0.29-0.16-983-557-300x168.jpg\" data-large-file=\"http:\/\/www.grieta.org.mx\/wp-content\/uploads\/2021\/04\/migrante2-focus-0.29-0.16-983-557.jpg\" src=\"http:\/\/www.grieta.org.mx\/wp-content\/uploads\/2021\/04\/migrante2-focus-0.29-0.16-983-557.jpg\" alt=\"\" width=\"100%\" class=\"alignnone size-full wp-image-58183\" srcset=\"http:\/\/www.grieta.org.mx\/wp-content\/uploads\/2021\/04\/migrante2-focus-0.29-0.16-983-557.jpg 983w, http:\/\/www.grieta.org.mx\/wp-content\/uploads\/2021\/04\/migrante2-focus-0.29-0.16-983-557-300x168.jpg 300w, http:\/\/www.grieta.org.mx\/wp-content\/uploads\/2021\/04\/migrante2-focus-0.29-0.16-983-557-768x431.jpg 768w\" sizes=\"(max-width: 983px) 100vw, 983px\" \/><\/p>\n<p>Marcos Muedano\/La Silla Rota<br \/>\n31 marzo 2021<\/p>\n<p>La\u00a0<strong>pol\u00edtica<\/strong>\u00a0del\u00a0<strong>gobierno federal<\/strong>\u00a0para evitar el ingreso de\u00a0<strong>migrantes<\/strong>\u00a0a territorio nacional no ha dado resultados. Durante los \u00faltimos dos a\u00f1os, por lo menos, m\u00e1s de\u00a0<strong>130 mil personas de distintas nacionalidades<\/strong>\u00a0lograron evadir lo\u00a0<strong>filtros de seguridad<\/strong>\u00a0implementados durante el\u00a0<strong>gobierno de Andr\u00e9s Manuel L\u00f3pez Obrador<\/strong>. Tan s\u00f3lo el\u00a0<strong>Ej\u00e9rcito<\/strong>\u00a0detuvo, cada 24 horas, a 179\u00a0<strong>migrantes<\/strong>\u00a0<strong>en 19 estados<\/strong>\u00a0del pa\u00eds; es decir, alrededor de 130 mil personas sin documentar su estancia legal en el pa\u00eds.<\/p>\n<p>&nbsp;<\/p>\n<p>La porosidad de las\u00a0<strong>fronteras<\/strong>,\u00a0<strong>terminales \u00e1reas<\/strong>\u00a0y\u00a0<strong>centrales camioneras<\/strong>\u00a0es evidente, a pesar del despliegue de\u00a0<strong>cinco mil 462 elementos<\/strong>\u00a0de las Fuerzas para evitar el ingreso de\u00a0<strong>migrantes<\/strong>, principalmente de\u00a0<strong>Centroam\u00e9rica<\/strong>.<\/p>\n<p>El ingreso de\u00a0<strong>migrantes<\/strong>\u00a0de forma ilegal origin\u00f3 que, en entre 2019 y 2020, se iniciar\u00e1n\u00a0<strong>cinco mil 500 quejas<\/strong>\u00a0en la\u00a0<strong>Comisi\u00f3n Nacional de Derechos Humanos<\/strong>\u00a0(<strong>CNDH<\/strong>), por\u00a0<strong>violaciones a derechos humanos<\/strong>\u00a0en contra de\u00a0<strong>menores<\/strong>,\u00a0<strong>mujeres<\/strong>\u00a0y\u00a0<strong>hombres<\/strong>\u00a0adultos por parte de\u00a0<strong>autoridades locales y federales<\/strong>.<\/p>\n<p>Entre las\u00a0<strong>violaciones a derechos humanos<\/strong>, hechas p\u00fablicas por autoridades, est\u00e1 la\u00a0<strong>muerte de un hombre de nacionalidad guatemalteca<\/strong>, perpetrada por elementos de la\u00a0<strong>Secretar\u00eda de la Defensa Nacional<\/strong>\u00a0durante un operativo en\u00a0<strong>Mazapa de Madero<\/strong>, en\u00a0<strong>Chiapas<\/strong>.<\/p>\n<p>Otro caso es el asesinado, investigado como\u00a0<strong>feminicidio<\/strong>, de\u00a0<strong>Victoria Salazar Arriaza<\/strong>, nacida en\u00a0<strong>El Salvador<\/strong>, quien fue privada de la vida por\u00a0<strong>polic\u00edas<\/strong>\u00a0municipales de\u00a0<strong>Tulum<\/strong>,\u00a0<strong>Quintana Roo<\/strong>. Tambi\u00e9n la muerte de por lo menos\u00a0<strong>16 migrantes de Guatemala<\/strong>,\u00a0<strong>a manos de grupos criminales<\/strong>, en\u00a0<strong>Tamaulipas<\/strong>.<\/p>\n<p><strong>Gerardo Rodr\u00edguez S\u00e1nchez Lara<\/strong>, coordinador acad\u00e9mico del Centro de Estudios sobre Impunidad y Justicia de la\u00a0<strong>Universidad de las Am\u00e9ricas Puebla<\/strong>\u00a0(UDLAP), consider\u00f3 que la participaci\u00f3n del\u00a0<strong>Ej\u00e9rcito<\/strong>\u00a0en tareas de mitigaci\u00f3n de\u00a0<strong>migraci\u00f3n<\/strong>\u00a0ilegal se encuentra fundamentada en la\u00a0<strong>Constituci\u00f3n<\/strong>.<\/p>\n<p>&#8220;La\u00a0<strong>Constituci\u00f3n<\/strong>\u00a0permite al\u00a0<strong>Ej\u00e9rcito<\/strong>\u00a0salir en apoyo de las instituciones civiles cuando lo requieran las autoridades. El\u00a0<strong>Ej\u00e9rcito<\/strong>\u00a0no sali\u00f3 por propia cuenta a estar, en distintas actividades que hoy realiza.<\/p>\n<p>&#8220;Esto, tambi\u00e9n, est\u00e1 respaldado en una sentencia de Suprema Corte de Justicia de la Naci\u00f3n. Debemos que aclarar que el\u00a0<strong>Ej\u00e9rcito<\/strong>\u00a0no est\u00e1 en las calles, por ellos lo quieran, si no por mandato del\u00a0<strong>presidente<\/strong>&#8220;, dijo.<\/p>\n<div>\n<div id=\"RIL_IMG_1\" class=\"RIL_IMG\">\n<figure><img decoding=\"async\" src=\"https:\/\/pocket-image-cache.com\/\/filters:no_upscale():format(jpg):extract_cover()\/https%3A%2F%2Flasillarotarm.blob.core.windows.net%2Fimages%2F2021%2F03%2F30%2Fcuartoscuro779675digital1.jpeg\" alt=\"\" \/><\/figure>\n<\/div>\n<\/div>\n<p>El especialista coment\u00f3 que &#8220;cualquier instituci\u00f3n de\u00a0<strong>gobierno<\/strong>, en cualquier parte del mundo es susceptible de\u00a0<strong>violaciones a derechos humanos<\/strong>. En el caso de M\u00e9xico, las instituciones federales tienen cursos en materia de derechos humanos, desde el inicio de su formaci\u00f3n&#8221;.<\/p>\n<p>De acuerdo con los documentos consultados por LA SILLA ROTA, la\u00a0<strong>pol\u00edtica<\/strong>\u00a0del\u00a0<strong>gobierno federal<\/strong>\u00a0para evitar el ingreso de\u00a0<strong>migrantes<\/strong>, a partir de las medidas impuestas por el\u00a0<strong>expresidente de Estados Unidos<\/strong>,\u00a0<strong>Donald Trump<\/strong>, no ha dado los resultados esperados.<\/p>\n<p>Las detenciones de\u00a0<strong>migrantes<\/strong>\u00a0se han efectuado en estados de la frontera norte, centro y sur; principalmente en\u00a0<strong>Nuevo Le\u00f3n<\/strong>,\u00a0<strong>Tamaulipas<\/strong>,\u00a0<strong>Sonora<\/strong>,\u00a0<strong>Chiapas<\/strong>,\u00a0<strong>Tabasco<\/strong>,\u00a0<strong>Veracruz<\/strong>, as\u00ed como en el\u00a0<strong>Estado de M\u00e9xico<\/strong>.<\/p>\n<p>Entre las detenciones por el\u00a0<strong>Ej\u00e9rcito<\/strong>, principalmente en operativos fortuitos realizados en carreteras del pa\u00eds, se encuentra la detenci\u00f3n de m\u00e1s 190 mil\u00a0<strong>mujeres<\/strong>, as\u00ed como 27 mil 346\u00a0<strong>menores<\/strong>\u00a0de edad (<strong>mujeres<\/strong>\u00a0y\u00a0<strong>hombres<\/strong>).<\/p>\n<div>\n<div id=\"RIL_IMG_2\" class=\"RIL_IMG\">\n<figure><img decoding=\"async\" src=\"https:\/\/pocket-image-cache.com\/\/filters:no_upscale():format(jpg):extract_cover()\/https%3A%2F%2Flasillarotarm.blob.core.windows.net%2Fimages%2F2021%2F03%2F30%2Fmigrante1.jpg\" alt=\"\" \/><\/figure>\n<\/div>\n<\/div>\n<p>La participaci\u00f3n del\u00a0<strong>Ej\u00e9rcito<\/strong>\u00a0en la contenci\u00f3n del tema migratorio llev\u00f3 a la\u00a0<strong>Comisi\u00f3n<\/strong>\u00a0Nacional de los Derechos Humanos (<strong>CNDH<\/strong>) a rechazar la militarizaci\u00f3n del\u00a0<strong>Instituto Nacional de Migraci\u00f3n<\/strong>\u00a0(<strong>INM<\/strong>).<\/p>\n<p>En diciembre de 2020, la\u00a0<strong>CNDH<\/strong>\u00a0inform\u00f3 que en entidades como\u00a0<strong>Aguascalientes<\/strong>,\u00a0<strong>Campeche<\/strong>,\u00a0<strong>Chihuahua<\/strong>,\u00a0<strong>Coahuila<\/strong>,\u00a0<strong>Colima<\/strong>,\u00a0<strong>Estado de M\u00e9xico<\/strong>,\u00a0<strong>Guanajuato<\/strong>,\u00a0<strong>Guerrero<\/strong>,\u00a0<strong>Hidalgo<\/strong>,\u00a0<strong>Jalisco<\/strong>,\u00a0<strong>Michoac\u00e1n<\/strong>,\u00a0<strong>Nayarit<\/strong>,\u00a0<strong>Puebla<\/strong>,\u00a0<strong>Sinaloa<\/strong>,\u00a0<strong>Sonora<\/strong>,\u00a0<strong>Veracruz<\/strong>,\u00a0<strong>Chiapas<\/strong>\u00a0y\u00a0<strong>Yucat\u00e1n<\/strong>, el\u00a0<strong>INM<\/strong>\u00a0ten\u00eda como titulares a personal del\u00a0<strong>Ej\u00e9rcito<\/strong>\u00a0y no a civiles.<\/p>\n<p>&#8220;Esta perspectiva abona a la idea de la criminalizaci\u00f3n de los grupos de personas\u00a0<strong>migrantes<\/strong>, lo cual agrava a\u00fan m\u00e1s su situaci\u00f3n de vulnerabilidad&#8221;, destac\u00f3 la\u00a0<strong>Comisi\u00f3n<\/strong>\u00a0en ese momento.<\/p>\n<div>\n<div id=\"RIL_IMG_3\" class=\"RIL_IMG\">\n<figure><img decoding=\"async\" src=\"https:\/\/pocket-image-cache.com\/\/filters:no_upscale():format(jpg):extract_cover()\/https%3A%2F%2Flasillarotarm.blob.core.windows.net%2Fimages%2F2021%2F03%2F30%2Fmigrante.jpg\" alt=\"\" \/><\/figure>\n<\/div>\n<\/div>\n<p><a href=\"https:\/\/lasillarota.com\/nacion\/ejercito-suma-5-mil-500-quejas-por-abusos-a-migrantes-ante-derechos-humanos\/501771\" rel=\"noopener\" target=\"_blank\">https:\/\/lasillarota.com\/nacion\/ejercito-suma-5-mil-500-quejas-por-abusos-a-migrantes-ante-derechos-humanos\/501771<\/a><\/p>\n","protected":false},"excerpt":{"rendered":"<p>Marcos Muedano\/La Silla Rota 31 marzo 2021 La\u00a0pol\u00edtica\u00a0del\u00a0gobierno federal\u00a0para evitar el ingreso de\u00a0migrantes\u00a0a territorio nacional no ha dado resultados. Durante los \u00faltimos dos a\u00f1os, por lo menos, m\u00e1s de\u00a0130 mil &hellip; <a href=\"http:\/\/www.grieta.org.mx\/index.php\/2021\/03\/31\/ejercito-suma-5-mil-500-quejas-por-abusos-a-migrantes-ante-derechos-humanos\/\" class=\"more-link\">Leer m\u00e1s<\/a><\/p>\n","protected":false},"author":2,"featured_media":58183,"comment_status":"closed","ping_status":"closed","sticky":false,"template":"","format":"standard","meta":{"ngg_post_thumbnail":0,"_jetpack_newsletter_access":"","_jetpack_dont_email_post_to_subs":false,"_jetpack_newsletter_tier_id":0,"_jetpack_memberships_contains_paywalled_content":false,"_jetpack_memberships_contains_paid_content":false,"footnotes":""},"categories":[80,86,912,83],"tags":[1410,614,1195,2867],"class_list":["post-58182","post","type-post","status-publish","format-standard","has-post-thumbnail","hentry","category-cintillo","category-migrantes","category-militarizacion","category-temas-nacionales","tag-abusos-contra-migrantes","tag-militarizacion","tag-militarizacion-de-la-frontera","tag-militarizacion-de-la-politica-migratoria","entry"],"jetpack_featured_media_url":"http:\/\/www.grieta.org.mx\/wp-content\/uploads\/2021\/04\/migrante2-focus-0.29-0.16-983-557.jpg","jetpack_sharing_enabled":true,"jetpack_shortlink":"https:\/\/wp.me\/p7ZJR4-f8q","jetpack_likes_enabled":false,"jetpack-related-posts":[{"id":69200,"url":"http:\/\/www.grieta.org.mx\/index.php\/2024\/06\/14\/denuncian-militarizacion-antimigrante-en-frontera\/","url_meta":{"origin":58182,"position":0},"title":"DENUNCIAN MILITARIZACI\u00d3N ANTIMIGRANTE EN FRONTERA","author":"grieta","date":"14 junio, 2024","format":false,"excerpt":"ANA LILIA RAM\u00cdREZ \/ El Mexicano Militares impiden paso de migrante a EUA TIJUANA.- La militarizaci\u00f3n antimigrante persiste en las fronteras Sur y Norte de M\u00e9xico para impedir el paso de migrantes hacia Estados Unidos, un hecho que nunca se hab\u00eda registrado en el pa\u00eds, como en esta administraci\u00f3n federal,\u2026","rel":"","context":"En &quot;Baja California&quot;","block_context":{"text":"Baja California","link":"http:\/\/www.grieta.org.mx\/index.php\/category\/noticias-nacionales\/baja-california\/"},"img":{"alt_text":"","src":"https:\/\/i0.wp.com\/www.grieta.org.mx\/wp-content\/uploads\/2024\/06\/5944dd2e-7a16-44af-b73d-3c03ed769a69.png?resize=350%2C200","width":350,"height":200,"srcset":"https:\/\/i0.wp.com\/www.grieta.org.mx\/wp-content\/uploads\/2024\/06\/5944dd2e-7a16-44af-b73d-3c03ed769a69.png?resize=350%2C200 1x, https:\/\/i0.wp.com\/www.grieta.org.mx\/wp-content\/uploads\/2024\/06\/5944dd2e-7a16-44af-b73d-3c03ed769a69.png?resize=525%2C300 1.5x, https:\/\/i0.wp.com\/www.grieta.org.mx\/wp-content\/uploads\/2024\/06\/5944dd2e-7a16-44af-b73d-3c03ed769a69.png?resize=700%2C400 2x, https:\/\/i0.wp.com\/www.grieta.org.mx\/wp-content\/uploads\/2024\/06\/5944dd2e-7a16-44af-b73d-3c03ed769a69.png?resize=1050%2C600 3x"},"classes":[]},{"id":59101,"url":"http:\/\/www.grieta.org.mx\/index.php\/2021\/04\/28\/persisten-agresiones-sexuales-y-otros-delitos-contra-mujeres-migrantes-tras-militarizacion-de-fronteras\/","url_meta":{"origin":58182,"position":1},"title":"Persisten agresiones sexuales y otros delitos contra mujeres migrantes tras militarizaci\u00f3n de fronteras","author":"grieta","date":"28 abril, 2021","format":false,"excerpt":"Ag\u00e9lica Jocelyn Soto Espinosa\/Cimac Noticias\/Chiapas paralelo 28 abril 2021 Ciudad de M\u00e9xico.- Mientras el gobierno federal asegura que en M\u00e9xico ya no se violan los Derechos Humanos de las personas migrantes, organizaciones de la sociedad civil documentan que tras la militarizaci\u00f3n de las fronteras, hay un aumento en agresiones sexuales\u2026","rel":"","context":"En &quot;CINTILLO&quot;","block_context":{"text":"CINTILLO","link":"http:\/\/www.grieta.org.mx\/index.php\/category\/cintillo\/"},"img":{"alt_text":"","src":"https:\/\/i0.wp.com\/www.grieta.org.mx\/wp-content\/uploads\/2021\/05\/Migracio%CC%81n-1170x877-1.jpg?resize=350%2C200","width":350,"height":200,"srcset":"https:\/\/i0.wp.com\/www.grieta.org.mx\/wp-content\/uploads\/2021\/05\/Migracio%CC%81n-1170x877-1.jpg?resize=350%2C200 1x, https:\/\/i0.wp.com\/www.grieta.org.mx\/wp-content\/uploads\/2021\/05\/Migracio%CC%81n-1170x877-1.jpg?resize=525%2C300 1.5x, https:\/\/i0.wp.com\/www.grieta.org.mx\/wp-content\/uploads\/2021\/05\/Migracio%CC%81n-1170x877-1.jpg?resize=700%2C400 2x, https:\/\/i0.wp.com\/www.grieta.org.mx\/wp-content\/uploads\/2021\/05\/Migracio%CC%81n-1170x877-1.jpg?resize=1050%2C600 3x"},"classes":[]},{"id":58185,"url":"http:\/\/www.grieta.org.mx\/index.php\/2021\/03\/31\/asesinato-de-guatemalteco-por-ejercito-no-es-hecho-aislado-denuncian\/","url_meta":{"origin":58182,"position":2},"title":"Asesinato de guatemalteco por ej\u00e9rcito no es hecho aislado, denuncian","author":"grieta","date":"31 marzo, 2021","format":false,"excerpt":"Nora Bucio\/MVS Noticias 30 marzo 2021 Colectivo #SeguridadSinGuerra cuestion\u00f3 si este es el Ej\u00e9rcito que el presidente L\u00f3pez Obrador asegura que respeta los derechos humanos. El asesinato del guatemalteco Elvin Mazariegos de 30 a\u00f1os a manos del Ej\u00e9rcito Mexicano en la frontera sur, no es un hecho aislado ni una\u2026","rel":"","context":"En &quot;CINTILLO&quot;","block_context":{"text":"CINTILLO","link":"http:\/\/www.grieta.org.mx\/index.php\/category\/cintillo\/"},"img":{"alt_text":"","src":"https:\/\/i0.wp.com\/www.grieta.org.mx\/wp-content\/uploads\/2021\/04\/0b667deb-asesinato.jpg?resize=350%2C200","width":350,"height":200,"srcset":"https:\/\/i0.wp.com\/www.grieta.org.mx\/wp-content\/uploads\/2021\/04\/0b667deb-asesinato.jpg?resize=350%2C200 1x, https:\/\/i0.wp.com\/www.grieta.org.mx\/wp-content\/uploads\/2021\/04\/0b667deb-asesinato.jpg?resize=525%2C300 1.5x, https:\/\/i0.wp.com\/www.grieta.org.mx\/wp-content\/uploads\/2021\/04\/0b667deb-asesinato.jpg?resize=700%2C400 2x"},"classes":[]},{"id":38906,"url":"http:\/\/www.grieta.org.mx\/index.php\/2019\/09\/03\/migrantes-acusan-a-policias-por-robo-y-extorsion-puebla\/","url_meta":{"origin":58182,"position":3},"title":"Migrantes acusan a polic\u00edas por robo y extorsi\u00f3n","author":"Admin","date":"3 septiembre, 2019","format":false,"excerpt":"Redacci\u00f3n \/ Municipios Puebla Seg\u00fan el conteo de la REDODEM, la Polic\u00eda Federal fue la dependencia que m\u00e1s delitos cometi\u00f3 contra los migrantes Durante el 2018, elementos de las polic\u00edas federal, estatal, municipal, el Ej\u00e9rcito y la Marina cometieron al menos 865 delitos contra personas migrantes, denunci\u00f3 esta ma\u00f1ana la\u2026","rel":"","context":"En &quot;CINTILLO&quot;","block_context":{"text":"CINTILLO","link":"http:\/\/www.grieta.org.mx\/index.php\/category\/cintillo\/"},"img":{"alt_text":"","src":"https:\/\/i0.wp.com\/www.grieta.org.mx\/wp-content\/uploads\/2019\/09\/caravana_5_1_0.jpg?resize=350%2C200","width":350,"height":200,"srcset":"https:\/\/i0.wp.com\/www.grieta.org.mx\/wp-content\/uploads\/2019\/09\/caravana_5_1_0.jpg?resize=350%2C200 1x, https:\/\/i0.wp.com\/www.grieta.org.mx\/wp-content\/uploads\/2019\/09\/caravana_5_1_0.jpg?resize=525%2C300 1.5x, https:\/\/i0.wp.com\/www.grieta.org.mx\/wp-content\/uploads\/2019\/09\/caravana_5_1_0.jpg?resize=700%2C400 2x, https:\/\/i0.wp.com\/www.grieta.org.mx\/wp-content\/uploads\/2019\/09\/caravana_5_1_0.jpg?resize=1050%2C600 3x"},"classes":[]},{"id":36435,"url":"http:\/\/www.grieta.org.mx\/index.php\/2019\/07\/17\/trump-agradece-a-amlo-la-militarizacion-fronteriza\/","url_meta":{"origin":58182,"position":4},"title":"Trump agradece a AMLO la militarizaci\u00f3n fronteriza","author":"grieta","date":"17 julio, 2019","format":false,"excerpt":"J. Jes\u00fas Esquivel\/ PROCESO WASHINGTON (apro).- El presidente Donald Trump agradeci\u00f3 a su hom\u00f3logo mexicano Andr\u00e9s Manuel L\u00f3pez Obrador la militarizaci\u00f3n de las fronteras porque no s\u00f3lo ha contenido el flujo migratorio, sino tambi\u00e9n ha dificultado la operaci\u00f3n de los c\u00e1rteles de la droga. \u201cEstamos escuchando que hasta los c\u00e1rteles\u2026","rel":"","context":"En &quot;CINTILLO&quot;","block_context":{"text":"CINTILLO","link":"http:\/\/www.grieta.org.mx\/index.php\/category\/cintillo\/"},"img":{"alt_text":"","src":"https:\/\/i0.wp.com\/www.grieta.org.mx\/wp-content\/uploads\/2019\/07\/Trump1-1078x800.jpg?resize=350%2C200","width":350,"height":200,"srcset":"https:\/\/i0.wp.com\/www.grieta.org.mx\/wp-content\/uploads\/2019\/07\/Trump1-1078x800.jpg?resize=350%2C200 1x, https:\/\/i0.wp.com\/www.grieta.org.mx\/wp-content\/uploads\/2019\/07\/Trump1-1078x800.jpg?resize=525%2C300 1.5x, https:\/\/i0.wp.com\/www.grieta.org.mx\/wp-content\/uploads\/2019\/07\/Trump1-1078x800.jpg?resize=700%2C400 2x, https:\/\/i0.wp.com\/www.grieta.org.mx\/wp-content\/uploads\/2019\/07\/Trump1-1078x800.jpg?resize=1050%2C600 3x"},"classes":[]},{"id":41206,"url":"http:\/\/www.grieta.org.mx\/index.php\/2019\/11\/14\/guardia-nacional-acumula-24-denuncias-ante-la-cndh-la-mayoria-de-migrantes\/","url_meta":{"origin":58182,"position":5},"title":"Guardia Nacional acumula 24 denuncias ante la CNDH, la mayor\u00eda de migrantes","author":"grieta","date":"14 noviembre, 2019","format":false,"excerpt":"Manuel Espino y Alexis Ort\u00edz \/ El Universal Con 4 meses, enfrenta acusaciones de violaciones a derechos humanos; tendr\u00e1n que ser atendidas por la nueva titular, Rosario Piedra Ibarra A cuatro meses de que fue desplegada, la Guardia Nacional suma 24 quejas ante la Comisi\u00f3n Nacional de los Derechos Humanos\u2026","rel":"","context":"En &quot;CINTILLO&quot;","block_context":{"text":"CINTILLO","link":"http:\/\/www.grieta.org.mx\/index.php\/category\/cintillo\/"},"img":{"alt_text":"","src":"https:\/\/i0.wp.com\/www.grieta.org.mx\/wp-content\/uploads\/2019\/11\/Guardia-Nacional-acumula-24-denuncias-ante-la-CNDH-la-mayor%C3%ADa-de-migrantes-mili-nov.jpg?resize=350%2C200","width":350,"height":200},"classes":[]}],"_links":{"self":[{"href":"http:\/\/www.grieta.org.mx\/index.php\/wp-json\/wp\/v2\/posts\/58182","targetHints":{"allow":["GET"]}}],"collection":[{"href":"http:\/\/www.grieta.org.mx\/index.php\/wp-json\/wp\/v2\/posts"}],"about":[{"href":"http:\/\/www.grieta.org.mx\/index.php\/wp-json\/wp\/v2\/types\/post"}],"author":[{"embeddable":true,"href":"http:\/\/www.grieta.org.mx\/index.php\/wp-json\/wp\/v2\/users\/2"}],"replies":[{"embeddable":true,"href":"http:\/\/www.grieta.org.mx\/index.php\/wp-json\/wp\/v2\/comments?post=58182"}],"version-history":[{"count":1,"href":"http:\/\/www.grieta.org.mx\/index.php\/wp-json\/wp\/v2\/posts\/58182\/revisions"}],"predecessor-version":[{"id":58184,"href":"http:\/\/www.grieta.org.mx\/index.php\/wp-json\/wp\/v2\/posts\/58182\/revisions\/58184"}],"wp:featuredmedia":[{"embeddable":true,"href":"http:\/\/www.grieta.org.mx\/index.php\/wp-json\/wp\/v2\/media\/58183"}],"wp:attachment":[{"href":"http:\/\/www.grieta.org.mx\/index.php\/wp-json\/wp\/v2\/media?parent=58182"}],"wp:term":[{"taxonomy":"category","embeddable":true,"href":"http:\/\/www.grieta.org.mx\/index.php\/wp-json\/wp\/v2\/categories?post=58182"},{"taxonomy":"post_tag","embeddable":true,"href":"http:\/\/www.grieta.org.mx\/index.php\/wp-json\/wp\/v2\/tags?post=58182"}],"curies":[{"name":"wp","href":"https:\/\/api.w.org\/{rel}","templated":true}]}}