{"id":58170,"date":"2021-04-05T12:04:37","date_gmt":"2021-04-05T17:04:37","guid":{"rendered":"http:\/\/www.grieta.org.mx\/?p=58170"},"modified":"2021-04-06T12:12:34","modified_gmt":"2021-04-06T17:12:34","slug":"amenazan-a-periodista-yucateco-desde-un-telefono-de-la-ssp","status":"publish","type":"post","link":"http:\/\/www.grieta.org.mx\/index.php\/2021\/04\/05\/amenazan-a-periodista-yucateco-desde-un-telefono-de-la-ssp\/","title":{"rendered":"Amenazan a periodista yucateco desde un tel\u00e9fono de la SSP"},"content":{"rendered":"<p><img loading=\"lazy\" decoding=\"async\" data-attachment-id=\"58171\" data-permalink=\"http:\/\/www.grieta.org.mx\/index.php\/2021\/04\/05\/amenazan-a-periodista-yucateco-desde-un-telefono-de-la-ssp\/amenazanperiodista\/\" data-orig-file=\"http:\/\/www.grieta.org.mx\/wp-content\/uploads\/2021\/04\/AmenazanPeriodista-e1617728926559.png\" data-orig-size=\"800,562\" data-comments-opened=\"0\" data-image-meta=\"{&quot;aperture&quot;:&quot;0&quot;,&quot;credit&quot;:&quot;&quot;,&quot;camera&quot;:&quot;&quot;,&quot;caption&quot;:&quot;&quot;,&quot;created_timestamp&quot;:&quot;0&quot;,&quot;copyright&quot;:&quot;&quot;,&quot;focal_length&quot;:&quot;0&quot;,&quot;iso&quot;:&quot;0&quot;,&quot;shutter_speed&quot;:&quot;0&quot;,&quot;title&quot;:&quot;&quot;,&quot;orientation&quot;:&quot;0&quot;}\" data-image-title=\"AmenazanPeriodista\" data-image-description=\"\" data-image-caption=\"\" data-medium-file=\"http:\/\/www.grieta.org.mx\/wp-content\/uploads\/2021\/04\/AmenazanPeriodista-300x211.png\" data-large-file=\"http:\/\/www.grieta.org.mx\/wp-content\/uploads\/2021\/04\/AmenazanPeriodista-e1617728926559.png\" src=\"http:\/\/www.grieta.org.mx\/wp-content\/uploads\/2021\/04\/AmenazanPeriodista-e1617728926559.png\" alt=\"\" width=\"800\" height=\"562\" class=\"alignnone size-full wp-image-58171\" \/><\/p>\n<p>Herbeth Escalante \/ Haz Ruido<\/p>\n<blockquote><p>\u201cP\u00e1rale a tus transmisiones o te paramos. T\u00fa me dice si queremos tener problemas, ya sabes qui\u00e9nes somos. Hasta ahora somos amigos, pero si tu quieres, podemos dejar de serlo\u201d, se escucha con una voz distorsionada. La llamada amenazante se realiz\u00f3 desde un n\u00famero oficial de la Polic\u00eda Estatal.<\/p><\/blockquote>\n<p>M\u00e9rida, Yucat\u00e1n, 5 de abril de 2021.- El periodista yucateco Erick Manzanilla G\u00f3mez, director del portal de noticias Presidio Mx, denunci\u00f3 p\u00fablicamente que recibi\u00f3 amenazas por parte de una persona desconocida que se comunic\u00f3 a trav\u00e9s de la l\u00ednea telef\u00f3nica de la Secretar\u00eda de Seguridad P\u00fablica (SSP).<\/p>\n<p>El comunicador, dedicado a abordar temas de seguridad,  inform\u00f3 a Haz Ruido que luego de realizar una transmisi\u00f3n en vivo en la que report\u00f3 una balacera en la colonia Boj\u00f3rquez recibi\u00f3 un llamada del n\u00famero 9999 30 32 00.<\/p>\n<p>Al contestar escuch\u00f3 la voz distorsionada de una persona que le recalc\u00f3 que \u201cya est\u00e1 hasta la puta madre de sus transmisiones\u201d, por lo que le exigi\u00f3 que las pare \u201co te paramos\u201d.<\/p>\n<p>Manzanilla G\u00f3mez pidi\u00f3 al hombre que se identifique, pues se estaba comunicando desde un tel\u00e9fono oficial de la Polic\u00eda Estatal, pero siguieron las amenazas, las cuales logr\u00f3 grabar.  <\/p>\n<p>\u201cHasta ahorita somos amigos, pero ya te est\u00e1s pasando de listo. T\u00fa sabes que hemos tenido problemas,  t\u00fa me dice si queremos tener problemas, ya sabes qui\u00e9nes somos. Hasta ahora somos amigos, pero si t\u00fa quieres, podemos dejar de serlo\u201d, amenaz\u00f3.<\/p>\n<p>En la grabaci\u00f3n, de la cual Haz Ruido tiene una copia, se escucha que la persona no identificada le recalca que la llamada es un primer aviso, pero que para la pr\u00f3xima no va a ser tan flexible. \u201cT\u00fa sabes si quieres que seamos amigos\u201d, insisti\u00f3.<\/p>\n<p>\u201cYo te voy  pedir algo, p\u00e1rale a las transmisiones est\u00fapidas,  para el relajo con la Secretar\u00eda, para eso, te est\u00e1s metiendo en una camisa en donde no eres necesario. \u00bfEstamos o no estamos?\u201d, enfatiz\u00f3 la persona que se comunic\u00f3 desde la SSP.<\/p>\n<p>El sujeto no identificado le pidi\u00f3 al periodista que no realice ninguna transmisi\u00f3n el s\u00e1bado en la noche, como suele hacerlo Presidio Mx desde hace semanas, y prometi\u00f3 volverle a llamar el domingo \u201cpara ponerse de acuerdo\u201d.<\/p>\n<p>\u201cYo acept\u00e9 para saber de qu\u00e9 se trata, para tratar de averiguar qui\u00e9n es la persona, pero ya no volvi\u00f3 a comunicarse conmigo. No cabe duda que la llamada provino de la SSP y tard\u00f3 m\u00e1s de dos minutos\u201d, explic\u00f3 Erick Manzanilla.<\/p>\n<p>\u201cLa persona que lo hizo ten\u00eda toda la intenci\u00f3n de que sepamos de que se trata de la Polic\u00eda o fue muy imprudente\u201d, agreg\u00f3.<\/p>\n<p>Al tratarse de una amenaza relacionado con su trabajo period\u00edstico, acudi\u00f3 a la delegaci\u00f3n de la Fiscal\u00eda General de la Rep\u00fablica (FGR) para interponer una denuncia ante la Fiscal\u00eda Especial para la Atenci\u00f3n de Delitos cometidos contra de la Libertad de Expresi\u00f3n.<\/p>\n<p>El periodista manifest\u00f3 estar preocupado por su integridad y la de su familia, por lo que por seguridad suya hizo p\u00fablica la amenaza anoche en las redes sociales de Presidio Mx, video que puedes consultar en este link.<\/p>\n<p>De igual forma declar\u00f3 que conf\u00eda que las autoridades federales le brinden seguridad en cuanto se esclarezca el caso y sostuvo que espera que no se pierda la libertad de expresi\u00f3n en Yucat\u00e1n.<\/p>\n<p>Desde Haz Ruido manifestamos nuestra solidaridad con el compa\u00f1ero Erick Manzanilla y exhortamos a las autoridades  a que realicen las investigaciones correspondientes, pero sobre todo, que se inhiba cualquier pr\u00e1ctica de intimidaci\u00f3n, hostigamiento y amenaza que atente contra los derechos humanos, la libertad de expresi\u00f3n y el ejercicio period\u00edstico. <\/p>\n<p><a href=\"https:\/\/www.hazruido.mx\/reportes\/amenazan-a-periodista-yucateco-desde-un-telefono-de-la-ssp\/\" rel=\"noopener\" target=\"_blank\">https:\/\/www.hazruido.mx\/reportes\/amenazan-a-periodista-yucateco-desde-un-telefono-de-la-ssp\/<\/a><\/p>\n","protected":false},"excerpt":{"rendered":"<p>Herbeth Escalante \/ Haz Ruido \u201cP\u00e1rale a tus transmisiones o te paramos. T\u00fa me dice si queremos tener problemas, ya sabes qui\u00e9nes somos. Hasta ahora somos amigos, pero si tu &hellip; <a href=\"http:\/\/www.grieta.org.mx\/index.php\/2021\/04\/05\/amenazan-a-periodista-yucateco-desde-un-telefono-de-la-ssp\/\" class=\"more-link\">Leer m\u00e1s<\/a><\/p>\n","protected":false},"author":2,"featured_media":58171,"comment_status":"closed","ping_status":"closed","sticky":false,"template":"","format":"standard","meta":{"ngg_post_thumbnail":0,"_jetpack_newsletter_access":"","_jetpack_dont_email_post_to_subs":false,"_jetpack_newsletter_tier_id":0,"_jetpack_memberships_contains_paywalled_content":false,"_jetpack_memberships_contains_paid_content":false,"footnotes":""},"categories":[80,2,83,88,1271,36],"tags":[2474,2486,2263],"class_list":["post-58170","post","type-post","status-publish","format-standard","has-post-thumbnail","hentry","category-cintillo","category-noticias-nacionales","category-temas-nacionales","category-violencia-contra-periodistas","category-violencia-contra-periodistas-en-yucatan","category-yucatan","tag-acoso-contra-periodistas","tag-amenazas-contra-periodistas","tag-hostigamiento-contra-periodistas","entry"],"jetpack_featured_media_url":"http:\/\/www.grieta.org.mx\/wp-content\/uploads\/2021\/04\/AmenazanPeriodista-e1617728926559.png","jetpack_sharing_enabled":true,"jetpack_shortlink":"https:\/\/wp.me\/p7ZJR4-f8e","jetpack_likes_enabled":false,"jetpack-related-posts":[{"id":65669,"url":"http:\/\/www.grieta.org.mx\/index.php\/2022\/11\/08\/condenan-agresion-y-detencion-del-periodista-gabriel-chan-yucatan\/","url_meta":{"origin":58170,"position":0},"title":"Condenan agresi\u00f3n y detenci\u00f3n del periodista Gabriel Chan (Yucat\u00e1n)","author":"grieta","date":"8 noviembre, 2022","format":false,"excerpt":"Haz Ruido La agrupaci\u00f3n Somos Periodistas lament\u00f3 que el Estado, a trav\u00e9s de sus cuerpos policiacos, siga violentando los derechos de los reporteros en Yucat\u00e1n. M\u00e9rida, Yucat\u00e1n, 8 de noviembre de 2022.- La agrupaci\u00f3n Somos Periodistas conden\u00f3 la agresi\u00f3n y detenci\u00f3n arbitraria de la que fue v\u00edctima el periodista Gabriel\u2026","rel":"","context":"En &quot;Abuso Autoridades en Yucat\u00e1n&quot;","block_context":{"text":"Abuso Autoridades en Yucat\u00e1n","link":"http:\/\/www.grieta.org.mx\/index.php\/category\/noticias-nacionales\/yucatan\/abuso-autoridades-en-yucatan\/"},"img":{"alt_text":"","src":"https:\/\/i0.wp.com\/www.grieta.org.mx\/wp-content\/uploads\/2022\/11\/Periodistas-e1668109701605.jpg?resize=350%2C200","width":350,"height":200,"srcset":"https:\/\/i0.wp.com\/www.grieta.org.mx\/wp-content\/uploads\/2022\/11\/Periodistas-e1668109701605.jpg?resize=350%2C200 1x, https:\/\/i0.wp.com\/www.grieta.org.mx\/wp-content\/uploads\/2022\/11\/Periodistas-e1668109701605.jpg?resize=525%2C300 1.5x, https:\/\/i0.wp.com\/www.grieta.org.mx\/wp-content\/uploads\/2022\/11\/Periodistas-e1668109701605.jpg?resize=700%2C400 2x"},"classes":[]},{"id":63081,"url":"http:\/\/www.grieta.org.mx\/index.php\/2022\/01\/19\/sobrevive-periodista-a-un-ataque-dentro-de-su-casa-en-yucatan\/","url_meta":{"origin":58170,"position":1},"title":"Sobrevive periodista a un ataque dentro de su casa en Yucat\u00e1n","author":"grieta","date":"19 enero, 2022","format":false,"excerpt":"Rosa Santana \/ Proceso M\u00c9RIDA, YUC. (apro).- El periodista yucateco, Jaime Vargas Chabl\u00e9, fue v\u00edctima de un intento de homicidio por un desconocido que la v\u00edspera irrumpi\u00f3 en su vivienda y lo atac\u00f3 a pu\u00f1aladas. El comunicador, director del sitio web de noticias El Tiz\u00f3n y quien hace algunos a\u00f1os\u2026","rel":"","context":"En &quot;CINTILLO&quot;","block_context":{"text":"CINTILLO","link":"http:\/\/www.grieta.org.mx\/index.php\/category\/cintillo\/"},"img":{"alt_text":"","src":"https:\/\/i0.wp.com\/www.grieta.org.mx\/wp-content\/uploads\/2018\/03\/14524434_1106112876131411_958039263622046936_o.jpg?resize=350%2C200","width":350,"height":200,"srcset":"https:\/\/i0.wp.com\/www.grieta.org.mx\/wp-content\/uploads\/2018\/03\/14524434_1106112876131411_958039263622046936_o.jpg?resize=350%2C200 1x, https:\/\/i0.wp.com\/www.grieta.org.mx\/wp-content\/uploads\/2018\/03\/14524434_1106112876131411_958039263622046936_o.jpg?resize=525%2C300 1.5x, https:\/\/i0.wp.com\/www.grieta.org.mx\/wp-content\/uploads\/2018\/03\/14524434_1106112876131411_958039263622046936_o.jpg?resize=700%2C400 2x"},"classes":[]},{"id":60865,"url":"http:\/\/www.grieta.org.mx\/index.php\/2021\/07\/27\/organismos-internacionales-exigen-proteccion-a-periodista-yucateco-y-a-su-familia\/","url_meta":{"origin":58170,"position":2},"title":"Organismos internacionales exigen protecci\u00f3n a periodista yucateco y a su familia","author":"grieta","date":"27 julio, 2021","format":false,"excerpt":"Haz Ruido Art\u00edculo 19, el Comit\u00e9 para la Protecci\u00f3n de Periodistas y Reporteros Sin Fronteras exigieron a la SSP a se abstengan de acosar, hostigar y amenazar a Erick Manzanilla. Ciudad de M\u00e9xico, 27 de julio de 2021. \u2013 Las asociaciones internacionales Art\u00edculo 19, el Comit\u00e9 para la Protecci\u00f3n de\u2026","rel":"","context":"En &quot;CINTILLO&quot;","block_context":{"text":"CINTILLO","link":"http:\/\/www.grieta.org.mx\/index.php\/category\/cintillo\/"},"img":{"alt_text":"","src":"https:\/\/i0.wp.com\/www.grieta.org.mx\/wp-content\/uploads\/2021\/08\/Periodista-e1627931369759.png?resize=350%2C200","width":350,"height":200,"srcset":"https:\/\/i0.wp.com\/www.grieta.org.mx\/wp-content\/uploads\/2021\/08\/Periodista-e1627931369759.png?resize=350%2C200 1x, https:\/\/i0.wp.com\/www.grieta.org.mx\/wp-content\/uploads\/2021\/08\/Periodista-e1627931369759.png?resize=525%2C300 1.5x, https:\/\/i0.wp.com\/www.grieta.org.mx\/wp-content\/uploads\/2021\/08\/Periodista-e1627931369759.png?resize=700%2C400 2x"},"classes":[]},{"id":4180,"url":"http:\/\/www.grieta.org.mx\/index.php\/2015\/07\/27\/violencia-contra-periodistas-en-nayarit\/","url_meta":{"origin":58170,"position":3},"title":"Violencia contra periodistas en Nayarit","author":"grieta","date":"27 julio, 2015","format":false,"excerpt":"27\/07\/15. Denuncian acoso e inseguridad para periodistas en Nayarit Elecciones y agresiones 15\/05\/15. Periodista denuncia amenazas del gobierno de Nayarit Proceso","rel":"","context":"En &quot;Nayarit&quot;","block_context":{"text":"Nayarit","link":"http:\/\/www.grieta.org.mx\/index.php\/category\/noticias-nacionales\/nayarit\/"},"img":{"alt_text":"","src":"https:\/\/i0.wp.com\/www.grieta.org.mx\/wp-content\/uploads\/2018\/03\/14524434_1106112876131411_958039263622046936_o.jpg?resize=350%2C200","width":350,"height":200,"srcset":"https:\/\/i0.wp.com\/www.grieta.org.mx\/wp-content\/uploads\/2018\/03\/14524434_1106112876131411_958039263622046936_o.jpg?resize=350%2C200 1x, https:\/\/i0.wp.com\/www.grieta.org.mx\/wp-content\/uploads\/2018\/03\/14524434_1106112876131411_958039263622046936_o.jpg?resize=525%2C300 1.5x, https:\/\/i0.wp.com\/www.grieta.org.mx\/wp-content\/uploads\/2018\/03\/14524434_1106112876131411_958039263622046936_o.jpg?resize=700%2C400 2x"},"classes":[]},{"id":64677,"url":"http:\/\/www.grieta.org.mx\/index.php\/2022\/08\/04\/esta-madrugada-he-sufrido-un-atentado-en-mi-domicilio-denuncio-el-periodista-yucateco-juan-venegas-quien-responsabilizo-al-ex-alcalde-y-hoy-diputado-panista-romero-chel\/","url_meta":{"origin":58170,"position":4},"title":"\u201cEsta madrugada he sufrido un atentado en mi domicilio\u201d, denunci\u00f3 el periodista yucateco Juan Venegas, quien responsabiliz\u00f3 al ex alcalde y hoy diputado panista, Romero Chel","author":"grieta","date":"4 agosto, 2022","format":false,"excerpt":"Eduardo Lliteras \/ Infolliteras \u201cEsta madrugada he sufrido un atentado en mi domicilio\u201d, denunci\u00f3 el periodista yucateco Juan Venegas, quien responsabiliz\u00f3 al ex alcalde y hoy diputado panista, Romero Chel Redacci\u00f3n.- \u201cEsta madrugada he sufrido un atentado en mi domicilio. Un grupo de sujetos, llegaron hasta la casa gritando y\u2026","rel":"","context":"En &quot;CINTILLO&quot;","block_context":{"text":"CINTILLO","link":"http:\/\/www.grieta.org.mx\/index.php\/category\/cintillo\/"},"img":{"alt_text":"","src":"https:\/\/i0.wp.com\/www.grieta.org.mx\/wp-content\/uploads\/2022\/08\/Periodista-e1659750450106.png?resize=350%2C200","width":350,"height":200,"srcset":"https:\/\/i0.wp.com\/www.grieta.org.mx\/wp-content\/uploads\/2022\/08\/Periodista-e1659750450106.png?resize=350%2C200 1x, https:\/\/i0.wp.com\/www.grieta.org.mx\/wp-content\/uploads\/2022\/08\/Periodista-e1659750450106.png?resize=525%2C300 1.5x, https:\/\/i0.wp.com\/www.grieta.org.mx\/wp-content\/uploads\/2022\/08\/Periodista-e1659750450106.png?resize=700%2C400 2x"},"classes":[]},{"id":71932,"url":"http:\/\/www.grieta.org.mx\/index.php\/2025\/07\/01\/alcalde-de-espita-agrede-e-intimida-a-periodista-yucatan\/","url_meta":{"origin":58170,"position":5},"title":"Alcalde de Espita agrede e intimida a periodista (Yucat\u00e1n)","author":"grieta","date":"1 julio, 2025","format":false,"excerpt":"Herbeth Escalante \/ Haz Ruido En plena sesi\u00f3n de Cabildo, el presidente municipal de Morena, Mario Isa\u00edas S\u00e1nchez, puso en riesgo la integridad del reportero. Previamente, coloc\u00f3 un ret\u00e9n de la Polic\u00eda Municipal para intentar impedir que ingrese a la localidad. M\u00e9rida, Yucat\u00e1n, 1 de julio de 2025.- En un\u2026","rel":"","context":"En &quot;CINTILLO&quot;","block_context":{"text":"CINTILLO","link":"http:\/\/www.grieta.org.mx\/index.php\/category\/cintillo\/"},"img":{"alt_text":"","src":"https:\/\/i0.wp.com\/www.grieta.org.mx\/wp-content\/uploads\/2025\/07\/Periodista-e1751716814402.jpg?resize=350%2C200","width":350,"height":200,"srcset":"https:\/\/i0.wp.com\/www.grieta.org.mx\/wp-content\/uploads\/2025\/07\/Periodista-e1751716814402.jpg?resize=350%2C200 1x, https:\/\/i0.wp.com\/www.grieta.org.mx\/wp-content\/uploads\/2025\/07\/Periodista-e1751716814402.jpg?resize=525%2C300 1.5x, https:\/\/i0.wp.com\/www.grieta.org.mx\/wp-content\/uploads\/2025\/07\/Periodista-e1751716814402.jpg?resize=700%2C400 2x"},"classes":[]}],"_links":{"self":[{"href":"http:\/\/www.grieta.org.mx\/index.php\/wp-json\/wp\/v2\/posts\/58170","targetHints":{"allow":["GET"]}}],"collection":[{"href":"http:\/\/www.grieta.org.mx\/index.php\/wp-json\/wp\/v2\/posts"}],"about":[{"href":"http:\/\/www.grieta.org.mx\/index.php\/wp-json\/wp\/v2\/types\/post"}],"author":[{"embeddable":true,"href":"http:\/\/www.grieta.org.mx\/index.php\/wp-json\/wp\/v2\/users\/2"}],"replies":[{"embeddable":true,"href":"http:\/\/www.grieta.org.mx\/index.php\/wp-json\/wp\/v2\/comments?post=58170"}],"version-history":[{"count":1,"href":"http:\/\/www.grieta.org.mx\/index.php\/wp-json\/wp\/v2\/posts\/58170\/revisions"}],"predecessor-version":[{"id":58172,"href":"http:\/\/www.grieta.org.mx\/index.php\/wp-json\/wp\/v2\/posts\/58170\/revisions\/58172"}],"wp:featuredmedia":[{"embeddable":true,"href":"http:\/\/www.grieta.org.mx\/index.php\/wp-json\/wp\/v2\/media\/58171"}],"wp:attachment":[{"href":"http:\/\/www.grieta.org.mx\/index.php\/wp-json\/wp\/v2\/media?parent=58170"}],"wp:term":[{"taxonomy":"category","embeddable":true,"href":"http:\/\/www.grieta.org.mx\/index.php\/wp-json\/wp\/v2\/categories?post=58170"},{"taxonomy":"post_tag","embeddable":true,"href":"http:\/\/www.grieta.org.mx\/index.php\/wp-json\/wp\/v2\/tags?post=58170"}],"curies":[{"name":"wp","href":"https:\/\/api.w.org\/{rel}","templated":true}]}}