{"id":58131,"date":"2021-03-30T14:52:04","date_gmt":"2021-03-30T20:52:04","guid":{"rendered":"https:\/\/www.grieta.org.mx\/?p=58131"},"modified":"2021-04-04T15:43:31","modified_gmt":"2021-04-04T20:43:31","slug":"mujeres-sobrevivientes-de-tortura-en-jalisco-el-uso-de-sus-cuerpos-como-metodo-y-fin-de-la-violencia-patriarcal","status":"publish","type":"post","link":"http:\/\/www.grieta.org.mx\/index.php\/2021\/03\/30\/mujeres-sobrevivientes-de-tortura-en-jalisco-el-uso-de-sus-cuerpos-como-metodo-y-fin-de-la-violencia-patriarcal\/","title":{"rendered":"Mujeres sobrevivientes de tortura en Jalisco: el uso de sus cuerpos como m\u00e9todo y fin  de la violencia patriarcal"},"content":{"rendered":"<p><img loading=\"lazy\" decoding=\"async\" data-attachment-id=\"58132\" data-permalink=\"http:\/\/www.grieta.org.mx\/index.php\/2021\/03\/30\/mujeres-sobrevivientes-de-tortura-en-jalisco-el-uso-de-sus-cuerpos-como-metodo-y-fin-de-la-violencia-patriarcal\/upload-982ba941-cf6e-413c-824c-a3e63b325cef\/\" data-orig-file=\"http:\/\/www.grieta.org.mx\/wp-content\/uploads\/2021\/04\/upload-982ba941-cf6e-413c-824c-a3e63b325cef.png\" data-orig-size=\"1200,1000\" data-comments-opened=\"0\" data-image-meta=\"{&quot;aperture&quot;:&quot;0&quot;,&quot;credit&quot;:&quot;&quot;,&quot;camera&quot;:&quot;&quot;,&quot;caption&quot;:&quot;&quot;,&quot;created_timestamp&quot;:&quot;0&quot;,&quot;copyright&quot;:&quot;&quot;,&quot;focal_length&quot;:&quot;0&quot;,&quot;iso&quot;:&quot;0&quot;,&quot;shutter_speed&quot;:&quot;0&quot;,&quot;title&quot;:&quot;&quot;,&quot;orientation&quot;:&quot;0&quot;}\" data-image-title=\"upload-982ba941-cf6e-413c-824c-a3e63b325cef\" data-image-description=\"\" data-image-caption=\"\" data-medium-file=\"http:\/\/www.grieta.org.mx\/wp-content\/uploads\/2021\/04\/upload-982ba941-cf6e-413c-824c-a3e63b325cef-300x250.png\" data-large-file=\"http:\/\/www.grieta.org.mx\/wp-content\/uploads\/2021\/04\/upload-982ba941-cf6e-413c-824c-a3e63b325cef-1024x853.png\" class=\"wp-image-58132 aligncenter\" src=\"http:\/\/www.grieta.org.mx\/wp-content\/uploads\/2021\/04\/upload-982ba941-cf6e-413c-824c-a3e63b325cef.png\" alt=\"\" width=\"801\" height=\"668\" srcset=\"http:\/\/www.grieta.org.mx\/wp-content\/uploads\/2021\/04\/upload-982ba941-cf6e-413c-824c-a3e63b325cef.png 1200w, http:\/\/www.grieta.org.mx\/wp-content\/uploads\/2021\/04\/upload-982ba941-cf6e-413c-824c-a3e63b325cef-300x250.png 300w, http:\/\/www.grieta.org.mx\/wp-content\/uploads\/2021\/04\/upload-982ba941-cf6e-413c-824c-a3e63b325cef-1024x853.png 1024w, http:\/\/www.grieta.org.mx\/wp-content\/uploads\/2021\/04\/upload-982ba941-cf6e-413c-824c-a3e63b325cef-768x640.png 768w\" sizes=\"auto, (max-width: 801px) 100vw, 801px\" \/><\/p>\n<p>Ilustraciones: Fernanda Kovacs<\/p>\n<p>Dalia Souza &#8211; Ximena Torres \/ Zona Docs<\/p>\n<p>Las mujeres, j\u00f3venes y ni\u00f1as en Jalisco representan el 12.9% de las v\u00edctimas de tortura en las quejas de la Comisi\u00f3n Estatal de Derechos Humanos Jalisco (CEDHJ); y el 3.7% en las carpetas de investigaci\u00f3n abiertas ante la Unidad Especializada en el Delito de Tortura.<\/p>\n<p>Si bien, estas cifras documentan en su mayor\u00eda, actos de tortura vinculados a patrones convencionales del delito: golpes, patadas, toques el\u00e9ctricos en genitales, asfixia moment\u00e1nea, ahogamientos moment\u00e1neos, posiciones forzadas, violaciones sexuales, tocamientos, amenazas de abuso sexual y amenazas de muerte o da\u00f1o a familiares, lo cierto es que el componente de g\u00e9nero que subyace a estas pr\u00e1cticas ejercidas sobre los cuerpos de las mujeres va m\u00e1s all\u00e1 del infligirles dolor f\u00edsico.<\/p>\n<p>Sus corporalidades se convierten en instrumento, m\u00e9todo y un fin en s\u00ed mismo para sus victimarios y para el Estado, confirmando que esta pr\u00e1ctica ejercida en raz\u00f3n de g\u00e9nero constituye una herramienta de control y subordinaci\u00f3n para las mujeres; pero, adem\u00e1s, reafirma la desigualdad estructural, la marginaci\u00f3n, la discriminaci\u00f3n y su nulo reconocimiento como sujetas de derechos en medio de un contexto de violencia machista y patriarcal.<\/p>\n<p>Esta investigaci\u00f3n da cuenta de las historias de nueve mujeres sobrevivientes de tortura y malos tratos, as\u00ed como de sus familiares, tambi\u00e9n mujeres, quienes han vivido directa e indirectamente el sufrimiento que generan estas pr\u00e1cticas perpetradas en contra de sus cuerpos y vidas: Eva, Luz Elena y Esperanza, Erika y Cecilia, Isabel y Romina, y Ericka y Tonantzin.<\/p>\n<p><a href=\"http:\/\/zonadocs.mx\/especiales\/Mujeres-y-tortura-en-Jalisco\/\">http:\/\/zonadocs.mx\/especiales\/Mujeres-y-tortura-en-Jalisco\/<\/a><\/p>\n","protected":false},"excerpt":{"rendered":"<p>Ilustraciones: Fernanda Kovacs Dalia Souza &#8211; Ximena Torres \/ Zona Docs Las mujeres, j\u00f3venes y ni\u00f1as en Jalisco representan el 12.9% de las v\u00edctimas de tortura en las quejas de &hellip; <a href=\"http:\/\/www.grieta.org.mx\/index.php\/2021\/03\/30\/mujeres-sobrevivientes-de-tortura-en-jalisco-el-uso-de-sus-cuerpos-como-metodo-y-fin-de-la-violencia-patriarcal\/\" class=\"more-link\">Leer m\u00e1s<\/a><\/p>\n","protected":false},"author":2,"featured_media":58132,"comment_status":"closed","ping_status":"closed","sticky":false,"template":"","format":"standard","meta":{"ngg_post_thumbnail":0,"_jetpack_newsletter_access":"","_jetpack_dont_email_post_to_subs":false,"_jetpack_newsletter_tier_id":0,"_jetpack_memberships_contains_paywalled_content":false,"_jetpack_memberships_contains_paid_content":false,"footnotes":""},"categories":[80,20,2,2504],"tags":[1630,381],"class_list":["post-58131","post","type-post","status-publish","format-standard","has-post-thumbnail","hentry","category-cintillo","category-jalisco","category-noticias-nacionales","category-violencia-contra-las-mujeres-en-jalisco","tag-violencia-contra-las-mujeres","tag-violencia-de-genero","entry"],"jetpack_featured_media_url":"http:\/\/www.grieta.org.mx\/wp-content\/uploads\/2021\/04\/upload-982ba941-cf6e-413c-824c-a3e63b325cef.png","jetpack_sharing_enabled":true,"jetpack_shortlink":"https:\/\/wp.me\/p7ZJR4-f7B","jetpack_likes_enabled":false,"jetpack-related-posts":[{"id":70194,"url":"http:\/\/www.grieta.org.mx\/index.php\/2024\/10\/20\/madres-buscadoras-y-victimas-de-tortura-se-reunen-en-aguascalientes\/","url_meta":{"origin":58131,"position":0},"title":"Madres buscadoras y v\u00edctimas de tortura se re\u00fanen en Aguascalientes","author":"grieta","date":"20 octubre, 2024","format":false,"excerpt":"Dulce Rodr\u00edguez\/Newsweek Espa\u00f1ol 15 octubre 2024 El III Encuentro de Mujeres Buscadoras, Familiares de V\u00edctimas y Sobrevivientes de Tortura o Violencia Sexual comenz\u00f3 el 11 de octubre de 2024 en Aguascalientes. Este evento re\u00fane a 65 mujeres buscadoras, activistas y defensoras de derechos humanos de diferentes estados de M\u00e9xico, como\u2026","rel":"","context":"En &quot;Aguascalientes&quot;","block_context":{"text":"Aguascalientes","link":"http:\/\/www.grieta.org.mx\/index.php\/category\/noticias-nacionales\/aguascalientes\/"},"img":{"alt_text":"","src":"https:\/\/i0.wp.com\/www.grieta.org.mx\/wp-content\/uploads\/2024\/10\/WhatsApp-Image-2024-10-11-at-2.15.05-PM-1140x570-1.jpeg?resize=350%2C200","width":350,"height":200,"srcset":"https:\/\/i0.wp.com\/www.grieta.org.mx\/wp-content\/uploads\/2024\/10\/WhatsApp-Image-2024-10-11-at-2.15.05-PM-1140x570-1.jpeg?resize=350%2C200 1x, https:\/\/i0.wp.com\/www.grieta.org.mx\/wp-content\/uploads\/2024\/10\/WhatsApp-Image-2024-10-11-at-2.15.05-PM-1140x570-1.jpeg?resize=525%2C300 1.5x, https:\/\/i0.wp.com\/www.grieta.org.mx\/wp-content\/uploads\/2024\/10\/WhatsApp-Image-2024-10-11-at-2.15.05-PM-1140x570-1.jpeg?resize=700%2C400 2x, https:\/\/i0.wp.com\/www.grieta.org.mx\/wp-content\/uploads\/2024\/10\/WhatsApp-Image-2024-10-11-at-2.15.05-PM-1140x570-1.jpeg?resize=1050%2C600 3x"},"classes":[]},{"id":51437,"url":"http:\/\/www.grieta.org.mx\/index.php\/2020\/06\/23\/jalisco-segundo-lugar-nacional-en-delitos-de-violencia-contra-las-mujeres\/","url_meta":{"origin":58131,"position":1},"title":"Jalisco segundo lugar nacional en delitos de violencia contra las mujeres","author":"grieta","date":"23 junio, 2020","format":false,"excerpt":"Foto: Especial Juan Levario \/ El Diario NTR En\u00a0mayo 6 mil 530 mujeres\u00a0fueron v\u00edctimas de delitos en M\u00e9xico; de ellas, 442 son de\u00a0Jalisco,\u00a0lo que posiciona\u00a0al estado\u00a0en el segundo lugar a nivel nacional.\u00a0El\u00a0Estado de M\u00e9xico se\u00a0ubic\u00f3\u00a0en\u00a0el\u00a0primer lugar con mil 402 v\u00edctimas. El total de delitos en contra de mujeres de Jalisco\u00a0represent\u00f3\u2026","rel":"","context":"En &quot;CINTILLO&quot;","block_context":{"text":"CINTILLO","link":"http:\/\/www.grieta.org.mx\/index.php\/category\/cintillo\/"},"img":{"alt_text":"","src":"https:\/\/i0.wp.com\/www.grieta.org.mx\/wp-content\/uploads\/2020\/06\/2020-06-22_11-06-36___4846.jpg?resize=350%2C200","width":350,"height":200},"classes":[]},{"id":11429,"url":"http:\/\/www.grieta.org.mx\/index.php\/2016\/04\/25\/movilizacion-contra-la-violencia-hacia-las-mujeres-en-jalisco\/","url_meta":{"origin":58131,"position":2},"title":"Movilizaci\u00f3n contra la violencia hacia las mujeres en Jalisco","author":"grieta","date":"25 abril, 2016","format":false,"excerpt":"25\/04\/16. #VivasNosQueremos protesta por JaliscoCr\u00f3nica Jalisco","rel":"","context":"En &quot;Jalisco&quot;","block_context":{"text":"Jalisco","link":"http:\/\/www.grieta.org.mx\/index.php\/category\/noticias-nacionales\/jalisco\/"},"img":{"alt_text":"","src":"https:\/\/i0.wp.com\/www.grieta.org.mx\/wp-content\/uploads\/2018\/03\/14524434_1106112876131411_958039263622046936_o.jpg?resize=350%2C200","width":350,"height":200,"srcset":"https:\/\/i0.wp.com\/www.grieta.org.mx\/wp-content\/uploads\/2018\/03\/14524434_1106112876131411_958039263622046936_o.jpg?resize=350%2C200 1x, https:\/\/i0.wp.com\/www.grieta.org.mx\/wp-content\/uploads\/2018\/03\/14524434_1106112876131411_958039263622046936_o.jpg?resize=525%2C300 1.5x, https:\/\/i0.wp.com\/www.grieta.org.mx\/wp-content\/uploads\/2018\/03\/14524434_1106112876131411_958039263622046936_o.jpg?resize=700%2C400 2x"},"classes":[]},{"id":65820,"url":"http:\/\/www.grieta.org.mx\/index.php\/2022\/11\/25\/exigimos-justicia-para-nuestras-hijas-familiares-de-mujeres-victimas-de-feminicidio-y-desaparicion-en-jalisco\/","url_meta":{"origin":58131,"position":3},"title":"\u201cExigimos justicia para nuestras hijas\u201d: familiares de mujeres v\u00edctimas de feminicidio y desaparici\u00f3n en Jalisco","author":"grieta","date":"25 noviembre, 2022","format":false,"excerpt":"Imagen: Darwin Franco Frente a la Antimonumenta GDL de la Plaza Imelda Virgen,\u00a0familiares de mujeres v\u00edctimas de feminicidio y desaparici\u00f3n, as\u00ed como integrantes del\u00a0Comite\u0301 de Ame\u0301rica Latina y el Caribe para la Defensa de los Derechos Humanos de las Mujeres (CLADEM Jalisco) denunciaron que las autoridades de Jalisco no han\u2026","rel":"","context":"En &quot;CINTILLO&quot;","block_context":{"text":"CINTILLO","link":"http:\/\/www.grieta.org.mx\/index.php\/category\/cintillo\/"},"img":{"alt_text":"","src":"https:\/\/i0.wp.com\/www.grieta.org.mx\/wp-content\/uploads\/2022\/11\/photo5478685335778076605-1068x801-1.jpg?resize=350%2C200","width":350,"height":200,"srcset":"https:\/\/i0.wp.com\/www.grieta.org.mx\/wp-content\/uploads\/2022\/11\/photo5478685335778076605-1068x801-1.jpg?resize=350%2C200 1x, https:\/\/i0.wp.com\/www.grieta.org.mx\/wp-content\/uploads\/2022\/11\/photo5478685335778076605-1068x801-1.jpg?resize=525%2C300 1.5x, https:\/\/i0.wp.com\/www.grieta.org.mx\/wp-content\/uploads\/2022\/11\/photo5478685335778076605-1068x801-1.jpg?resize=700%2C400 2x, https:\/\/i0.wp.com\/www.grieta.org.mx\/wp-content\/uploads\/2022\/11\/photo5478685335778076605-1068x801-1.jpg?resize=1050%2C600 3x"},"classes":[]},{"id":7649,"url":"http:\/\/www.grieta.org.mx\/index.php\/2016\/03\/28\/7649\/","url_meta":{"origin":58131,"position":4},"title":"Impunidad y permisividad, escenario para feminicidios","author":"grieta","date":"28 marzo, 2016","format":false,"excerpt":"Por Adri\u00e1n Montiel Gonz\u00e1lez Aunado al maltrato sistem\u00e1tico contra la mujer en Jalisco No se avizoran acciones a corto plazo por parte de las autoridades estatales para erradicar el grave problema que aqueja al estado, pues en 20 a\u00f1os ha repuntado preocupantemente En Jalisco desde 1997 hasta la fecha fueron\u2026","rel":"","context":"En &quot;CINTILLO&quot;","block_context":{"text":"CINTILLO","link":"http:\/\/www.grieta.org.mx\/index.php\/category\/cintillo\/"},"img":{"alt_text":"","src":"https:\/\/i0.wp.com\/www.grieta.org.mx\/wp-content\/uploads\/2018\/03\/14524434_1106112876131411_958039263622046936_o.jpg?resize=350%2C200","width":350,"height":200,"srcset":"https:\/\/i0.wp.com\/www.grieta.org.mx\/wp-content\/uploads\/2018\/03\/14524434_1106112876131411_958039263622046936_o.jpg?resize=350%2C200 1x, https:\/\/i0.wp.com\/www.grieta.org.mx\/wp-content\/uploads\/2018\/03\/14524434_1106112876131411_958039263622046936_o.jpg?resize=525%2C300 1.5x, https:\/\/i0.wp.com\/www.grieta.org.mx\/wp-content\/uploads\/2018\/03\/14524434_1106112876131411_958039263622046936_o.jpg?resize=700%2C400 2x"},"classes":[]},{"id":68358,"url":"http:\/\/www.grieta.org.mx\/index.php\/2024\/01\/08\/jalisco-segundo-lugar-en-agresiones-a-periodistas-mujeres\/","url_meta":{"origin":58131,"position":5},"title":"Jalisco: segundo lugar en agresiones a periodistas mujeres","author":"grieta","date":"8 enero, 2024","format":false,"excerpt":"Imagen: Especial Le\u00f3n Forte \/ Perimetral El estado de Jalisco ocupa el segundo lugar dentro de las entidades con mayor cantidad de atentados contra mujeres periodistas en el \u00faltimo trimestre de 2023. De acuerdo\u00a0al registro del Programa de Libertad de Expresi\u00f3n y G\u00e9nero, de la organizaci\u00f3n Comunicaci\u00f3n e Informaci\u00f3n de\u2026","rel":"","context":"En &quot;CINTILLO&quot;","block_context":{"text":"CINTILLO","link":"http:\/\/www.grieta.org.mx\/index.php\/category\/cintillo\/"},"img":{"alt_text":"","src":"https:\/\/i0.wp.com\/www.grieta.org.mx\/wp-content\/uploads\/2024\/01\/foto-francisco-rodriguez-occi.webp?resize=350%2C200","width":350,"height":200,"srcset":"https:\/\/i0.wp.com\/www.grieta.org.mx\/wp-content\/uploads\/2024\/01\/foto-francisco-rodriguez-occi.webp?resize=350%2C200 1x, https:\/\/i0.wp.com\/www.grieta.org.mx\/wp-content\/uploads\/2024\/01\/foto-francisco-rodriguez-occi.webp?resize=525%2C300 1.5x, https:\/\/i0.wp.com\/www.grieta.org.mx\/wp-content\/uploads\/2024\/01\/foto-francisco-rodriguez-occi.webp?resize=700%2C400 2x, https:\/\/i0.wp.com\/www.grieta.org.mx\/wp-content\/uploads\/2024\/01\/foto-francisco-rodriguez-occi.webp?resize=1050%2C600 3x"},"classes":[]}],"_links":{"self":[{"href":"http:\/\/www.grieta.org.mx\/index.php\/wp-json\/wp\/v2\/posts\/58131","targetHints":{"allow":["GET"]}}],"collection":[{"href":"http:\/\/www.grieta.org.mx\/index.php\/wp-json\/wp\/v2\/posts"}],"about":[{"href":"http:\/\/www.grieta.org.mx\/index.php\/wp-json\/wp\/v2\/types\/post"}],"author":[{"embeddable":true,"href":"http:\/\/www.grieta.org.mx\/index.php\/wp-json\/wp\/v2\/users\/2"}],"replies":[{"embeddable":true,"href":"http:\/\/www.grieta.org.mx\/index.php\/wp-json\/wp\/v2\/comments?post=58131"}],"version-history":[{"count":1,"href":"http:\/\/www.grieta.org.mx\/index.php\/wp-json\/wp\/v2\/posts\/58131\/revisions"}],"predecessor-version":[{"id":58141,"href":"http:\/\/www.grieta.org.mx\/index.php\/wp-json\/wp\/v2\/posts\/58131\/revisions\/58141"}],"wp:featuredmedia":[{"embeddable":true,"href":"http:\/\/www.grieta.org.mx\/index.php\/wp-json\/wp\/v2\/media\/58132"}],"wp:attachment":[{"href":"http:\/\/www.grieta.org.mx\/index.php\/wp-json\/wp\/v2\/media?parent=58131"}],"wp:term":[{"taxonomy":"category","embeddable":true,"href":"http:\/\/www.grieta.org.mx\/index.php\/wp-json\/wp\/v2\/categories?post=58131"},{"taxonomy":"post_tag","embeddable":true,"href":"http:\/\/www.grieta.org.mx\/index.php\/wp-json\/wp\/v2\/tags?post=58131"}],"curies":[{"name":"wp","href":"https:\/\/api.w.org\/{rel}","templated":true}]}}