{"id":5811,"date":"2015-10-06T22:33:25","date_gmt":"2015-10-06T22:33:25","guid":{"rendered":"http:\/\/50.22.11.12\/~grietaor\/?p=5811"},"modified":"2016-04-25T02:05:06","modified_gmt":"2016-04-25T02:05:06","slug":"gobierno-estatal-miente-tenacatita-sigue-cerrada-6-octubre-2015","status":"publish","type":"post","link":"http:\/\/www.grieta.org.mx\/index.php\/2015\/10\/06\/gobierno-estatal-miente-tenacatita-sigue-cerrada-6-octubre-2015\/","title":{"rendered":"Gobierno estatal miente: Tenacatita sigue cerrada"},"content":{"rendered":"<p>Analy S. Nu\u00f1o<\/p>\n<p>Promesas incumplidas y falsas afirmaciones del gobierno estatal sobre la resoluci\u00f3n del problema por el despojo de tierras y la privatizaci\u00f3n de la bah\u00eda de Tenacatita envuelven la situaci\u00f3n que prevalece en la zona, que incluso deriv\u00f3 en julio en una orden a la Fiscal\u00eda General del Estado (FGE) para que investigue al grupo 32 de la Polic\u00eda Auxiliar, que mantiene bloqueos en la carretera para restringir el acceso a la playa.<\/p>\n<p>A cinco a\u00f1os y dos meses del despojo irregular, la privatizaci\u00f3n de la bah\u00eda perteneciente a la Costa Sur de Jalisco contin\u00faa pese a que en 2013 el entonces secretario general de Gobierno, Arturo Zamora, anunci\u00f3 que por \u00f3rdenes del gobernador se hab\u00eda resuelto el conflicto: \u201cHemos resuelto el problema social, ya se abri\u00f3 el paso a las personas y el gobierno va a garantizar que permanezca abierto\u201d, dijo en aquella ocasi\u00f3n.<\/p>\n<p>Sin embargo, la situaci\u00f3n que se registra en la zona es de represi\u00f3n, privatizaci\u00f3n y amenazas, lo que llev\u00f3 en mayo de este a\u00f1o a los pobladores a presentar una queja ante el Consejo de Seguridad P\u00fablica del Estado en contra del grupo 32 de la Polic\u00eda Auxiliar (seguridad privada con permiso de portaci\u00f3n de armas) por diversas violaciones cometidas a leyes estatales y federales al ejercer actos de autoridad en la v\u00eda p\u00fablica como retenes para limitar el uso de la playa.<\/p>\n<p>La queja fue aceptada y en julio se orden\u00f3 al fiscal Eduardo Almaguer Ram\u00edrez que, con independencia de que se analicen las sanciones administrativas, se abra una investigaci\u00f3n de causas penales por posibles il\u00edcitos cometidos. No obstante, las cosas contin\u00faan igual, por lo que se solicitar\u00e1 un amparo en contra de la fiscal\u00eda por la omisi\u00f3n en el asunto.<\/p>\n<p>Ante este escenario, el 24 de septiembre los pobladores y afectados pidieron al Ejecutivo que la atenci\u00f3n al conflicto sea el primer compromiso que se asuma con la implementaci\u00f3n del programa Vamos Juntos en Autl\u00e1n de Navarro, que en las pr\u00f3ximas semanas se pondr\u00e1 en marcha.<br \/>\nRev\u00e9s jur\u00eddico<\/p>\n<p>La lucha jur\u00eddica que han dado los pobladores en defensa de las tierras que les fueron despojadas en agosto de 2010 por el empresario Andr\u00e9s Villalobos, due\u00f1o de la Inmobiliaria Rodenas, dio un nuevo rev\u00e9s al lograr la revocaci\u00f3n de la concesi\u00f3n de la zona federal y una sentencia que ordena que el proceso se reponga para dictar una resoluci\u00f3n en materia civil que tome en consideraci\u00f3n las violaciones de que fueron objeto.<\/p>\n<p>Estas resoluciones abren la puerta a que el conflicto se resuelva a finales de 2015 a favor de los pobladores, que seg\u00fan la Secretar\u00eda de Desarrollo Agrario, Territorial y Urbano (Sedatu) son leg\u00edtimos propietarios de las tierras que son reclamadas por el empresario.<\/p>\n<p>El representante legal de los afectados de Tenacatita, Francisco Rodr\u00edguez Mart\u00ednez, indic\u00f3 que se resolvi\u00f3 a favor la queja procesal en contra de la diligencia de desposesi\u00f3n ejecutada el 4 de agosto de 2010 por las violaciones cometidas al realizarse en la madrugada, con uso de fuerza p\u00fablica y exceso de atribuciones del juez de primera instancia de Cihuatl\u00e1n, quien entreg\u00f3 la zona mar\u00edtimo-terrestre al empresario, pese a que la autoridad para otorgar estos derechos es federal.<\/p>\n<p>Y aunque esta diligencia fue desechada en tres ocasiones, se logr\u00f3 reponer por juicios de amparo y el 28 de septiembre se orden\u00f3 a la s\u00e9ptima sala del Tribunal Superior de Jalisco con sede en Guadalajara regresar el expediente para volver a dictar una resoluci\u00f3n que tome en cuenta las violaciones cometidas.<\/p>\n<p>\u201cUna vez que la queja procesal prospere se ordene a dejar sin efectos todo lo actuado hasta antes de la diligencia del 4 de agosto, es decir, el acto posesorio o lo que le dio posesi\u00f3n a Inmobiliaria Rodenas quedar\u00eda totalmente sin efectos legales y entonces su ocupaci\u00f3n actual no tendr\u00eda sustento legal. Tendr\u00eda que desalojar no solamente la zona federal, sino tambi\u00e9n las propiedades privadas que invadi\u00f3\u201d.<br \/>\nConcesi\u00f3n, revocada<\/p>\n<p>A esto se suma la revocaci\u00f3n de la concesi\u00f3n de la zona federal luego de que la Secretar\u00eda de Medio Ambiente y Recursos Naturales (Semarnat) orden\u00f3 a la Inmobiliaria Rodenas desde mayo pasado desalojar la zona en virtud de diversas violaciones como la privatizaci\u00f3n de la carretera 200, que da acceso a la bah\u00eda.<\/p>\n<p>Sin embargo, el empresario obtuvo una suspensi\u00f3n para que se le diera derecho de audiencia y se vuelva a dictar resoluci\u00f3n.<\/p>\n<p>\u201cSe pudo acreditar que ten\u00eda la playa cerrada con malla cicl\u00f3nica, con letreros de \u2018propiedad privada\u2019, guardias armados y perros de ataque que imped\u00edan a los visitantes hacer uso de las playas. La resoluci\u00f3n que emita Semarnat estamos seguros que vendr\u00e1 en el mismo sentido porque est\u00e1 acreditado\u201d.<\/p>\n<p>Se estima que las dos sentencias favorables converjan en A\u00f1o Nuevo, cuando se emita la resoluci\u00f3n a favor de los pobladores.<\/p>\n<p>\u201cSe pudo acreditar que (Inmobiliaria Rodenas) ten\u00eda la playa cerrada con malla cicl\u00f3nica, con letreros de \u2018propiedad privada\u2019, guardias armados y perros de ataque que imped\u00edan a los visitantes hacer uso de las playas\u201d<\/p>\n<p>\u201cLo que le dio posesi\u00f3n a Inmobiliaria Rodenas quedar\u00eda totalmente sin efectos legales y entonces su ocupaci\u00f3n actual no tendr\u00eda sustento legal. Tendr\u00eda que desalojar no solamente la zona federal, sino tambi\u00e9n las propiedades privadas que invadi\u00f3\u201d,<br \/>\nFrancisco Rodr\u00edguez Mart\u00ednez, representante legal de afectados de Tenacatita<\/p>\n<p><a href=\"http:\/\/www.ntrguadalajara.com\/post.php?id_nota=17503\" target=\"_blank\">http:\/\/www.ntrguadalajara.com\/post.php?id_nota=17503<\/a><\/p>\n","protected":false},"excerpt":{"rendered":"<p>Analy S. Nu\u00f1o Promesas incumplidas y falsas afirmaciones del gobierno estatal sobre la resoluci\u00f3n del problema por el despojo de tierras y la privatizaci\u00f3n de la bah\u00eda de Tenacatita envuelven &hellip; <a href=\"http:\/\/www.grieta.org.mx\/index.php\/2015\/10\/06\/gobierno-estatal-miente-tenacatita-sigue-cerrada-6-octubre-2015\/\" class=\"more-link\">Leer m\u00e1s<\/a><\/p>\n","protected":false},"author":2,"featured_media":21928,"comment_status":"closed","ping_status":"open","sticky":false,"template":"","format":"standard","meta":{"ngg_post_thumbnail":0,"_jetpack_newsletter_access":"","_jetpack_dont_email_post_to_subs":false,"_jetpack_newsletter_tier_id":0,"_jetpack_memberships_contains_paywalled_content":false,"_jetpack_memberships_contains_paid_content":false,"footnotes":""},"categories":[80,230],"tags":[184,399],"class_list":["post-5811","post","type-post","status-publish","format-standard","has-post-thumbnail","hentry","category-cintillo","category-jalisco","tag-despojo","tag-proyecto-inmobiliario","entry"],"jetpack_featured_media_url":"http:\/\/www.grieta.org.mx\/wp-content\/uploads\/2018\/03\/14524434_1106112876131411_958039263622046936_o.jpg","jetpack_sharing_enabled":true,"jetpack_shortlink":"https:\/\/wp.me\/p7ZJR4-1vJ","jetpack_likes_enabled":false,"jetpack-related-posts":[{"id":20099,"url":"http:\/\/www.grieta.org.mx\/index.php\/2016\/08\/17\/conflictos-ambientales-y-sociales-por-proyectos-turisticos-en-jalisco\/","url_meta":{"origin":5811,"position":0},"title":"Conflictos ambientales y sociales por proyectos tur\u00edsticos en Jalisco","author":"grieta","date":"17 agosto, 2016","format":false,"excerpt":"Proyecto tur\u00edstico Vistas en Chalacatepec, Tomatl\u00e1n 17\/08\/16. Buscan impugnar nombramiento de mesa directiva que dio terreno para construir hotelNotisistemas 17\/08\/16. Da Semarnat lez verde a Chalacatepec; proyecto durar\u00e1 20 a\u00f1osQuadratin Jalisco Proyectos tur\u00edsticos e inmobiliarios financiados por el gobierno de Jalisco con las pensiones de sus bur\u00f3cratas 24\/05\/16. Jalisco invierte\u2026","rel":"","context":"En &quot;\u00c1reas naturales protegidas&quot;","block_context":{"text":"\u00c1reas naturales protegidas","link":"http:\/\/www.grieta.org.mx\/index.php\/category\/megaproyectos\/areas-naturales-protegidas\/"},"img":{"alt_text":"","src":"https:\/\/i0.wp.com\/www.grieta.org.mx\/wp-content\/uploads\/2018\/03\/14524434_1106112876131411_958039263622046936_o.jpg?resize=350%2C200","width":350,"height":200,"srcset":"https:\/\/i0.wp.com\/www.grieta.org.mx\/wp-content\/uploads\/2018\/03\/14524434_1106112876131411_958039263622046936_o.jpg?resize=350%2C200 1x, https:\/\/i0.wp.com\/www.grieta.org.mx\/wp-content\/uploads\/2018\/03\/14524434_1106112876131411_958039263622046936_o.jpg?resize=525%2C300 1.5x, https:\/\/i0.wp.com\/www.grieta.org.mx\/wp-content\/uploads\/2018\/03\/14524434_1106112876131411_958039263622046936_o.jpg?resize=700%2C400 2x"},"classes":[]},{"id":57366,"url":"http:\/\/www.grieta.org.mx\/index.php\/2021\/03\/03\/bloquean-ejidatarios-acceso-a-vallarta-por-la-via-mascota-exigen-al-gobierno-pago-de-sus-tierras-jalisco\/","url_meta":{"origin":5811,"position":1},"title":"Bloquean ejidatarios acceso a Vallarta por la v\u00eda Mascota, exigen al gobierno pago de sus tierras (Jalisco)","author":"grieta","date":"3 marzo, 2021","format":false,"excerpt":"Foto: Tribuna de la Bah\u00eda Alberto Garc\u00eda \/ Tribuna de la Bah\u00eda Al menos un medio centenar de ejidatarios del Ejido Soyat\u00e1n tienen cerrada la carretera Estatal 544 por falta de pago a sus terrenos afectados por el gobierno del Estado. Contando apenas con la presencia del personal de la\u2026","rel":"","context":"En &quot;CINTILLO&quot;","block_context":{"text":"CINTILLO","link":"http:\/\/www.grieta.org.mx\/index.php\/category\/cintillo\/"},"img":{"alt_text":"","src":"https:\/\/i0.wp.com\/www.grieta.org.mx\/wp-content\/uploads\/2021\/03\/96xKmdrXPnpxAeklrhOUEb9A58Z0WBb9kzTNgTg7-portada.jpg?resize=350%2C200","width":350,"height":200,"srcset":"https:\/\/i0.wp.com\/www.grieta.org.mx\/wp-content\/uploads\/2021\/03\/96xKmdrXPnpxAeklrhOUEb9A58Z0WBb9kzTNgTg7-portada.jpg?resize=350%2C200 1x, https:\/\/i0.wp.com\/www.grieta.org.mx\/wp-content\/uploads\/2021\/03\/96xKmdrXPnpxAeklrhOUEb9A58Z0WBb9kzTNgTg7-portada.jpg?resize=525%2C300 1.5x, https:\/\/i0.wp.com\/www.grieta.org.mx\/wp-content\/uploads\/2021\/03\/96xKmdrXPnpxAeklrhOUEb9A58Z0WBb9kzTNgTg7-portada.jpg?resize=700%2C400 2x"},"classes":[]},{"id":62398,"url":"http:\/\/www.grieta.org.mx\/index.php\/2021\/10\/12\/persiste-la-privatizacion-de-playas-en-marina-vallarta-jalisco\/","url_meta":{"origin":5811,"position":2},"title":"Persiste la privatizaci\u00f3n de playas en Marina Vallarta (Jalisco)","author":"grieta","date":"12 octubre, 2021","format":false,"excerpt":"Foto: Tribuna de la Bah\u00eda Alberto Garc\u00eda \/ Tribuna de la Bah\u00eda Instituida el pasado 22 de octubre del 2020 en el Congreso de La Uni\u00f3n, esta ley entr\u00f3 en vigor como decreto para prohibir la privatizaci\u00f3n de playas, y es obligaci\u00f3n de la SEMARNAT coordinarse con autoridades estatales y\u2026","rel":"","context":"En &quot;CINTILLO&quot;","block_context":{"text":"CINTILLO","link":"http:\/\/www.grieta.org.mx\/index.php\/category\/cintillo\/"},"img":{"alt_text":"","src":"https:\/\/i0.wp.com\/www.grieta.org.mx\/wp-content\/uploads\/2021\/10\/la-nueva-la-nueva-ley-general-de-bienes-nacionales-en-la-que-se-prohibe-la-privatizacion-y-la-obstaculizacion-de-ingreso-a-las-playas-en-marina-vallarta-es-letra-muerta-cover.jpg?resize=350%2C200","width":350,"height":200,"srcset":"https:\/\/i0.wp.com\/www.grieta.org.mx\/wp-content\/uploads\/2021\/10\/la-nueva-la-nueva-ley-general-de-bienes-nacionales-en-la-que-se-prohibe-la-privatizacion-y-la-obstaculizacion-de-ingreso-a-las-playas-en-marina-vallarta-es-letra-muerta-cover.jpg?resize=350%2C200 1x, https:\/\/i0.wp.com\/www.grieta.org.mx\/wp-content\/uploads\/2021\/10\/la-nueva-la-nueva-ley-general-de-bienes-nacionales-en-la-que-se-prohibe-la-privatizacion-y-la-obstaculizacion-de-ingreso-a-las-playas-en-marina-vallarta-es-letra-muerta-cover.jpg?resize=525%2C300 1.5x, https:\/\/i0.wp.com\/www.grieta.org.mx\/wp-content\/uploads\/2021\/10\/la-nueva-la-nueva-ley-general-de-bienes-nacionales-en-la-que-se-prohibe-la-privatizacion-y-la-obstaculizacion-de-ingreso-a-las-playas-en-marina-vallarta-es-letra-muerta-cover.jpg?resize=700%2C400 2x"},"classes":[]},{"id":71809,"url":"http:\/\/www.grieta.org.mx\/index.php\/2025\/06\/02\/hotel-plaza-pelicanos-bloquea-acceso-a-playa-las-glorias-con-macetones-jalisco\/","url_meta":{"origin":5811,"position":3},"title":"Hotel Plaza Pel\u00edcanos bloquea acceso a playa Las Glorias con macetones (Jalisco)","author":"grieta","date":"2 junio, 2025","format":false,"excerpt":"Imagen: Tribuna de la Bah\u00eda Miguel Gonz\u00e1lez Guerra \/ Tribuna de la Bah\u00eda Denuncias ciudadanas recibidas por CPS Noticias\u2013Tribuna de la Bah\u00eda alertaron sobre el presunto intento del hotel Plaza Pel\u00edcanos de privatizar arbitrariamente la calle Pablo Picasso, \u00fanico acceso vehicular a la popular playa Las Glorias, en la zona\u2026","rel":"","context":"En &quot;CINTILLO&quot;","block_context":{"text":"CINTILLO","link":"http:\/\/www.grieta.org.mx\/index.php\/category\/cintillo\/"},"img":{"alt_text":"","src":"https:\/\/i0.wp.com\/www.grieta.org.mx\/wp-content\/uploads\/2025\/06\/Bloquean-acceso-a-playa-Las-Glorias1.jpg?resize=350%2C200","width":350,"height":200,"srcset":"https:\/\/i0.wp.com\/www.grieta.org.mx\/wp-content\/uploads\/2025\/06\/Bloquean-acceso-a-playa-Las-Glorias1.jpg?resize=350%2C200 1x, https:\/\/i0.wp.com\/www.grieta.org.mx\/wp-content\/uploads\/2025\/06\/Bloquean-acceso-a-playa-Las-Glorias1.jpg?resize=525%2C300 1.5x, https:\/\/i0.wp.com\/www.grieta.org.mx\/wp-content\/uploads\/2025\/06\/Bloquean-acceso-a-playa-Las-Glorias1.jpg?resize=700%2C400 2x, https:\/\/i0.wp.com\/www.grieta.org.mx\/wp-content\/uploads\/2025\/06\/Bloquean-acceso-a-playa-Las-Glorias1.jpg?resize=1050%2C600 3x"},"classes":[]},{"id":63435,"url":"http:\/\/www.grieta.org.mx\/index.php\/2022\/02\/09\/activistas-de-jalisco-denuncian-amenazas\/","url_meta":{"origin":5811,"position":4},"title":"Activistas de Jalisco denuncian amenazas","author":"grieta","date":"9 febrero, 2022","format":false,"excerpt":"Foto: Especial Juan Levario \/ El Diario NTR El asesinato de la abogada y activista Ver\u00f3nica Guerrero, ocurrido el 3 de febrero en Tonal\u00e1, provoc\u00f3 temor entre miembros de la sociedad civil organizada, pues al igual que ella han recibido amenazas. Adem\u00e1s, ven indolencia y complicidad del gobierno de Jalisco.\u2026","rel":"","context":"En &quot;Amenazas contra activistas en Jalisco&quot;","block_context":{"text":"Amenazas contra activistas en Jalisco","link":"http:\/\/www.grieta.org.mx\/index.php\/category\/noticias-nacionales\/jalisco\/amenazas-contra-activistas-en-jalisco\/"},"img":{"alt_text":"","src":"https:\/\/i0.wp.com\/www.grieta.org.mx\/wp-content\/uploads\/2022\/02\/2022-02-08_11-02-18___5909.jpg?resize=350%2C200","width":350,"height":200,"srcset":"https:\/\/i0.wp.com\/www.grieta.org.mx\/wp-content\/uploads\/2022\/02\/2022-02-08_11-02-18___5909.jpg?resize=350%2C200 1x, https:\/\/i0.wp.com\/www.grieta.org.mx\/wp-content\/uploads\/2022\/02\/2022-02-08_11-02-18___5909.jpg?resize=525%2C300 1.5x, https:\/\/i0.wp.com\/www.grieta.org.mx\/wp-content\/uploads\/2022\/02\/2022-02-08_11-02-18___5909.jpg?resize=700%2C400 2x"},"classes":[]},{"id":55172,"url":"http:\/\/www.grieta.org.mx\/index.php\/2020\/11\/11\/wixarikas-lanzan-ultimatum-a-amlo-jalisco\/","url_meta":{"origin":5811,"position":5},"title":"Wix\u00e1rikas lanzan ultim\u00e1tum a AMLO (Jalisco)","author":"grieta","date":"11 noviembre, 2020","format":false,"excerpt":"Foto: Jorge Alberto Mendoza Lauro Rodr\u00edguez \/ El Diario NTR El conflicto de tierras entre\u00a0wix\u00e1rikas\u00a0y ganaderos en el norte del estado, justo en sus l\u00edmites con Nayarit, contin\u00faa, por lo que ayer se lanz\u00f3 un ultim\u00e1tum al presidente de la Rep\u00fablica, Andr\u00e9s Manuel L\u00f3pez Obrador (AMLO), para que atienda el\u2026","rel":"","context":"En &quot;CINTILLO&quot;","block_context":{"text":"CINTILLO","link":"http:\/\/www.grieta.org.mx\/index.php\/category\/cintillo\/"},"img":{"alt_text":"","src":"https:\/\/i0.wp.com\/www.grieta.org.mx\/wp-content\/uploads\/2018\/03\/14524434_1106112876131411_958039263622046936_o.jpg?resize=350%2C200","width":350,"height":200,"srcset":"https:\/\/i0.wp.com\/www.grieta.org.mx\/wp-content\/uploads\/2018\/03\/14524434_1106112876131411_958039263622046936_o.jpg?resize=350%2C200 1x, https:\/\/i0.wp.com\/www.grieta.org.mx\/wp-content\/uploads\/2018\/03\/14524434_1106112876131411_958039263622046936_o.jpg?resize=525%2C300 1.5x, https:\/\/i0.wp.com\/www.grieta.org.mx\/wp-content\/uploads\/2018\/03\/14524434_1106112876131411_958039263622046936_o.jpg?resize=700%2C400 2x"},"classes":[]}],"_links":{"self":[{"href":"http:\/\/www.grieta.org.mx\/index.php\/wp-json\/wp\/v2\/posts\/5811","targetHints":{"allow":["GET"]}}],"collection":[{"href":"http:\/\/www.grieta.org.mx\/index.php\/wp-json\/wp\/v2\/posts"}],"about":[{"href":"http:\/\/www.grieta.org.mx\/index.php\/wp-json\/wp\/v2\/types\/post"}],"author":[{"embeddable":true,"href":"http:\/\/www.grieta.org.mx\/index.php\/wp-json\/wp\/v2\/users\/2"}],"replies":[{"embeddable":true,"href":"http:\/\/www.grieta.org.mx\/index.php\/wp-json\/wp\/v2\/comments?post=5811"}],"version-history":[{"count":1,"href":"http:\/\/www.grieta.org.mx\/index.php\/wp-json\/wp\/v2\/posts\/5811\/revisions"}],"predecessor-version":[{"id":10872,"href":"http:\/\/www.grieta.org.mx\/index.php\/wp-json\/wp\/v2\/posts\/5811\/revisions\/10872"}],"wp:featuredmedia":[{"embeddable":true,"href":"http:\/\/www.grieta.org.mx\/index.php\/wp-json\/wp\/v2\/media\/21928"}],"wp:attachment":[{"href":"http:\/\/www.grieta.org.mx\/index.php\/wp-json\/wp\/v2\/media?parent=5811"}],"wp:term":[{"taxonomy":"category","embeddable":true,"href":"http:\/\/www.grieta.org.mx\/index.php\/wp-json\/wp\/v2\/categories?post=5811"},{"taxonomy":"post_tag","embeddable":true,"href":"http:\/\/www.grieta.org.mx\/index.php\/wp-json\/wp\/v2\/tags?post=5811"}],"curies":[{"name":"wp","href":"https:\/\/api.w.org\/{rel}","templated":true}]}}