{"id":57999,"date":"2021-03-25T18:22:05","date_gmt":"2021-03-26T00:22:05","guid":{"rendered":"https:\/\/www.grieta.org.mx\/?p=57999"},"modified":"2021-03-28T18:31:38","modified_gmt":"2021-03-29T00:31:38","slug":"periodistas-exigen-que-el-iee-cese-arbitrariedades-contra-la-libertad-de-expresion-colima","status":"publish","type":"post","link":"http:\/\/www.grieta.org.mx\/index.php\/2021\/03\/25\/periodistas-exigen-que-el-iee-cese-arbitrariedades-contra-la-libertad-de-expresion-colima\/","title":{"rendered":"Periodistas exigen que el IEE cese arbitrariedades contra la libertad de expresi\u00f3n (Colima)"},"content":{"rendered":"<p><img loading=\"lazy\" decoding=\"async\" data-attachment-id=\"58000\" data-permalink=\"http:\/\/www.grieta.org.mx\/index.php\/2021\/03\/25\/periodistas-exigen-que-el-iee-cese-arbitrariedades-contra-la-libertad-de-expresion-colima\/4f337cbd-cc85-48fa-a85c-9e93e5801b33-1024x576\/\" data-orig-file=\"http:\/\/www.grieta.org.mx\/wp-content\/uploads\/2021\/03\/4f337cbd-cc85-48fa-a85c-9e93e5801b33-1024x576-1.jpg\" data-orig-size=\"1024,576\" data-comments-opened=\"0\" data-image-meta=\"{&quot;aperture&quot;:&quot;0&quot;,&quot;credit&quot;:&quot;&quot;,&quot;camera&quot;:&quot;&quot;,&quot;caption&quot;:&quot;&quot;,&quot;created_timestamp&quot;:&quot;0&quot;,&quot;copyright&quot;:&quot;&quot;,&quot;focal_length&quot;:&quot;0&quot;,&quot;iso&quot;:&quot;0&quot;,&quot;shutter_speed&quot;:&quot;0&quot;,&quot;title&quot;:&quot;&quot;,&quot;orientation&quot;:&quot;0&quot;}\" data-image-title=\"4f337cbd-cc85-48fa-a85c-9e93e5801b33-1024&amp;#215;576\" data-image-description=\"\" data-image-caption=\"\" data-medium-file=\"http:\/\/www.grieta.org.mx\/wp-content\/uploads\/2021\/03\/4f337cbd-cc85-48fa-a85c-9e93e5801b33-1024x576-1-300x169.jpg\" data-large-file=\"http:\/\/www.grieta.org.mx\/wp-content\/uploads\/2021\/03\/4f337cbd-cc85-48fa-a85c-9e93e5801b33-1024x576-1.jpg\" class=\" wp-image-58000 aligncenter\" src=\"http:\/\/www.grieta.org.mx\/wp-content\/uploads\/2021\/03\/4f337cbd-cc85-48fa-a85c-9e93e5801b33-1024x576-1.jpg\" alt=\"\" width=\"802\" height=\"451\" srcset=\"http:\/\/www.grieta.org.mx\/wp-content\/uploads\/2021\/03\/4f337cbd-cc85-48fa-a85c-9e93e5801b33-1024x576-1.jpg 1024w, http:\/\/www.grieta.org.mx\/wp-content\/uploads\/2021\/03\/4f337cbd-cc85-48fa-a85c-9e93e5801b33-1024x576-1-300x169.jpg 300w, http:\/\/www.grieta.org.mx\/wp-content\/uploads\/2021\/03\/4f337cbd-cc85-48fa-a85c-9e93e5801b33-1024x576-1-768x432.jpg 768w\" sizes=\"auto, (max-width: 802px) 100vw, 802px\" \/><\/p>\n<p>Foto: Diario Avanzada<\/p>\n<p>Redacci\u00f3n \/ Diario Avanzada<\/p>\n<p>Colima, M\u00e9xico, Avanzada (25\/03\/2021).- Organizaciones de periodistas de Colima y de M\u00e9xico realizaron una protesta contra el Instituto Electoral del Estado, al que acusaron de realizar actos de censura contra la libertad de expresi\u00f3n, con el pretexto de aplicar la legislaci\u00f3n sobre violencia pol\u00edtica de g\u00e9nero.<\/p>\n<p>Por la ma\u00f1ana del mi\u00e9rcoles, miembros de la Federaci\u00f3n de Asociaciones de Periodistas de M\u00e9xico (Fapermex), el Club de Reporteros de Colima (CRC) y la Comisi\u00f3n General para la Protecci\u00f3n Integral del Ejercicio Period\u00edstico (Copip) realizaron una protesta frente a las instalaciones del IEE, debido a que ese organismo electoral dict\u00f3 medidas cautelares para que varios medios electr\u00f3nicos bajaran de sus sitios algunas notas que conten\u00edan declaraciones de un diputado que fue denunciado por violencia pol\u00edtica de g\u00e9nero por la candidata de Morena a la gubernatura, Indira Vizca\u00edno Silva.<\/p>\n<p>Por la noche, el comit\u00e9 nacional en pleno de la Fapermex, as\u00ed como los fundadores de la organizaci\u00f3n y del Club Primera Plana, del Colegio Nacional de Licenciados en Periodismo (Conalipe) y la Federaci\u00f3n Latinoamericana de Periodistas (Felap) emitieron un comunicado nacional, intitulado \u201cEl Instituto Electoral de Colima, censor de la prensa\u201d, en el que se solidarizaron con el gremio period\u00edstico colimense.<\/p>\n<p>Expusieron que el organismo que deber\u00eda ser guardi\u00e1n de la democracia se ha convertido en enemigo de las libertades de prensa y expresi\u00f3n, a la vez que advirtieron que cada d\u00eda son mayores los abusos de los \u00f3rganos aut\u00f3nomos o desconcentrados, al quererse convertir en tribunales de horca y cuchillo, por lo que \u201cel gremio period\u00edstico organizado de M\u00e9xico se solidariza plenamente con las demandas respeto a las libertades primaria\u201d.<\/p>\n<p>Expresaron que \u201cresulta en verdad un contrasentido que los organismos descentralizados o aut\u00f3nomos pretendan convertirse en tribunales de alzada o de horca y cuchillo, como ahora est\u00e1 ocurriendo con las acciones arbitrarias contra el libre ejercicio del periodismo por parte del Instituto Electoral del Estado de Colima\u201d.<\/p>\n<p>En la manifestaci\u00f3n frente al IEE, los representantes del gremio period\u00edstico colimense exigieron que se frenen las acciones de censura que se han cometido en contra de diversos medios de comunicaci\u00f3n.<\/p>\n<p>En la manifestaci\u00f3n estuvieron presentes el titular nacional de la Fapermex, Juan Ram\u00f3n Negrete Jim\u00e9nez; el coordinador del Club de Reporteros, Alfredo Quiles Cabrera; y el presidente de la Copip, Francisco Buenrostro; as\u00ed como integrantes del gremio period\u00edstico de la entidad.<\/p>\n<p>En un documento presentado durante ese evento, y entregado al final en la Secretar\u00eda Ejecutiva del IEE, los manifestantes denunciaron que en \u00faltimas fechas se ha visto vulnerada la libertad de expresi\u00f3n por el Instituto Electoral del Estado de Colima, a trav\u00e9s de la Comisi\u00f3n de Denuncias y Quejas, que en un hecho sin precedentes, ha impuesto medidas cautelares en detrimento de la libre expresi\u00f3n.<\/p>\n<p>\u201cAl parecer, atendiendo denuncias que se han presentado en materia electoral, dict\u00f3 esas medidas cautelares que han sido trasladadas en contra de medios de comunicaci\u00f3n a pesar de que no son parte de los conflictos en materia electoral.<\/p>\n<p>\u201cAmpar\u00e1ndose en esa figura de medidas cautelares, se ha venido censurando a medios de comunicaci\u00f3n, oblig\u00e1ndolos a bajar de los portales digitales informaci\u00f3n proporcionada por diversos actores pol\u00edticos que han sido se\u00f1alados como, probables, responsables de cometer violencia pol\u00edtica, y violencia pol\u00edtica de g\u00e9nero\u201d.<\/p>\n<p>Asimismo se dej\u00f3 en claro que de manera unilateral, sin que medie ninguna sentencia de ninguna autoridad jurisdiccional, el Instituto Electoral del Estado, a trav\u00e9s de la Comisi\u00f3n de Denuncias y Quejas, ha ordenado \u201cbajar\u201d informaci\u00f3n, cuando los medios de comunicaci\u00f3n no son parte de esas denuncias.<\/p>\n<p>\u201cHay que dejar en claro que ning\u00fan acuerdo, reglamento o ley, est\u00e1 por encima de lo establecido en la Constituci\u00f3n, en este caso la Particular del Estado Libre y Soberano de Colima, de ah\u00ed el malestar de quienes conformamos este gremio que nos vemos vulnerados en nuestras garant\u00edas\u201d.<\/p>\n<p>Anunciaron que no van a permitir el amordazamiento ni la censura, y si bien \u201cno pedimos nada que est\u00e9 fuera de la ley, tampoco aceptamos se nos impongan leyes que no est\u00e1n apegadas al marco legal. Las libertades de Prensa y de Expresi\u00f3n son de los derechos m\u00e1s preciados de los ciudadanos mexicanos, por lo que no vamos a admitir que se trastoquen de ninguna manera\u201d.<\/p>\n<p>Este jueves se realizar\u00e1 otra manifestaci\u00f3n de protesta de integrantes del gremio period\u00edstico frente a las instalaciones del Comit\u00e9 Municipal Electoral en el puerto de Manzanillo.<\/p>\n<p><a href=\"https:\/\/www.diarioavanzada.com.mx\/?p=21266\">https:\/\/www.diarioavanzada.com.mx\/?p=21266<\/a><\/p>\n<p>&nbsp;<\/p>\n","protected":false},"excerpt":{"rendered":"<p>Foto: Diario Avanzada Redacci\u00f3n \/ Diario Avanzada Colima, M\u00e9xico, Avanzada (25\/03\/2021).- Organizaciones de periodistas de Colima y de M\u00e9xico realizaron una protesta contra el Instituto Electoral del Estado, al que &hellip; <a href=\"http:\/\/www.grieta.org.mx\/index.php\/2021\/03\/25\/periodistas-exigen-que-el-iee-cese-arbitrariedades-contra-la-libertad-de-expresion-colima\/\" class=\"more-link\">Leer m\u00e1s<\/a><\/p>\n","protected":false},"author":2,"featured_media":58000,"comment_status":"closed","ping_status":"closed","sticky":false,"template":"","format":"standard","meta":{"ngg_post_thumbnail":0,"_jetpack_newsletter_access":"","_jetpack_dont_email_post_to_subs":false,"_jetpack_newsletter_tier_id":0,"_jetpack_memberships_contains_paywalled_content":false,"_jetpack_memberships_contains_paid_content":false,"footnotes":""},"categories":[80,13,2,1309,83,88],"tags":[2474,2776,574,120],"class_list":["post-57999","post","type-post","status-publish","format-standard","has-post-thumbnail","hentry","category-cintillo","category-colima","category-noticias-nacionales","category-protestas-contra-el-asesinato-de-periodistas","category-temas-nacionales","category-violencia-contra-periodistas","tag-acoso-contra-periodistas","tag-ataques-contra-la-libertad-de-expresion","tag-libertad-de-expresion","tag-violencia-contra-periodistas","entry"],"jetpack_featured_media_url":"http:\/\/www.grieta.org.mx\/wp-content\/uploads\/2021\/03\/4f337cbd-cc85-48fa-a85c-9e93e5801b33-1024x576-1.jpg","jetpack_sharing_enabled":true,"jetpack_shortlink":"https:\/\/wp.me\/p7ZJR4-f5t","jetpack_likes_enabled":false,"jetpack-related-posts":[{"id":2702,"url":"http:\/\/www.grieta.org.mx\/index.php\/2015\/12\/04\/periodistas-en-colima-protestan-contra-la-ley-mordaza\/","url_meta":{"origin":57999,"position":0},"title":"Periodistas en Colima protestan contra la \u201cLey Mordaza\u201d","author":"grieta","date":"4 diciembre, 2015","format":false,"excerpt":"Diario Avanzada Colima, M\u00e9xico. Avanzada (4 de diciembre de 2015).- Periodistas colimenses protestaron en las instalaciones del Congreso del Estado en contra de la entrada en vigor de la Ley de Derecho de R\u00e9plica por considerar que \u00e9sta representa un retroceso en la Libertad de Expresi\u00f3n. Los periodistas mencionaron que\u2026","rel":"","context":"En &quot;CINTILLO&quot;","block_context":{"text":"CINTILLO","link":"http:\/\/www.grieta.org.mx\/index.php\/category\/cintillo\/"},"img":{"alt_text":"","src":"https:\/\/i0.wp.com\/www.grieta.org.mx\/wp-content\/uploads\/2018\/03\/14524434_1106112876131411_958039263622046936_o.jpg?resize=350%2C200","width":350,"height":200,"srcset":"https:\/\/i0.wp.com\/www.grieta.org.mx\/wp-content\/uploads\/2018\/03\/14524434_1106112876131411_958039263622046936_o.jpg?resize=350%2C200 1x, https:\/\/i0.wp.com\/www.grieta.org.mx\/wp-content\/uploads\/2018\/03\/14524434_1106112876131411_958039263622046936_o.jpg?resize=525%2C300 1.5x, https:\/\/i0.wp.com\/www.grieta.org.mx\/wp-content\/uploads\/2018\/03\/14524434_1106112876131411_958039263622046936_o.jpg?resize=700%2C400 2x"},"classes":[]},{"id":60173,"url":"http:\/\/www.grieta.org.mx\/index.php\/2021\/06\/22\/periodistas-demandan-echar-abajo-la-reforma-legal-a-la-ley-copip-colima\/","url_meta":{"origin":57999,"position":1},"title":"Periodistas demandan echar abajo la reforma legal a la Ley Copip (Colima)","author":"grieta","date":"22 junio, 2021","format":false,"excerpt":"Imagen: Diario Avanzada Redacci\u00f3n \/ Diario Avanzada Colima, M\u00e9xico, Avanzada (22\/06(2021).- Ante el riesgo que implica para el periodismo colimense la reciente reforma a la Ley General para la Protecci\u00f3n Integral del Ejercicio Period\u00edstico del Estado, organizaciones de periodistas solicitaron a la Comisi\u00f3n de Derechos Humanos del Estado de Colima\u2026","rel":"","context":"En &quot;CINTILLO&quot;","block_context":{"text":"CINTILLO","link":"http:\/\/www.grieta.org.mx\/index.php\/category\/cintillo\/"},"img":{"alt_text":"","src":"https:\/\/i0.wp.com\/www.grieta.org.mx\/wp-content\/uploads\/2021\/06\/image-89-1024x535-1.png?resize=350%2C200","width":350,"height":200,"srcset":"https:\/\/i0.wp.com\/www.grieta.org.mx\/wp-content\/uploads\/2021\/06\/image-89-1024x535-1.png?resize=350%2C200 1x, https:\/\/i0.wp.com\/www.grieta.org.mx\/wp-content\/uploads\/2021\/06\/image-89-1024x535-1.png?resize=525%2C300 1.5x, https:\/\/i0.wp.com\/www.grieta.org.mx\/wp-content\/uploads\/2021\/06\/image-89-1024x535-1.png?resize=700%2C400 2x"},"classes":[]},{"id":38158,"url":"http:\/\/www.grieta.org.mx\/index.php\/2019\/08\/21\/se-unen-periodistas-colimenses-al-repudio-por-agresiones-y-asesinatos-en-su-contra-colima\/","url_meta":{"origin":57999,"position":2},"title":"Se unen periodistas colimenses al repudio por agresiones y asesinatos en su contra (Colima)","author":"grieta","date":"21 agosto, 2019","format":false,"excerpt":"Foto: El Comentario Redacci\u00f3n \/ El Comentario Un grupo de\u00a0periodistas colimenses, efectuaron una\u00a0manifestaci\u00f3n\u00a0a la entrada del inmueble del\u00a0Palacio\u00a0Legislativo, para unirse a la\u00a0protesta nacional\u00a0organizada para manifestar su repudio en contra de las\u00a0agresiones\u00a0y\u00a0asesinatos\u00a0cometidos en\u00a0contra de periodistas\u00a0y\u00a0comunicadores en el pa\u00eds. El corresponsal del peri\u00f3dico\u00a0La Jornada,\u00a0Juan Carlos Flores Carrillo, se\u00f1al\u00f3 que en lo que\u2026","rel":"","context":"En &quot;CINTILLO&quot;","block_context":{"text":"CINTILLO","link":"http:\/\/www.grieta.org.mx\/index.php\/category\/cintillo\/"},"img":{"alt_text":"","src":"https:\/\/i0.wp.com\/www.grieta.org.mx\/wp-content\/uploads\/2019\/08\/ba020e82d02031c87c793e1e29859f65.jpg?resize=350%2C200","width":350,"height":200,"srcset":"https:\/\/i0.wp.com\/www.grieta.org.mx\/wp-content\/uploads\/2019\/08\/ba020e82d02031c87c793e1e29859f65.jpg?resize=350%2C200 1x, https:\/\/i0.wp.com\/www.grieta.org.mx\/wp-content\/uploads\/2019\/08\/ba020e82d02031c87c793e1e29859f65.jpg?resize=525%2C300 1.5x, https:\/\/i0.wp.com\/www.grieta.org.mx\/wp-content\/uploads\/2019\/08\/ba020e82d02031c87c793e1e29859f65.jpg?resize=700%2C400 2x, https:\/\/i0.wp.com\/www.grieta.org.mx\/wp-content\/uploads\/2019\/08\/ba020e82d02031c87c793e1e29859f65.jpg?resize=1050%2C600 3x"},"classes":[]},{"id":2704,"url":"http:\/\/www.grieta.org.mx\/index.php\/2015\/12\/04\/protesta-de-periodistas-de-colima-contra-la-ley-mordaza\/","url_meta":{"origin":57999,"position":3},"title":"Protesta de periodistas de Colima contra la \u201cLey Mordaza\u201d","author":"grieta","date":"4 diciembre, 2015","format":false,"excerpt":"04\/12\/15. Periodistas en Colima protestan contra la \u201cLey Mordaza\u201dDiario Avanzada","rel":"","context":"En &quot;Colima&quot;","block_context":{"text":"Colima","link":"http:\/\/www.grieta.org.mx\/index.php\/category\/noticias-nacionales\/colima\/"},"img":{"alt_text":"","src":"https:\/\/i0.wp.com\/www.grieta.org.mx\/wp-content\/uploads\/2018\/03\/14524434_1106112876131411_958039263622046936_o.jpg?resize=350%2C200","width":350,"height":200,"srcset":"https:\/\/i0.wp.com\/www.grieta.org.mx\/wp-content\/uploads\/2018\/03\/14524434_1106112876131411_958039263622046936_o.jpg?resize=350%2C200 1x, https:\/\/i0.wp.com\/www.grieta.org.mx\/wp-content\/uploads\/2018\/03\/14524434_1106112876131411_958039263622046936_o.jpg?resize=525%2C300 1.5x, https:\/\/i0.wp.com\/www.grieta.org.mx\/wp-content\/uploads\/2018\/03\/14524434_1106112876131411_958039263622046936_o.jpg?resize=700%2C400 2x"},"classes":[]},{"id":63205,"url":"http:\/\/www.grieta.org.mx\/index.php\/2022\/01\/26\/periodistas-en-colima-se-suman-a-la-jornada-nacional-de-protesta\/","url_meta":{"origin":57999,"position":4},"title":"Periodistas en Colima se suman a la jornada nacional de protesta","author":"grieta","date":"26 enero, 2022","format":false,"excerpt":"Foto: Diario Avanzada Heidi de Le\u00f3n Guti\u00e9rrez \/ Diario Avanzada Colima, M\u00e9xico, Avanzada (26\/01\/2022).- Periodistas de Colima se unen a la protesta nacional que ayer se realiz\u00f3 por los asesinatos de reporteros en diferentes entidades del pa\u00eds. Afuera de Palacio de Gobierno, los periodistas colocaron las fotograf\u00edas de Lourdes Maldonado,\u2026","rel":"","context":"En &quot;CINTILLO&quot;","block_context":{"text":"CINTILLO","link":"http:\/\/www.grieta.org.mx\/index.php\/category\/cintillo\/"},"img":{"alt_text":"","src":"https:\/\/i0.wp.com\/www.grieta.org.mx\/wp-content\/uploads\/2022\/01\/image-237.png?resize=350%2C200","width":350,"height":200,"srcset":"https:\/\/i0.wp.com\/www.grieta.org.mx\/wp-content\/uploads\/2022\/01\/image-237.png?resize=350%2C200 1x, https:\/\/i0.wp.com\/www.grieta.org.mx\/wp-content\/uploads\/2022\/01\/image-237.png?resize=525%2C300 1.5x"},"classes":[]},{"id":69934,"url":"http:\/\/www.grieta.org.mx\/index.php\/2024\/09\/23\/subanla-periodista-denuncia-agresion-fisica-de-policias-en-colima\/","url_meta":{"origin":57999,"position":5},"title":"\u201c\u00a1S\u00fabanla!\u201d: periodista denuncia agresi\u00f3n f\u00edsica de polic\u00edas en Colima","author":"grieta","date":"23 septiembre, 2024","format":false,"excerpt":"Imagen: Diario Avanzada Redacci\u00f3n \/ Diario Avanzada Colima, M\u00e9xico, Avanzada (23\/09\/2024).- \u00c1ngeles \u00c1valos, reportera de \u201cnota roja\u201d con m\u00e1s de una d\u00e9cada cubriendo la fuente policiaca en Colima, fue agredida por elementos policiales cuando regresaba a su casa tras comprar cigarros la noche de ayer. En un video que comparti\u00f3\u2026","rel":"","context":"En &quot;CINTILLO&quot;","block_context":{"text":"CINTILLO","link":"http:\/\/www.grieta.org.mx\/index.php\/category\/cintillo\/"},"img":{"alt_text":"","src":"https:\/\/i0.wp.com\/www.grieta.org.mx\/wp-content\/uploads\/2024\/10\/img_4656-1.jpg?resize=350%2C200","width":350,"height":200,"srcset":"https:\/\/i0.wp.com\/www.grieta.org.mx\/wp-content\/uploads\/2024\/10\/img_4656-1.jpg?resize=350%2C200 1x, https:\/\/i0.wp.com\/www.grieta.org.mx\/wp-content\/uploads\/2024\/10\/img_4656-1.jpg?resize=525%2C300 1.5x, https:\/\/i0.wp.com\/www.grieta.org.mx\/wp-content\/uploads\/2024\/10\/img_4656-1.jpg?resize=700%2C400 2x"},"classes":[]}],"_links":{"self":[{"href":"http:\/\/www.grieta.org.mx\/index.php\/wp-json\/wp\/v2\/posts\/57999","targetHints":{"allow":["GET"]}}],"collection":[{"href":"http:\/\/www.grieta.org.mx\/index.php\/wp-json\/wp\/v2\/posts"}],"about":[{"href":"http:\/\/www.grieta.org.mx\/index.php\/wp-json\/wp\/v2\/types\/post"}],"author":[{"embeddable":true,"href":"http:\/\/www.grieta.org.mx\/index.php\/wp-json\/wp\/v2\/users\/2"}],"replies":[{"embeddable":true,"href":"http:\/\/www.grieta.org.mx\/index.php\/wp-json\/wp\/v2\/comments?post=57999"}],"version-history":[{"count":1,"href":"http:\/\/www.grieta.org.mx\/index.php\/wp-json\/wp\/v2\/posts\/57999\/revisions"}],"predecessor-version":[{"id":58002,"href":"http:\/\/www.grieta.org.mx\/index.php\/wp-json\/wp\/v2\/posts\/57999\/revisions\/58002"}],"wp:featuredmedia":[{"embeddable":true,"href":"http:\/\/www.grieta.org.mx\/index.php\/wp-json\/wp\/v2\/media\/58000"}],"wp:attachment":[{"href":"http:\/\/www.grieta.org.mx\/index.php\/wp-json\/wp\/v2\/media?parent=57999"}],"wp:term":[{"taxonomy":"category","embeddable":true,"href":"http:\/\/www.grieta.org.mx\/index.php\/wp-json\/wp\/v2\/categories?post=57999"},{"taxonomy":"post_tag","embeddable":true,"href":"http:\/\/www.grieta.org.mx\/index.php\/wp-json\/wp\/v2\/tags?post=57999"}],"curies":[{"name":"wp","href":"https:\/\/api.w.org\/{rel}","templated":true}]}}