{"id":5799,"date":"2015-02-14T19:23:40","date_gmt":"2015-02-14T19:23:40","guid":{"rendered":"http:\/\/50.22.11.12\/~grietaor\/?p=5799"},"modified":"2016-04-25T02:22:00","modified_gmt":"2016-04-25T02:22:00","slug":"si-el-agua-del-rio-santiago-esta-limpia-dale-un-trago","status":"publish","type":"post","link":"http:\/\/www.grieta.org.mx\/index.php\/2015\/02\/14\/si-el-agua-del-rio-santiago-esta-limpia-dale-un-trago\/","title":{"rendered":"\u201cSi el agua del r\u00edo Santiago est\u00e1 limpia, dale un trago\u201d"},"content":{"rendered":"<p>Por Rafael Hern\u00e1ndez Gu\u00edzar<\/p>\n<p>Ra\u00fal Mu\u00f1oz Delgadillo, presidente del Comit\u00e9 de Defensa Ambiental de El Salto, present\u00f3 una botella con agua recolectada del cauce que sale de la planta de tratamiento en El Salto para probar que lo que el gobierno sostiene sobre la limpieza del l\u00edquido es falso\/Foto: Francisco Tapia<\/p>\n<p>Hartos de la indolencia con que se ha tomado la contaminaci\u00f3n del r\u00edo Santiago, los pobladores de El Salto, lanzaron ayer un reto al gobernador de Jalisco Arist\u00f3teles Sandoval: Tomarse un trago del agua que sale de las plantas de tratamiento.<\/p>\n<p>Alrededor de 30 personas provenientes de las diversas comunidades que colindan con el cauce del r\u00edo Santiago y el canal del ahogado, acudieron al centro de Guadalajara para protestar contra el incumplimiento de las promesas de campa\u00f1a del mandatario jalisciense, invit\u00e1ndolo a que tome del agua que sale de la planta de tratamiento residual de El Ahogado en caso de que avale las declaraciones que se han dado en torno a que se trata de un proyecto que s\u00ed ayuda a reducir los sedimentos que llevan estas aguas donde hasta ars\u00e9nico se ha encontrado.<\/p>\n<p>Ra\u00fal Mu\u00f1oz Delgadillo, presidente del Comit\u00e9 de Defensa Ambiental de El Salto, sosteniendo una botella con agua salida de la planta de tratamientos residuales, dijo que \u201cesta agua se supone que deber\u00eda estar limpia, eso es lo que dicen y por eso se puso la planta, pero sabemos que no es as\u00ed, ve el color que tiene y huele horrible; por eso le invitamos al gobernador a que se refresque tom\u00e1ndose un trago de esto para que entienda lo que a diario vivimos\u201d, denunci\u00f3.<\/p>\n<p>\u201cLlevamos una muestra de agua, la que sale de la planta de tratamiento para que vean la suciedad; es el agua que dicen que est\u00e1 tratada, tiene los sedimentos y est\u00e1 f\u00e9tida, queremos que nos explique c\u00f3mo est\u00e1n tan tranquilos (en el gobierno del estado) con este problema ambiental, cuando la calidad del agua es similar a la de cualquier suciedad, si as\u00ed est\u00e1n trat\u00e1ndola, la empresa est\u00e1 cometiendo un fraude\u201d, se\u00f1al\u00f3 en entrevista con Pagina 24 a las puertas de Palacio de Gobierno.<\/p>\n<p>Lo que m\u00e1s nos preocupa es que se d\u00e9 algo como el a\u00f1o anterior, que se nos trate con silencio, se nos ignore, la indolencia\u201d.<\/p>\n<p>Asimismo, Ra\u00fal Mu\u00f1oz, indic\u00f3 que derivado de un problema mortal como el que se enfrenta por el Santiago y que en nada se ha atendido, vendr\u00e1 sin duda un voto de castigo en las pr\u00f3ximas elecciones en contra de quienes falten a sus promesas y fomenten la p\u00e9rdida de vidas a causa de la contaminaci\u00f3n.<\/p>\n<p>\u201dLa sociedad creo que ya est\u00e1 aprendiendo el doble discurso de los gobernantes y esperamos que ellos se sonrojen por esto, porque creo que esto de tener un gobierno as\u00ed va a tener algo hist\u00f3rico para ellos, ojal\u00e1 que tengan prudencia. La intenci\u00f3n es decirle a la sociedad que aqu\u00ed estamos, reclamando nuestro derecho y queremos que entiendan una cosa, que el r\u00edo Santiago no es El Salto, es de todos\u201d.<\/p>\n<p>El activista lament\u00f3 que ayuntamientos como Juanacatl\u00e1n, Ixtlahuac\u00e1n de los Membrillos y Chapala, sean omisos en el funcionamiento de sus plantas de tratamiento de aguas y que por ende, no vigilen que las empresas que se han instalado en los m\u00e1rgenes del r\u00edo, causando m\u00e1s contaminaci\u00f3n.<\/p>\n<p>Trascendi\u00f3 que en d\u00edas pr\u00f3ximos, este comit\u00e9 ambiental viajar\u00e1 a la ciudad de M\u00e9xico para sostener una reuni\u00f3n en la Comisi\u00f3n Nacional de los Derechos Humanos y con el mismo procurador General de la rep\u00fablica, Jes\u00fas Murillo Karam, para exigir que se inicien las averiguaciones previas en contra del ex gobernador Emilio Gonz\u00e1lez M\u00e1rquez y otros ex funcionarios que fueron omisos en el tratamiento de las aguas de esta cuenca.<\/p>\n<p>Datos de este frente ciudadano, revelaron que al momento, han contabilizado 543 muertes principalmente por enfermedades como c\u00e1ncer e insuficiencia renal cr\u00f3nica, asociadas a la contaminaci\u00f3n del r\u00edo Santiago, adem\u00e1s de que van dos mil 200 enfermos seg\u00fan su \u00faltimo conteo desde el a\u00f1o 2008, tras la muerte de Miguel \u00c1ngel L\u00f3pez Rocha en el Canal del Ahogado.<\/p>\n<p><a href=\"http:\/\/pagina24jalisco.com.mx\/local\/2015\/02\/14\/si-el-agua-del-rio-santiago-esta-limpia-dale-un-trago\/\" target=\"_blank\">http:\/\/pagina24jalisco.com.mx\/local\/2015\/02\/14\/si-el-agua-del-rio-santiago-esta-limpia-dale-un-trago\/<\/a><\/p>\n","protected":false},"excerpt":{"rendered":"<p>Por Rafael Hern\u00e1ndez Gu\u00edzar Ra\u00fal Mu\u00f1oz Delgadillo, presidente del Comit\u00e9 de Defensa Ambiental de El Salto, present\u00f3 una botella con agua recolectada del cauce que sale de la planta de &hellip; <a href=\"http:\/\/www.grieta.org.mx\/index.php\/2015\/02\/14\/si-el-agua-del-rio-santiago-esta-limpia-dale-un-trago\/\" class=\"more-link\">Leer m\u00e1s<\/a><\/p>\n","protected":false},"author":2,"featured_media":21928,"comment_status":"closed","ping_status":"open","sticky":false,"template":"","format":"standard","meta":{"ngg_post_thumbnail":0,"_jetpack_newsletter_access":"","_jetpack_dont_email_post_to_subs":false,"_jetpack_newsletter_tier_id":0,"_jetpack_memberships_contains_paywalled_content":false,"_jetpack_memberships_contains_paid_content":false,"footnotes":""},"categories":[80,230],"tags":[91,149],"class_list":["post-5799","post","type-post","status-publish","format-standard","has-post-thumbnail","hentry","category-cintillo","category-jalisco","tag-contaminacion-ambiental","tag-salud","entry"],"jetpack_featured_media_url":"http:\/\/www.grieta.org.mx\/wp-content\/uploads\/2018\/03\/14524434_1106112876131411_958039263622046936_o.jpg","jetpack_sharing_enabled":true,"jetpack_shortlink":"https:\/\/wp.me\/p7ZJR4-1vx","jetpack_likes_enabled":false,"jetpack-related-posts":[{"id":5751,"url":"http:\/\/www.grieta.org.mx\/index.php\/2016\/09\/09\/contaminacion-y-danos-a-la-salud-por-desechos-urbanos-e-industriales-en-jalisco\/","url_meta":{"origin":5799,"position":0},"title":"Conflictos por contaminaci\u00f3n y da\u00f1os a la salud debido a desechos urbanos e industriales en Jalisco","author":"grieta","date":"9 septiembre, 2016","format":false,"excerpt":"Habitantes del Salto contra la contaminaci\u00f3n del Rio Santiago 09\/09\/16. El R\u00edo Santiago una cat\u00e1strofe ambientalSomos el Medio 07\/01\/15. R\u00edo entre metales pesados M\u00e1s por m\u00e1s Guadalajara\/Cr\u00f3nica de Sociales 08\/10\/15. Demandaremos a empresas por da\u00f1os al medio ambiente P\u00e1gina 24 Jalisco 02\/08\/15. M\u00e1s muertes cerca de r\u00edo contaminado Ntr Guadajara\u2026","rel":"","context":"En &quot;Jalisco&quot;","block_context":{"text":"Jalisco","link":"http:\/\/www.grieta.org.mx\/index.php\/category\/noticias-nacionales\/jalisco\/"},"img":{"alt_text":"","src":"https:\/\/i0.wp.com\/www.grieta.org.mx\/wp-content\/uploads\/2018\/03\/14524434_1106112876131411_958039263622046936_o.jpg?resize=350%2C200","width":350,"height":200,"srcset":"https:\/\/i0.wp.com\/www.grieta.org.mx\/wp-content\/uploads\/2018\/03\/14524434_1106112876131411_958039263622046936_o.jpg?resize=350%2C200 1x, https:\/\/i0.wp.com\/www.grieta.org.mx\/wp-content\/uploads\/2018\/03\/14524434_1106112876131411_958039263622046936_o.jpg?resize=525%2C300 1.5x, https:\/\/i0.wp.com\/www.grieta.org.mx\/wp-content\/uploads\/2018\/03\/14524434_1106112876131411_958039263622046936_o.jpg?resize=700%2C400 2x"},"classes":[]},{"id":72309,"url":"http:\/\/www.grieta.org.mx\/index.php\/2025\/09\/01\/van-94-muertes-por-polucion-del-rio-santiago-jalisco\/","url_meta":{"origin":5799,"position":1},"title":"Van 94 muertes por poluci\u00f3n del r\u00edo Santiago (Jalisco)","author":"grieta","date":"1 septiembre, 2025","format":false,"excerpt":"Imagen: El Diario NTR Nancy \u00c1ngel \/ El Diario NTR Seg\u00fan cifras del Comit\u00e9 Ciudadano de Defensa Ambiental de El Salto, tan solo en lo que va del a\u00f1o se han registrado 94 muertes en el municipio relacionadas directamente con enfermedades atribuibles a la contaminaci\u00f3n del r\u00edo Santiago. A la\u2026","rel":"","context":"En &quot;CINTILLO&quot;","block_context":{"text":"CINTILLO","link":"http:\/\/www.grieta.org.mx\/index.php\/category\/cintillo\/"},"img":{"alt_text":"","src":"https:\/\/i0.wp.com\/www.grieta.org.mx\/wp-content\/uploads\/2025\/09\/2025-09-02_12-09-07___8344.jpg?resize=350%2C200","width":350,"height":200,"srcset":"https:\/\/i0.wp.com\/www.grieta.org.mx\/wp-content\/uploads\/2025\/09\/2025-09-02_12-09-07___8344.jpg?resize=350%2C200 1x, https:\/\/i0.wp.com\/www.grieta.org.mx\/wp-content\/uploads\/2025\/09\/2025-09-02_12-09-07___8344.jpg?resize=525%2C300 1.5x, https:\/\/i0.wp.com\/www.grieta.org.mx\/wp-content\/uploads\/2025\/09\/2025-09-02_12-09-07___8344.jpg?resize=700%2C400 2x"},"classes":[]},{"id":7934,"url":"http:\/\/www.grieta.org.mx\/index.php\/2015\/03\/13\/aristoteles-responsable-de-las-muertes-munoz\/","url_meta":{"origin":5799,"position":2},"title":"Arist\u00f3teles, responsable de las muertes: Mu\u00f1oz","author":"grieta","date":"13 marzo, 2015","format":false,"excerpt":"Por Rafael Hern\u00e1ndez Gu\u00edzar \u201cEl gobernador se resiste a sanear el r\u00edo Santiago\u201d, denuncia No manda a los municipios a que instalen plantas de tratamiento y las aguas que son \u201climpiadas\u201d en el Ahogado vuelven al caudal contaminado, por lo que los esfuerzos son in\u00fatiles, denunci\u00f3 el activista presidente del\u2026","rel":"","context":"En &quot;CINTILLO&quot;","block_context":{"text":"CINTILLO","link":"http:\/\/www.grieta.org.mx\/index.php\/category\/cintillo\/"},"img":{"alt_text":"","src":"https:\/\/i0.wp.com\/www.grieta.org.mx\/wp-content\/uploads\/2018\/03\/14524434_1106112876131411_958039263622046936_o.jpg?resize=350%2C200","width":350,"height":200,"srcset":"https:\/\/i0.wp.com\/www.grieta.org.mx\/wp-content\/uploads\/2018\/03\/14524434_1106112876131411_958039263622046936_o.jpg?resize=350%2C200 1x, https:\/\/i0.wp.com\/www.grieta.org.mx\/wp-content\/uploads\/2018\/03\/14524434_1106112876131411_958039263622046936_o.jpg?resize=525%2C300 1.5x, https:\/\/i0.wp.com\/www.grieta.org.mx\/wp-content\/uploads\/2018\/03\/14524434_1106112876131411_958039263622046936_o.jpg?resize=700%2C400 2x"},"classes":[]},{"id":71012,"url":"http:\/\/www.grieta.org.mx\/index.php\/2025\/02\/13\/a-17-anos-de-la-muerte-del-nino-miguel-angel-lopez-rocha-por-contaminacion-en-el-rio-santiago-exigen-justicia-en-el-salto-jalisco\/","url_meta":{"origin":5799,"position":3},"title":"A 17 a\u00f1os de la muerte del ni\u00f1o Miguel \u00c1ngel L\u00f3pez Rocha por contaminaci\u00f3n en el r\u00edo Santiago exigen justicia en El Salto, Jalisco","author":"grieta","date":"13 febrero, 2025","format":false,"excerpt":"Imagen: Somos El Medio A 17 a\u00f1os de la muerte de Miguel \u00c1ngel L\u00f3pez Rocha, quien falleci\u00f3 intoxicado por las aguas del r\u00edo Santiago, organizaciones reportan 4,146 enfermos y 2,842 fallecidos en El Salto. Exigen acciones reales para sanear la cuenca Lerma-Santiago. Mario Marlo \/ Somos El Medio Guadalajara, Jalisco,\u2026","rel":"","context":"En &quot;CINTILLO&quot;","block_context":{"text":"CINTILLO","link":"http:\/\/www.grieta.org.mx\/index.php\/category\/cintillo\/"},"img":{"alt_text":"","src":"https:\/\/i0.wp.com\/www.grieta.org.mx\/wp-content\/uploads\/2025\/02\/El-Salto-Rio-Santiago.jpg?resize=350%2C200","width":350,"height":200,"srcset":"https:\/\/i0.wp.com\/www.grieta.org.mx\/wp-content\/uploads\/2025\/02\/El-Salto-Rio-Santiago.jpg?resize=350%2C200 1x, https:\/\/i0.wp.com\/www.grieta.org.mx\/wp-content\/uploads\/2025\/02\/El-Salto-Rio-Santiago.jpg?resize=525%2C300 1.5x, https:\/\/i0.wp.com\/www.grieta.org.mx\/wp-content\/uploads\/2025\/02\/El-Salto-Rio-Santiago.jpg?resize=700%2C400 2x, https:\/\/i0.wp.com\/www.grieta.org.mx\/wp-content\/uploads\/2025\/02\/El-Salto-Rio-Santiago.jpg?resize=1050%2C600 3x"},"classes":[]},{"id":45599,"url":"http:\/\/www.grieta.org.mx\/index.php\/2020\/03\/04\/nuestros-jovenes-estan-muriendo-reclaman-pobladores-del-rio-santiago-a-autoridades-de-salud-en-jalisco\/","url_meta":{"origin":5799,"position":4},"title":"\u201cNuestros j\u00f3venes est\u00e1n muriendo \u201d: reclaman pobladores del R\u00edo Santiago a autoridades de salud en Jalisco","author":"grieta","date":"4 marzo, 2020","format":false,"excerpt":"Foto: Eric Sandoval Pobladores de la Cuenca Lerma-Pac\u00edfico-Santiago convocaron se manifestaron frente a la Secretar\u00eda de Salud Jalisco, para exigirle a las autoridades una atenci\u00f3n inmediata a las enfermedades que han afectado a sus familiares desde hace m\u00e1s de una d\u00e9cada. Eric Sandoval \/ Zona Docs \u201cNo hay medicamento. No\u2026","rel":"","context":"En &quot;CINTILLO&quot;","block_context":{"text":"CINTILLO","link":"http:\/\/www.grieta.org.mx\/index.php\/category\/cintillo\/"},"img":{"alt_text":"","src":"https:\/\/i0.wp.com\/www.grieta.org.mx\/wp-content\/uploads\/2020\/03\/result-6-1050x640.jpg?resize=350%2C200","width":350,"height":200,"srcset":"https:\/\/i0.wp.com\/www.grieta.org.mx\/wp-content\/uploads\/2020\/03\/result-6-1050x640.jpg?resize=350%2C200 1x, https:\/\/i0.wp.com\/www.grieta.org.mx\/wp-content\/uploads\/2020\/03\/result-6-1050x640.jpg?resize=525%2C300 1.5x, https:\/\/i0.wp.com\/www.grieta.org.mx\/wp-content\/uploads\/2020\/03\/result-6-1050x640.jpg?resize=700%2C400 2x, https:\/\/i0.wp.com\/www.grieta.org.mx\/wp-content\/uploads\/2020\/03\/result-6-1050x640.jpg?resize=1050%2C600 3x"},"classes":[]},{"id":21433,"url":"http:\/\/www.grieta.org.mx\/index.php\/2016\/09\/09\/el-rio-santiago-una-catastrofe-ambiental\/","url_meta":{"origin":5799,"position":5},"title":"El R\u00edo Santiago una cat\u00e1strofe ambiental","author":"grieta","date":"9 septiembre, 2016","format":false,"excerpt":"No podemos decir que el gobierno de M\u00e9xico no est\u00e1 haciendo nada, pero s\u00ed que es insuficiente\" Mario Marlo CDMX, 9 de septiembre 2016.- El Grupo de Trabajo sobre Empresas y Derechos Humanos de la ONU calific\u00f3 como una \u201ccat\u00e1strofe ambiental\u201d lo que sucede en el R\u00edo Santiago, ubicado en\u2026","rel":"","context":"En &quot;CINTILLO&quot;","block_context":{"text":"CINTILLO","link":"http:\/\/www.grieta.org.mx\/index.php\/category\/cintillo\/"},"img":{"alt_text":"","src":"https:\/\/i0.wp.com\/www.grieta.org.mx\/wp-content\/uploads\/2018\/03\/14524434_1106112876131411_958039263622046936_o.jpg?resize=350%2C200","width":350,"height":200,"srcset":"https:\/\/i0.wp.com\/www.grieta.org.mx\/wp-content\/uploads\/2018\/03\/14524434_1106112876131411_958039263622046936_o.jpg?resize=350%2C200 1x, https:\/\/i0.wp.com\/www.grieta.org.mx\/wp-content\/uploads\/2018\/03\/14524434_1106112876131411_958039263622046936_o.jpg?resize=525%2C300 1.5x, https:\/\/i0.wp.com\/www.grieta.org.mx\/wp-content\/uploads\/2018\/03\/14524434_1106112876131411_958039263622046936_o.jpg?resize=700%2C400 2x"},"classes":[]}],"_links":{"self":[{"href":"http:\/\/www.grieta.org.mx\/index.php\/wp-json\/wp\/v2\/posts\/5799","targetHints":{"allow":["GET"]}}],"collection":[{"href":"http:\/\/www.grieta.org.mx\/index.php\/wp-json\/wp\/v2\/posts"}],"about":[{"href":"http:\/\/www.grieta.org.mx\/index.php\/wp-json\/wp\/v2\/types\/post"}],"author":[{"embeddable":true,"href":"http:\/\/www.grieta.org.mx\/index.php\/wp-json\/wp\/v2\/users\/2"}],"replies":[{"embeddable":true,"href":"http:\/\/www.grieta.org.mx\/index.php\/wp-json\/wp\/v2\/comments?post=5799"}],"version-history":[{"count":1,"href":"http:\/\/www.grieta.org.mx\/index.php\/wp-json\/wp\/v2\/posts\/5799\/revisions"}],"predecessor-version":[{"id":10898,"href":"http:\/\/www.grieta.org.mx\/index.php\/wp-json\/wp\/v2\/posts\/5799\/revisions\/10898"}],"wp:featuredmedia":[{"embeddable":true,"href":"http:\/\/www.grieta.org.mx\/index.php\/wp-json\/wp\/v2\/media\/21928"}],"wp:attachment":[{"href":"http:\/\/www.grieta.org.mx\/index.php\/wp-json\/wp\/v2\/media?parent=5799"}],"wp:term":[{"taxonomy":"category","embeddable":true,"href":"http:\/\/www.grieta.org.mx\/index.php\/wp-json\/wp\/v2\/categories?post=5799"},{"taxonomy":"post_tag","embeddable":true,"href":"http:\/\/www.grieta.org.mx\/index.php\/wp-json\/wp\/v2\/tags?post=5799"}],"curies":[{"name":"wp","href":"https:\/\/api.w.org\/{rel}","templated":true}]}}