{"id":57900,"date":"2021-03-21T00:43:37","date_gmt":"2021-03-21T06:43:37","guid":{"rendered":"http:\/\/www.grieta.org.mx\/?p=57900"},"modified":"2021-03-27T09:07:58","modified_gmt":"2021-03-27T15:07:58","slug":"cruzan-a-estados-unidos-por-reynosa-en-unas-horas-los-devuelven-por-ciudad-juarez-tamaulipas-chihuahua","status":"publish","type":"post","link":"http:\/\/www.grieta.org.mx\/index.php\/2021\/03\/21\/cruzan-a-estados-unidos-por-reynosa-en-unas-horas-los-devuelven-por-ciudad-juarez-tamaulipas-chihuahua\/","title":{"rendered":"Cruzan a Estados Unidos por Reynosa, en unas horas los devuelven por Ciudad Ju\u00e1rez (Tamaulipas\/Chihuahua)"},"content":{"rendered":"<p><strong>Migrantes centroamericanos que la ma\u00f1ana de este viernes ingresaron a Estados Unidos por Reynosa, por la tarde fueron retornados a M\u00e9xico por la frontera de Ciudad Ju\u00e1rez<\/strong>.\u00a0<strong>La mayor\u00eda son padres y madres que tienen a sus hijos en brazos<\/strong><\/p>\n<p><img loading=\"lazy\" decoding=\"async\" data-attachment-id=\"57907\" data-permalink=\"http:\/\/www.grieta.org.mx\/index.php\/2021\/03\/21\/cruzan-a-estados-unidos-por-reynosa-en-unas-horas-los-devuelven-por-ciudad-juarez-tamaulipas-chihuahua\/migrantes_reyjauregui_laverdad\/\" data-orig-file=\"http:\/\/www.grieta.org.mx\/wp-content\/uploads\/2021\/03\/Migrantes_ReyJauregui_LaVerdad.jpg\" data-orig-size=\"850,567\" data-comments-opened=\"0\" data-image-meta=\"{&quot;aperture&quot;:&quot;0&quot;,&quot;credit&quot;:&quot;&quot;,&quot;camera&quot;:&quot;&quot;,&quot;caption&quot;:&quot;&quot;,&quot;created_timestamp&quot;:&quot;0&quot;,&quot;copyright&quot;:&quot;&quot;,&quot;focal_length&quot;:&quot;0&quot;,&quot;iso&quot;:&quot;0&quot;,&quot;shutter_speed&quot;:&quot;0&quot;,&quot;title&quot;:&quot;&quot;,&quot;orientation&quot;:&quot;1&quot;}\" data-image-title=\"Migrantes_ReyJauregui_LaVerdad\" data-image-description=\"\" data-image-caption=\"\" data-medium-file=\"http:\/\/www.grieta.org.mx\/wp-content\/uploads\/2021\/03\/Migrantes_ReyJauregui_LaVerdad-300x200.jpg\" data-large-file=\"http:\/\/www.grieta.org.mx\/wp-content\/uploads\/2021\/03\/Migrantes_ReyJauregui_LaVerdad.jpg\" class=\"alignnone wp-image-57907\" src=\"http:\/\/www.grieta.org.mx\/wp-content\/uploads\/2021\/03\/Migrantes_ReyJauregui_LaVerdad.jpg\" alt=\"\" width=\"800\" height=\"534\" srcset=\"http:\/\/www.grieta.org.mx\/wp-content\/uploads\/2021\/03\/Migrantes_ReyJauregui_LaVerdad.jpg 850w, http:\/\/www.grieta.org.mx\/wp-content\/uploads\/2021\/03\/Migrantes_ReyJauregui_LaVerdad-300x200.jpg 300w, http:\/\/www.grieta.org.mx\/wp-content\/uploads\/2021\/03\/Migrantes_ReyJauregui_LaVerdad-768x512.jpg 768w, http:\/\/www.grieta.org.mx\/wp-content\/uploads\/2021\/03\/Migrantes_ReyJauregui_LaVerdad-750x500.jpg 750w\" sizes=\"auto, (max-width: 800px) 100vw, 800px\" \/><br \/>\nTexto: Ver\u00f3nica Mart\u00ednez Fotos: Rey R. J\u00e1uregui \/ La Verdad Ju\u00e1rez\/ Pi\u00e9 de P\u00e1gina<\/p>\n<p>CIUDAD JU\u00c4REZ\u2013 En una fila al pie del puente internacional Paso del Norte, decenas de migrantes esperan su traslado a un albergue en una oficina del Instituto Nacional de Migraci\u00f3n, ubicada a un costado del carril peatonal que une a esta ciudad con El Paso, Texas.<\/p>\n<p>La mayor\u00eda son padres y madres que tienen a sus hijos en brazos, mientras sostienen la mirada perdida con l\u00e1grimas contenidas. El llanto de los ni\u00f1os es ahogado por el ruido de autom\u00f3viles acelerando y el ajetreo de los peatones que atraviesan por el cruce internacional.<\/p>\n<div class=\"RIL_IMG\"><img loading=\"lazy\" decoding=\"async\" data-attachment-id=\"57901\" data-permalink=\"http:\/\/www.grieta.org.mx\/index.php\/2021\/03\/21\/cruzan-a-estados-unidos-por-reynosa-en-unas-horas-los-devuelven-por-ciudad-juarez-tamaulipas-chihuahua\/https___laverdadjuarez-com_wp-content_uploads_2021_03_migrantes_expulsadosporeu_ciudadjuarez_rey-r-jauregui-ok-1024x682\/\" data-orig-file=\"http:\/\/www.grieta.org.mx\/wp-content\/uploads\/2021\/03\/https___laverdadjuarez.com_wp-content_uploads_2021_03_Migrantes_ExpulsadosporEU_CiudadJuarez_Rey-R.-Jauregui-OK-1024x682-1.jpg\" data-orig-size=\"1024,682\" data-comments-opened=\"0\" data-image-meta=\"{&quot;aperture&quot;:&quot;0&quot;,&quot;credit&quot;:&quot;&quot;,&quot;camera&quot;:&quot;&quot;,&quot;caption&quot;:&quot;&quot;,&quot;created_timestamp&quot;:&quot;0&quot;,&quot;copyright&quot;:&quot;&quot;,&quot;focal_length&quot;:&quot;0&quot;,&quot;iso&quot;:&quot;0&quot;,&quot;shutter_speed&quot;:&quot;0&quot;,&quot;title&quot;:&quot;&quot;,&quot;orientation&quot;:&quot;0&quot;}\" data-image-title=\"https___laverdadjuarez.com_wp-content_uploads_2021_03_Migrantes_ExpulsadosporEU_CiudadJuarez_Rey-R.-Jauregui-OK-1024&amp;#215;682\" data-image-description=\"\" data-image-caption=\"\" data-medium-file=\"http:\/\/www.grieta.org.mx\/wp-content\/uploads\/2021\/03\/https___laverdadjuarez.com_wp-content_uploads_2021_03_Migrantes_ExpulsadosporEU_CiudadJuarez_Rey-R.-Jauregui-OK-1024x682-1-300x200.jpg\" data-large-file=\"http:\/\/www.grieta.org.mx\/wp-content\/uploads\/2021\/03\/https___laverdadjuarez.com_wp-content_uploads_2021_03_Migrantes_ExpulsadosporEU_CiudadJuarez_Rey-R.-Jauregui-OK-1024x682-1.jpg\" class=\"alignnone wp-image-57901\" src=\"http:\/\/www.grieta.org.mx\/wp-content\/uploads\/2021\/03\/https___laverdadjuarez.com_wp-content_uploads_2021_03_Migrantes_ExpulsadosporEU_CiudadJuarez_Rey-R.-Jauregui-OK-1024x682-1.jpg\" alt=\"\" width=\"800\" height=\"533\" srcset=\"http:\/\/www.grieta.org.mx\/wp-content\/uploads\/2021\/03\/https___laverdadjuarez.com_wp-content_uploads_2021_03_Migrantes_ExpulsadosporEU_CiudadJuarez_Rey-R.-Jauregui-OK-1024x682-1.jpg 1024w, http:\/\/www.grieta.org.mx\/wp-content\/uploads\/2021\/03\/https___laverdadjuarez.com_wp-content_uploads_2021_03_Migrantes_ExpulsadosporEU_CiudadJuarez_Rey-R.-Jauregui-OK-1024x682-1-300x200.jpg 300w, http:\/\/www.grieta.org.mx\/wp-content\/uploads\/2021\/03\/https___laverdadjuarez.com_wp-content_uploads_2021_03_Migrantes_ExpulsadosporEU_CiudadJuarez_Rey-R.-Jauregui-OK-1024x682-1-768x512.jpg 768w, http:\/\/www.grieta.org.mx\/wp-content\/uploads\/2021\/03\/https___laverdadjuarez.com_wp-content_uploads_2021_03_Migrantes_ExpulsadosporEU_CiudadJuarez_Rey-R.-Jauregui-OK-1024x682-1-751x500.jpg 751w\" sizes=\"auto, (max-width: 800px) 100vw, 800px\" \/><\/div>\n<p><img loading=\"lazy\" decoding=\"async\" data-attachment-id=\"57902\" data-permalink=\"http:\/\/www.grieta.org.mx\/index.php\/2021\/03\/21\/cruzan-a-estados-unidos-por-reynosa-en-unas-horas-los-devuelven-por-ciudad-juarez-tamaulipas-chihuahua\/https___laverdadjuarez-com_wp-content_uploads_2021_03_migrantes_expulsadosporeu_ciudadjuarez_rey-r-jauregui-02-1024x682\/\" data-orig-file=\"http:\/\/www.grieta.org.mx\/wp-content\/uploads\/2021\/03\/https___laverdadjuarez.com_wp-content_uploads_2021_03_Migrantes_ExpulsadosporEU_CiudadJuarez_Rey-R.-Jauregui-02-1024x682-1.jpeg\" data-orig-size=\"1024,682\" data-comments-opened=\"0\" data-image-meta=\"{&quot;aperture&quot;:&quot;0&quot;,&quot;credit&quot;:&quot;&quot;,&quot;camera&quot;:&quot;&quot;,&quot;caption&quot;:&quot;&quot;,&quot;created_timestamp&quot;:&quot;0&quot;,&quot;copyright&quot;:&quot;&quot;,&quot;focal_length&quot;:&quot;0&quot;,&quot;iso&quot;:&quot;0&quot;,&quot;shutter_speed&quot;:&quot;0&quot;,&quot;title&quot;:&quot;&quot;,&quot;orientation&quot;:&quot;0&quot;}\" data-image-title=\"https___laverdadjuarez.com_wp-content_uploads_2021_03_Migrantes_ExpulsadosporEU_CiudadJuarez_Rey-R.-Jauregui-02-1024&amp;#215;682\" data-image-description=\"\" data-image-caption=\"\" data-medium-file=\"http:\/\/www.grieta.org.mx\/wp-content\/uploads\/2021\/03\/https___laverdadjuarez.com_wp-content_uploads_2021_03_Migrantes_ExpulsadosporEU_CiudadJuarez_Rey-R.-Jauregui-02-1024x682-1-300x200.jpeg\" data-large-file=\"http:\/\/www.grieta.org.mx\/wp-content\/uploads\/2021\/03\/https___laverdadjuarez.com_wp-content_uploads_2021_03_Migrantes_ExpulsadosporEU_CiudadJuarez_Rey-R.-Jauregui-02-1024x682-1.jpeg\" class=\"alignnone wp-image-57902\" src=\"http:\/\/www.grieta.org.mx\/wp-content\/uploads\/2021\/03\/https___laverdadjuarez.com_wp-content_uploads_2021_03_Migrantes_ExpulsadosporEU_CiudadJuarez_Rey-R.-Jauregui-02-1024x682-1.jpeg\" alt=\"\" width=\"800\" height=\"533\" srcset=\"http:\/\/www.grieta.org.mx\/wp-content\/uploads\/2021\/03\/https___laverdadjuarez.com_wp-content_uploads_2021_03_Migrantes_ExpulsadosporEU_CiudadJuarez_Rey-R.-Jauregui-02-1024x682-1.jpeg 1024w, http:\/\/www.grieta.org.mx\/wp-content\/uploads\/2021\/03\/https___laverdadjuarez.com_wp-content_uploads_2021_03_Migrantes_ExpulsadosporEU_CiudadJuarez_Rey-R.-Jauregui-02-1024x682-1-300x200.jpeg 300w, http:\/\/www.grieta.org.mx\/wp-content\/uploads\/2021\/03\/https___laverdadjuarez.com_wp-content_uploads_2021_03_Migrantes_ExpulsadosporEU_CiudadJuarez_Rey-R.-Jauregui-02-1024x682-1-768x512.jpeg 768w, http:\/\/www.grieta.org.mx\/wp-content\/uploads\/2021\/03\/https___laverdadjuarez.com_wp-content_uploads_2021_03_Migrantes_ExpulsadosporEU_CiudadJuarez_Rey-R.-Jauregui-02-1024x682-1-751x500.jpeg 751w\" sizes=\"auto, (max-width: 800px) 100vw, 800px\" \/><\/p>\n<p>Este viernes a temprana hora entraron a Estados Unidos (EEUU) por la frontera de Reynosa, Tamaulipas, y se entregaron a autoridades estadounidenses para pedir asilo; sin embargo, para las tres de la tarde, ya hab\u00edan sido expulsados a territorio mexicano a m\u00e1s de mil kil\u00f3metros de distancia de donde cruzaron.<\/p>\n<p>\u201cCuando menos pensamos ya est\u00e1bamos de vuelta en M\u00e9xico\u201d, dice Rosa, una migrante de Guatemala, que arrib\u00f3 a esta frontera luego de cruzar M\u00e9xico con su hija de tres a\u00f1os para pasar por Tamaulipas.<\/p>\n<p>Narra que al ingresar a Estados Unidos y entregarse a los agentes de la Patrulla Fronteriza, en las oficinas de migraci\u00f3n en McAllen, Texas, les tomaron fotograf\u00edas y sus huellas dactilares. Despu\u00e9s los subieron a un autob\u00fas y finalmente a un avi\u00f3n sin darles m\u00e1s informaci\u00f3n.<\/p>\n<p>Unas horas despu\u00e9s estaban en El Paso, Texas, y finalmente en Ciudad Ju\u00e1rez.<\/p>\n<p><img loading=\"lazy\" decoding=\"async\" data-attachment-id=\"57903\" data-permalink=\"http:\/\/www.grieta.org.mx\/index.php\/2021\/03\/21\/cruzan-a-estados-unidos-por-reynosa-en-unas-horas-los-devuelven-por-ciudad-juarez-tamaulipas-chihuahua\/https___laverdadjuarez-com_wp-content_uploads_2021_03_migrantes_expulsadosporeu_ciudadjuarez_rey-r-jauregui-04-1024x682\/\" data-orig-file=\"http:\/\/www.grieta.org.mx\/wp-content\/uploads\/2021\/03\/https___laverdadjuarez.com_wp-content_uploads_2021_03_Migrantes_ExpulsadosporEU_CiudadJuarez_Rey-R.-Jauregui-04-1024x682-1.jpeg\" data-orig-size=\"1024,682\" data-comments-opened=\"0\" data-image-meta=\"{&quot;aperture&quot;:&quot;0&quot;,&quot;credit&quot;:&quot;&quot;,&quot;camera&quot;:&quot;&quot;,&quot;caption&quot;:&quot;&quot;,&quot;created_timestamp&quot;:&quot;0&quot;,&quot;copyright&quot;:&quot;&quot;,&quot;focal_length&quot;:&quot;0&quot;,&quot;iso&quot;:&quot;0&quot;,&quot;shutter_speed&quot;:&quot;0&quot;,&quot;title&quot;:&quot;&quot;,&quot;orientation&quot;:&quot;0&quot;}\" data-image-title=\"https___laverdadjuarez.com_wp-content_uploads_2021_03_Migrantes_ExpulsadosporEU_CiudadJuarez_Rey-R.-Jauregui-04-1024&amp;#215;682\" data-image-description=\"\" data-image-caption=\"\" data-medium-file=\"http:\/\/www.grieta.org.mx\/wp-content\/uploads\/2021\/03\/https___laverdadjuarez.com_wp-content_uploads_2021_03_Migrantes_ExpulsadosporEU_CiudadJuarez_Rey-R.-Jauregui-04-1024x682-1-300x200.jpeg\" data-large-file=\"http:\/\/www.grieta.org.mx\/wp-content\/uploads\/2021\/03\/https___laverdadjuarez.com_wp-content_uploads_2021_03_Migrantes_ExpulsadosporEU_CiudadJuarez_Rey-R.-Jauregui-04-1024x682-1.jpeg\" class=\"alignnone wp-image-57903\" src=\"http:\/\/www.grieta.org.mx\/wp-content\/uploads\/2021\/03\/https___laverdadjuarez.com_wp-content_uploads_2021_03_Migrantes_ExpulsadosporEU_CiudadJuarez_Rey-R.-Jauregui-04-1024x682-1.jpeg\" alt=\"\" width=\"800\" height=\"533\" srcset=\"http:\/\/www.grieta.org.mx\/wp-content\/uploads\/2021\/03\/https___laverdadjuarez.com_wp-content_uploads_2021_03_Migrantes_ExpulsadosporEU_CiudadJuarez_Rey-R.-Jauregui-04-1024x682-1.jpeg 1024w, http:\/\/www.grieta.org.mx\/wp-content\/uploads\/2021\/03\/https___laverdadjuarez.com_wp-content_uploads_2021_03_Migrantes_ExpulsadosporEU_CiudadJuarez_Rey-R.-Jauregui-04-1024x682-1-300x200.jpeg 300w, http:\/\/www.grieta.org.mx\/wp-content\/uploads\/2021\/03\/https___laverdadjuarez.com_wp-content_uploads_2021_03_Migrantes_ExpulsadosporEU_CiudadJuarez_Rey-R.-Jauregui-04-1024x682-1-768x512.jpeg 768w, http:\/\/www.grieta.org.mx\/wp-content\/uploads\/2021\/03\/https___laverdadjuarez.com_wp-content_uploads_2021_03_Migrantes_ExpulsadosporEU_CiudadJuarez_Rey-R.-Jauregui-04-1024x682-1-751x500.jpeg 751w\" sizes=\"auto, (max-width: 800px) 100vw, 800px\" \/><\/p>\n<p><img loading=\"lazy\" decoding=\"async\" data-attachment-id=\"57904\" data-permalink=\"http:\/\/www.grieta.org.mx\/index.php\/2021\/03\/21\/cruzan-a-estados-unidos-por-reynosa-en-unas-horas-los-devuelven-por-ciudad-juarez-tamaulipas-chihuahua\/https___laverdadjuarez-com_wp-content_uploads_2021_03_migrantes_expulsadosporeu_ciudadjuarez_rey-r-jauregui-10-1024x682\/\" data-orig-file=\"http:\/\/www.grieta.org.mx\/wp-content\/uploads\/2021\/03\/https___laverdadjuarez.com_wp-content_uploads_2021_03_Migrantes_ExpulsadosporEU_CiudadJuarez_Rey-R.-Jauregui-10-1024x682-1.jpeg\" data-orig-size=\"1024,682\" data-comments-opened=\"0\" data-image-meta=\"{&quot;aperture&quot;:&quot;0&quot;,&quot;credit&quot;:&quot;&quot;,&quot;camera&quot;:&quot;&quot;,&quot;caption&quot;:&quot;&quot;,&quot;created_timestamp&quot;:&quot;0&quot;,&quot;copyright&quot;:&quot;&quot;,&quot;focal_length&quot;:&quot;0&quot;,&quot;iso&quot;:&quot;0&quot;,&quot;shutter_speed&quot;:&quot;0&quot;,&quot;title&quot;:&quot;&quot;,&quot;orientation&quot;:&quot;0&quot;}\" data-image-title=\"https___laverdadjuarez.com_wp-content_uploads_2021_03_Migrantes_ExpulsadosporEU_CiudadJuarez_Rey-R.-Jauregui-10-1024&amp;#215;682\" data-image-description=\"\" data-image-caption=\"\" data-medium-file=\"http:\/\/www.grieta.org.mx\/wp-content\/uploads\/2021\/03\/https___laverdadjuarez.com_wp-content_uploads_2021_03_Migrantes_ExpulsadosporEU_CiudadJuarez_Rey-R.-Jauregui-10-1024x682-1-300x200.jpeg\" data-large-file=\"http:\/\/www.grieta.org.mx\/wp-content\/uploads\/2021\/03\/https___laverdadjuarez.com_wp-content_uploads_2021_03_Migrantes_ExpulsadosporEU_CiudadJuarez_Rey-R.-Jauregui-10-1024x682-1.jpeg\" class=\"alignnone wp-image-57904\" src=\"http:\/\/www.grieta.org.mx\/wp-content\/uploads\/2021\/03\/https___laverdadjuarez.com_wp-content_uploads_2021_03_Migrantes_ExpulsadosporEU_CiudadJuarez_Rey-R.-Jauregui-10-1024x682-1.jpeg\" alt=\"\" width=\"800\" height=\"533\" srcset=\"http:\/\/www.grieta.org.mx\/wp-content\/uploads\/2021\/03\/https___laverdadjuarez.com_wp-content_uploads_2021_03_Migrantes_ExpulsadosporEU_CiudadJuarez_Rey-R.-Jauregui-10-1024x682-1.jpeg 1024w, http:\/\/www.grieta.org.mx\/wp-content\/uploads\/2021\/03\/https___laverdadjuarez.com_wp-content_uploads_2021_03_Migrantes_ExpulsadosporEU_CiudadJuarez_Rey-R.-Jauregui-10-1024x682-1-300x200.jpeg 300w, http:\/\/www.grieta.org.mx\/wp-content\/uploads\/2021\/03\/https___laverdadjuarez.com_wp-content_uploads_2021_03_Migrantes_ExpulsadosporEU_CiudadJuarez_Rey-R.-Jauregui-10-1024x682-1-768x512.jpeg 768w, http:\/\/www.grieta.org.mx\/wp-content\/uploads\/2021\/03\/https___laverdadjuarez.com_wp-content_uploads_2021_03_Migrantes_ExpulsadosporEU_CiudadJuarez_Rey-R.-Jauregui-10-1024x682-1-751x500.jpeg 751w\" sizes=\"auto, (max-width: 800px) 100vw, 800px\" \/><\/p>\n<p>En las \u00faltimas dos semanas migrantes que cruzaron a territorio estadounidense por otras comunidades fronterizas, como Matamoros y Reynosa, son trasladados a El Paso para ser procesados y deportados por este puerto en el oeste de Texas.<\/p>\n<p>Rub\u00e9n Garc\u00eda, el director del albergue de migrantes Casa Anunciaci\u00f3n, declar\u00f3 el 8 de marzo que desde ese lunes El Paso iba a recibir dos vuelos por d\u00eda transportando 135 migrantes cada uno para ser procesados en las oficinas aduanales, seg\u00fan reportes de El Paso Matters.<\/p>\n<p>Los migrantes que ingresan por puertos de entrada en el sur de Texas son transferidos a otras ciudades fronterizas como El Paso, Del Rio y Laredo, de acuerdo con la informaci\u00f3n.<\/p>\n<p>Esta situaci\u00f3n y la creciente llegada de migrantes que se desplazan a la regi\u00f3n con la intenci\u00f3n de internarse a Estados Unidos han convertido a comunidad fronteriza en un punto de concentraci\u00f3n masiva de migrantes, que ha alertado a autoridades y grupos promigrantes en ambos lados de la frontera.<\/p>\n<p><img loading=\"lazy\" decoding=\"async\" data-attachment-id=\"57905\" data-permalink=\"http:\/\/www.grieta.org.mx\/index.php\/2021\/03\/21\/cruzan-a-estados-unidos-por-reynosa-en-unas-horas-los-devuelven-por-ciudad-juarez-tamaulipas-chihuahua\/https___laverdadjuarez-com_wp-content_uploads_2021_03_migrantes_expulsadosporeu_ciudadjuarez_rey-r-jauregui-07-1024x682\/\" data-orig-file=\"http:\/\/www.grieta.org.mx\/wp-content\/uploads\/2021\/03\/https___laverdadjuarez.com_wp-content_uploads_2021_03_Migrantes_ExpulsadosporEU_CiudadJuarez_Rey-R.-Jauregui-07-1024x682-1.jpeg\" data-orig-size=\"1024,682\" data-comments-opened=\"0\" data-image-meta=\"{&quot;aperture&quot;:&quot;0&quot;,&quot;credit&quot;:&quot;&quot;,&quot;camera&quot;:&quot;&quot;,&quot;caption&quot;:&quot;&quot;,&quot;created_timestamp&quot;:&quot;0&quot;,&quot;copyright&quot;:&quot;&quot;,&quot;focal_length&quot;:&quot;0&quot;,&quot;iso&quot;:&quot;0&quot;,&quot;shutter_speed&quot;:&quot;0&quot;,&quot;title&quot;:&quot;&quot;,&quot;orientation&quot;:&quot;0&quot;}\" data-image-title=\"https___laverdadjuarez.com_wp-content_uploads_2021_03_Migrantes_ExpulsadosporEU_CiudadJuarez_Rey-R.-Jauregui-07-1024&amp;#215;682\" data-image-description=\"\" data-image-caption=\"\" data-medium-file=\"http:\/\/www.grieta.org.mx\/wp-content\/uploads\/2021\/03\/https___laverdadjuarez.com_wp-content_uploads_2021_03_Migrantes_ExpulsadosporEU_CiudadJuarez_Rey-R.-Jauregui-07-1024x682-1-300x200.jpeg\" data-large-file=\"http:\/\/www.grieta.org.mx\/wp-content\/uploads\/2021\/03\/https___laverdadjuarez.com_wp-content_uploads_2021_03_Migrantes_ExpulsadosporEU_CiudadJuarez_Rey-R.-Jauregui-07-1024x682-1.jpeg\" class=\"alignnone wp-image-57905\" src=\"http:\/\/www.grieta.org.mx\/wp-content\/uploads\/2021\/03\/https___laverdadjuarez.com_wp-content_uploads_2021_03_Migrantes_ExpulsadosporEU_CiudadJuarez_Rey-R.-Jauregui-07-1024x682-1.jpeg\" alt=\"\" width=\"800\" height=\"533\" srcset=\"http:\/\/www.grieta.org.mx\/wp-content\/uploads\/2021\/03\/https___laverdadjuarez.com_wp-content_uploads_2021_03_Migrantes_ExpulsadosporEU_CiudadJuarez_Rey-R.-Jauregui-07-1024x682-1.jpeg 1024w, http:\/\/www.grieta.org.mx\/wp-content\/uploads\/2021\/03\/https___laverdadjuarez.com_wp-content_uploads_2021_03_Migrantes_ExpulsadosporEU_CiudadJuarez_Rey-R.-Jauregui-07-1024x682-1-300x200.jpeg 300w, http:\/\/www.grieta.org.mx\/wp-content\/uploads\/2021\/03\/https___laverdadjuarez.com_wp-content_uploads_2021_03_Migrantes_ExpulsadosporEU_CiudadJuarez_Rey-R.-Jauregui-07-1024x682-1-768x512.jpeg 768w, http:\/\/www.grieta.org.mx\/wp-content\/uploads\/2021\/03\/https___laverdadjuarez.com_wp-content_uploads_2021_03_Migrantes_ExpulsadosporEU_CiudadJuarez_Rey-R.-Jauregui-07-1024x682-1-751x500.jpeg 751w\" sizes=\"auto, (max-width: 800px) 100vw, 800px\" \/><\/p>\n<p><img loading=\"lazy\" decoding=\"async\" data-attachment-id=\"57906\" data-permalink=\"http:\/\/www.grieta.org.mx\/index.php\/2021\/03\/21\/cruzan-a-estados-unidos-por-reynosa-en-unas-horas-los-devuelven-por-ciudad-juarez-tamaulipas-chihuahua\/https___laverdadjuarez-com_wp-content_uploads_2021_03_migrantes_expulsadosporeu_ciudadjuarez_rey-r-jauregui-06-1024x682\/\" data-orig-file=\"http:\/\/www.grieta.org.mx\/wp-content\/uploads\/2021\/03\/https___laverdadjuarez.com_wp-content_uploads_2021_03_Migrantes_ExpulsadosporEU_CiudadJuarez_Rey-R.-Jauregui-06-1024x682-1.jpeg\" data-orig-size=\"1024,682\" data-comments-opened=\"0\" data-image-meta=\"{&quot;aperture&quot;:&quot;0&quot;,&quot;credit&quot;:&quot;&quot;,&quot;camera&quot;:&quot;&quot;,&quot;caption&quot;:&quot;&quot;,&quot;created_timestamp&quot;:&quot;0&quot;,&quot;copyright&quot;:&quot;&quot;,&quot;focal_length&quot;:&quot;0&quot;,&quot;iso&quot;:&quot;0&quot;,&quot;shutter_speed&quot;:&quot;0&quot;,&quot;title&quot;:&quot;&quot;,&quot;orientation&quot;:&quot;0&quot;}\" data-image-title=\"https___laverdadjuarez.com_wp-content_uploads_2021_03_Migrantes_ExpulsadosporEU_CiudadJuarez_Rey-R.-Jauregui-06-1024&amp;#215;682\" data-image-description=\"\" data-image-caption=\"\" data-medium-file=\"http:\/\/www.grieta.org.mx\/wp-content\/uploads\/2021\/03\/https___laverdadjuarez.com_wp-content_uploads_2021_03_Migrantes_ExpulsadosporEU_CiudadJuarez_Rey-R.-Jauregui-06-1024x682-1-300x200.jpeg\" data-large-file=\"http:\/\/www.grieta.org.mx\/wp-content\/uploads\/2021\/03\/https___laverdadjuarez.com_wp-content_uploads_2021_03_Migrantes_ExpulsadosporEU_CiudadJuarez_Rey-R.-Jauregui-06-1024x682-1.jpeg\" class=\"alignnone wp-image-57906\" src=\"http:\/\/www.grieta.org.mx\/wp-content\/uploads\/2021\/03\/https___laverdadjuarez.com_wp-content_uploads_2021_03_Migrantes_ExpulsadosporEU_CiudadJuarez_Rey-R.-Jauregui-06-1024x682-1.jpeg\" alt=\"\" width=\"800\" height=\"533\" srcset=\"http:\/\/www.grieta.org.mx\/wp-content\/uploads\/2021\/03\/https___laverdadjuarez.com_wp-content_uploads_2021_03_Migrantes_ExpulsadosporEU_CiudadJuarez_Rey-R.-Jauregui-06-1024x682-1.jpeg 1024w, http:\/\/www.grieta.org.mx\/wp-content\/uploads\/2021\/03\/https___laverdadjuarez.com_wp-content_uploads_2021_03_Migrantes_ExpulsadosporEU_CiudadJuarez_Rey-R.-Jauregui-06-1024x682-1-300x200.jpeg 300w, http:\/\/www.grieta.org.mx\/wp-content\/uploads\/2021\/03\/https___laverdadjuarez.com_wp-content_uploads_2021_03_Migrantes_ExpulsadosporEU_CiudadJuarez_Rey-R.-Jauregui-06-1024x682-1-768x512.jpeg 768w, http:\/\/www.grieta.org.mx\/wp-content\/uploads\/2021\/03\/https___laverdadjuarez.com_wp-content_uploads_2021_03_Migrantes_ExpulsadosporEU_CiudadJuarez_Rey-R.-Jauregui-06-1024x682-1-751x500.jpeg 751w\" sizes=\"auto, (max-width: 800px) 100vw, 800px\" \/><\/p>\n<p>Adriana Cadena, coordinadora de la Alianza de Reforma Migratoria para Texas (RITA, por sus siglas en ingl\u00e9s), dice que es \u201cpoco realista trasladar a migrantes de una frontera a la otra\u201d.<\/p>\n<p>\u201cEl procesamiento de individuos ha sido muy ca\u00f3tico y esta administraci\u00f3n no estaba preparada para manejar esta situaci\u00f3n\u201d, afirma Cadena, durante una conferencia de prensa virtual que este viernes ofrecieron organizaciones y l\u00edderes de El Paso a favor de los derechos de migrantes.<\/p>\n<p>\u201cCreo que hay oportunidades para hacer esto mejor y hay soluciones diferentes\u201d, dice, \u201ceso es en lo que tiene que trabajar esta administraci\u00f3n ahora\u201d.<\/p>\n<p>En esa misma conferencia, la congresista dem\u00f3crata Ver\u00f3nica Escobar, habl\u00f3 del trabajo que organizaciones de El Paso han hecho para recibir a migrantes en la regi\u00f3n y la necesidad de dedicar fondos para un sistema migratorio seguro y eficaz.<\/p>\n<p>\u201cLos migrantes que est\u00e1n huyendo por sus vidas y huyendo de situaciones que son insostenibles por ellos no est\u00e1n haciendo esto porque es un viaje f\u00e1cil o porque sea su primera opci\u00f3n. Esta es su \u00faltima opci\u00f3n\u201d, dice Escobar.<\/p>\n<p>A metros de distancia de la conferencia, en el puente internacional, Rosa da sus datos a una oficial mexicana de Migraci\u00f3n y pide medicamento para su hija. Estaba rodeada por cerca de 10 familias, con algunas personas tosiendo bajo los cubrebocas que les brind\u00f3 el Grupo Beta al arribar de este lado de la frontera.<\/p>\n<p>Al acercarle un term\u00f3metro digital, un oficial le dijo que no se preocupara, ya que su hija ten\u00eda una temperatura de solo 37 grados. Rosa la cargaba apoy\u00e1ndola en sus piernas, mientras la menor com\u00eda dulces que agentes aduanales le hab\u00edan dado.<\/p>\n<p>\u201cNi siquiera nos dieron entrevista ni oportunidad para llamar a un familiar, solo nos tomaron las huellas y nos llevaron\u201d dice Rosa rompiendo en llanto. La migrante parti\u00f3 de Guatemala hace quince d\u00edas por la falta de empleo y miedo a grupos delictivos.<\/p>\n<p>\u201cAll\u00e1 no hay trabajo y uno no tiene donde vivir\u201d, comenta Rosa. \u201cDecidir a viajar es la \u00fanica opci\u00f3n que le queda a uno.\u201d<\/p>\n<p>Esta nota fue realizada por el equipo de LA VERDAD, que forma parte de la Alianza de Medios de la Red de Periodistas de a Pie.<\/p>\n<p><a href=\"https:\/\/piedepagina.mx\/cruzan-a-estados-unidos-por-reynosa-en-unas-horas-los-devuelven-por-ciudad-juarez\/\" target=\"_blank\" rel=\"noopener\">https:\/\/piedepagina.mx\/cruzan-a-estados-unidos-por-reynosa-en-unas-horas-los-devuelven-por-ciudad-juarez\/<\/a><\/p>\n","protected":false},"excerpt":{"rendered":"<p>Migrantes centroamericanos que la ma\u00f1ana de este viernes ingresaron a Estados Unidos por Reynosa, por la tarde fueron retornados a M\u00e9xico por la frontera de Ciudad Ju\u00e1rez.\u00a0La mayor\u00eda son padres &hellip; <a href=\"http:\/\/www.grieta.org.mx\/index.php\/2021\/03\/21\/cruzan-a-estados-unidos-por-reynosa-en-unas-horas-los-devuelven-por-ciudad-juarez-tamaulipas-chihuahua\/\" class=\"more-link\">Leer m\u00e1s<\/a><\/p>\n","protected":false},"author":2,"featured_media":57907,"comment_status":"closed","ping_status":"closed","sticky":false,"template":"","format":"standard","meta":{"ngg_post_thumbnail":0,"_jetpack_newsletter_access":"","_jetpack_dont_email_post_to_subs":false,"_jetpack_newsletter_tier_id":0,"_jetpack_memberships_contains_paywalled_content":false,"_jetpack_memberships_contains_paid_content":false,"footnotes":""},"categories":[80,86,2627,2124,2,24,33,83],"tags":[2779,3241,3529,158,3464],"class_list":["post-57900","post","type-post","status-publish","format-standard","has-post-thumbnail","hentry","category-cintillo","category-migrantes","category-migrantes-en-nuevo-leon","category-migrantes-en-tamaulipas","category-noticias-nacionales","category-nuevo-leon","category-tamaulipas","category-temas-nacionales","tag-alineacion-de-amlo-con-politica-antimigrante-de-eu","tag-covid-19","tag-deportaciones-expres","tag-migrantes","tag-ninos","entry"],"jetpack_featured_media_url":"http:\/\/www.grieta.org.mx\/wp-content\/uploads\/2021\/03\/Migrantes_ReyJauregui_LaVerdad.jpg","jetpack_sharing_enabled":true,"jetpack_shortlink":"https:\/\/wp.me\/p7ZJR4-f3S","jetpack_likes_enabled":false,"jetpack-related-posts":[{"id":34058,"url":"http:\/\/www.grieta.org.mx\/index.php\/2019\/05\/29\/rescatan-a-19-migrantes-en-reynosa-tamaulipas\/","url_meta":{"origin":57900,"position":0},"title":"Rescatan a 19 migrantes en Reynosa, Tamaulipas","author":"grieta","date":"29 mayo, 2019","format":false,"excerpt":"Tamaulipas en l\u00ednea Reynosa, Tamaulipas.- La Secretar\u00eda de Seguridad P\u00fablica inform\u00f3 que la tarde de este martes rescat\u00f3 a 19 migrantes, tres de ellos menores de edad y cuatro mujeres, cuya intenci\u00f3n era cruzar hacia Estados Unidos. De acuerdo con reportes policiales, cerca de las 16:55 horas, tiempo local, elementos\u2026","rel":"","context":"En &quot;CINTILLO&quot;","block_context":{"text":"CINTILLO","link":"http:\/\/www.grieta.org.mx\/index.php\/category\/cintillo\/"},"img":{"alt_text":"","src":"https:\/\/i0.wp.com\/www.grieta.org.mx\/wp-content\/uploads\/2019\/06\/Rescatan-a-19-migrantes-en-Reynosa-Tamaulipas-jun.jpg?resize=350%2C200","width":350,"height":200,"srcset":"https:\/\/i0.wp.com\/www.grieta.org.mx\/wp-content\/uploads\/2019\/06\/Rescatan-a-19-migrantes-en-Reynosa-Tamaulipas-jun.jpg?resize=350%2C200 1x, https:\/\/i0.wp.com\/www.grieta.org.mx\/wp-content\/uploads\/2019\/06\/Rescatan-a-19-migrantes-en-Reynosa-Tamaulipas-jun.jpg?resize=525%2C300 1.5x, https:\/\/i0.wp.com\/www.grieta.org.mx\/wp-content\/uploads\/2019\/06\/Rescatan-a-19-migrantes-en-Reynosa-Tamaulipas-jun.jpg?resize=700%2C400 2x"},"classes":[]},{"id":51582,"url":"http:\/\/www.grieta.org.mx\/index.php\/2020\/07\/03\/eua-deporta-a-2-mil-migrantes-por-reynosa-tamaulipas\/","url_meta":{"origin":57900,"position":1},"title":"EUA deporta a 2 mil migrantes por Reynosa (Tamaulipas)","author":"grieta","date":"3 julio, 2020","format":false,"excerpt":"Carolina Garza\/Milenio 3 julio 2020 Entre la poblaci\u00f3n migrante se ha tratado que tomen de forma individual sus medidas preventivas. Migrantes | Cortes\u00eda Junio cerr\u00f3 con mas de 2 mil mexicanos deportados por Reynosa, frontera donde han llegado cerca de 30 migrantes con dictamen de \u201crecuperado\u201d de covid-19. \u201cLlevamos alrededor\u2026","rel":"","context":"En &quot;CINTILLO&quot;","block_context":{"text":"CINTILLO","link":"http:\/\/www.grieta.org.mx\/index.php\/category\/cintillo\/"},"img":{"alt_text":"","src":"https:\/\/i0.wp.com\/www.grieta.org.mx\/wp-content\/uploads\/2020\/07\/migrantes-africanos-cubanos-haitianos-buscan_0_22_958_595.jpg?resize=350%2C200","width":350,"height":200,"srcset":"https:\/\/i0.wp.com\/www.grieta.org.mx\/wp-content\/uploads\/2020\/07\/migrantes-africanos-cubanos-haitianos-buscan_0_22_958_595.jpg?resize=350%2C200 1x, https:\/\/i0.wp.com\/www.grieta.org.mx\/wp-content\/uploads\/2020\/07\/migrantes-africanos-cubanos-haitianos-buscan_0_22_958_595.jpg?resize=525%2C300 1.5x, https:\/\/i0.wp.com\/www.grieta.org.mx\/wp-content\/uploads\/2020\/07\/migrantes-africanos-cubanos-haitianos-buscan_0_22_958_595.jpg?resize=700%2C400 2x"},"classes":[]},{"id":51386,"url":"http:\/\/www.grieta.org.mx\/index.php\/2020\/06\/23\/protestan-migrantes-y-provocan-cierre-de-puente-en-matamoros-tamaulipas\/","url_meta":{"origin":57900,"position":2},"title":"Protestan migrantes y provocan cierre de puente en Matamoros (Tamaulipas)","author":"grieta","date":"23 junio, 2020","format":false,"excerpt":"Jaime Jim\u00e9nez\/El Sol de Tampico 23 junio 2020 Fue cerrado por espacio de horas despu\u00e9s que un grupo de migrantes intent\u00f3 cruzar a los Estados Unidos de manera forzosa El puente nuevo internacional de Matamoros, Tamaulipas fue cerrado por algunas horas | Jaime Jim\u00e9nez | El Sol de Tampico Reynosa,\u2026","rel":"","context":"En &quot;CINTILLO&quot;","block_context":{"text":"CINTILLO","link":"http:\/\/www.grieta.org.mx\/index.php\/category\/cintillo\/"},"img":{"alt_text":"","src":"https:\/\/i0.wp.com\/www.grieta.org.mx\/wp-content\/uploads\/2020\/06\/WhatsApp-Image-2020-06-23-at-11.38.34.jpeg?resize=350%2C200","width":350,"height":200,"srcset":"https:\/\/i0.wp.com\/www.grieta.org.mx\/wp-content\/uploads\/2020\/06\/WhatsApp-Image-2020-06-23-at-11.38.34.jpeg?resize=350%2C200 1x, https:\/\/i0.wp.com\/www.grieta.org.mx\/wp-content\/uploads\/2020\/06\/WhatsApp-Image-2020-06-23-at-11.38.34.jpeg?resize=525%2C300 1.5x, https:\/\/i0.wp.com\/www.grieta.org.mx\/wp-content\/uploads\/2020\/06\/WhatsApp-Image-2020-06-23-at-11.38.34.jpeg?resize=700%2C400 2x"},"classes":[]},{"id":31598,"url":"http:\/\/www.grieta.org.mx\/index.php\/2019\/03\/30\/han-interceptado-a-779-migrantes-en-tamaulipas\/","url_meta":{"origin":57900,"position":3},"title":"Han interceptado a 779 migrantes en Tamaulipas","author":"grieta","date":"30 marzo, 2019","format":false,"excerpt":"Alfredo Pe\u00f1a \/ Excelsior En lo que ha sido la ciudad de Reynosa se han asegurado 491 personas mientras que Nuevo Laredo hay 209 y recientemente en lo que es Ciudad Victoria fueron 35 indocumentados REYNOSA, Tamaulipas. En lo que a sido estos dos meses el Instituto Nacional de Migraci\u00f3n\u2026","rel":"","context":"En &quot;CINTILLO&quot;","block_context":{"text":"CINTILLO","link":"http:\/\/www.grieta.org.mx\/index.php\/category\/cintillo\/"},"img":{"alt_text":"","src":"https:\/\/i0.wp.com\/www.grieta.org.mx\/wp-content\/uploads\/2019\/04\/Han-interceptado-a-779-migrantes-en-Tamaulipas-abr.jpg?resize=350%2C200","width":350,"height":200,"srcset":"https:\/\/i0.wp.com\/www.grieta.org.mx\/wp-content\/uploads\/2019\/04\/Han-interceptado-a-779-migrantes-en-Tamaulipas-abr.jpg?resize=350%2C200 1x, https:\/\/i0.wp.com\/www.grieta.org.mx\/wp-content\/uploads\/2019\/04\/Han-interceptado-a-779-migrantes-en-Tamaulipas-abr.jpg?resize=525%2C300 1.5x"},"classes":[]},{"id":32448,"url":"http:\/\/www.grieta.org.mx\/index.php\/2019\/04\/23\/saturan-albergue-para-migrantes-en-reynosa-tamaulipas\/","url_meta":{"origin":57900,"position":4},"title":"Saturan albergue para migrantes en Reynosa (Tamaulipas)","author":"grieta","date":"23 abril, 2019","format":false,"excerpt":"Carolina Garza \/ Milenio Derivado a la reciente crisis migratoria en la frontera entre M\u00e9xico y Estados Unidos. El albergue Nuestra Se\u00f1ora de Guadalupe en Reynosa tambi\u00e9n se ha visto afectado por la reciente crisis migratoria en la frontera entre M\u00e9xico y Estados Unidos, dejando como resultado que en promedio\u2026","rel":"","context":"En &quot;CINTILLO&quot;","block_context":{"text":"CINTILLO","link":"http:\/\/www.grieta.org.mx\/index.php\/category\/cintillo\/"},"img":{"alt_text":"","src":"https:\/\/i0.wp.com\/www.grieta.org.mx\/wp-content\/uploads\/2019\/04\/Saturan-albergue-para-migrantes-en-Reynosa-tama-abr.jpg?resize=350%2C200","width":350,"height":200,"srcset":"https:\/\/i0.wp.com\/www.grieta.org.mx\/wp-content\/uploads\/2019\/04\/Saturan-albergue-para-migrantes-en-Reynosa-tama-abr.jpg?resize=350%2C200 1x, https:\/\/i0.wp.com\/www.grieta.org.mx\/wp-content\/uploads\/2019\/04\/Saturan-albergue-para-migrantes-en-Reynosa-tama-abr.jpg?resize=525%2C300 1.5x, https:\/\/i0.wp.com\/www.grieta.org.mx\/wp-content\/uploads\/2019\/04\/Saturan-albergue-para-migrantes-en-Reynosa-tama-abr.jpg?resize=700%2C400 2x"},"classes":[]},{"id":33151,"url":"http:\/\/www.grieta.org.mx\/index.php\/2019\/05\/07\/saturado-albergue-de-migrantes-en-reynosa-tamaulipas\/","url_meta":{"origin":57900,"position":5},"title":"Saturado albergue de migrantes en Reynosa (Tamaulipas)","author":"grieta","date":"7 mayo, 2019","format":false,"excerpt":"Carolina Garza \/ Milenio El inmueble tiene una capacidad para 150 y actualmente atiende a cerca de 400 personas que esperan ser llamados por Estados Unidos. Con casas de campa\u00f1a y colchonetas, y la comida al l\u00edmite de sus posibilidades, el Albergue Senda de Vida en la frontera de Reynosa,\u2026","rel":"","context":"En &quot;CINTILLO&quot;","block_context":{"text":"CINTILLO","link":"http:\/\/www.grieta.org.mx\/index.php\/category\/cintillo\/"},"img":{"alt_text":"","src":"https:\/\/i0.wp.com\/www.grieta.org.mx\/wp-content\/uploads\/2019\/05\/Saturado-albergue-de-migrantes-en-Reynosa-tama-may.jpeg?resize=350%2C200","width":350,"height":200,"srcset":"https:\/\/i0.wp.com\/www.grieta.org.mx\/wp-content\/uploads\/2019\/05\/Saturado-albergue-de-migrantes-en-Reynosa-tama-may.jpeg?resize=350%2C200 1x, https:\/\/i0.wp.com\/www.grieta.org.mx\/wp-content\/uploads\/2019\/05\/Saturado-albergue-de-migrantes-en-Reynosa-tama-may.jpeg?resize=525%2C300 1.5x, https:\/\/i0.wp.com\/www.grieta.org.mx\/wp-content\/uploads\/2019\/05\/Saturado-albergue-de-migrantes-en-Reynosa-tama-may.jpeg?resize=700%2C400 2x"},"classes":[]}],"_links":{"self":[{"href":"http:\/\/www.grieta.org.mx\/index.php\/wp-json\/wp\/v2\/posts\/57900","targetHints":{"allow":["GET"]}}],"collection":[{"href":"http:\/\/www.grieta.org.mx\/index.php\/wp-json\/wp\/v2\/posts"}],"about":[{"href":"http:\/\/www.grieta.org.mx\/index.php\/wp-json\/wp\/v2\/types\/post"}],"author":[{"embeddable":true,"href":"http:\/\/www.grieta.org.mx\/index.php\/wp-json\/wp\/v2\/users\/2"}],"replies":[{"embeddable":true,"href":"http:\/\/www.grieta.org.mx\/index.php\/wp-json\/wp\/v2\/comments?post=57900"}],"version-history":[{"count":1,"href":"http:\/\/www.grieta.org.mx\/index.php\/wp-json\/wp\/v2\/posts\/57900\/revisions"}],"predecessor-version":[{"id":57937,"href":"http:\/\/www.grieta.org.mx\/index.php\/wp-json\/wp\/v2\/posts\/57900\/revisions\/57937"}],"wp:featuredmedia":[{"embeddable":true,"href":"http:\/\/www.grieta.org.mx\/index.php\/wp-json\/wp\/v2\/media\/57907"}],"wp:attachment":[{"href":"http:\/\/www.grieta.org.mx\/index.php\/wp-json\/wp\/v2\/media?parent=57900"}],"wp:term":[{"taxonomy":"category","embeddable":true,"href":"http:\/\/www.grieta.org.mx\/index.php\/wp-json\/wp\/v2\/categories?post=57900"},{"taxonomy":"post_tag","embeddable":true,"href":"http:\/\/www.grieta.org.mx\/index.php\/wp-json\/wp\/v2\/tags?post=57900"}],"curies":[{"name":"wp","href":"https:\/\/api.w.org\/{rel}","templated":true}]}}