{"id":57855,"date":"2021-03-14T13:51:25","date_gmt":"2021-03-14T19:51:25","guid":{"rendered":"http:\/\/www.grieta.org.mx\/?p=57855"},"modified":"2021-03-23T14:15:40","modified_gmt":"2021-03-23T20:15:40","slug":"fiscalia-de-guanajuato-tardo-7-meses-en-entregar-restos-de-dos-jovenes-ya-identificados","status":"publish","type":"post","link":"http:\/\/www.grieta.org.mx\/index.php\/2021\/03\/14\/fiscalia-de-guanajuato-tardo-7-meses-en-entregar-restos-de-dos-jovenes-ya-identificados\/","title":{"rendered":"Fiscal\u00eda de Guanajuato tard\u00f3 7 meses en entregar restos de dos j\u00f3venes ya identificados"},"content":{"rendered":"<blockquote><p><strong>Las familias de David Lorenzo Pizano L\u00f3pez, de 19 a\u00f1os, y Mart\u00edn Delgado Calero, de 32, denunciaron la lentitud de las autoridades. Un plant\u00f3n mostr\u00f3 esta semana el descontento de los colectivos con la Fiscal\u00eda. <\/strong><\/p><\/blockquote>\n<figure id=\"attachment_57857\" aria-describedby=\"caption-attachment-57857\" style=\"width: 750px\" class=\"wp-caption alignnone\"><img loading=\"lazy\" decoding=\"async\" data-attachment-id=\"57857\" data-permalink=\"http:\/\/www.grieta.org.mx\/index.php\/2021\/03\/14\/fiscalia-de-guanajuato-tardo-7-meses-en-entregar-restos-de-dos-jovenes-ya-identificados\/colectivo-encuentra-siete-cuerpos-enterrados-en-el-patio-de-una-casa-en-menos-de-una-semana\/\" data-orig-file=\"http:\/\/www.grieta.org.mx\/wp-content\/uploads\/2021\/03\/cuartoscuro_794418_digital.jpeg\" data-orig-size=\"1920,1280\" data-comments-opened=\"0\" data-image-meta=\"{&quot;aperture&quot;:&quot;0&quot;,&quot;credit&quot;:&quot;Omar Mart\\u00ednez&quot;,&quot;camera&quot;:&quot;&quot;,&quot;caption&quot;:&quot;TIJUANA, BAJA CALIFORNIA, 09ENERO2021.- Integrantes del colectivo Una Naci\\u00f3n Buscando T, integrado por familiares de desaparecidos, lozalizaron el s\\u00e9ptimo cuerpo enterrado en un predio del ejido Maclovio Rojas. Por quinto d\\u00eda consecutivo los activistas exploraron en el lugar tras recibir una llamada an\\u00f3nima que los alertaba. Elementos de la Fiscal\\u00eda General del Estado (FGE) encontraron un cuerpo al acudir al lugar y posteriormente el colectivo encontr\\u00f3 m\\u00e1s restos hasta sumar siete cuerpos la tarde del viernes, esto desp\\u00faes de solicitar permiso al Ministerio P\\u00fablico.  El operativo de b\\u00fasqueda continuar\\u00e1 durante los pr\\u00f3ximos d\\u00edas con el fin de encontrar indicios de m\\u00e1s personas. FOTO: OMAR MART\\u00cdNEZ \/CUARTOSCURO.COM&quot;,&quot;created_timestamp&quot;:&quot;1610136738&quot;,&quot;copyright&quot;:&quot;Omar Mart\\u00ednez @Cuartoscuro&quot;,&quot;focal_length&quot;:&quot;0&quot;,&quot;iso&quot;:&quot;0&quot;,&quot;shutter_speed&quot;:&quot;0&quot;,&quot;title&quot;:&quot;Colectivo encuentra siete cuerpos enterrados en el patio de una casa en menos de una semana.&quot;,&quot;orientation&quot;:&quot;0&quot;}\" data-image-title=\"Colectivo encuentra siete cuerpos enterrados en el patio de una casa en menos de una semana.\" data-image-description=\"\" data-image-caption=\"&lt;p&gt;Foto: Cuartoscuro&lt;\/p&gt;\n\" data-medium-file=\"http:\/\/www.grieta.org.mx\/wp-content\/uploads\/2021\/03\/cuartoscuro_794418_digital-300x200.jpeg\" data-large-file=\"http:\/\/www.grieta.org.mx\/wp-content\/uploads\/2021\/03\/cuartoscuro_794418_digital-1024x683.jpeg\" class=\"wp-image-57857\" src=\"http:\/\/www.grieta.org.mx\/wp-content\/uploads\/2021\/03\/cuartoscuro_794418_digital.jpeg\" alt=\"\" width=\"750\" height=\"500\" srcset=\"http:\/\/www.grieta.org.mx\/wp-content\/uploads\/2021\/03\/cuartoscuro_794418_digital.jpeg 1920w, http:\/\/www.grieta.org.mx\/wp-content\/uploads\/2021\/03\/cuartoscuro_794418_digital-300x200.jpeg 300w, http:\/\/www.grieta.org.mx\/wp-content\/uploads\/2021\/03\/cuartoscuro_794418_digital-1024x683.jpeg 1024w, http:\/\/www.grieta.org.mx\/wp-content\/uploads\/2021\/03\/cuartoscuro_794418_digital-768x512.jpeg 768w, http:\/\/www.grieta.org.mx\/wp-content\/uploads\/2021\/03\/cuartoscuro_794418_digital-1536x1024.jpeg 1536w, http:\/\/www.grieta.org.mx\/wp-content\/uploads\/2021\/03\/cuartoscuro_794418_digital-750x500.jpeg 750w\" sizes=\"auto, (max-width: 750px) 100vw, 750px\" \/><figcaption id=\"caption-attachment-57857\" class=\"wp-caption-text\">Foto: Cuartoscuro<\/figcaption><\/figure>\n<p>Alberto Pradilla,<br \/>\nAnimal Pol\u00edtico, 14 de marzo de 2021<\/p>\n<p>David Lorenzo Pizano L\u00f3pez, de 19 a\u00f1os, sali\u00f3 de su casa en Juventino Rosas, Guanajuato, el 7 de agosto de 2020. Su madre, Mar\u00eda Guadalupe L\u00f3pez, recuerda que eran las 21:30 horas porque le pareci\u00f3 muy tarde. \u201cVoy y vuelvo\u201d, respondi\u00f3 su hijo. Pero no volvi\u00f3.<\/p>\n<p>Un mes despu\u00e9s los restos del joven fueron hallados en una fosa junto a los de dos amigos: Mart\u00edn Delgado Calero y J. Cruz Garc\u00eda. Solo la familia del \u00faltimo, que lo reconoci\u00f3 por un tatuaje, pudo recuperar sus restos. Los otros dos, aunque tambi\u00e9n fueron identificados, tardaron m\u00e1s de siete meses en ser entregados a sus familiares. Todo este tiempo lo pasaron en el Servicio M\u00e9dico Forense (Semefo) de Celaya.\u201cEs un dolor y una desesperaci\u00f3n muy grande, saber que est\u00e1 ah\u00ed y que no puedes hacer nada\u201d, dec\u00eda Mar\u00eda Guadalupe L\u00f3pez, d\u00edas antes de que la Fiscal\u00eda General del Estado (FGE) hiciera entrega de los restos. Finalmente, el viernes 12 ambas familias pudieron velar a sus allegados para posteriormente darles sepultura.<\/p>\n<p>Animal Pol\u00edtico contact\u00f3 con la Fiscal\u00eda General del Estado de Guanajuato para conocer su versi\u00f3n, pero al cierre de la edici\u00f3n no hab\u00eda recibido respuesta.<\/p>\n<p>Poco se sabe de qu\u00e9 ocurri\u00f3 aquella noche del 7 de agosto en la que David desapareci\u00f3 con sus compa\u00f1eros. Alguien dijo luego a las familias que los j\u00f3venes hab\u00edan sido secuestrados por personas que viajaban en una camioneta blanca. Una triste historia demasiado habitual en Guanajuato, el estado que concentra el 15% de los asesinatos de todo el pa\u00eds.<\/p>\n<p>Seg\u00fan datos de la Comisi\u00f3n Nacional de B\u00fasqueda, Guanajuato es el segundo estado con mayor n\u00famero de desaparecidos en los dos \u00faltimos a\u00f1os, solo superado por Jalisco.<\/p>\n<p>\u201cLo empezamos a buscar, s\u00e1bado en la ma\u00f1ana, en la tarde, en la noche. El domingo desde tempranas horas. Pero nada\u201d, dice L\u00f3pez.<\/p>\n<p>Tras dos d\u00edas buscando metieron el reporte de desaparecido en el Ministerio P\u00fablico de Juventino Rosas.<\/p>\n<p>La respuesta la recibieron un mes despu\u00e9s.<\/p>\n<p>\u201cLlegamos y el licenciado nos dijo que lo sent\u00eda mucho que eran nuestros familiares\u201d, explica.<\/p>\n<p>Los criminales los hab\u00edan descuartizado, as\u00ed que los restos no estaban completos. En el caso de su hijo, lo que encontraron era la parte del tronco hasta los pies, un cr\u00e1neo y una mano.<\/p>\n<p>Al d\u00eda siguiente fueron a Guanajuato a hacerse pruebas de ADN. Sin embargo, antes pasaron por el Semefo de Celaya para hacer el reconocimiento. \u201cEl que pod\u00eda ser mi hijo, sus restos, tra\u00edan un pantal\u00f3n y unos tenis id\u00e9nticos a los que le compr\u00e9\u201d, asegura.<\/p>\n<p>Ella estaba convencida: ese era su hijo.<\/p>\n<p>Sin embargo, tardaron tres meses en recibir una nueva comunicaci\u00f3n. La FGE le pidi\u00f3 que llevara al pap\u00e1 del joven, ya que los resultados no estaban claros.<\/p>\n<p>Al no encontrarse cerca esta persona, recurrieron al abuelo paterno, que se hizo las pruebas. Era el mes de noviembre y L\u00f3pez estaba segura de que esos restos eran de su hijo David. Lo mismo ocurr\u00eda con la familia de Mart\u00edn, que tuvo que enviar al pap\u00e1 a entregar su ADN nuevamente.<\/p>\n<p>Ambas familias siguieron esperando sin recibir respuesta. Hasta que L\u00f3pez entr\u00f3 en contacto con el colectivo Luz y Justicia, uno de los doce formados en Guanajuato por familiares de desaparecidos. Tras varias gestiones recibieron la confirmaci\u00f3n de lo que ya sab\u00edan: que esos restos eran los de sus hijos.<\/p>\n<p>Finalmente, los restos fueron entregados el viernes 12 de marzo.<\/p>\n<p>\u201cYo no quiero saber qui\u00e9n fue o qui\u00e9n lo hizo. Solo quiero dar sagrada sepultura. Ya no quiero saber m\u00e1s\u201d, asegura.<\/p>\n<p>La mujer se muestra molesta con el trato recibido en Fiscal\u00eda. Fueron m\u00e1s de siete meses con su hijo identificado y sin poder sacarlo del Semefo. Siete meses en los que se practicaron dos pruebas distintas de ADN. \u201cNo se si no saben hacer, o est\u00e1n muy excesos en trabajo. Ha habido demasiado muerto, pero si no llegamos a meternos en el colectivo no sabemos si estar\u00edamos todav\u00eda esperando\u201d, protesta. \u201cSe pod\u00edan haber entregado desde el principio, ya estaban identificados\u201d, insiste.<\/p>\n<p>\u201cEste caso ejemplifica dos cosas: la falta de capacidad para la identificaci\u00f3n forense, ya que tardan meses en entregar resultados, y la sa\u00f1a con la que est\u00e1n actuando los grupos criminales, ya que los cuerpos estaban desmembrados\u201d, explica Raymundo Sandoval, investigador e integrante de la Plataforma por la Paz de Guanajuato.<\/p>\n<p>El malestar de los colectivos con la fiscal\u00eda no se limita a este caso aislado. De hecho, familiares de desaparecidos mantienen desde el pasado lunes un plant\u00f3n frente al Teatro Ju\u00e1rez en Guanajuato, que no levantaron a pesar de mantener una reuni\u00f3n con el titular Carlos Zamarripa. El detonante de esta protesta fue la exhumaci\u00f3n de restos que se hab\u00edan encontrado en El Sauz de Villase\u00f1or, Celaya, y que se retiraron sin contar con los familiares durante el fin de semana.<\/p>\n<p><a href=\"https:\/\/www.animalpolitico.com\/2021\/03\/fiscalia-guanajuato-7-meses-entregar-restos-jovenes-identificados\/\">https:\/\/www.animalpolitico.com\/2021\/03\/fiscalia-guanajuato-7-meses-entregar-restos-jovenes-identificados\/<\/a><\/p>\n","protected":false},"excerpt":{"rendered":"<p>Las familias de David Lorenzo Pizano L\u00f3pez, de 19 a\u00f1os, y Mart\u00edn Delgado Calero, de 32, denunciaron la lentitud de las autoridades. Un plant\u00f3n mostr\u00f3 esta semana el descontento de &hellip; <a href=\"http:\/\/www.grieta.org.mx\/index.php\/2021\/03\/14\/fiscalia-de-guanajuato-tardo-7-meses-en-entregar-restos-de-dos-jovenes-ya-identificados\/\" class=\"more-link\">Leer m\u00e1s<\/a><\/p>\n","protected":false},"author":2,"featured_media":57857,"comment_status":"closed","ping_status":"closed","sticky":false,"template":"","format":"standard","meta":{"ngg_post_thumbnail":0,"_jetpack_newsletter_access":"","_jetpack_dont_email_post_to_subs":false,"_jetpack_newsletter_tier_id":0,"_jetpack_memberships_contains_paywalled_content":false,"_jetpack_memberships_contains_paid_content":false,"footnotes":""},"categories":[80,87,368,1432,17,2910],"tags":[1828,3018,2220,1228,1635],"class_list":["post-57855","post","type-post","status-publish","format-standard","has-post-thumbnail","hentry","category-cintillo","category-desaparecidos","category-desaparecidos-analisis","category-desaparecidos-en-guanajuato","category-guanajuato","category-resistencias-en-guanajuato","tag-busqueda-de-desaparecidos","tag-colectivos-de-busqueda-de-desaparecidos","tag-colectivos-rastreadores-de-desaparecidos","tag-protestas-por-desaparecidos","tag-rastreadoras-de-desaparecidos","entry"],"jetpack_featured_media_url":"http:\/\/www.grieta.org.mx\/wp-content\/uploads\/2021\/03\/cuartoscuro_794418_digital.jpeg","jetpack_sharing_enabled":true,"jetpack_shortlink":"https:\/\/wp.me\/p7ZJR4-f39","jetpack_likes_enabled":false,"jetpack-related-posts":[{"id":57634,"url":"http:\/\/www.grieta.org.mx\/index.php\/2021\/03\/09\/colectivos-de-busqueda-inician-planton-en-el-teatro-juarez-de-guanajuato\/","url_meta":{"origin":57855,"position":0},"title":"Colectivos de b\u00fasqueda inician plant\u00f3n en el Teatro Ju\u00e1rez de Guanajuato","author":"grieta","date":"9 marzo, 2021","format":false,"excerpt":"Redaci\u00f3n Notus 09 de marzo de 2021 Guanajuato, Gto.- Los colectivos de b\u00fasqueda, \u201cHasta encontrarte\u201d, \u201cSalamanca unidos buscando desaparecidos\u201d, \u201cColectivo buscadoras\u201d, \u201cLuz y Justicia\u201d y \u201cProyecto de b\u00fasqueda Guanajuato\u201d, son los colectivos que se reunieron el d\u00eda de hoy con casas de campa\u00f1a para plantarse en las escalinatas del Teatro\u2026","rel":"","context":"En &quot;CINTILLO&quot;","block_context":{"text":"CINTILLO","link":"http:\/\/www.grieta.org.mx\/index.php\/category\/cintillo\/"},"img":{"alt_text":"","src":"https:\/\/i0.wp.com\/www.grieta.org.mx\/wp-content\/uploads\/2021\/03\/https-_i1.wp.com_notus.com_.mx_wp-content_uploads_2021_03_colectivo-de-busqueda-planton-teatro-juazrez-1.jpgresize7082C398ssl1.jpg?resize=350%2C200","width":350,"height":200,"srcset":"https:\/\/i0.wp.com\/www.grieta.org.mx\/wp-content\/uploads\/2021\/03\/https-_i1.wp.com_notus.com_.mx_wp-content_uploads_2021_03_colectivo-de-busqueda-planton-teatro-juazrez-1.jpgresize7082C398ssl1.jpg?resize=350%2C200 1x, https:\/\/i0.wp.com\/www.grieta.org.mx\/wp-content\/uploads\/2021\/03\/https-_i1.wp.com_notus.com_.mx_wp-content_uploads_2021_03_colectivo-de-busqueda-planton-teatro-juazrez-1.jpgresize7082C398ssl1.jpg?resize=525%2C300 1.5x, https:\/\/i0.wp.com\/www.grieta.org.mx\/wp-content\/uploads\/2021\/03\/https-_i1.wp.com_notus.com_.mx_wp-content_uploads_2021_03_colectivo-de-busqueda-planton-teatro-juazrez-1.jpgresize7082C398ssl1.jpg?resize=700%2C400 2x"},"classes":[]},{"id":57720,"url":"http:\/\/www.grieta.org.mx\/index.php\/2021\/03\/09\/buscadoras-de-desaparecidos-instalan-planton-en-guanajuato\/","url_meta":{"origin":57855,"position":1},"title":"Buscadoras de desaparecidos instalan plant\u00f3n en Guanajuato","author":"grieta","date":"9 marzo, 2021","format":false,"excerpt":"Mujeres que buscan a sus familiares desaparecidos instalaron un plant\u00f3n en Guanajuato luego de que la Fiscal\u00eda rompiera acuerdos para la recuperaci\u00f3n de restos humanos hallados en Celaya. Por Ver\u00f3nica Espinosa Proceso, martes, 9 de marzo de 2021 GUANAJUATO, Gto., (apro).- Molestas por la falta de cumplimiento de compromisos asumidos\u2026","rel":"","context":"En &quot;CINTILLO&quot;","block_context":{"text":"CINTILLO","link":"http:\/\/www.grieta.org.mx\/index.php\/category\/cintillo\/"},"img":{"alt_text":"","src":"https:\/\/i0.wp.com\/www.grieta.org.mx\/wp-content\/uploads\/2018\/03\/14524434_1106112876131411_958039263622046936_o.jpg?resize=350%2C200","width":350,"height":200,"srcset":"https:\/\/i0.wp.com\/www.grieta.org.mx\/wp-content\/uploads\/2018\/03\/14524434_1106112876131411_958039263622046936_o.jpg?resize=350%2C200 1x, https:\/\/i0.wp.com\/www.grieta.org.mx\/wp-content\/uploads\/2018\/03\/14524434_1106112876131411_958039263622046936_o.jpg?resize=525%2C300 1.5x, https:\/\/i0.wp.com\/www.grieta.org.mx\/wp-content\/uploads\/2018\/03\/14524434_1106112876131411_958039263622046936_o.jpg?resize=700%2C400 2x"},"classes":[]},{"id":64238,"url":"http:\/\/www.grieta.org.mx\/index.php\/2022\/05\/13\/colectivos-hallan-18-cuerpos-en-fosa-clandestina-de-guanajuato\/","url_meta":{"origin":57855,"position":2},"title":"Colectivos hallan 18 cuerpos en fosa clandestina de Guanajuato","author":"grieta","date":"13 mayo, 2022","format":false,"excerpt":"El colectivo \u201cMadres Guerreras de Le\u00f3n\u201d informaron que recuperaron los restos de 10 hombres y ocho mujeres, que fueron inhumados; en un punto cercano a la comunidad de Comanja, fue desmantelado un centro de operaciones del C\u00e1rtel Jalisco Nueva Generaci\u00f3n en noviembre del 2020. Por Ver\u00f3nica Espinosa, Proceso viernes, 13\u2026","rel":"","context":"En &quot;CINTILLO&quot;","block_context":{"text":"CINTILLO","link":"http:\/\/www.grieta.org.mx\/index.php\/category\/cintillo\/"},"img":{"alt_text":"","src":"https:\/\/i0.wp.com\/www.grieta.org.mx\/wp-content\/uploads\/2022\/05\/f800x450-154748_206194_5050.jpg?resize=350%2C200","width":350,"height":200,"srcset":"https:\/\/i0.wp.com\/www.grieta.org.mx\/wp-content\/uploads\/2022\/05\/f800x450-154748_206194_5050.jpg?resize=350%2C200 1x, https:\/\/i0.wp.com\/www.grieta.org.mx\/wp-content\/uploads\/2022\/05\/f800x450-154748_206194_5050.jpg?resize=525%2C300 1.5x, https:\/\/i0.wp.com\/www.grieta.org.mx\/wp-content\/uploads\/2022\/05\/f800x450-154748_206194_5050.jpg?resize=700%2C400 2x"},"classes":[]},{"id":57226,"url":"http:\/\/www.grieta.org.mx\/index.php\/2021\/02\/21\/familiares-de-desaparecidos-piden-transparentar-busqueda-en-guanajuato\/","url_meta":{"origin":57855,"position":3},"title":"Familiares de desaparecidos piden transparentar b\u00fasqueda en Guanajuato","author":"grieta","date":"21 febrero, 2021","format":false,"excerpt":"\u00a0 Familiares de v\u00edctimas de desaparici\u00f3n forzada en Guanajuato pidieron a las autoridades que les informen sobre la b\u00fasqueda de restos, debido a que no son invitados por el sem\u00e1foro epidemiol\u00f3gico rojo en la entidad \u00a0 Por Ver\u00f3nica Espinosa \/ Proceso, domingo, 21 de febrero de 2021 GUANAJUATO, Gto. (proceso.com.mx).\u2013\u2026","rel":"","context":"En &quot;CINTILLO&quot;","block_context":{"text":"CINTILLO","link":"http:\/\/www.grieta.org.mx\/index.php\/category\/cintillo\/"},"img":{"alt_text":"","src":"https:\/\/i0.wp.com\/www.grieta.org.mx\/wp-content\/uploads\/2021\/02\/f800x450-128062_179508_5050.jpg?resize=350%2C200","width":350,"height":200,"srcset":"https:\/\/i0.wp.com\/www.grieta.org.mx\/wp-content\/uploads\/2021\/02\/f800x450-128062_179508_5050.jpg?resize=350%2C200 1x, https:\/\/i0.wp.com\/www.grieta.org.mx\/wp-content\/uploads\/2021\/02\/f800x450-128062_179508_5050.jpg?resize=525%2C300 1.5x, https:\/\/i0.wp.com\/www.grieta.org.mx\/wp-content\/uploads\/2021\/02\/f800x450-128062_179508_5050.jpg?resize=700%2C400 2x"},"classes":[]},{"id":51977,"url":"http:\/\/www.grieta.org.mx\/index.php\/2020\/07\/15\/tambien-nos-puede-escuchar-familiares-de-desaparecidos-en-guanajuato-a-amlo\/","url_meta":{"origin":57855,"position":4},"title":"&#8216;Tambi\u00e9n nos puede escuchar&#8217; : familiares de desaparecidos en Guanajuato a AMLO","author":"grieta","date":"15 julio, 2020","format":false,"excerpt":"Con informaci\u00f3n de Redacci\u00f3n Animal Pol\u00edtico, 15 de julio de 2020 Familiares de personas desaparecidas en Guanajuato se reunieron frete a la XII Regi\u00f3n Militar, en donde se realiza la conferencia matutina del presidente Andr\u00e9s Manuel L\u00f3pez Obrador, acompa\u00f1ado del gobernador del estado, Diego Sinhue Rodr\u00edguez, y otros miembros del\u2026","rel":"","context":"En &quot;CINTILLO&quot;","block_context":{"text":"CINTILLO","link":"http:\/\/www.grieta.org.mx\/index.php\/category\/cintillo\/"},"img":{"alt_text":"","src":"https:\/\/i0.wp.com\/www.grieta.org.mx\/wp-content\/uploads\/2020\/07\/WhatsApp-Image-2020-07-15-at-09.16.07.jpeg?resize=350%2C200","width":350,"height":200,"srcset":"https:\/\/i0.wp.com\/www.grieta.org.mx\/wp-content\/uploads\/2020\/07\/WhatsApp-Image-2020-07-15-at-09.16.07.jpeg?resize=350%2C200 1x, https:\/\/i0.wp.com\/www.grieta.org.mx\/wp-content\/uploads\/2020\/07\/WhatsApp-Image-2020-07-15-at-09.16.07.jpeg?resize=525%2C300 1.5x"},"classes":[]},{"id":58761,"url":"http:\/\/www.grieta.org.mx\/index.php\/2021\/03\/20\/colectivos-hallan-un-cuerpo-en-cortazar-y-las-autoridades-los-ignoran\/","url_meta":{"origin":57855,"position":5},"title":"Colectivos hallan un cuerpo en Cortazar&#8230; y las autoridades los ignoran (Guanajuato)","author":"grieta","date":"20 marzo, 2021","format":false,"excerpt":"Colectivos de familiares de personas desaparecidas en Guanajuato ubicaron los restos de una persona en Cortazar, y aunque llamaron a diferentes instancias estatales y municipales, ninguna se present\u00f3 en el lugar. Por Ver\u00f3nica Espinosa \/ Proceso, s\u00e1bado, 20 de marzo de 2021 GUANAJUATO, Gto., (proceso.com.mx).- Integrantes de colectivos de familiares\u2026","rel":"","context":"En &quot;CINTILLO&quot;","block_context":{"text":"CINTILLO","link":"http:\/\/www.grieta.org.mx\/index.php\/category\/cintillo\/"},"img":{"alt_text":"","src":"https:\/\/i0.wp.com\/www.grieta.org.mx\/wp-content\/uploads\/2021\/04\/f800x450-132110_183556_5050.jpg?resize=350%2C200","width":350,"height":200,"srcset":"https:\/\/i0.wp.com\/www.grieta.org.mx\/wp-content\/uploads\/2021\/04\/f800x450-132110_183556_5050.jpg?resize=350%2C200 1x, https:\/\/i0.wp.com\/www.grieta.org.mx\/wp-content\/uploads\/2021\/04\/f800x450-132110_183556_5050.jpg?resize=525%2C300 1.5x, https:\/\/i0.wp.com\/www.grieta.org.mx\/wp-content\/uploads\/2021\/04\/f800x450-132110_183556_5050.jpg?resize=700%2C400 2x"},"classes":[]}],"_links":{"self":[{"href":"http:\/\/www.grieta.org.mx\/index.php\/wp-json\/wp\/v2\/posts\/57855","targetHints":{"allow":["GET"]}}],"collection":[{"href":"http:\/\/www.grieta.org.mx\/index.php\/wp-json\/wp\/v2\/posts"}],"about":[{"href":"http:\/\/www.grieta.org.mx\/index.php\/wp-json\/wp\/v2\/types\/post"}],"author":[{"embeddable":true,"href":"http:\/\/www.grieta.org.mx\/index.php\/wp-json\/wp\/v2\/users\/2"}],"replies":[{"embeddable":true,"href":"http:\/\/www.grieta.org.mx\/index.php\/wp-json\/wp\/v2\/comments?post=57855"}],"version-history":[{"count":1,"href":"http:\/\/www.grieta.org.mx\/index.php\/wp-json\/wp\/v2\/posts\/57855\/revisions"}],"predecessor-version":[{"id":57860,"href":"http:\/\/www.grieta.org.mx\/index.php\/wp-json\/wp\/v2\/posts\/57855\/revisions\/57860"}],"wp:featuredmedia":[{"embeddable":true,"href":"http:\/\/www.grieta.org.mx\/index.php\/wp-json\/wp\/v2\/media\/57857"}],"wp:attachment":[{"href":"http:\/\/www.grieta.org.mx\/index.php\/wp-json\/wp\/v2\/media?parent=57855"}],"wp:term":[{"taxonomy":"category","embeddable":true,"href":"http:\/\/www.grieta.org.mx\/index.php\/wp-json\/wp\/v2\/categories?post=57855"},{"taxonomy":"post_tag","embeddable":true,"href":"http:\/\/www.grieta.org.mx\/index.php\/wp-json\/wp\/v2\/tags?post=57855"}],"curies":[{"name":"wp","href":"https:\/\/api.w.org\/{rel}","templated":true}]}}