{"id":57706,"date":"2021-03-10T15:39:01","date_gmt":"2021-03-10T21:39:01","guid":{"rendered":"http:\/\/www.grieta.org.mx\/?p=57706"},"modified":"2021-03-15T15:44:28","modified_gmt":"2021-03-15T21:44:28","slug":"denuncian-el-despido-de-reporteros-en-jalisco-por-presiones-de-enrique-alfaro-jalisco","status":"publish","type":"post","link":"http:\/\/www.grieta.org.mx\/index.php\/2021\/03\/10\/denuncian-el-despido-de-reporteros-en-jalisco-por-presiones-de-enrique-alfaro-jalisco\/","title":{"rendered":"Denuncian el despido de reporteros en Jalisco por presiones de Enrique Alfaro (Jalisco)"},"content":{"rendered":"<p><img loading=\"lazy\" decoding=\"async\" data-attachment-id=\"57707\" data-permalink=\"http:\/\/www.grieta.org.mx\/index.php\/2021\/03\/10\/denuncian-el-despido-de-reporteros-en-jalisco-por-presiones-de-enrique-alfaro-jalisco\/f800x450-131517_182963_5129\/\" data-orig-file=\"http:\/\/www.grieta.org.mx\/wp-content\/uploads\/2021\/03\/f800x450-131517_182963_5129.jpg\" data-orig-size=\"800,450\" data-comments-opened=\"0\" data-image-meta=\"{&quot;aperture&quot;:&quot;0&quot;,&quot;credit&quot;:&quot;&quot;,&quot;camera&quot;:&quot;&quot;,&quot;caption&quot;:&quot;&quot;,&quot;created_timestamp&quot;:&quot;0&quot;,&quot;copyright&quot;:&quot;&quot;,&quot;focal_length&quot;:&quot;0&quot;,&quot;iso&quot;:&quot;0&quot;,&quot;shutter_speed&quot;:&quot;0&quot;,&quot;title&quot;:&quot;&quot;,&quot;orientation&quot;:&quot;0&quot;}\" data-image-title=\"f800x450-131517_182963_5129\" data-image-description=\"\" data-image-caption=\"\" data-medium-file=\"http:\/\/www.grieta.org.mx\/wp-content\/uploads\/2021\/03\/f800x450-131517_182963_5129-300x169.jpg\" data-large-file=\"http:\/\/www.grieta.org.mx\/wp-content\/uploads\/2021\/03\/f800x450-131517_182963_5129.jpg\" class=\" wp-image-57707 aligncenter\" src=\"http:\/\/www.grieta.org.mx\/wp-content\/uploads\/2021\/03\/f800x450-131517_182963_5129.jpg\" alt=\"\" width=\"800\" height=\"451\" srcset=\"http:\/\/www.grieta.org.mx\/wp-content\/uploads\/2021\/03\/f800x450-131517_182963_5129.jpg 800w, http:\/\/www.grieta.org.mx\/wp-content\/uploads\/2021\/03\/f800x450-131517_182963_5129-300x169.jpg 300w, http:\/\/www.grieta.org.mx\/wp-content\/uploads\/2021\/03\/f800x450-131517_182963_5129-768x432.jpg 768w\" sizes=\"auto, (max-width: 800px) 100vw, 800px\" \/><\/p>\n<p>Foto: Twitter<\/p>\n<p>Gloria Reza M. \/ Proceso<\/p>\n<p>GUADALAJARA, Jal. (apro).- Luego de que reporteros del noticiario radiof\u00f3nico MVS noticias Jalisco denunciaron que fueron despedidos por presi\u00f3n del gobierno del estado, la organizaci\u00f3n Art\u00edculo 19 exhort\u00f3 a Enrique Alfaro \u201ca tolerar el escrutinio p\u00fablico\u201d.<\/p>\n<p>Adem\u00e1s, exigi\u00f3 al mandatario estatal a reconocer que \u201cel derecho a la libertad de expresi\u00f3n no debe estar condicionado por los contratos de publicidad ya que hacerlo constituye censura previa y limita la l\u00ednea editorial de los medios de comunicaci\u00f3n y de las y los periodistas que les conforman\u201d.<\/p>\n<p>A la vez, urgi\u00f3 al gobierno estatal a ser tolerante a las cr\u00edticas emitidas en los diversos medios de comunicaci\u00f3n, \u201csiguiendo el esquema de protecci\u00f3n dual establecido por la Suprema Corte de la Naci\u00f3n, que obliga a que en su calidad de servidor p\u00fablico debe aceptar expresiones que sean cr\u00edticas\u201d.<\/p>\n<p>Los reporteros despedidos de MVS Occidente en su comunicado expusieron que las presiones hacia ellos comenzaron en 2019, a dos de ellos a ra\u00edz de que participaron en el ejercicio del an\u00e1lisis del primer informe.<\/p>\n<p>En 2020, la presi\u00f3n lleg\u00f3 al grado de que su director, Jorge Mart\u00ednez del Campo revisaba sus cuentas de redes personales, y les dec\u00eda que ciertas publicaciones no permit\u00edan una mayor negociaci\u00f3n para recibir pauta publicitaria.<\/p>\n<p>El equipo fue despedido el pasado 5 de febrero, so pretexto de la falta de recursos. Sin embargo, se percataron que se abri\u00f3 en esta semana un nuevo noticiario con mayor presupuesto.<\/p>\n<p><a href=\"https:\/\/www.proceso.com.mx\/nacional\/estados\/2021\/3\/10\/denuncian-el-despido-de-reporteros-en-jalisco-por-presiones-de-enrique-alfaro-259795.html\">https:\/\/www.proceso.com.mx\/nacional\/estados\/2021\/3\/10\/denuncian-el-despido-de-reporteros-en-jalisco-por-presiones-de-enrique-alfaro-259795.html<\/a><\/p>\n","protected":false},"excerpt":{"rendered":"<p>Foto: Twitter Gloria Reza M. \/ Proceso GUADALAJARA, Jal. (apro).- Luego de que reporteros del noticiario radiof\u00f3nico MVS noticias Jalisco denunciaron que fueron despedidos por presi\u00f3n del gobierno del estado, &hellip; <a href=\"http:\/\/www.grieta.org.mx\/index.php\/2021\/03\/10\/denuncian-el-despido-de-reporteros-en-jalisco-por-presiones-de-enrique-alfaro-jalisco\/\" class=\"more-link\">Leer m\u00e1s<\/a><\/p>\n","protected":false},"author":2,"featured_media":57707,"comment_status":"closed","ping_status":"closed","sticky":false,"template":"","format":"standard","meta":{"ngg_post_thumbnail":0,"_jetpack_newsletter_access":"","_jetpack_dont_email_post_to_subs":false,"_jetpack_newsletter_tier_id":0,"_jetpack_memberships_contains_paywalled_content":false,"_jetpack_memberships_contains_paid_content":false,"footnotes":""},"categories":[80,20,2,83,88,2108],"tags":[2474,2331],"class_list":["post-57706","post","type-post","status-publish","format-standard","has-post-thumbnail","hentry","category-cintillo","category-jalisco","category-noticias-nacionales","category-temas-nacionales","category-violencia-contra-periodistas","category-violencia-contra-periodistas-en-jalisco","tag-acoso-contra-periodistas","tag-violencia-conta-periodistas","entry"],"jetpack_featured_media_url":"http:\/\/www.grieta.org.mx\/wp-content\/uploads\/2021\/03\/f800x450-131517_182963_5129.jpg","jetpack_sharing_enabled":true,"jetpack_shortlink":"https:\/\/wp.me\/p7ZJR4-f0K","jetpack_likes_enabled":false,"jetpack-related-posts":[{"id":62893,"url":"http:\/\/www.grieta.org.mx\/index.php\/2021\/12\/09\/cuestionarnoesatacar-periodistas-de-jalisco-exigen-un-alto-a-la-violencia-en-su-contra\/","url_meta":{"origin":57706,"position":0},"title":"#CuestionarNoEsAtacar: Periodistas de Jalisco exigen un alto a la violencia en su contra","author":"grieta","date":"9 diciembre, 2021","format":false,"excerpt":"Foto: Zona Docs Redacci\u00f3n \/ Zona Docs En solidaridad con la periodista, Roc\u00edo L\u00f3pez Fonseca,\u00a0una centena de periodistas, mediante la publicaci\u00f3n de un comunicado, solicitaron la intervenci\u00f3n de\u00a0Art\u00edculo 19, la Comisi\u00f3n Nacional de los Derechos Humanos (CNDH) y de la Relator\u00eda Especial para la Libertad de Expresi\u00f3n de la Comisi\u00f3n\u2026","rel":"","context":"En &quot;CINTILLO&quot;","block_context":{"text":"CINTILLO","link":"http:\/\/www.grieta.org.mx\/index.php\/category\/cintillo\/"},"img":{"alt_text":"","src":"https:\/\/i0.wp.com\/www.grieta.org.mx\/wp-content\/uploads\/2021\/12\/FGNAbKOVkAIp9aU-1068x801-1.jpeg?resize=350%2C200","width":350,"height":200,"srcset":"https:\/\/i0.wp.com\/www.grieta.org.mx\/wp-content\/uploads\/2021\/12\/FGNAbKOVkAIp9aU-1068x801-1.jpeg?resize=350%2C200 1x, https:\/\/i0.wp.com\/www.grieta.org.mx\/wp-content\/uploads\/2021\/12\/FGNAbKOVkAIp9aU-1068x801-1.jpeg?resize=525%2C300 1.5x, https:\/\/i0.wp.com\/www.grieta.org.mx\/wp-content\/uploads\/2021\/12\/FGNAbKOVkAIp9aU-1068x801-1.jpeg?resize=700%2C400 2x, https:\/\/i0.wp.com\/www.grieta.org.mx\/wp-content\/uploads\/2021\/12\/FGNAbKOVkAIp9aU-1068x801-1.jpeg?resize=1050%2C600 3x"},"classes":[]},{"id":65049,"url":"http:\/\/www.grieta.org.mx\/index.php\/2022\/08\/31\/en-jalisco-mecanismos-de-proteccion-a-periodistas-existen-solo-en-el-papel\/","url_meta":{"origin":57706,"position":1},"title":"En Jalisco mecanismos de protecci\u00f3n a periodistas existen s\u00f3lo en el papel","author":"grieta","date":"31 agosto, 2022","format":false,"excerpt":"Imagen Jorge Alberto Mendoza Redacci\u00f3n \/ El Diario En M\u00e9xico, la protecci\u00f3n de los defensores y periodistas \u00fanicamente est\u00e1 en el papel, las comisiones encargadas no son homog\u00e9neas ni cuentan con presupuesto o personal capacitado. En Jalisco, durante la administraci\u00f3n de Jorge Arist\u00f3teles Sandoval se cre\u00f3 un consejo, nombr\u00f3 a\u2026","rel":"","context":"En &quot;CINTILLO&quot;","block_context":{"text":"CINTILLO","link":"http:\/\/www.grieta.org.mx\/index.php\/category\/cintillo\/"},"img":{"alt_text":"","src":"https:\/\/i0.wp.com\/www.grieta.org.mx\/wp-content\/uploads\/2022\/09\/2022-08-31_05-08-23___4264.jpg?resize=350%2C200","width":350,"height":200,"srcset":"https:\/\/i0.wp.com\/www.grieta.org.mx\/wp-content\/uploads\/2022\/09\/2022-08-31_05-08-23___4264.jpg?resize=350%2C200 1x, https:\/\/i0.wp.com\/www.grieta.org.mx\/wp-content\/uploads\/2022\/09\/2022-08-31_05-08-23___4264.jpg?resize=525%2C300 1.5x, https:\/\/i0.wp.com\/www.grieta.org.mx\/wp-content\/uploads\/2022\/09\/2022-08-31_05-08-23___4264.jpg?resize=700%2C400 2x"},"classes":[]},{"id":63217,"url":"http:\/\/www.grieta.org.mx\/index.php\/2022\/01\/25\/exigen-periodistas-de-puerto-vallarta-un-cese-a-la-violencia-contra-el-gremio-jalisco\/","url_meta":{"origin":57706,"position":2},"title":"Exigen periodistas de Puerto Vallarta un cese a la violencia contra el gremio (Jalisco)","author":"grieta","date":"25 enero, 2022","format":false,"excerpt":"Foto: Zona Docs Periodistas de Puerto Vallarta, Jalisco, tambi\u00e9n se sumaron a la Movilizaci\u00f3n Nacional #PeriodismoEnRiesgo y desde el malec\u00f3n exigieron condiciones de seguridad para ejercer su trabajo, as\u00ed mismo exhortaron al gobierno para que ninguna del cr\u00edmenes cometidos contra periodistas quede impune. Leslie Zepeda\/ Zona Docs Tras el asesinato\u2026","rel":"","context":"En &quot;CINTILLO&quot;","block_context":{"text":"CINTILLO","link":"http:\/\/www.grieta.org.mx\/index.php\/category\/cintillo\/"},"img":{"alt_text":"","src":"https:\/\/i0.wp.com\/www.grieta.org.mx\/wp-content\/uploads\/2022\/01\/Unknown-20-2-768x512-1.jpeg?resize=350%2C200","width":350,"height":200,"srcset":"https:\/\/i0.wp.com\/www.grieta.org.mx\/wp-content\/uploads\/2022\/01\/Unknown-20-2-768x512-1.jpeg?resize=350%2C200 1x, https:\/\/i0.wp.com\/www.grieta.org.mx\/wp-content\/uploads\/2022\/01\/Unknown-20-2-768x512-1.jpeg?resize=525%2C300 1.5x, https:\/\/i0.wp.com\/www.grieta.org.mx\/wp-content\/uploads\/2022\/01\/Unknown-20-2-768x512-1.jpeg?resize=700%2C400 2x"},"classes":[]},{"id":28990,"url":"http:\/\/www.grieta.org.mx\/index.php\/2019\/02\/06\/enrique-alfaro-esta-obligado-a-tolerar-el-escrutinio-publico-article-19-jalisco\/","url_meta":{"origin":57706,"position":3},"title":"Enrique Alfaro est\u00e1 obligado a tolerar el escrutinio p\u00fablico: Article 19 (Jalisco)","author":"grieta","date":"6 febrero, 2019","format":false,"excerpt":"Redacci\u00f3n\/NTR Guadalajara. Despu\u00e9s de que el gobernador Enrique Alfaro descalificara las notas de NTR Guadalajara y se negara a responder los cuestionamientos de dicho medio, Article 19 se pronunci\u00f3 y se\u00f1al\u00f3 que al ser una figura p\u00fablica y autoridad debe respetar, promover, proteger y garantizar el ejercicio de los derechos\u2026","rel":"","context":"En &quot;CINTILLO&quot;","block_context":{"text":"CINTILLO","link":"http:\/\/www.grieta.org.mx\/index.php\/category\/cintillo\/"},"img":{"alt_text":"","src":"https:\/\/i0.wp.com\/www.grieta.org.mx\/wp-content\/uploads\/2019\/02\/2019-02-06_07-02-58___1847.jpg?resize=350%2C200","width":350,"height":200,"srcset":"https:\/\/i0.wp.com\/www.grieta.org.mx\/wp-content\/uploads\/2019\/02\/2019-02-06_07-02-58___1847.jpg?resize=350%2C200 1x, https:\/\/i0.wp.com\/www.grieta.org.mx\/wp-content\/uploads\/2019\/02\/2019-02-06_07-02-58___1847.jpg?resize=525%2C300 1.5x, https:\/\/i0.wp.com\/www.grieta.org.mx\/wp-content\/uploads\/2019\/02\/2019-02-06_07-02-58___1847.jpg?resize=700%2C400 2x"},"classes":[]},{"id":63214,"url":"http:\/\/www.grieta.org.mx\/index.php\/2022\/01\/25\/nosematalaverdad-periodistas-de-jalisco-exigen-justicia-para-lourdes-margarito-y-jose-luis\/","url_meta":{"origin":57706,"position":4},"title":"#NoSeMataLaVerdad: Periodistas de Jalisco exigen justicia para Lourdes, Margarito y Jos\u00e9 Luis","author":"grieta","date":"25 enero, 2022","format":false,"excerpt":"Foto: Darwin Fanco En el marco de la Movilizaci\u00f3n Nacional #PeriodismoEnRiesgo, periodistas de Jalisco se conjuntaron para alzar la voz y exigir justicia para Lourdes Maldonado, Margarito Mart\u00ednez y Jos\u00e9 Luis Gamboa, periodistas asesinados en los \u00faltimos 15 d\u00edas. Tambi\u00e9n recordaron las acciones de hostigamiento y represi\u00f3n que desde el\u2026","rel":"","context":"En &quot;CINTILLO&quot;","block_context":{"text":"CINTILLO","link":"http:\/\/www.grieta.org.mx\/index.php\/category\/cintillo\/"},"img":{"alt_text":"","src":"https:\/\/i0.wp.com\/www.grieta.org.mx\/wp-content\/uploads\/2022\/01\/Unknown-31-696x522-1.jpeg?resize=350%2C200","width":350,"height":200,"srcset":"https:\/\/i0.wp.com\/www.grieta.org.mx\/wp-content\/uploads\/2022\/01\/Unknown-31-696x522-1.jpeg?resize=350%2C200 1x, https:\/\/i0.wp.com\/www.grieta.org.mx\/wp-content\/uploads\/2022\/01\/Unknown-31-696x522-1.jpeg?resize=525%2C300 1.5x"},"classes":[]},{"id":68358,"url":"http:\/\/www.grieta.org.mx\/index.php\/2024\/01\/08\/jalisco-segundo-lugar-en-agresiones-a-periodistas-mujeres\/","url_meta":{"origin":57706,"position":5},"title":"Jalisco: segundo lugar en agresiones a periodistas mujeres","author":"grieta","date":"8 enero, 2024","format":false,"excerpt":"Imagen: Especial Le\u00f3n Forte \/ Perimetral El estado de Jalisco ocupa el segundo lugar dentro de las entidades con mayor cantidad de atentados contra mujeres periodistas en el \u00faltimo trimestre de 2023. De acuerdo\u00a0al registro del Programa de Libertad de Expresi\u00f3n y G\u00e9nero, de la organizaci\u00f3n Comunicaci\u00f3n e Informaci\u00f3n de\u2026","rel":"","context":"En &quot;CINTILLO&quot;","block_context":{"text":"CINTILLO","link":"http:\/\/www.grieta.org.mx\/index.php\/category\/cintillo\/"},"img":{"alt_text":"","src":"https:\/\/i0.wp.com\/www.grieta.org.mx\/wp-content\/uploads\/2024\/01\/foto-francisco-rodriguez-occi.webp?resize=350%2C200","width":350,"height":200,"srcset":"https:\/\/i0.wp.com\/www.grieta.org.mx\/wp-content\/uploads\/2024\/01\/foto-francisco-rodriguez-occi.webp?resize=350%2C200 1x, https:\/\/i0.wp.com\/www.grieta.org.mx\/wp-content\/uploads\/2024\/01\/foto-francisco-rodriguez-occi.webp?resize=525%2C300 1.5x, https:\/\/i0.wp.com\/www.grieta.org.mx\/wp-content\/uploads\/2024\/01\/foto-francisco-rodriguez-occi.webp?resize=700%2C400 2x, https:\/\/i0.wp.com\/www.grieta.org.mx\/wp-content\/uploads\/2024\/01\/foto-francisco-rodriguez-occi.webp?resize=1050%2C600 3x"},"classes":[]}],"_links":{"self":[{"href":"http:\/\/www.grieta.org.mx\/index.php\/wp-json\/wp\/v2\/posts\/57706","targetHints":{"allow":["GET"]}}],"collection":[{"href":"http:\/\/www.grieta.org.mx\/index.php\/wp-json\/wp\/v2\/posts"}],"about":[{"href":"http:\/\/www.grieta.org.mx\/index.php\/wp-json\/wp\/v2\/types\/post"}],"author":[{"embeddable":true,"href":"http:\/\/www.grieta.org.mx\/index.php\/wp-json\/wp\/v2\/users\/2"}],"replies":[{"embeddable":true,"href":"http:\/\/www.grieta.org.mx\/index.php\/wp-json\/wp\/v2\/comments?post=57706"}],"version-history":[{"count":1,"href":"http:\/\/www.grieta.org.mx\/index.php\/wp-json\/wp\/v2\/posts\/57706\/revisions"}],"predecessor-version":[{"id":57708,"href":"http:\/\/www.grieta.org.mx\/index.php\/wp-json\/wp\/v2\/posts\/57706\/revisions\/57708"}],"wp:featuredmedia":[{"embeddable":true,"href":"http:\/\/www.grieta.org.mx\/index.php\/wp-json\/wp\/v2\/media\/57707"}],"wp:attachment":[{"href":"http:\/\/www.grieta.org.mx\/index.php\/wp-json\/wp\/v2\/media?parent=57706"}],"wp:term":[{"taxonomy":"category","embeddable":true,"href":"http:\/\/www.grieta.org.mx\/index.php\/wp-json\/wp\/v2\/categories?post=57706"},{"taxonomy":"post_tag","embeddable":true,"href":"http:\/\/www.grieta.org.mx\/index.php\/wp-json\/wp\/v2\/tags?post=57706"}],"curies":[{"name":"wp","href":"https:\/\/api.w.org\/{rel}","templated":true}]}}