{"id":57600,"date":"2021-03-09T00:20:27","date_gmt":"2021-03-09T06:20:27","guid":{"rendered":"http:\/\/www.grieta.org.mx\/?p=57600"},"modified":"2021-03-10T00:31:06","modified_gmt":"2021-03-10T06:31:06","slug":"manifestacion-y-marcha-del-8-de-marzo-en-queretaro","status":"publish","type":"post","link":"http:\/\/www.grieta.org.mx\/index.php\/2021\/03\/09\/manifestacion-y-marcha-del-8-de-marzo-en-queretaro\/","title":{"rendered":"Manifestaci\u00f3n y Marcha del 8 de marzo en Quer\u00e9taro"},"content":{"rendered":"<p><img loading=\"lazy\" decoding=\"async\" data-attachment-id=\"57601\" data-permalink=\"http:\/\/www.grieta.org.mx\/index.php\/2021\/03\/09\/manifestacion-y-marcha-del-8-de-marzo-en-queretaro\/manifestacion-y-marcha-del-8-de-marzo-en-queretaro-mzo\/\" data-orig-file=\"http:\/\/www.grieta.org.mx\/wp-content\/uploads\/2021\/03\/Manifestacion-y-Marcha-del-8-de-marzo-en-Queretaro-mzo.jpeg\" data-orig-size=\"828,453\" data-comments-opened=\"0\" data-image-meta=\"{&quot;aperture&quot;:&quot;0&quot;,&quot;credit&quot;:&quot;&quot;,&quot;camera&quot;:&quot;&quot;,&quot;caption&quot;:&quot;&quot;,&quot;created_timestamp&quot;:&quot;0&quot;,&quot;copyright&quot;:&quot;&quot;,&quot;focal_length&quot;:&quot;0&quot;,&quot;iso&quot;:&quot;0&quot;,&quot;shutter_speed&quot;:&quot;0&quot;,&quot;title&quot;:&quot;&quot;,&quot;orientation&quot;:&quot;1&quot;}\" data-image-title=\"Manifestaci\u00f3n y Marcha del 8 de marzo en Quer\u00e9taro mzo\" data-image-description=\"\" data-image-caption=\"\" data-medium-file=\"http:\/\/www.grieta.org.mx\/wp-content\/uploads\/2021\/03\/Manifestacion-y-Marcha-del-8-de-marzo-en-Queretaro-mzo-300x164.jpeg\" data-large-file=\"http:\/\/www.grieta.org.mx\/wp-content\/uploads\/2021\/03\/Manifestacion-y-Marcha-del-8-de-marzo-en-Queretaro-mzo.jpeg\" class=\"alignnone  wp-image-57601\" src=\"http:\/\/www.grieta.org.mx\/wp-content\/uploads\/2021\/03\/Manifestacion-y-Marcha-del-8-de-marzo-en-Queretaro-mzo.jpeg\" alt=\"\" width=\"648\" height=\"354\" srcset=\"http:\/\/www.grieta.org.mx\/wp-content\/uploads\/2021\/03\/Manifestacion-y-Marcha-del-8-de-marzo-en-Queretaro-mzo.jpeg 828w, http:\/\/www.grieta.org.mx\/wp-content\/uploads\/2021\/03\/Manifestacion-y-Marcha-del-8-de-marzo-en-Queretaro-mzo-300x164.jpeg 300w, http:\/\/www.grieta.org.mx\/wp-content\/uploads\/2021\/03\/Manifestacion-y-Marcha-del-8-de-marzo-en-Queretaro-mzo-768x420.jpeg 768w\" sizes=\"auto, (max-width: 648px) 100vw, 648px\" \/><\/p>\n<h6>Fotos tomadas de: Expreso Quer\u00e9taro<\/h6>\n<p>Expreso Quer\u00e9taro<\/p>\n<p>La tarde de este lunes se desarrollaron las distintas manifestaciones con motivo del D\u00eda Internacional de la Mujer, en la puerta norte de la Alameda Hidalgo, Jard\u00edn de la Corregidora y Fiscal\u00eda Especializada en la Investigaci\u00f3n de Homicidios, con banderas, pancartas y cartulinas, las mujeres realizaron el recorrido por inmediaciones de la Alameda para despu\u00e9s tomar avenida Corregidora norte, en direcci\u00f3n al Cerrito, para despu\u00e9s llegar a la Fiscal\u00eda de la colonia Parques Industriales y regresar por la misma avenida corregidora norte en sentido hacia el centro.<\/p>\n<p><img loading=\"lazy\" decoding=\"async\" data-attachment-id=\"57602\" data-permalink=\"http:\/\/www.grieta.org.mx\/index.php\/2021\/03\/09\/manifestacion-y-marcha-del-8-de-marzo-en-queretaro\/1-152\/\" data-orig-file=\"http:\/\/www.grieta.org.mx\/wp-content\/uploads\/2021\/03\/1-4.jpeg\" data-orig-size=\"1024,682\" data-comments-opened=\"0\" data-image-meta=\"{&quot;aperture&quot;:&quot;0&quot;,&quot;credit&quot;:&quot;&quot;,&quot;camera&quot;:&quot;&quot;,&quot;caption&quot;:&quot;&quot;,&quot;created_timestamp&quot;:&quot;0&quot;,&quot;copyright&quot;:&quot;&quot;,&quot;focal_length&quot;:&quot;0&quot;,&quot;iso&quot;:&quot;0&quot;,&quot;shutter_speed&quot;:&quot;0&quot;,&quot;title&quot;:&quot;&quot;,&quot;orientation&quot;:&quot;0&quot;}\" data-image-title=\"1\" data-image-description=\"\" data-image-caption=\"\" data-medium-file=\"http:\/\/www.grieta.org.mx\/wp-content\/uploads\/2021\/03\/1-4-300x200.jpeg\" data-large-file=\"http:\/\/www.grieta.org.mx\/wp-content\/uploads\/2021\/03\/1-4.jpeg\" class=\"alignnone  wp-image-57602\" src=\"http:\/\/www.grieta.org.mx\/wp-content\/uploads\/2021\/03\/1-4.jpeg\" alt=\"\" width=\"644\" height=\"429\" srcset=\"http:\/\/www.grieta.org.mx\/wp-content\/uploads\/2021\/03\/1-4.jpeg 1024w, http:\/\/www.grieta.org.mx\/wp-content\/uploads\/2021\/03\/1-4-300x200.jpeg 300w, http:\/\/www.grieta.org.mx\/wp-content\/uploads\/2021\/03\/1-4-768x512.jpeg 768w, http:\/\/www.grieta.org.mx\/wp-content\/uploads\/2021\/03\/1-4-751x500.jpeg 751w\" sizes=\"auto, (max-width: 644px) 100vw, 644px\" \/><\/p>\n<p>Este contingente de mujeres que recorri\u00f3 a pie estos tramos fueron acompa\u00f1adas tambi\u00e9n por un contingente de ciclistas y despu\u00e9s por una caravana de veh\u00edculos que cerr\u00f3 la retaguardia.<\/p>\n<p><img loading=\"lazy\" decoding=\"async\" data-attachment-id=\"57603\" data-permalink=\"http:\/\/www.grieta.org.mx\/index.php\/2021\/03\/09\/manifestacion-y-marcha-del-8-de-marzo-en-queretaro\/2-87\/\" data-orig-file=\"http:\/\/www.grieta.org.mx\/wp-content\/uploads\/2021\/03\/2-3.jpeg\" data-orig-size=\"1024,682\" data-comments-opened=\"0\" data-image-meta=\"{&quot;aperture&quot;:&quot;0&quot;,&quot;credit&quot;:&quot;&quot;,&quot;camera&quot;:&quot;&quot;,&quot;caption&quot;:&quot;&quot;,&quot;created_timestamp&quot;:&quot;0&quot;,&quot;copyright&quot;:&quot;&quot;,&quot;focal_length&quot;:&quot;0&quot;,&quot;iso&quot;:&quot;0&quot;,&quot;shutter_speed&quot;:&quot;0&quot;,&quot;title&quot;:&quot;&quot;,&quot;orientation&quot;:&quot;0&quot;}\" data-image-title=\"2\" data-image-description=\"\" data-image-caption=\"\" data-medium-file=\"http:\/\/www.grieta.org.mx\/wp-content\/uploads\/2021\/03\/2-3-300x200.jpeg\" data-large-file=\"http:\/\/www.grieta.org.mx\/wp-content\/uploads\/2021\/03\/2-3.jpeg\" class=\"alignnone  wp-image-57603\" src=\"http:\/\/www.grieta.org.mx\/wp-content\/uploads\/2021\/03\/2-3.jpeg\" alt=\"\" width=\"641\" height=\"427\" srcset=\"http:\/\/www.grieta.org.mx\/wp-content\/uploads\/2021\/03\/2-3.jpeg 1024w, http:\/\/www.grieta.org.mx\/wp-content\/uploads\/2021\/03\/2-3-300x200.jpeg 300w, http:\/\/www.grieta.org.mx\/wp-content\/uploads\/2021\/03\/2-3-768x512.jpeg 768w, http:\/\/www.grieta.org.mx\/wp-content\/uploads\/2021\/03\/2-3-751x500.jpeg 751w\" sizes=\"auto, (max-width: 641px) 100vw, 641px\" \/><\/p>\n<p>Durante el trayecto del contingente, quedaron plasmados mensajes, cartulinas pegadas, junto con textos dirigidos a las autoridades ante los altos \u00edndices de agresiones en contra de mujeres.<\/p>\n<p><img loading=\"lazy\" decoding=\"async\" data-attachment-id=\"57604\" data-permalink=\"http:\/\/www.grieta.org.mx\/index.php\/2021\/03\/09\/manifestacion-y-marcha-del-8-de-marzo-en-queretaro\/3-66\/\" data-orig-file=\"http:\/\/www.grieta.org.mx\/wp-content\/uploads\/2021\/03\/3-3.jpeg\" data-orig-size=\"1024,682\" data-comments-opened=\"0\" data-image-meta=\"{&quot;aperture&quot;:&quot;0&quot;,&quot;credit&quot;:&quot;&quot;,&quot;camera&quot;:&quot;&quot;,&quot;caption&quot;:&quot;&quot;,&quot;created_timestamp&quot;:&quot;0&quot;,&quot;copyright&quot;:&quot;&quot;,&quot;focal_length&quot;:&quot;0&quot;,&quot;iso&quot;:&quot;0&quot;,&quot;shutter_speed&quot;:&quot;0&quot;,&quot;title&quot;:&quot;&quot;,&quot;orientation&quot;:&quot;0&quot;}\" data-image-title=\"3\" data-image-description=\"\" data-image-caption=\"\" data-medium-file=\"http:\/\/www.grieta.org.mx\/wp-content\/uploads\/2021\/03\/3-3-300x200.jpeg\" data-large-file=\"http:\/\/www.grieta.org.mx\/wp-content\/uploads\/2021\/03\/3-3.jpeg\" class=\"alignnone  wp-image-57604\" src=\"http:\/\/www.grieta.org.mx\/wp-content\/uploads\/2021\/03\/3-3.jpeg\" alt=\"\" width=\"647\" height=\"431\" srcset=\"http:\/\/www.grieta.org.mx\/wp-content\/uploads\/2021\/03\/3-3.jpeg 1024w, http:\/\/www.grieta.org.mx\/wp-content\/uploads\/2021\/03\/3-3-300x200.jpeg 300w, http:\/\/www.grieta.org.mx\/wp-content\/uploads\/2021\/03\/3-3-768x512.jpeg 768w, http:\/\/www.grieta.org.mx\/wp-content\/uploads\/2021\/03\/3-3-751x500.jpeg 751w\" sizes=\"auto, (max-width: 647px) 100vw, 647px\" \/><\/p>\n<p>Las mujeres que rodearon la Alameda Hidalgo, para despu\u00e9s avanzar hacia el Jard\u00edn de la Corregidora tambi\u00e9n expresaron sus inconformidades, realizaron algunas manifestaciones y despu\u00e9s avanzaron hacia El Cerrito en direcci\u00f3n hacia la Unidad Especializada en la Investigaci\u00f3n de Homicidios de la Fiscal\u00eda General del estado.<\/p>\n<p><img loading=\"lazy\" decoding=\"async\" data-attachment-id=\"57605\" data-permalink=\"http:\/\/www.grieta.org.mx\/index.php\/2021\/03\/09\/manifestacion-y-marcha-del-8-de-marzo-en-queretaro\/4-60\/\" data-orig-file=\"http:\/\/www.grieta.org.mx\/wp-content\/uploads\/2021\/03\/4-2.jpeg\" data-orig-size=\"1024,768\" data-comments-opened=\"0\" data-image-meta=\"{&quot;aperture&quot;:&quot;0&quot;,&quot;credit&quot;:&quot;&quot;,&quot;camera&quot;:&quot;&quot;,&quot;caption&quot;:&quot;&quot;,&quot;created_timestamp&quot;:&quot;0&quot;,&quot;copyright&quot;:&quot;&quot;,&quot;focal_length&quot;:&quot;0&quot;,&quot;iso&quot;:&quot;0&quot;,&quot;shutter_speed&quot;:&quot;0&quot;,&quot;title&quot;:&quot;&quot;,&quot;orientation&quot;:&quot;0&quot;}\" data-image-title=\"4\" data-image-description=\"\" data-image-caption=\"\" data-medium-file=\"http:\/\/www.grieta.org.mx\/wp-content\/uploads\/2021\/03\/4-2-300x225.jpeg\" data-large-file=\"http:\/\/www.grieta.org.mx\/wp-content\/uploads\/2021\/03\/4-2.jpeg\" class=\"alignnone  wp-image-57605\" src=\"http:\/\/www.grieta.org.mx\/wp-content\/uploads\/2021\/03\/4-2.jpeg\" alt=\"\" width=\"648\" height=\"486\" srcset=\"http:\/\/www.grieta.org.mx\/wp-content\/uploads\/2021\/03\/4-2.jpeg 1024w, http:\/\/www.grieta.org.mx\/wp-content\/uploads\/2021\/03\/4-2-300x225.jpeg 300w, http:\/\/www.grieta.org.mx\/wp-content\/uploads\/2021\/03\/4-2-768x576.jpeg 768w, http:\/\/www.grieta.org.mx\/wp-content\/uploads\/2021\/03\/4-2-667x500.jpeg 667w\" sizes=\"auto, (max-width: 648px) 100vw, 648px\" \/><\/p>\n<p>Ah\u00ed un grupo de mujeres ingres\u00f3 a las instalaciones para mover mobiliario, sacar documentos y posteriormente comenzar un fuego en un bote que se encontraba al exterior de la Unidad de la Fiscal\u00eda. El fuego comenz\u00f3 a extenderse al interior de las instalaciones, generando movimiento policial y de servicios de emergencia para sofocarlo.<\/p>\n<p><img loading=\"lazy\" decoding=\"async\" data-attachment-id=\"57606\" data-permalink=\"http:\/\/www.grieta.org.mx\/index.php\/2021\/03\/09\/manifestacion-y-marcha-del-8-de-marzo-en-queretaro\/5-43\/\" data-orig-file=\"http:\/\/www.grieta.org.mx\/wp-content\/uploads\/2021\/03\/5-2.jpeg\" data-orig-size=\"828,450\" data-comments-opened=\"0\" data-image-meta=\"{&quot;aperture&quot;:&quot;0&quot;,&quot;credit&quot;:&quot;&quot;,&quot;camera&quot;:&quot;&quot;,&quot;caption&quot;:&quot;&quot;,&quot;created_timestamp&quot;:&quot;0&quot;,&quot;copyright&quot;:&quot;&quot;,&quot;focal_length&quot;:&quot;0&quot;,&quot;iso&quot;:&quot;0&quot;,&quot;shutter_speed&quot;:&quot;0&quot;,&quot;title&quot;:&quot;&quot;,&quot;orientation&quot;:&quot;1&quot;}\" data-image-title=\"5\" data-image-description=\"\" data-image-caption=\"\" data-medium-file=\"http:\/\/www.grieta.org.mx\/wp-content\/uploads\/2021\/03\/5-2-300x163.jpeg\" data-large-file=\"http:\/\/www.grieta.org.mx\/wp-content\/uploads\/2021\/03\/5-2.jpeg\" class=\"alignnone  wp-image-57606\" src=\"http:\/\/www.grieta.org.mx\/wp-content\/uploads\/2021\/03\/5-2.jpeg\" alt=\"\" width=\"642\" height=\"349\" srcset=\"http:\/\/www.grieta.org.mx\/wp-content\/uploads\/2021\/03\/5-2.jpeg 828w, http:\/\/www.grieta.org.mx\/wp-content\/uploads\/2021\/03\/5-2-300x163.jpeg 300w, http:\/\/www.grieta.org.mx\/wp-content\/uploads\/2021\/03\/5-2-768x417.jpeg 768w\" sizes=\"auto, (max-width: 642px) 100vw, 642px\" \/><\/p>\n<article id=\"post-5702\" class=\"post-5702 post type-post status-publish format-standard has-post-thumbnail hentry category-noticias\">\n<div class=\"entry-content\">\n<p>El contingente regres\u00f3 por avenida corregidora norte en direcci\u00f3n al centro, siendo a la altura de avenida universidad donde comenz\u00f3 a dispersarse y a perderse la columna que avanzaba a pie.<\/p>\n<p>De manera extra oficial se manej\u00f3 una asistencia de 1700 personas durante la marcha en la zona centro de la capital de Quer\u00e9taro.<\/p>\n<p><a href=\"http:\/\/www.expresoqueretaro.com\/noticias\/manifestacion-y-marcha-del-8-de-marzo-en-queretaro\/\" target=\"_blank\" rel=\"noopener\">http:\/\/www.expresoqueretaro.com\/noticias\/manifestacion-y-marcha-del-8-de-marzo-en-queretaro\/<\/a><\/p>\n<\/div>\n<\/article>\n","protected":false},"excerpt":{"rendered":"<p>Fotos tomadas de: Expreso Quer\u00e9taro Expreso Quer\u00e9taro La tarde de este lunes se desarrollaron las distintas manifestaciones con motivo del D\u00eda Internacional de la Mujer, en la puerta norte de &hellip; <a href=\"http:\/\/www.grieta.org.mx\/index.php\/2021\/03\/09\/manifestacion-y-marcha-del-8-de-marzo-en-queretaro\/\" class=\"more-link\">Leer m\u00e1s<\/a><\/p>\n","protected":false},"author":2,"featured_media":57601,"comment_status":"closed","ping_status":"closed","sticky":false,"template":"","format":"standard","meta":{"ngg_post_thumbnail":0,"_jetpack_newsletter_access":"","_jetpack_dont_email_post_to_subs":false,"_jetpack_newsletter_tier_id":0,"_jetpack_memberships_contains_paywalled_content":false,"_jetpack_memberships_contains_paid_content":false,"footnotes":""},"categories":[80,3298,2480,3840,2978,2,27,3165,2531],"tags":[2248,1630],"class_list":["post-57600","post","type-post","status-publish","format-standard","has-post-thumbnail","hentry","category-cintillo","category-covid-19-en-queretaro","category-lucha-y-resistencia-del-pueblo-de-queretaro","category-lucha-como-mujeres-que-somos","category-movilizaciones-y-protestas-de-habitantes-en-queretaro","category-noticias-nacionales","category-queretaro","category-resistencias","category-violencia-contra-las-mujeres-en-queretaro","tag-luchas-de-las-mujeres","tag-violencia-contra-las-mujeres","entry"],"jetpack_featured_media_url":"http:\/\/www.grieta.org.mx\/wp-content\/uploads\/2021\/03\/Manifestacion-y-Marcha-del-8-de-marzo-en-Queretaro-mzo.jpeg","jetpack_sharing_enabled":true,"jetpack_shortlink":"https:\/\/wp.me\/p7ZJR4-eZ2","jetpack_likes_enabled":false,"jetpack-related-posts":[{"id":37970,"url":"http:\/\/www.grieta.org.mx\/index.php\/2019\/08\/16\/mujeres-demandan-activacion-de-alerta-de-genero-en-queretaro\/","url_meta":{"origin":57600,"position":0},"title":"Mujeres demandan activaci\u00f3n de alerta de g\u00e9nero en Quer\u00e9taro","author":"grieta","date":"16 agosto, 2019","format":false,"excerpt":"Redacci\u00f3n\/Notimex Activistas en Quer\u00e9taro solicitaron al gobierno estatal activar la alerta de g\u00e9nero, dado el aumento en el \u00edndice de casos de violencia Al ritmo de son jarocho, activistas en Quer\u00e9taro solicitaron al gobierno estatal activar la alerta de g\u00e9nero, dado el aumento en el \u00edndice de casos de violencia\u2026","rel":"","context":"En &quot;CINTILLO&quot;","block_context":{"text":"CINTILLO","link":"http:\/\/www.grieta.org.mx\/index.php\/category\/cintillo\/"},"img":{"alt_text":"","src":"https:\/\/i0.wp.com\/www.grieta.org.mx\/wp-content\/uploads\/2018\/03\/14524434_1106112876131411_958039263622046936_o.jpg?resize=350%2C200","width":350,"height":200,"srcset":"https:\/\/i0.wp.com\/www.grieta.org.mx\/wp-content\/uploads\/2018\/03\/14524434_1106112876131411_958039263622046936_o.jpg?resize=350%2C200 1x, https:\/\/i0.wp.com\/www.grieta.org.mx\/wp-content\/uploads\/2018\/03\/14524434_1106112876131411_958039263622046936_o.jpg?resize=525%2C300 1.5x, https:\/\/i0.wp.com\/www.grieta.org.mx\/wp-content\/uploads\/2018\/03\/14524434_1106112876131411_958039263622046936_o.jpg?resize=700%2C400 2x"},"classes":[]},{"id":11843,"url":"http:\/\/www.grieta.org.mx\/index.php\/2016\/04\/25\/movilizacion-contra-la-violencia-hacia-las-mujeres-en-queretaro\/","url_meta":{"origin":57600,"position":1},"title":"Movilizaci\u00f3n contra la violencia hacia las mujeres en Quer\u00e9taro","author":"grieta","date":"25 abril, 2016","format":false,"excerpt":"25\/04\/16. Marchan para exigir alto a la violencia de g\u00e9nero AM Quer\u00e9taro","rel":"","context":"En &quot;Quer\u00e9taro&quot;","block_context":{"text":"Quer\u00e9taro","link":"http:\/\/www.grieta.org.mx\/index.php\/category\/noticias-nacionales\/queretaro\/"},"img":{"alt_text":"","src":"https:\/\/i0.wp.com\/www.grieta.org.mx\/wp-content\/uploads\/2018\/03\/14524434_1106112876131411_958039263622046936_o.jpg?resize=350%2C200","width":350,"height":200,"srcset":"https:\/\/i0.wp.com\/www.grieta.org.mx\/wp-content\/uploads\/2018\/03\/14524434_1106112876131411_958039263622046936_o.jpg?resize=350%2C200 1x, https:\/\/i0.wp.com\/www.grieta.org.mx\/wp-content\/uploads\/2018\/03\/14524434_1106112876131411_958039263622046936_o.jpg?resize=525%2C300 1.5x, https:\/\/i0.wp.com\/www.grieta.org.mx\/wp-content\/uploads\/2018\/03\/14524434_1106112876131411_958039263622046936_o.jpg?resize=700%2C400 2x"},"classes":[]},{"id":41613,"url":"http:\/\/www.grieta.org.mx\/index.php\/2019\/11\/21\/mas-del-71-de-las-mujeres-en-queretaro-han-enfrentado-violencia-inegi\/","url_meta":{"origin":57600,"position":2},"title":"M\u00e1s del 71% de las mujeres en Quer\u00e9taro han enfrentado violencia: INEGI","author":"grieta","date":"21 noviembre, 2019","format":false,"excerpt":"Quadratin Quer\u00e9taro QUER\u00c9TARO, Qro., 21 de noviembre 2019.- En 2016, de las 770 mil mujeres de 15 a\u00f1os y m\u00e1s que hay en Quer\u00e9taro, 71.2% (548 mil) han enfrentado violencia de cualquier tipo y de cualquier agresor, alguna vez en su vida, de acuerdo con INEGI. El 44.7% han enfrentado\u2026","rel":"","context":"En &quot;CINTILLO&quot;","block_context":{"text":"CINTILLO","link":"http:\/\/www.grieta.org.mx\/index.php\/category\/cintillo\/"},"img":{"alt_text":"","src":"https:\/\/i0.wp.com\/www.grieta.org.mx\/wp-content\/uploads\/2019\/11\/M%C3%A1s-del-71-de-las-mujeres-en-Quer%C3%A9taro-han-enfrentado-violencia-INEGI-qro-nov.jpg?resize=350%2C200","width":350,"height":200,"srcset":"https:\/\/i0.wp.com\/www.grieta.org.mx\/wp-content\/uploads\/2019\/11\/M%C3%A1s-del-71-de-las-mujeres-en-Quer%C3%A9taro-han-enfrentado-violencia-INEGI-qro-nov.jpg?resize=350%2C200 1x, https:\/\/i0.wp.com\/www.grieta.org.mx\/wp-content\/uploads\/2019\/11\/M%C3%A1s-del-71-de-las-mujeres-en-Quer%C3%A9taro-han-enfrentado-violencia-INEGI-qro-nov.jpg?resize=525%2C300 1.5x, https:\/\/i0.wp.com\/www.grieta.org.mx\/wp-content\/uploads\/2019\/11\/M%C3%A1s-del-71-de-las-mujeres-en-Quer%C3%A9taro-han-enfrentado-violencia-INEGI-qro-nov.jpg?resize=700%2C400 2x, https:\/\/i0.wp.com\/www.grieta.org.mx\/wp-content\/uploads\/2019\/11\/M%C3%A1s-del-71-de-las-mujeres-en-Quer%C3%A9taro-han-enfrentado-violencia-INEGI-qro-nov.jpg?resize=1050%2C600 3x"},"classes":[]},{"id":60786,"url":"http:\/\/www.grieta.org.mx\/index.php\/2021\/07\/22\/se-manifiestan-mujeres-involucradas-en-el-caso-de-pintas-durante-marcha-el-pasado-8m-senalaron-intimidacion-y-acoso-queretaro\/","url_meta":{"origin":57600,"position":3},"title":"Se manifiestan Mujeres involucradas en el caso de pintas durante marcha el pasado 8M se\u00f1alaron intimidaci\u00f3n y acoso (Quer\u00e9taro)","author":"grieta","date":"22 julio, 2021","format":false,"excerpt":"Redacci\u00f3n Expreso Quer\u00e9taro \u2022Esta ma\u00f1ana un grupo de mujeres se manifest\u00f3 al exterior del penal de San Jos\u00e9 El Alto, donde se pronunciaron en contra de la criminalizaci\u00f3n de la protesta del pasado 8M. Casi al mismo tiempo se llevaba acabo la audiencia de al menos ocho mujeres que est\u00e1n\u2026","rel":"","context":"En &quot;CINTILLO&quot;","block_context":{"text":"CINTILLO","link":"http:\/\/www.grieta.org.mx\/index.php\/category\/cintillo\/"},"img":{"alt_text":"","src":"https:\/\/i0.wp.com\/www.grieta.org.mx\/wp-content\/uploads\/2021\/07\/Se-manifiestan-Mujeres-involucradas-en-el-caso-de-pintas-durante-marcha-el-pasado-8M-senalaron-intimidacion-y-acoso-qro-jul.jpeg?resize=350%2C200","width":350,"height":200,"srcset":"https:\/\/i0.wp.com\/www.grieta.org.mx\/wp-content\/uploads\/2021\/07\/Se-manifiestan-Mujeres-involucradas-en-el-caso-de-pintas-durante-marcha-el-pasado-8M-senalaron-intimidacion-y-acoso-qro-jul.jpeg?resize=350%2C200 1x, https:\/\/i0.wp.com\/www.grieta.org.mx\/wp-content\/uploads\/2021\/07\/Se-manifiestan-Mujeres-involucradas-en-el-caso-de-pintas-durante-marcha-el-pasado-8M-senalaron-intimidacion-y-acoso-qro-jul.jpeg?resize=525%2C300 1.5x, https:\/\/i0.wp.com\/www.grieta.org.mx\/wp-content\/uploads\/2021\/07\/Se-manifiestan-Mujeres-involucradas-en-el-caso-de-pintas-durante-marcha-el-pasado-8M-senalaron-intimidacion-y-acoso-qro-jul.jpeg?resize=700%2C400 2x"},"classes":[]},{"id":43677,"url":"http:\/\/www.grieta.org.mx\/index.php\/2020\/01\/18\/feministas-protestan-tras-asesinato-de-mujeres-en-queretaro\/","url_meta":{"origin":57600,"position":4},"title":"Feministas protestan tras asesinato de mujeres en Quer\u00e9taro","author":"grieta","date":"18 enero, 2020","format":false,"excerpt":"ADN Informativo Quer\u00e9taro, Qro., 18 de enero de 2020.- Un grupo de mujeres feministas protest\u00f3 la ma\u00f1ana de este s\u00e1bado en las principales plazas del Centro Hist\u00f3rico de Quer\u00e9taro, para mostrar su molestia e indignaci\u00f3n por los asesinatos de mujeres en la \u00faltima semana, as\u00ed como recordar a la joven\u2026","rel":"","context":"En &quot;CINTILLO&quot;","block_context":{"text":"CINTILLO","link":"http:\/\/www.grieta.org.mx\/index.php\/category\/cintillo\/"},"img":{"alt_text":"","src":"https:\/\/i0.wp.com\/www.grieta.org.mx\/wp-content\/uploads\/2020\/01\/Feministas-protestan-tras-asesinato-de-mujeres-en-Quer%C3%A9taro-ene.jpg?resize=350%2C200","width":350,"height":200,"srcset":"https:\/\/i0.wp.com\/www.grieta.org.mx\/wp-content\/uploads\/2020\/01\/Feministas-protestan-tras-asesinato-de-mujeres-en-Quer%C3%A9taro-ene.jpg?resize=350%2C200 1x, https:\/\/i0.wp.com\/www.grieta.org.mx\/wp-content\/uploads\/2020\/01\/Feministas-protestan-tras-asesinato-de-mujeres-en-Quer%C3%A9taro-ene.jpg?resize=525%2C300 1.5x, https:\/\/i0.wp.com\/www.grieta.org.mx\/wp-content\/uploads\/2020\/01\/Feministas-protestan-tras-asesinato-de-mujeres-en-Quer%C3%A9taro-ene.jpg?resize=700%2C400 2x"},"classes":[]},{"id":29083,"url":"http:\/\/www.grieta.org.mx\/index.php\/2019\/02\/17\/aumentan-feminicidios-en-ruta-de-ductos-de-hidrocarburo-queretaro\/","url_meta":{"origin":57600,"position":5},"title":"Aumentan feminicidios en ruta de ductos de hidrocarburo (Quer\u00e9taro)","author":"grieta","date":"17 febrero, 2019","format":false,"excerpt":"Katia Lemus Barajas \/ Diario rotativo febrero 17, 2019 Quer\u00e9taro, 17 Febrero 2019.- A \u00faltimas fechas se ha podido apreciar que las rutas por donde corren los ductos de combustible han trazado un referente en las zonas donde se presenta el mayor n\u00famero de feminicidios, asegur\u00f3 Maricruz Ocampo Guerrero, encargada\u2026","rel":"","context":"En &quot;CINTILLO&quot;","block_context":{"text":"CINTILLO","link":"http:\/\/www.grieta.org.mx\/index.php\/category\/cintillo\/"},"img":{"alt_text":"","src":"https:\/\/i0.wp.com\/www.grieta.org.mx\/wp-content\/uploads\/2019\/02\/aumentan-feminicidios-en-ruta-de-ductos-de-hidrocarburo.jpg?resize=350%2C200","width":350,"height":200,"srcset":"https:\/\/i0.wp.com\/www.grieta.org.mx\/wp-content\/uploads\/2019\/02\/aumentan-feminicidios-en-ruta-de-ductos-de-hidrocarburo.jpg?resize=350%2C200 1x, https:\/\/i0.wp.com\/www.grieta.org.mx\/wp-content\/uploads\/2019\/02\/aumentan-feminicidios-en-ruta-de-ductos-de-hidrocarburo.jpg?resize=525%2C300 1.5x, https:\/\/i0.wp.com\/www.grieta.org.mx\/wp-content\/uploads\/2019\/02\/aumentan-feminicidios-en-ruta-de-ductos-de-hidrocarburo.jpg?resize=700%2C400 2x"},"classes":[]}],"_links":{"self":[{"href":"http:\/\/www.grieta.org.mx\/index.php\/wp-json\/wp\/v2\/posts\/57600","targetHints":{"allow":["GET"]}}],"collection":[{"href":"http:\/\/www.grieta.org.mx\/index.php\/wp-json\/wp\/v2\/posts"}],"about":[{"href":"http:\/\/www.grieta.org.mx\/index.php\/wp-json\/wp\/v2\/types\/post"}],"author":[{"embeddable":true,"href":"http:\/\/www.grieta.org.mx\/index.php\/wp-json\/wp\/v2\/users\/2"}],"replies":[{"embeddable":true,"href":"http:\/\/www.grieta.org.mx\/index.php\/wp-json\/wp\/v2\/comments?post=57600"}],"version-history":[{"count":1,"href":"http:\/\/www.grieta.org.mx\/index.php\/wp-json\/wp\/v2\/posts\/57600\/revisions"}],"predecessor-version":[{"id":57607,"href":"http:\/\/www.grieta.org.mx\/index.php\/wp-json\/wp\/v2\/posts\/57600\/revisions\/57607"}],"wp:featuredmedia":[{"embeddable":true,"href":"http:\/\/www.grieta.org.mx\/index.php\/wp-json\/wp\/v2\/media\/57601"}],"wp:attachment":[{"href":"http:\/\/www.grieta.org.mx\/index.php\/wp-json\/wp\/v2\/media?parent=57600"}],"wp:term":[{"taxonomy":"category","embeddable":true,"href":"http:\/\/www.grieta.org.mx\/index.php\/wp-json\/wp\/v2\/categories?post=57600"},{"taxonomy":"post_tag","embeddable":true,"href":"http:\/\/www.grieta.org.mx\/index.php\/wp-json\/wp\/v2\/tags?post=57600"}],"curies":[{"name":"wp","href":"https:\/\/api.w.org\/{rel}","templated":true}]}}