{"id":57532,"date":"2021-03-09T16:31:19","date_gmt":"2021-03-09T22:31:19","guid":{"rendered":"http:\/\/www.grieta.org.mx\/?p=57532"},"modified":"2021-03-09T16:35:49","modified_gmt":"2021-03-09T22:35:49","slug":"protestan-mujeres-contra-la-violencia-en-tlaxcala","status":"publish","type":"post","link":"http:\/\/www.grieta.org.mx\/index.php\/2021\/03\/09\/protestan-mujeres-contra-la-violencia-en-tlaxcala\/","title":{"rendered":"Protestan mujeres contra la violencia en Tlaxcala"},"content":{"rendered":"<p><a href=\"http:\/\/www.grieta.org.mx\/wp-content\/uploads\/2021\/03\/Las-manifestantes.jpg\"><img loading=\"lazy\" decoding=\"async\" data-attachment-id=\"57533\" data-permalink=\"http:\/\/www.grieta.org.mx\/index.php\/2021\/03\/09\/protestan-mujeres-contra-la-violencia-en-tlaxcala\/las-manifestantes\/\" data-orig-file=\"http:\/\/www.grieta.org.mx\/wp-content\/uploads\/2021\/03\/Las-manifestantes.jpg\" data-orig-size=\"768,479\" data-comments-opened=\"0\" data-image-meta=\"{&quot;aperture&quot;:&quot;0&quot;,&quot;credit&quot;:&quot;&quot;,&quot;camera&quot;:&quot;&quot;,&quot;caption&quot;:&quot;&quot;,&quot;created_timestamp&quot;:&quot;0&quot;,&quot;copyright&quot;:&quot;&quot;,&quot;focal_length&quot;:&quot;0&quot;,&quot;iso&quot;:&quot;0&quot;,&quot;shutter_speed&quot;:&quot;0&quot;,&quot;title&quot;:&quot;&quot;,&quot;orientation&quot;:&quot;0&quot;}\" data-image-title=\"Las manifestantes\" data-image-description=\"\" data-image-caption=\"\" data-medium-file=\"http:\/\/www.grieta.org.mx\/wp-content\/uploads\/2021\/03\/Las-manifestantes-300x187.jpg\" data-large-file=\"http:\/\/www.grieta.org.mx\/wp-content\/uploads\/2021\/03\/Las-manifestantes.jpg\" class=\"aligncenter size-full wp-image-57533\" src=\"http:\/\/www.grieta.org.mx\/wp-content\/uploads\/2021\/03\/Las-manifestantes.jpg\" alt=\"\" width=\"768\" height=\"479\" srcset=\"http:\/\/www.grieta.org.mx\/wp-content\/uploads\/2021\/03\/Las-manifestantes.jpg 768w, http:\/\/www.grieta.org.mx\/wp-content\/uploads\/2021\/03\/Las-manifestantes-300x187.jpg 300w\" sizes=\"auto, (max-width: 768px) 100vw, 768px\" \/><\/a><\/p>\n<p>Fabiola V\u00e1zquez \/ El Sol de Tlaxcala<\/p>\n<p>Cientos de mujeres alzaron la voz para pedir un alto a la violencia de g\u00e9nero en la entidad, exigir sean respetados sus derechos y cesen los feminicidios, pero en su trayecto dejaron pintas en la infraestructura hist\u00f3rica de la capital.<\/p>\n<p>La tarde de este ocho de marzo, Tlaxcala se uni\u00f3 a las protestas para evidenciar las desigualdades que vive este g\u00e9nero, de ah\u00ed que un nutrido grupo march\u00f3 por el D\u00eda Internacional de la Mujer, la cual fue convocada por grupos, organizaciones y asociaciones.<\/p>\n<p>Vestidas con prendas de color negro, el rostro cubierto, portando pa\u00f1uelos verdes y morados, as\u00ed como pancartas, las integrantes recorrieron la avenida Independencia hasta arribar al z\u00f3calo de Tlaxcala.<\/p>\n<p>Durante el trayecto fue una manifestaci\u00f3n pac\u00edfica, pero al llegar a la zona centro efectuaron pintas en las calles, as\u00ed como en la fachada de la presidencia municipal de Tlaxcala, el Portal Grande y en el Palacio de Gobierno, monumentos emblem\u00e1ticos de la arquitectura del estado.<\/p>\n<p>Incluso, quisieron impedir a los medios de comunicaci\u00f3n que les tomaran fotograf\u00edas y las grabaran mientras pintaban con aerosol la infraestructura.<\/p>\n<p>Por su parte, el gobierno estatal trat\u00f3 de impedir los da\u00f1os al Palacio y asign\u00f3 a diversas mujeres polic\u00edas para replegar al grupo feminista.<\/p>\n<p>A pesar de la valla humana a cargo de las polic\u00edas, las feministas hicieron pintas en algunas zonas del Palacio de Gobierno, pero sin violencia f\u00edsica de ning\u00fan grupo.<\/p>\n<p>Tras emitir diversos c\u00e1nticos y lemas, efectuaron un ritual para recordar a las mujeres desaparecidas y asesinadas en la entidad y colocaron una ofrenda en la explanada frente al Palacio de Gobierno.<\/p>\n<p>M\u00e1s tarde, el grupo feminista ley\u00f3 un pronunciamiento en el que pidieron la creaci\u00f3n de refugios, casa de acogida y de medio camino para atender a mujeres que viven violencia de g\u00e9nero y trata de personas.<\/p>\n<p>Una fiscal\u00eda especializada en el delito de feminicidios; formular e implementar una pol\u00edtica p\u00fablica con perspectiva de g\u00e9nero y medidas efectivas en favor de mujeres periodistas y comunicadoras en situaci\u00f3n de riesgo.<\/p>\n<p>Adem\u00e1s, pidieron la creaci\u00f3n de un Centro de Estudios para el avance de las mujeres; garantizar, respetar, proteger y promover los derechos de las mujeres por su orientaci\u00f3n e identidad simb\u00f3lica y crear una propuesta para despenalizar el aborto hasta las 12 semanas de gestaci\u00f3n en la entidad.<\/p>\n<p>As\u00ed, este ocho de marzo quedar\u00e1 marcado en la historia de la entidad, pues fueron m\u00e1s mujeres, en comparaci\u00f3n de otros a\u00f1os, las que se unieron a la marcha, externaron su sentir, hicieron peticiones y dejaron &#8220;huella&#8221; de su protesta.<\/p>\n<p>PARTICIPANTES<\/p>\n<p>En la marcha del ocho de marzo participaron organizaciones civiles, colectivos, feministas, acad\u00e9micas, activistas y mujeres de Tlaxcala para pedir un alto a la violencia.<\/p>\n<p>RITUAL<\/p>\n<p>Tras emitir diversos c\u00e1nticos y lemas, efectuaron un ritual para recordar a las mujeres desaparecidas y asesinadas en la entidad y colocaron una ofrenda en la explanada frente al Palacio de Gobierno.<\/p>\n<p><iframe loading=\"lazy\" src=\"https:\/\/www.youtube.com\/embed\/WTzefU0u7ZM\" allowfullscreen=\"allowfullscreen\" width=\"768\" height=\"479\" frameborder=\"0\"><span data-mce-type=\"bookmark\" class=\"mce_SELRES_start\">\ufeff<\/span><\/iframe><\/p>\n<p><a href=\"https:\/\/www.elsoldetlaxcala.com.mx\/local\/protestan-mujeres-contra-la-violencia-6454916.html\">https:\/\/www.elsoldetlaxcala.com.mx\/local\/protestan-mujeres-contra-la-violencia-6454916.html<\/a><\/p>\n","protected":false},"excerpt":{"rendered":"<p>Fabiola V\u00e1zquez \/ El Sol de Tlaxcala Cientos de mujeres alzaron la voz para pedir un alto a la violencia de g\u00e9nero en la entidad, exigir sean respetados sus derechos &hellip; <a href=\"http:\/\/www.grieta.org.mx\/index.php\/2021\/03\/09\/protestan-mujeres-contra-la-violencia-en-tlaxcala\/\" class=\"more-link\">Leer m\u00e1s<\/a><\/p>\n","protected":false},"author":1,"featured_media":57533,"comment_status":"closed","ping_status":"closed","sticky":false,"template":"","format":"standard","meta":{"ngg_post_thumbnail":0,"_jetpack_newsletter_access":"","_jetpack_dont_email_post_to_subs":false,"_jetpack_newsletter_tier_id":0,"_jetpack_memberships_contains_paywalled_content":false,"_jetpack_memberships_contains_paid_content":false,"footnotes":""},"categories":[80,84,3840,1416,2,3165,83,34,3591],"tags":[81,2248],"class_list":["post-57532","post","type-post","status-publish","format-standard","has-post-thumbnail","hentry","category-cintillo","category-feminicidios","category-lucha-como-mujeres-que-somos","category-movilizaciones-contra-la-violencia-hacia-las-mujeres-en-tlaxcala","category-noticias-nacionales","category-resistencias","category-temas-nacionales","category-tlaxcala","category-violencia-contra-las-mujeres-en-tlaxcala","tag-feminicidios","tag-luchas-de-las-mujeres","entry"],"jetpack_featured_media_url":"http:\/\/www.grieta.org.mx\/wp-content\/uploads\/2021\/03\/Las-manifestantes.jpg","jetpack_sharing_enabled":true,"jetpack_shortlink":"https:\/\/wp.me\/p7ZJR4-eXW","jetpack_likes_enabled":false,"jetpack-related-posts":[{"id":30146,"url":"http:\/\/www.grieta.org.mx\/index.php\/2019\/03\/04\/alertan-ongs-por-feminicidios-en-tlaxcala\/","url_meta":{"origin":57532,"position":0},"title":"Alertan ONGs por feminicidios en Tlaxcala","author":"grieta","date":"4 marzo, 2019","format":false,"excerpt":"Juan Osorno X. \/ Quadratin Tlaxcala Se inconforman por inasistencia de diputados y funcionarios p\u00fablicos en Comisi\u00f3n Especial de Alerta de G\u00e9nero TLAXCALA, Tlax., 04 de marzo de 2019.- Organizaciones de la sociedad civil en Tlaxcala alertaron por la creciente violencia feminicida, luego de los cinco asesinatos de mujeres registrados\u2026","rel":"","context":"En &quot;CINTILLO&quot;","block_context":{"text":"CINTILLO","link":"http:\/\/www.grieta.org.mx\/index.php\/category\/cintillo\/"},"img":{"alt_text":"","src":"https:\/\/i0.wp.com\/www.grieta.org.mx\/wp-content\/uploads\/2019\/03\/femtlax.jpg?resize=350%2C200","width":350,"height":200,"srcset":"https:\/\/i0.wp.com\/www.grieta.org.mx\/wp-content\/uploads\/2019\/03\/femtlax.jpg?resize=350%2C200 1x, https:\/\/i0.wp.com\/www.grieta.org.mx\/wp-content\/uploads\/2019\/03\/femtlax.jpg?resize=525%2C300 1.5x, https:\/\/i0.wp.com\/www.grieta.org.mx\/wp-content\/uploads\/2019\/03\/femtlax.jpg?resize=700%2C400 2x"},"classes":[]},{"id":52180,"url":"http:\/\/www.grieta.org.mx\/index.php\/2020\/07\/14\/cancela-federacion-presupuesto-para-atencion-de-violencia-a-mujeres-en-tlaxcala\/","url_meta":{"origin":57532,"position":1},"title":"Cancela Federaci\u00f3n presupuesto para atenci\u00f3n de violencia a mujeres en Tlaxcala","author":"Admin","date":"14 julio, 2020","format":false,"excerpt":"Rub\u00e9n Hern\u00e1ndez \/Quadrat\u00edn Tlaxcala El texto original de este art\u00edculo fue publicado por la Agencia Quadrat\u00edn en la siguiente direcci\u00f3n: https:\/\/tlaxcala.quadratin.com.mx\/principal\/cancela-federacion-presupuesto-para-atencion-de-violencia-a-mujeres-en-tlaxcala\/ Este contenido se encuentra protegido por la ley. Si lo cita, por favor mencione la fuente y haga un enlace a la nota original de donde usted lo ha\u2026","rel":"","context":"En &quot;CINTILLO&quot;","block_context":{"text":"CINTILLO","link":"http:\/\/www.grieta.org.mx\/index.php\/category\/cintillo\/"},"img":{"alt_text":"","src":"https:\/\/i0.wp.com\/www.grieta.org.mx\/wp-content\/uploads\/2020\/07\/WhatsApp-Image-2020-07-14-at-11.16.45-AM-1160x700.jpeg?resize=350%2C200","width":350,"height":200,"srcset":"https:\/\/i0.wp.com\/www.grieta.org.mx\/wp-content\/uploads\/2020\/07\/WhatsApp-Image-2020-07-14-at-11.16.45-AM-1160x700.jpeg?resize=350%2C200 1x, https:\/\/i0.wp.com\/www.grieta.org.mx\/wp-content\/uploads\/2020\/07\/WhatsApp-Image-2020-07-14-at-11.16.45-AM-1160x700.jpeg?resize=525%2C300 1.5x, https:\/\/i0.wp.com\/www.grieta.org.mx\/wp-content\/uploads\/2020\/07\/WhatsApp-Image-2020-07-14-at-11.16.45-AM-1160x700.jpeg?resize=700%2C400 2x, https:\/\/i0.wp.com\/www.grieta.org.mx\/wp-content\/uploads\/2020\/07\/WhatsApp-Image-2020-07-14-at-11.16.45-AM-1160x700.jpeg?resize=1050%2C600 3x"},"classes":[]},{"id":20903,"url":"http:\/\/www.grieta.org.mx\/index.php\/2016\/09\/04\/evaluaran-pertinencia-de-alerta-de-violencia-de-genero-contra-mujeres-en-tlaxcala\/","url_meta":{"origin":57532,"position":2},"title":"Evaluar\u00e1n pertinencia de Alerta de Violencia de G\u00e9nero contra Mujeres en Tlaxcala","author":"grieta","date":"4 septiembre, 2016","format":false,"excerpt":"Por Samatha P\u00e1ez El pasado 30 de agosto la titular del Instituto Nacional de la Mujeres (Inmujeres), Lorena Cruz S\u00e1nchez, notific\u00f3 a la organizaci\u00f3n Todos para Todos la admisi\u00f3n de la solicitud para declarar la Alerta por Violencia de G\u00e9nero contra las Mujeres (AVGM) en 13 municipios de Tlaxcala, debido\u2026","rel":"","context":"En &quot;CINTILLO&quot;","block_context":{"text":"CINTILLO","link":"http:\/\/www.grieta.org.mx\/index.php\/category\/cintillo\/"},"img":{"alt_text":"","src":"https:\/\/i0.wp.com\/www.grieta.org.mx\/wp-content\/uploads\/2016\/09\/trata-tlaxcala-el-universal.jpg?resize=350%2C200","width":350,"height":200,"srcset":"https:\/\/i0.wp.com\/www.grieta.org.mx\/wp-content\/uploads\/2016\/09\/trata-tlaxcala-el-universal.jpg?resize=350%2C200 1x, https:\/\/i0.wp.com\/www.grieta.org.mx\/wp-content\/uploads\/2016\/09\/trata-tlaxcala-el-universal.jpg?resize=525%2C300 1.5x, https:\/\/i0.wp.com\/www.grieta.org.mx\/wp-content\/uploads\/2016\/09\/trata-tlaxcala-el-universal.jpg?resize=700%2C400 2x"},"classes":[]},{"id":11344,"url":"http:\/\/www.grieta.org.mx\/index.php\/2016\/04\/24\/mujeres-toman-calles-para-exigir-alto-a-las-violencias-machistas\/","url_meta":{"origin":57532,"position":3},"title":"Mujeres toman calles para exigir alto a las \u2018Violencias Machistas\u2019 en Tlaxcala","author":"grieta","date":"24 abril, 2016","format":false,"excerpt":"Luc\u00eda P\u00e9rez Un nutrido contingente de mujeres marcharon este d\u00eda en el marco de la movilizaci\u00f3n nacional contra las \u2018Violencias Machistas\u2019, desde la escalinata dedica a los H\u00e9roes de la capital tlaxcalteca hasta llegar a la explanada de la Plaza de la Constituci\u00f3n, con la exigencia de que se detenga\u2026","rel":"","context":"En &quot;CINTILLO&quot;","block_context":{"text":"CINTILLO","link":"http:\/\/www.grieta.org.mx\/index.php\/category\/cintillo\/"},"img":{"alt_text":"","src":"https:\/\/i0.wp.com\/www.grieta.org.mx\/wp-content\/uploads\/2018\/03\/14524434_1106112876131411_958039263622046936_o.jpg?resize=350%2C200","width":350,"height":200,"srcset":"https:\/\/i0.wp.com\/www.grieta.org.mx\/wp-content\/uploads\/2018\/03\/14524434_1106112876131411_958039263622046936_o.jpg?resize=350%2C200 1x, https:\/\/i0.wp.com\/www.grieta.org.mx\/wp-content\/uploads\/2018\/03\/14524434_1106112876131411_958039263622046936_o.jpg?resize=525%2C300 1.5x, https:\/\/i0.wp.com\/www.grieta.org.mx\/wp-content\/uploads\/2018\/03\/14524434_1106112876131411_958039263622046936_o.jpg?resize=700%2C400 2x"},"classes":[]},{"id":69931,"url":"http:\/\/www.grieta.org.mx\/index.php\/2024\/09\/30\/colima-el-estado-mas-violento-para-las-mujeres\/","url_meta":{"origin":57532,"position":4},"title":"Colima, el estado m\u00e1s violento para las mujeres","author":"grieta","date":"30 septiembre, 2024","format":false,"excerpt":"Imagen: Diario Avanzada Heidi de Le\u00f3n Guti\u00e9rrez \/ Diario Avanzada Colima, M\u00e9xico, Avanzada (30\/09\/2024).- Colima contin\u00faa siendo el estado m\u00e1s violento para las mujeres en M\u00e9xico. De acuerdo con datos del Secretariado Ejecutivo del Sistema Nacional de Seguridad P\u00fablica (SESNSP), entre enero y agosto de 2024, 91 mujeres fueron asesinadas\u2026","rel":"","context":"En &quot;CINTILLO&quot;","block_context":{"text":"CINTILLO","link":"http:\/\/www.grieta.org.mx\/index.php\/category\/cintillo\/"},"img":{"alt_text":"","src":"https:\/\/i0.wp.com\/www.grieta.org.mx\/wp-content\/uploads\/2024\/10\/aaa-36.jpg?resize=350%2C200","width":350,"height":200,"srcset":"https:\/\/i0.wp.com\/www.grieta.org.mx\/wp-content\/uploads\/2024\/10\/aaa-36.jpg?resize=350%2C200 1x, https:\/\/i0.wp.com\/www.grieta.org.mx\/wp-content\/uploads\/2024\/10\/aaa-36.jpg?resize=525%2C300 1.5x, https:\/\/i0.wp.com\/www.grieta.org.mx\/wp-content\/uploads\/2024\/10\/aaa-36.jpg?resize=700%2C400 2x"},"classes":[]},{"id":56849,"url":"http:\/\/www.grieta.org.mx\/index.php\/2020\/09\/28\/aborto-legal-ya-piden-colectivos-de-tlaxcala\/","url_meta":{"origin":57532,"position":5},"title":"\u00a1Aborto legal ya!, piden colectivos de Tlaxcala","author":"Admin","date":"28 septiembre, 2020","format":false,"excerpt":"Karla Mu\u00f1et\u00f3n | El Sol de Tlaxcala Al entonar diversos cantos en los que aseguraron que hay un sistema patriarcal que les impide acceder al aborto legal de forma voluntaria, colectivos feministas marcharon de forma pac\u00edfica por calles principales de la capital. La tarde de este 28 de septiembre, D\u00eda\u2026","rel":"","context":"En &quot;CINTILLO&quot;","block_context":{"text":"CINTILLO","link":"http:\/\/www.grieta.org.mx\/index.php\/category\/cintillo\/"},"img":{"alt_text":"","src":"https:\/\/i0.wp.com\/www.grieta.org.mx\/wp-content\/uploads\/2021\/02\/Aborto-legal.jpg?resize=350%2C200","width":350,"height":200,"srcset":"https:\/\/i0.wp.com\/www.grieta.org.mx\/wp-content\/uploads\/2021\/02\/Aborto-legal.jpg?resize=350%2C200 1x, https:\/\/i0.wp.com\/www.grieta.org.mx\/wp-content\/uploads\/2021\/02\/Aborto-legal.jpg?resize=525%2C300 1.5x, https:\/\/i0.wp.com\/www.grieta.org.mx\/wp-content\/uploads\/2021\/02\/Aborto-legal.jpg?resize=700%2C400 2x"},"classes":[]}],"_links":{"self":[{"href":"http:\/\/www.grieta.org.mx\/index.php\/wp-json\/wp\/v2\/posts\/57532","targetHints":{"allow":["GET"]}}],"collection":[{"href":"http:\/\/www.grieta.org.mx\/index.php\/wp-json\/wp\/v2\/posts"}],"about":[{"href":"http:\/\/www.grieta.org.mx\/index.php\/wp-json\/wp\/v2\/types\/post"}],"author":[{"embeddable":true,"href":"http:\/\/www.grieta.org.mx\/index.php\/wp-json\/wp\/v2\/users\/1"}],"replies":[{"embeddable":true,"href":"http:\/\/www.grieta.org.mx\/index.php\/wp-json\/wp\/v2\/comments?post=57532"}],"version-history":[{"count":1,"href":"http:\/\/www.grieta.org.mx\/index.php\/wp-json\/wp\/v2\/posts\/57532\/revisions"}],"predecessor-version":[{"id":57535,"href":"http:\/\/www.grieta.org.mx\/index.php\/wp-json\/wp\/v2\/posts\/57532\/revisions\/57535"}],"wp:featuredmedia":[{"embeddable":true,"href":"http:\/\/www.grieta.org.mx\/index.php\/wp-json\/wp\/v2\/media\/57533"}],"wp:attachment":[{"href":"http:\/\/www.grieta.org.mx\/index.php\/wp-json\/wp\/v2\/media?parent=57532"}],"wp:term":[{"taxonomy":"category","embeddable":true,"href":"http:\/\/www.grieta.org.mx\/index.php\/wp-json\/wp\/v2\/categories?post=57532"},{"taxonomy":"post_tag","embeddable":true,"href":"http:\/\/www.grieta.org.mx\/index.php\/wp-json\/wp\/v2\/tags?post=57532"}],"curies":[{"name":"wp","href":"https:\/\/api.w.org\/{rel}","templated":true}]}}