{"id":5740,"date":"2015-10-14T18:03:23","date_gmt":"2015-10-14T18:03:23","guid":{"rendered":"http:\/\/50.22.11.12\/~grietaor\/?p=5740"},"modified":"2016-03-27T18:05:55","modified_gmt":"2016-03-27T18:05:55","slug":"exige-justicia-por-el-el-homicidio-de-su-hermana-quintana-roo","status":"publish","type":"post","link":"http:\/\/www.grieta.org.mx\/index.php\/2015\/10\/14\/exige-justicia-por-el-el-homicidio-de-su-hermana-quintana-roo\/","title":{"rendered":"Exige justicia por el el homicidio de su hermana (Quintana Roo)"},"content":{"rendered":"<p>CANC\u00daN, Q. Roo.- Despu\u00e9s de cinco a\u00f1os de la muerte de su hermana, Yuritzi Orizaba de Ashman, quien radica en Londres, le pide a las autoridades mexicanas que se reactive la investigaci\u00f3n del homicidio, tras quedar impune.<\/p>\n<p>Los hechos fueron reportados el 9 de octubre del 2010, en ese entonces la Procuradur\u00eda General de Justicia en la zona norte del Estado (PGJE), dio a conocer el hallazgo del cuerpo de Arisai Orizaba Nieto, en su domicilio ubicado en Puerto Morelos, presentaba un traumatismo maxilar superior con heridas de seis cent\u00edmetros en la parte del ment\u00f3n, adem\u00e1s de haber sido asfixiada.<\/p>\n<p>\u201cEl homicidio de mi hermana es un episodio terrible y fuera de nuestra comprensi\u00f3n, pero desde que pas\u00f3, ha dejado una huella muy profunda en todos los que la conocimos. La \u00fanica forma de darle sentido a su muerte es hacerle justicia y saber que su historia pueda ayudar alguien m\u00e1s en su misma situaci\u00f3n\u201d coment\u00f3 en una entrevista con Sipse.com Yuritzi Orizaba.<\/p>\n<p>El homicidio de mi hermana es un episodio terrible y fuera de nuestra comprensi\u00f3n, pero desde que paso, ha dejado una huella muy profunda en todos los que la conocimos\u201d<br \/>\nHalla el cuerpo de su hija<br \/>\nLa principal l\u00ednea de investigaci\u00f3n, fue sobre la pareja de la v\u00edctima de nombre Jos\u00e9 Antonio S\u00e1nchez Solis, pues el padre de la hoy occisa, dio a conocer en su declaraci\u00f3n que al no tener contacto con ella, durante tres d\u00edas, decidi\u00f3 viajar a Canc\u00fan, desde la ciudad de M\u00e9xico.<\/p>\n<p>Carlos Orizaba Ruiz, progenitor de la joven, manifest\u00f3 que conoc\u00eda al sujeto que sal\u00eda con su hija y no inspiraba confianza, por lo que comenzaron una b\u00fasqueda del sujeto, quien se dio a la fuga, tras la muerte de la joven.<\/p>\n<p>Arisai Orizaba era maestra de kinder y l\u00edder Scout que se mud\u00f3 a Playa del Carmen a finales del a\u00f1o 2008 en b\u00fasqueda de nuevas oportunidades. En su camino se encontr\u00f3 con Jose Antonio S\u00e1nchez Sol\u00eds, originario de Chontalpa, Tabasco.<\/p>\n<p>Yuritzi Orizaba, coment\u00f3 que se acerc\u00f3 primero a la embajada de M\u00e9xico en Londres y el jefe consular la puso en contacto con el comandante de polic\u00eda de Puerto Morelos, C\u00e9sar Dur\u00e1n,\u201d \u00c9l nos ayud\u00f3 primero muy amablemente, pero cuando le dije que \u00e9l pod\u00eda estar en el extranjero, me respondi\u00f3 que eso lo ten\u00eda que ver directamente con el procurador; yo habl\u00e9 la semana pasada y su secretaria me pas\u00f3 con el subprocurador y me dijo que \u00e9l estaba ocupado y que despu\u00e9s me regresaba la llamada, sigo mand\u00e1ndole mails y esperando. Nuestro abogado chec\u00f3 el expediente, y nos dijo que se necesita reactivar\u201d.<\/p>\n<p>Ayuda en redes sociales<br \/>\nLa hermana de la v\u00edctima , coment\u00f3 que la causa en Facebook, \u201cJusticia para Ari\u201d se ha hecho viral en los \u00faltimos meses, as\u00ed como su p\u00e1gina web.<\/p>\n<p>Sus fotos se han compartido m\u00e1s de 400 mil de veces y han llegado a m\u00e1s de dos millones de personas.<\/p>\n<p><a href=\"http:\/\/sipse.com\/novedades\/redes-sociales-arisai-orizaba-nieto-muerta-novio-homicidio-jose-antonio-sanchez-lopez-cancun-playa-del-carmen-174134.html\" target=\"_blank\">sipse.com\/novedades\/redes-sociales-arisai-orizaba-nieto-muerta-novio-homicidio-jose-antonio-sanchez-lopez-cancun-playa-del-carmen-174134.html<\/a><\/p>\n","protected":false},"excerpt":{"rendered":"<p>CANC\u00daN, Q. Roo.- Despu\u00e9s de cinco a\u00f1os de la muerte de su hermana, Yuritzi Orizaba de Ashman, quien radica en Londres, le pide a las autoridades mexicanas que se reactive &hellip; <a href=\"http:\/\/www.grieta.org.mx\/index.php\/2015\/10\/14\/exige-justicia-por-el-el-homicidio-de-su-hermana-quintana-roo\/\" class=\"more-link\">Leer m\u00e1s<\/a><\/p>\n","protected":false},"author":2,"featured_media":21928,"comment_status":"closed","ping_status":"open","sticky":false,"template":"","format":"standard","meta":{"ngg_post_thumbnail":0,"_jetpack_newsletter_access":"","_jetpack_dont_email_post_to_subs":false,"_jetpack_newsletter_tier_id":0,"_jetpack_memberships_contains_paywalled_content":false,"_jetpack_memberships_contains_paid_content":false,"footnotes":""},"categories":[80,151],"tags":[81],"class_list":["post-5740","post","type-post","status-publish","format-standard","has-post-thumbnail","hentry","category-cintillo","category-quintana-roo","tag-feminicidios","entry"],"jetpack_featured_media_url":"http:\/\/www.grieta.org.mx\/wp-content\/uploads\/2018\/03\/14524434_1106112876131411_958039263622046936_o.jpg","jetpack_sharing_enabled":true,"jetpack_shortlink":"https:\/\/wp.me\/p7ZJR4-1uA","jetpack_likes_enabled":false,"jetpack-related-posts":[{"id":5710,"url":"http:\/\/www.grieta.org.mx\/index.php\/2016\/08\/03\/feminicidios-en-quintana-roo\/","url_meta":{"origin":5740,"position":0},"title":"Feminicidios en Quintana Roo","author":"grieta","date":"3 agosto, 2016","format":false,"excerpt":"03\/08\/16. Otro feminicidio en Canc\u00fan y otra manifestaci\u00f3n ignorada por las autoridades NoticaribeNews 25\/07\/16. Feminicidios o no; siguen matando mujeres en Canc\u00fan y la Riviera Maya. Una decena de casos en lo que va del a\u00f1o NoticaribeNews 24\/04\/16. Alcanzan feminicidios a mujeres extranjeras en la Riviera Maya. Detienen a sujeto\u2026","rel":"","context":"En &quot;Feminicidios&quot;","block_context":{"text":"Feminicidios","link":"http:\/\/www.grieta.org.mx\/index.php\/category\/temas-nacionales\/feminicidios\/"},"img":{"alt_text":"","src":"https:\/\/i0.wp.com\/www.grieta.org.mx\/wp-content\/uploads\/2018\/03\/14524434_1106112876131411_958039263622046936_o.jpg?resize=350%2C200","width":350,"height":200,"srcset":"https:\/\/i0.wp.com\/www.grieta.org.mx\/wp-content\/uploads\/2018\/03\/14524434_1106112876131411_958039263622046936_o.jpg?resize=350%2C200 1x, https:\/\/i0.wp.com\/www.grieta.org.mx\/wp-content\/uploads\/2018\/03\/14524434_1106112876131411_958039263622046936_o.jpg?resize=525%2C300 1.5x, https:\/\/i0.wp.com\/www.grieta.org.mx\/wp-content\/uploads\/2018\/03\/14524434_1106112876131411_958039263622046936_o.jpg?resize=700%2C400 2x"},"classes":[]},{"id":3918,"url":"http:\/\/www.grieta.org.mx\/index.php\/2015\/09\/20\/quintana-roo-se-rehusa-a-reconocer-tortura-en-caso-con-ceav\/","url_meta":{"origin":5740,"position":1},"title":"Quintana Roo se reh\u00fasa a reconocer tortura en caso con CEAV","author":"grieta","date":"20 septiembre, 2015","format":false,"excerpt":"La Comisi\u00f3n Ejecutiva de Atenci\u00f3n a V\u00edctimas (CEAV) libra una batalla legal contra el Poder Judicial de Quintana Roo para sancionar a los torturadores de H\u00e9ctor Casique Fern\u00e1ndez. H\u00e9ctor Casique fue torturado durante 30 horas por la Polic\u00eda Judicial de Quintana Roo para presentarlo como culpable de un m\u00faltiple homicidio\u2026","rel":"","context":"En &quot;CINTILLO&quot;","block_context":{"text":"CINTILLO","link":"http:\/\/www.grieta.org.mx\/index.php\/category\/cintillo\/"},"img":{"alt_text":"","src":"https:\/\/i0.wp.com\/www.grieta.org.mx\/wp-content\/uploads\/2018\/03\/14524434_1106112876131411_958039263622046936_o.jpg?resize=350%2C200","width":350,"height":200,"srcset":"https:\/\/i0.wp.com\/www.grieta.org.mx\/wp-content\/uploads\/2018\/03\/14524434_1106112876131411_958039263622046936_o.jpg?resize=350%2C200 1x, https:\/\/i0.wp.com\/www.grieta.org.mx\/wp-content\/uploads\/2018\/03\/14524434_1106112876131411_958039263622046936_o.jpg?resize=525%2C300 1.5x, https:\/\/i0.wp.com\/www.grieta.org.mx\/wp-content\/uploads\/2018\/03\/14524434_1106112876131411_958039263622046936_o.jpg?resize=700%2C400 2x"},"classes":[]},{"id":5735,"url":"http:\/\/www.grieta.org.mx\/index.php\/2015\/10\/31\/exigimos-que-se-investiguen-y-sancionen-los-feminicidios-cometidos-en-cancun-quintana-roo\/","url_meta":{"origin":5740,"position":2},"title":"Exigimos que se investiguen y sancionen los feminicidios cometidos en Canc\u00fan, Quintana Roo","author":"grieta","date":"31 octubre, 2015","format":false,"excerpt":"La Red de Feministas Peninsulares, integrada por feministas organizadas de Quintana Roo, Yucat\u00e1n y Campeche, convoca a las asociaciones civiles, colectivas y ciudadan\u00eda en General a unirse y expresar la profunda pena e indignaci\u00f3n por los feminicidios cometidos en la Ciudad de Canc\u00fan, Quintana Roo. Demandamos una respuesta inmediata del\u2026","rel":"","context":"En &quot;CINTILLO&quot;","block_context":{"text":"CINTILLO","link":"http:\/\/www.grieta.org.mx\/index.php\/category\/cintillo\/"},"img":{"alt_text":"","src":"https:\/\/i0.wp.com\/www.grieta.org.mx\/wp-content\/uploads\/2018\/03\/14524434_1106112876131411_958039263622046936_o.jpg?resize=350%2C200","width":350,"height":200,"srcset":"https:\/\/i0.wp.com\/www.grieta.org.mx\/wp-content\/uploads\/2018\/03\/14524434_1106112876131411_958039263622046936_o.jpg?resize=350%2C200 1x, https:\/\/i0.wp.com\/www.grieta.org.mx\/wp-content\/uploads\/2018\/03\/14524434_1106112876131411_958039263622046936_o.jpg?resize=525%2C300 1.5x, https:\/\/i0.wp.com\/www.grieta.org.mx\/wp-content\/uploads\/2018\/03\/14524434_1106112876131411_958039263622046936_o.jpg?resize=700%2C400 2x"},"classes":[]},{"id":25968,"url":"http:\/\/www.grieta.org.mx\/index.php\/2018\/08\/30\/asesinan-a-camarografo-de-televisora-local-de-quintana-roo\/","url_meta":{"origin":5740,"position":3},"title":"Asesinan a camar\u00f3grafo de televisora local de Quintana Roo","author":"grieta","date":"30 agosto, 2018","format":false,"excerpt":"Proceso CIUDAD DE M\u00c9XICO (apro).- La Fiscal\u00eda General de Quintana Roo inform\u00f3 del asesinato la tarde del mi\u00e9rcoles pasado de un camar\u00f3grafo de un canal local y una persona m\u00e1s que no ha sido identificada. La Fiscal\u00eda refiri\u00f3 en un comunicado, que el camar\u00f3grafo se encontraba fuera de su horario\u2026","rel":"","context":"En &quot;CINTILLO&quot;","block_context":{"text":"CINTILLO","link":"http:\/\/www.grieta.org.mx\/index.php\/category\/cintillo\/"},"img":{"alt_text":"","src":"https:\/\/i0.wp.com\/www.grieta.org.mx\/wp-content\/uploads\/2018\/08\/javier-1078x750.jpg?resize=350%2C200","width":350,"height":200,"srcset":"https:\/\/i0.wp.com\/www.grieta.org.mx\/wp-content\/uploads\/2018\/08\/javier-1078x750.jpg?resize=350%2C200 1x, https:\/\/i0.wp.com\/www.grieta.org.mx\/wp-content\/uploads\/2018\/08\/javier-1078x750.jpg?resize=525%2C300 1.5x, https:\/\/i0.wp.com\/www.grieta.org.mx\/wp-content\/uploads\/2018\/08\/javier-1078x750.jpg?resize=700%2C400 2x, https:\/\/i0.wp.com\/www.grieta.org.mx\/wp-content\/uploads\/2018\/08\/javier-1078x750.jpg?resize=1050%2C600 3x"},"classes":[]},{"id":70896,"url":"http:\/\/www.grieta.org.mx\/index.php\/2025\/01\/05\/continua-la-lucha-colectivo-madres-buscadoras-mantiene-planton-en-la-fge-exigiendo-justicia-quintana-roo\/","url_meta":{"origin":5740,"position":4},"title":"Contin\u00faa la Lucha; Colectivo Madres Buscadoras Mantiene Plant\u00f3n en la FGE Exigiendo Justicia  (Quintana Roo)","author":"grieta","date":"5 enero, 2025","format":false,"excerpt":"Antonio Brice\u00f1o \/ CAMBIO 22 Madres integrantes del colectivo demandan avances en las investigaciones por personas desaparecidas. A trav\u00e9s de pancartas y murales, protestan en las instalaciones de la Fiscal\u00eda General del Estado en Chetumal Chetumal, 5 de enero.- La noche del 4 de enero, el colectivo Madres Buscadoras de\u2026","rel":"","context":"En &quot;acciones por desaparecidos&quot;","block_context":{"text":"acciones por desaparecidos","link":"http:\/\/www.grieta.org.mx\/index.php\/category\/noticias-nacionales\/quintana-roo\/acciones-por-desaparecidos\/"},"img":{"alt_text":"","src":"https:\/\/i0.wp.com\/www.grieta.org.mx\/wp-content\/uploads\/2025\/01\/Buscadoras-e1737501396705.jpg?resize=350%2C200","width":350,"height":200,"srcset":"https:\/\/i0.wp.com\/www.grieta.org.mx\/wp-content\/uploads\/2025\/01\/Buscadoras-e1737501396705.jpg?resize=350%2C200 1x, https:\/\/i0.wp.com\/www.grieta.org.mx\/wp-content\/uploads\/2025\/01\/Buscadoras-e1737501396705.jpg?resize=525%2C300 1.5x, https:\/\/i0.wp.com\/www.grieta.org.mx\/wp-content\/uploads\/2025\/01\/Buscadoras-e1737501396705.jpg?resize=700%2C400 2x"},"classes":[]},{"id":24082,"url":"http:\/\/www.grieta.org.mx\/index.php\/2018\/06\/29\/onu-llama-a-investigar-a-fondo-asesinato-de-periodista-en-quintana-roo\/","url_meta":{"origin":5740,"position":5},"title":"ONU llama a investigar a fondo asesinato de periodista en Quintana Roo","author":"grieta","date":"29 junio, 2018","format":false,"excerpt":"La oficina de Derechos Humanos de las Naciones Unidas en M\u00e9xico conden\u00f3 el homicidio del periodista Jos\u00e9 Guadalupe Chan Dzib, ocurrido el pasado viernes 29 de junio en Felipe Carrillo Puerto, Quintana Roo La Oficina en M\u00e9xico del Alto Comisionado de las Naciones Unidas para los Derechos Humanos (ONU-DH) conden\u00f3\u2026","rel":"","context":"En &quot;CINTILLO&quot;","block_context":{"text":"CINTILLO","link":"http:\/\/www.grieta.org.mx\/index.php\/category\/cintillo\/"},"img":{"alt_text":"","src":"https:\/\/i0.wp.com\/www.grieta.org.mx\/wp-content\/uploads\/2018\/07\/QRooPeriodista.png?resize=350%2C200","width":350,"height":200,"srcset":"https:\/\/i0.wp.com\/www.grieta.org.mx\/wp-content\/uploads\/2018\/07\/QRooPeriodista.png?resize=350%2C200 1x, https:\/\/i0.wp.com\/www.grieta.org.mx\/wp-content\/uploads\/2018\/07\/QRooPeriodista.png?resize=525%2C300 1.5x"},"classes":[]}],"_links":{"self":[{"href":"http:\/\/www.grieta.org.mx\/index.php\/wp-json\/wp\/v2\/posts\/5740","targetHints":{"allow":["GET"]}}],"collection":[{"href":"http:\/\/www.grieta.org.mx\/index.php\/wp-json\/wp\/v2\/posts"}],"about":[{"href":"http:\/\/www.grieta.org.mx\/index.php\/wp-json\/wp\/v2\/types\/post"}],"author":[{"embeddable":true,"href":"http:\/\/www.grieta.org.mx\/index.php\/wp-json\/wp\/v2\/users\/2"}],"replies":[{"embeddable":true,"href":"http:\/\/www.grieta.org.mx\/index.php\/wp-json\/wp\/v2\/comments?post=5740"}],"version-history":[{"count":1,"href":"http:\/\/www.grieta.org.mx\/index.php\/wp-json\/wp\/v2\/posts\/5740\/revisions"}],"predecessor-version":[{"id":5741,"href":"http:\/\/www.grieta.org.mx\/index.php\/wp-json\/wp\/v2\/posts\/5740\/revisions\/5741"}],"wp:featuredmedia":[{"embeddable":true,"href":"http:\/\/www.grieta.org.mx\/index.php\/wp-json\/wp\/v2\/media\/21928"}],"wp:attachment":[{"href":"http:\/\/www.grieta.org.mx\/index.php\/wp-json\/wp\/v2\/media?parent=5740"}],"wp:term":[{"taxonomy":"category","embeddable":true,"href":"http:\/\/www.grieta.org.mx\/index.php\/wp-json\/wp\/v2\/categories?post=5740"},{"taxonomy":"post_tag","embeddable":true,"href":"http:\/\/www.grieta.org.mx\/index.php\/wp-json\/wp\/v2\/tags?post=5740"}],"curies":[{"name":"wp","href":"https:\/\/api.w.org\/{rel}","templated":true}]}}