{"id":5735,"date":"2015-10-31T17:59:54","date_gmt":"2015-10-31T17:59:54","guid":{"rendered":"http:\/\/50.22.11.12\/~grietaor\/?p=5735"},"modified":"2016-03-27T18:02:45","modified_gmt":"2016-03-27T18:02:45","slug":"exigimos-que-se-investiguen-y-sancionen-los-feminicidios-cometidos-en-cancun-quintana-roo","status":"publish","type":"post","link":"http:\/\/www.grieta.org.mx\/index.php\/2015\/10\/31\/exigimos-que-se-investiguen-y-sancionen-los-feminicidios-cometidos-en-cancun-quintana-roo\/","title":{"rendered":"Exigimos que se investiguen y sancionen los feminicidios cometidos en Canc\u00fan, Quintana Roo"},"content":{"rendered":"<p>La Red de Feministas Peninsulares, integrada por feministas organizadas de Quintana Roo, Yucat\u00e1n y Campeche, convoca a las asociaciones civiles, colectivas y ciudadan\u00eda en General a unirse y expresar la profunda pena e indignaci\u00f3n por los feminicidios cometidos en la Ciudad de Canc\u00fan, Quintana Roo. Demandamos una respuesta inmediata del Gobierno de Quintana Roo, y exigimos que se incluya en la agenda como una emergencia, con acciones espec\u00edficas que garanticen la aplicaci\u00f3n de la Convenci\u00f3n de Belem do Par\u00e1 y la Ley General de Acceso para las Mujeres a una Vida Libre de Violencia.<\/p>\n<p>Asimismo recomendamos considerar evaluar las condiciones y el perfil de los feminicidios, su incidencia y caracter\u00edsticas para la solicitud de la Alerta de Violencia de G\u00e9nero y la aplicaci\u00f3n de las medidas de efectivas para garantizar la protecci\u00f3n a la vida de las mujeres.<\/p>\n<p>El pasado 26 de Octubre fue v\u00edctima de feminicidio Mar\u00eda Karen Carrasco Castilla, estudiante de la Universidad del Caribe, continuando con una serie de violencias graves contra la vida de las mujeres en el estado de Quintana Roo, que se suma a la violencia institucional, obst\u00e9trica, comunitaria y familiar que se ha denunciado en diversos medios y en casos espec\u00edficos.<\/p>\n<p>A los familiares de Karen Carrasco Castilla, Mar\u00eda Fernanda Vargas S\u00e1nchez, Laura Jovita Guzm\u00e1n Mor\u00e1n, Gloria Garc\u00eda L\u00f3pez y de todas las mujeres asesinadas en la Ciudad de Canc\u00fan y a quienes las autoridades mantienen en el anonimato y pretendido olvido; les expresamos nuestra solidaridad y les reiteramos: No est\u00e1n solas. Ni una menos.<\/p>\n<p>A las autoridades de los \u00f3rdenes de gobierno Municipal de Benito Ju\u00e1rez, Estatal de Quintana Roo y Federal, les exigimos que todo asesinato de una mujer en situaci\u00f3n de violencia, sea investigado como feminicidio.<\/p>\n<p>Que las autoridades competentes lleven a cabo las investigaciones pertinentes con transparencia, efectividad, eficacia y de cara a la sociedad y en apego a los criterios para la consideraci\u00f3n del tipo penal de feminicidio.<\/p>\n<p>Rendir un informe correspondiente de cada caso de feminicidio, del estado que guarda la investigaci\u00f3n (si hay un sentenciado, etapa de la investigaci\u00f3n, etc) el cumplimiento de los protocolos de investigaci\u00f3n en casos de feminicidio, en apego a las recomendaciones que el Comit\u00e9 de Expertas de la CEDAW realiz\u00f3 al Informe 7mo y 8vo del Estado Mexicano en 2012, el Mecanismo de Seguimiento de la Convenci\u00f3n de Belem do Par\u00e1, as\u00ed como del Reglamento de la LGAMVLV.<\/p>\n<p>La Red de Feministas Peninsulares exigimos que el Estado Mexicano, en particular el Gobierno del Estado de Quintana Roo garantice las condiciones de una vida libre de violencia y el respeto pleno a los Derechos Humanos de las Mujeres de Canc\u00fan con una investigaci\u00f3n con perspectiva de g\u00e9nero.<\/p>\n<p>ANTECEDENTES<\/p>\n<p>Mar\u00eda Karen Carrasco Castilla, joven de 19 a\u00f1os, estudiante de turismo de la Universidad del Caribe, reportada como desaparecida este 26 de octubre fue encontrada asesinada, en la Regi\u00f3n 217, manzana 1 en la avenida Chaac Mool, en la zona conocida como La Guadalupana. De acuerdo con las autoridades su cuerpo presentaba signos de violencia y fue abandonado en el lugar. La procuradur\u00eda del estado abri\u00f3 la averiguaci\u00f3n previa 6580\/2015 por el delito de homicidio en agravio de Karen.<\/p>\n<p>El 18 de Octubre se encontr\u00f3 el cuerpo de una joven de entre 22 y 25 a\u00f1os, semidesnuda con el rostro destrozado a golpes en fraccionamiento \u201cPaseos del Mar\u201d en la regi\u00f3n 251 de Canc\u00fan. La autoridad abri\u00f3 la averiguaci\u00f3n previa 6355\/2015 por el delito de homicidio en agravio de esta mujer quien a la fecha no ha sido identificada.<\/p>\n<p>16 de Abril de 2015. Fernanda Vargas S\u00e1nchez, de 13 a\u00f1os de edad, fue encontrada sin vida en un camino de terracer\u00eda ubicado en el fraccionamiento \u201cPaseos del Mar\u201d Regi\u00f3n 251, en Canc\u00fan; fueron m\u00e1s de ocho lesiones de arma blanca las que acabaron con su vida. Aunque la necropsia revel\u00f3 el s\u00e1dico crimen de la adolescente v\u00edctima y se confirm\u00f3 el abuso sexual, el o los agresores est\u00e1n pr\u00f3fugos o por lo menos eso es lo que sabe la sociedad hasta hoy. El Ministerio P\u00fablico inici\u00f3 la Averiguaci\u00f3n Previa 2112\/2015 por el delito de homicidio en agravio de Fernanda.<\/p>\n<p>Laura Jovita Guzm\u00e1n Mor\u00e1n su cuerpo fue descubierto el 24 de Junio de 2014, su caso fue catalogado por la prensa como de tortura, feminicidio y pornograf\u00eda infantil en Canc\u00fan. Laura habr\u00eda sido golpeada antes de apu\u00f1alarla, heridas que le costaron la vida. Las investigaciones relacionaron este asesinato con integrantes de la Empresa Tourist World Net (para la que Jovita laboraba), Luis D\u00edaz Aguilera o Jos\u00e9 Jes\u00fas Moreno Huerta y su pareja Edith L\u00f3pez, empresario y ex candidata a diputada detenidos a fines de mayo bajo los cargos de pornograf\u00eda infantil y quienes posteriormente fueron puestos en libertad. La Procuradur\u00eda de Justicia del estado inform\u00f3 que inici\u00f3 la averiguaci\u00f3n previa 3786\/2014 por el delito de homicidio.<\/p>\n<p>Gloria Garc\u00eda L\u00f3pez, de 19 a\u00f1os, fue encontrada sin vida en su casa en la Regi\u00f3n 210 de Canc\u00fan, la Polic\u00eda Judicial confirm\u00f3 que ten\u00eda ocho meses de embarazo y el motivo de su muerte fue traumatismo craneoencef\u00e1lico. Con la muerte de Gloria, se impidi\u00f3 el nacimiento del producto de ocho meses de gestaci\u00f3n. El presunto responsable es su pareja sentimental, de nombre Pablo G\u00f3mez Toto, quien fue reportado como pr\u00f3fugo. La indagatoria por homicidio qued\u00f3 asentada en la averiguaci\u00f3n previa 6831\/2014.<\/p>\n<p><a href=\"http:\/\/kaosenlared.net\/mexico-exigimos-que-se-investiguen-los-feminicidios-cometidos-en-cancun-quintana-roo\/\" target=\"_blank\">kaosenlared.net\/mexico-exigimos-que-se-investiguen-los-feminicidios-cometidos-en-cancun-quintana-roo\/<\/a><\/p>\n","protected":false},"excerpt":{"rendered":"<p>La Red de Feministas Peninsulares, integrada por feministas organizadas de Quintana Roo, Yucat\u00e1n y Campeche, convoca a las asociaciones civiles, colectivas y ciudadan\u00eda en General a unirse y expresar la &hellip; <a href=\"http:\/\/www.grieta.org.mx\/index.php\/2015\/10\/31\/exigimos-que-se-investiguen-y-sancionen-los-feminicidios-cometidos-en-cancun-quintana-roo\/\" class=\"more-link\">Leer m\u00e1s<\/a><\/p>\n","protected":false},"author":2,"featured_media":21928,"comment_status":"closed","ping_status":"open","sticky":false,"template":"","format":"standard","meta":{"ngg_post_thumbnail":0,"_jetpack_newsletter_access":"","_jetpack_dont_email_post_to_subs":false,"_jetpack_newsletter_tier_id":0,"_jetpack_memberships_contains_paywalled_content":false,"_jetpack_memberships_contains_paid_content":false,"footnotes":""},"categories":[80,151],"tags":[81],"class_list":["post-5735","post","type-post","status-publish","format-standard","has-post-thumbnail","hentry","category-cintillo","category-quintana-roo","tag-feminicidios","entry"],"jetpack_featured_media_url":"http:\/\/www.grieta.org.mx\/wp-content\/uploads\/2018\/03\/14524434_1106112876131411_958039263622046936_o.jpg","jetpack_sharing_enabled":true,"jetpack_shortlink":"https:\/\/wp.me\/p7ZJR4-1uv","jetpack_likes_enabled":false,"jetpack-related-posts":[{"id":5710,"url":"http:\/\/www.grieta.org.mx\/index.php\/2016\/08\/03\/feminicidios-en-quintana-roo\/","url_meta":{"origin":5735,"position":0},"title":"Feminicidios en Quintana Roo","author":"grieta","date":"3 agosto, 2016","format":false,"excerpt":"03\/08\/16. Otro feminicidio en Canc\u00fan y otra manifestaci\u00f3n ignorada por las autoridades NoticaribeNews 25\/07\/16. Feminicidios o no; siguen matando mujeres en Canc\u00fan y la Riviera Maya. Una decena de casos en lo que va del a\u00f1o NoticaribeNews 24\/04\/16. Alcanzan feminicidios a mujeres extranjeras en la Riviera Maya. Detienen a sujeto\u2026","rel":"","context":"En &quot;Feminicidios&quot;","block_context":{"text":"Feminicidios","link":"http:\/\/www.grieta.org.mx\/index.php\/category\/temas-nacionales\/feminicidios\/"},"img":{"alt_text":"","src":"https:\/\/i0.wp.com\/www.grieta.org.mx\/wp-content\/uploads\/2018\/03\/14524434_1106112876131411_958039263622046936_o.jpg?resize=350%2C200","width":350,"height":200,"srcset":"https:\/\/i0.wp.com\/www.grieta.org.mx\/wp-content\/uploads\/2018\/03\/14524434_1106112876131411_958039263622046936_o.jpg?resize=350%2C200 1x, https:\/\/i0.wp.com\/www.grieta.org.mx\/wp-content\/uploads\/2018\/03\/14524434_1106112876131411_958039263622046936_o.jpg?resize=525%2C300 1.5x, https:\/\/i0.wp.com\/www.grieta.org.mx\/wp-content\/uploads\/2018\/03\/14524434_1106112876131411_958039263622046936_o.jpg?resize=700%2C400 2x"},"classes":[]},{"id":56198,"url":"http:\/\/www.grieta.org.mx\/index.php\/2021\/01\/09\/feministas-se-manifiestan-para-recordar-represion-policial-en-cancun\/","url_meta":{"origin":5735,"position":1},"title":"Feministas se manifiestan para recordar represi\u00f3n policial en Canc\u00fan","author":"grieta","date":"9 enero, 2021","format":false,"excerpt":"Alonso Cupul \/ MegaNews CANC\u00daN.- Nuevamente el Palacio Municipal de Benito Ju\u00e1rez y la Plaza de la Reforma, se convirtieron en el escenario de una manifestaci\u00f3n feminista para recordar la represi\u00f3n policial del pasado 9 de noviembre del 2020, cuando decenas de mujeres y hombres ped\u00edan justicia por los feminicidios.\u2026","rel":"","context":"En &quot;CINTILLO&quot;","block_context":{"text":"CINTILLO","link":"http:\/\/www.grieta.org.mx\/index.php\/category\/cintillo\/"},"img":{"alt_text":"","src":"https:\/\/i0.wp.com\/www.grieta.org.mx\/wp-content\/uploads\/2021\/01\/FeministasCancun.png?resize=350%2C200","width":350,"height":200,"srcset":"https:\/\/i0.wp.com\/www.grieta.org.mx\/wp-content\/uploads\/2021\/01\/FeministasCancun.png?resize=350%2C200 1x, https:\/\/i0.wp.com\/www.grieta.org.mx\/wp-content\/uploads\/2021\/01\/FeministasCancun.png?resize=525%2C300 1.5x, https:\/\/i0.wp.com\/www.grieta.org.mx\/wp-content\/uploads\/2021\/01\/FeministasCancun.png?resize=700%2C400 2x"},"classes":[]},{"id":50621,"url":"http:\/\/www.grieta.org.mx\/index.php\/2020\/05\/20\/la-pandemia-de-mano-de-la-violencia-intrafamiliar-quintana-roo\/","url_meta":{"origin":5735,"position":2},"title":"La pandemia de mano de la violencia intrafamiliar (Quintana Roo)","author":"grieta","date":"20 mayo, 2020","format":false,"excerpt":"RUB\u00c9N TORRES \/ Luces del Siglo Violencia intrafamiliar; supera los mil 770 que tiene Yucat\u00e1n y los mil 800 de Campeche CANC\u00daN, Q. ROO.- La letalidad del Covid-19 va de la mano con el incremento de 23 por ciento de las llamadas de auxilio al 911, sobre violencia familiar en\u2026","rel":"","context":"En &quot;CINTILLO&quot;","block_context":{"text":"CINTILLO","link":"http:\/\/www.grieta.org.mx\/index.php\/category\/cintillo\/"},"img":{"alt_text":"","src":"https:\/\/i0.wp.com\/www.grieta.org.mx\/wp-content\/uploads\/2020\/06\/4A-N2-LLAMADAS-AUXILIO.jpeg?resize=350%2C200","width":350,"height":200,"srcset":"https:\/\/i0.wp.com\/www.grieta.org.mx\/wp-content\/uploads\/2020\/06\/4A-N2-LLAMADAS-AUXILIO.jpeg?resize=350%2C200 1x, https:\/\/i0.wp.com\/www.grieta.org.mx\/wp-content\/uploads\/2020\/06\/4A-N2-LLAMADAS-AUXILIO.jpeg?resize=525%2C300 1.5x"},"classes":[]},{"id":64553,"url":"http:\/\/www.grieta.org.mx\/index.php\/2022\/07\/07\/denuncian-colectivos-feministas-cinco-anos-de-simulaciones-en-la-atencion-de-alerta-de-violencia-de-genero-contra-la-mujer-emitida-para-7-de-los-11-municipios-de-quintana-roo\/","url_meta":{"origin":5735,"position":3},"title":"Denuncian colectivos feministas cinco a\u00f1os de simulaciones en la atenci\u00f3n de Alerta de Violencia de G\u00e9nero contra la Mujer emitida para 7 de los 11 municipios de Quintana Roo","author":"grieta","date":"7 julio, 2022","format":false,"excerpt":"Rafael Brice\u00f1o \/ Noticaribe CHETUMAL, MX. \u2013 Al cumplirse este 7 de julio cinco a\u00f1os de la emisi\u00f3n de la alerta de Violencia de G\u00e9nero contra las Mujeres para siete de los 11 municipios de Quintana Roo, colectivos denunciaron que el contexto feminicida no ha disminuido y que al contrario\u2026","rel":"","context":"En &quot;CINTILLO&quot;","block_context":{"text":"CINTILLO","link":"http:\/\/www.grieta.org.mx\/index.php\/category\/cintillo\/"},"img":{"alt_text":"","src":"https:\/\/i0.wp.com\/www.grieta.org.mx\/wp-content\/uploads\/2022\/08\/Feminicidios-e1659649098230.png?resize=350%2C200","width":350,"height":200,"srcset":"https:\/\/i0.wp.com\/www.grieta.org.mx\/wp-content\/uploads\/2022\/08\/Feminicidios-e1659649098230.png?resize=350%2C200 1x, https:\/\/i0.wp.com\/www.grieta.org.mx\/wp-content\/uploads\/2022\/08\/Feminicidios-e1659649098230.png?resize=525%2C300 1.5x, https:\/\/i0.wp.com\/www.grieta.org.mx\/wp-content\/uploads\/2022\/08\/Feminicidios-e1659649098230.png?resize=700%2C400 2x"},"classes":[]},{"id":66130,"url":"http:\/\/www.grieta.org.mx\/index.php\/2023\/01\/24\/revela-informe-sombra-de-siempre-unidas-52-feminicidios-y-no-14-en-quintana-roo-al-cierre-del-2022\/","url_meta":{"origin":5735,"position":4},"title":"Revela Informe Sombra de \u201cSiempre Unidas\u201d, 52 feminicidios y no 14, en Quintana Roo, al cierre del 2022","author":"grieta","date":"24 enero, 2023","format":false,"excerpt":"Adriana Varillas \/ Estamos Aqu\u00ed.MX 24 de enero\/ Canc\u00fan, Q. Roo.- Pese a las acciones, reformas legislativas, campa\u00f1as y programas gubernamentales aplicados desde 2017 a prop\u00f3sito de la declaraci\u00f3n de Alerta de Violencia de G\u00e9nero (AVG), Quintana Roo se mantiene como una de las entidades m\u00e1s peligrosas para las mujeres,\u2026","rel":"","context":"En &quot;CINTILLO&quot;","block_context":{"text":"CINTILLO","link":"http:\/\/www.grieta.org.mx\/index.php\/category\/cintillo\/"},"img":{"alt_text":"","src":"https:\/\/i0.wp.com\/www.grieta.org.mx\/wp-content\/uploads\/2023\/01\/Sombra.jpg?resize=350%2C200","width":350,"height":200},"classes":[]},{"id":54901,"url":"http:\/\/www.grieta.org.mx\/index.php\/2020\/11\/10\/dispersan-entre-balazos-protesta-contra-feminicidio-en-q-roo\/","url_meta":{"origin":5735,"position":5},"title":"Dispersan entre balazos protesta contra feminicidio en Q.Roo","author":"grieta","date":"10 noviembre, 2020","format":false,"excerpt":"Adriana Varillas \/ El Universal Canc\u00fan.\u2014 Polic\u00edas municipales de Canc\u00fan dispararon al aire durante varios minutos para dispersar a un grupo de manifestantes, quienes protestaban a las afueras del Palacio de Gobierno en contra de la violencia de g\u00e9nero y para condenar el feminicidio de la joven Alexis, de 20\u2026","rel":"","context":"En &quot;Abuso policiaco en Quintana Roo&quot;","block_context":{"text":"Abuso policiaco en Quintana Roo","link":"http:\/\/www.grieta.org.mx\/index.php\/category\/noticias-nacionales\/quintana-roo\/abuso-policiaco-en-quintana-roo\/"},"img":{"alt_text":"","src":"https:\/\/i0.wp.com\/www.grieta.org.mx\/wp-content\/uploads\/2020\/11\/RepresionCancun.png?resize=350%2C200","width":350,"height":200,"srcset":"https:\/\/i0.wp.com\/www.grieta.org.mx\/wp-content\/uploads\/2020\/11\/RepresionCancun.png?resize=350%2C200 1x, https:\/\/i0.wp.com\/www.grieta.org.mx\/wp-content\/uploads\/2020\/11\/RepresionCancun.png?resize=525%2C300 1.5x"},"classes":[]}],"_links":{"self":[{"href":"http:\/\/www.grieta.org.mx\/index.php\/wp-json\/wp\/v2\/posts\/5735","targetHints":{"allow":["GET"]}}],"collection":[{"href":"http:\/\/www.grieta.org.mx\/index.php\/wp-json\/wp\/v2\/posts"}],"about":[{"href":"http:\/\/www.grieta.org.mx\/index.php\/wp-json\/wp\/v2\/types\/post"}],"author":[{"embeddable":true,"href":"http:\/\/www.grieta.org.mx\/index.php\/wp-json\/wp\/v2\/users\/2"}],"replies":[{"embeddable":true,"href":"http:\/\/www.grieta.org.mx\/index.php\/wp-json\/wp\/v2\/comments?post=5735"}],"version-history":[{"count":1,"href":"http:\/\/www.grieta.org.mx\/index.php\/wp-json\/wp\/v2\/posts\/5735\/revisions"}],"predecessor-version":[{"id":5739,"href":"http:\/\/www.grieta.org.mx\/index.php\/wp-json\/wp\/v2\/posts\/5735\/revisions\/5739"}],"wp:featuredmedia":[{"embeddable":true,"href":"http:\/\/www.grieta.org.mx\/index.php\/wp-json\/wp\/v2\/media\/21928"}],"wp:attachment":[{"href":"http:\/\/www.grieta.org.mx\/index.php\/wp-json\/wp\/v2\/media?parent=5735"}],"wp:term":[{"taxonomy":"category","embeddable":true,"href":"http:\/\/www.grieta.org.mx\/index.php\/wp-json\/wp\/v2\/categories?post=5735"},{"taxonomy":"post_tag","embeddable":true,"href":"http:\/\/www.grieta.org.mx\/index.php\/wp-json\/wp\/v2\/tags?post=5735"}],"curies":[{"name":"wp","href":"https:\/\/api.w.org\/{rel}","templated":true}]}}