{"id":57286,"date":"2021-02-27T14:14:48","date_gmt":"2021-02-27T20:14:48","guid":{"rendered":"http:\/\/www.grieta.org.mx\/?p=57286"},"modified":"2021-03-03T14:28:14","modified_gmt":"2021-03-03T20:28:14","slug":"maestros-jubilados-realizan-caravana-contra-esquema-de-pension-en-merida-yucatan","status":"publish","type":"post","link":"http:\/\/www.grieta.org.mx\/index.php\/2021\/02\/27\/maestros-jubilados-realizan-caravana-contra-esquema-de-pension-en-merida-yucatan\/","title":{"rendered":"Maestros jubilados realizan caravana contra esquema de pensi\u00f3n en M\u00e9rida (Yucat\u00e1n)"},"content":{"rendered":"<p><img loading=\"lazy\" decoding=\"async\" data-attachment-id=\"57287\" data-permalink=\"http:\/\/www.grieta.org.mx\/index.php\/2021\/02\/27\/maestros-jubilados-realizan-caravana-contra-esquema-de-pension-en-merida-yucatan\/maestrosjubilados\/\" data-orig-file=\"http:\/\/www.grieta.org.mx\/wp-content\/uploads\/2021\/03\/MaestrosJubilados-e1614803008514.png\" data-orig-size=\"800,654\" data-comments-opened=\"0\" data-image-meta=\"{&quot;aperture&quot;:&quot;0&quot;,&quot;credit&quot;:&quot;&quot;,&quot;camera&quot;:&quot;&quot;,&quot;caption&quot;:&quot;&quot;,&quot;created_timestamp&quot;:&quot;0&quot;,&quot;copyright&quot;:&quot;&quot;,&quot;focal_length&quot;:&quot;0&quot;,&quot;iso&quot;:&quot;0&quot;,&quot;shutter_speed&quot;:&quot;0&quot;,&quot;title&quot;:&quot;&quot;,&quot;orientation&quot;:&quot;0&quot;}\" data-image-title=\"MaestrosJubilados\" data-image-description=\"\" data-image-caption=\"\" data-medium-file=\"http:\/\/www.grieta.org.mx\/wp-content\/uploads\/2021\/03\/MaestrosJubilados-300x245.png\" data-large-file=\"http:\/\/www.grieta.org.mx\/wp-content\/uploads\/2021\/03\/MaestrosJubilados-e1614803008514.png\" src=\"http:\/\/www.grieta.org.mx\/wp-content\/uploads\/2021\/03\/MaestrosJubilados-e1614803008514.png\" alt=\"\" width=\"800\" height=\"654\" class=\"alignnone size-full wp-image-57287\" \/><br \/>\nRedacci\u00f3n PorEsto!<br \/>\nA minutos de terminar una manifestaci\u00f3n de m\u00e9dicos en el Monumento a la Patria, una caravana de maestros se moviliz\u00f3 de este inmueble al Palacio de Gobierno, quienes pidieron que sus esquemas de pensi\u00f3n no se base en Unidades Medida de Actualizaci\u00f3n (UMA), sino en salarios m\u00ednimos, ya que esto significar\u00eda un duro golpe a su econom\u00eda. <\/p>\n<p>Durante la caravana, de alrededor de 25 veh\u00edculos de maestros, los maestros pintaron en sus cristales consignas contra los UMAS, as\u00ed como pedir jubilaciones justas.<\/p>\n<p>La maestra Guadalupe Pacheco se\u00f1al\u00f3 que la movilizaci\u00f3n tiene como fin defender los derechos de los trabajadores de la educaci\u00f3n, particularmente lo que respecta a su esquema para el retiro, sus jubilaciones.<\/p>\n<p><iframe loading=\"lazy\" src=\"https:\/\/www.facebook.com\/plugins\/video.php?href=https%3A%2F%2Fwww.facebook.com%2FPorEstoOnline%2Fvideos%2F3002308306655397%2F&#038;show_text=0&#038;width=560\" width=\"560\" height=\"308\" style=\"border:none;overflow:hidden\" scrolling=\"no\" frameborder=\"0\" allowfullscreen=\"true\" allow=\"autoplay; clipboard-write; encrypted-media; picture-in-picture; web-share\" allowFullScreen=\"true\"><\/iframe><\/p>\n<p>Coment\u00f3 que en alg\u00fan momento los docentes que est\u00e1n en activo tendr\u00e1n que pasar por el proceso de jubilaci\u00f3n y se encontrar\u00e1n con los problemas que han detectado.<\/p>\n<p>\u201cPretendemos sumarnos a un movimiento nacional, es muy importante reconocer a todos aquellos trabajadores que est\u00e1n siendo afectado, y que est\u00e1n haciendo presencia f\u00edsica, as\u00ed como en las redes sociales\u201d, coment\u00f3.<\/p>\n<p>Indic\u00f3 la autoridad durante la movilizaci\u00f3n hubo representatividad, tanto de la base trabajadora del sector de la educaci\u00f3n, as\u00ed como los representantes sindicalizados, y l\u00edderes docentes, los cuales est\u00e1n pidiendo se d\u00e9 marcha atr\u00e1s a esta propuesta realizada por el Gobierno Federal.<\/p>\n<p>Consider\u00f3 que si los docentes se mantienen unidos y reclaman sus derechos, puede haber una rectificaci\u00f3n de las autoridades por estas medidas.<\/p>\n<p>JG<br \/>\n<a href=\"https:\/\/www.poresto.net\/yucatan\/2021\/2\/27\/maestros-jubilados-realizan-caravana-contra-esquema-de-pension-en-merida-240468.html\" rel=\"noopener\" target=\"_blank\">https:\/\/www.poresto.net\/yucatan\/2021\/2\/27\/maestros-jubilados-realizan-caravana-contra-esquema-de-pension-en-merida-240468.html<\/a><\/p>\n","protected":false},"excerpt":{"rendered":"<p>Redacci\u00f3n PorEsto! A minutos de terminar una manifestaci\u00f3n de m\u00e9dicos en el Monumento a la Patria, una caravana de maestros se moviliz\u00f3 de este inmueble al Palacio de Gobierno, quienes &hellip; <a href=\"http:\/\/www.grieta.org.mx\/index.php\/2021\/02\/27\/maestros-jubilados-realizan-caravana-contra-esquema-de-pension-en-merida-yucatan\/\" class=\"more-link\">Leer m\u00e1s<\/a><\/p>\n","protected":false},"author":2,"featured_media":57287,"comment_status":"closed","ping_status":"closed","sticky":false,"template":"","format":"standard","meta":{"ngg_post_thumbnail":0,"_jetpack_newsletter_access":"","_jetpack_dont_email_post_to_subs":false,"_jetpack_newsletter_tier_id":0,"_jetpack_memberships_contains_paywalled_content":false,"_jetpack_memberships_contains_paid_content":false,"footnotes":""},"categories":[80,2,1174,36],"tags":[310,1322,203,2450,3792,1356,1460],"class_list":["post-57286","post","type-post","status-publish","format-standard","has-post-thumbnail","hentry","category-cintillo","category-noticias-nacionales","category-protestas-de-jubilados-en-yucatan","category-yucatan","tag-jubilados","tag-maestros-jubilados","tag-pensionados","tag-protesta-maestros","tag-protestas-de-jubilados-y-pensionados","tag-protestas-maestros-jubilados","tag-umas","entry"],"jetpack_featured_media_url":"http:\/\/www.grieta.org.mx\/wp-content\/uploads\/2021\/03\/MaestrosJubilados-e1614803008514.png","jetpack_sharing_enabled":true,"jetpack_shortlink":"https:\/\/wp.me\/p7ZJR4-eTY","jetpack_likes_enabled":false,"jetpack-related-posts":[{"id":57846,"url":"http:\/\/www.grieta.org.mx\/index.php\/2021\/03\/17\/se-manifiestan-maestros-jubilados-colima\/","url_meta":{"origin":57286,"position":0},"title":"Se manifiestan maestros jubilados (Colima)","author":"grieta","date":"17 marzo, 2021","format":false,"excerpt":"Foto: Especial Jes\u00fas Lozoya Baeza \/ El Noticiero Un numeroso grupo de maestros pensionados se manifestaron la tarde de ayer en el puerto de Manzanillo para pedirle al presidente de M\u00e9xico, Andr\u00e9s Manuel L\u00f3pez Obrador, que los salarios y pensiones de este sector se paguen en salarios m\u00ednimos y no\u2026","rel":"","context":"En &quot;CINTILLO&quot;","block_context":{"text":"CINTILLO","link":"http:\/\/www.grieta.org.mx\/index.php\/category\/cintillo\/"},"img":{"alt_text":"","src":"https:\/\/i0.wp.com\/www.grieta.org.mx\/wp-content\/uploads\/2021\/03\/Sin-titulo.png?resize=350%2C200","width":350,"height":200,"srcset":"https:\/\/i0.wp.com\/www.grieta.org.mx\/wp-content\/uploads\/2021\/03\/Sin-titulo.png?resize=350%2C200 1x, https:\/\/i0.wp.com\/www.grieta.org.mx\/wp-content\/uploads\/2021\/03\/Sin-titulo.png?resize=525%2C300 1.5x, https:\/\/i0.wp.com\/www.grieta.org.mx\/wp-content\/uploads\/2021\/03\/Sin-titulo.png?resize=700%2C400 2x"},"classes":[]},{"id":23852,"url":"http:\/\/www.grieta.org.mx\/index.php\/2018\/06\/12\/maestros-jubilados-se-manifiestan-en-el-congreso-de-sinaloa\/","url_meta":{"origin":57286,"position":1},"title":"Maestros jubilados se manifiestan en el Congreso de Sinaloa","author":"grieta","date":"12 junio, 2018","format":false,"excerpt":"Maestros jubilados se manifiestan en el Congreso de Sinaloa La exigencia de los pensionados es que no se les pague su pensi\u00f3n en salarios m\u00ednimos Edith Andrade Culiac\u00e1n, Sinaloa.- Por falta de inter\u00e9s de las autoridades para pagarles un adeudo de 2017 por bonos compensatorios decenas de maestros salieron a\u2026","rel":"","context":"En &quot;CINTILLO&quot;","block_context":{"text":"CINTILLO","link":"http:\/\/www.grieta.org.mx\/index.php\/category\/cintillo\/"},"img":{"alt_text":"","src":"https:\/\/i0.wp.com\/www.grieta.org.mx\/wp-content\/uploads\/2018\/06\/whatsapp_image_2018-06-12_at_10_14_21_am_crop1528820658384.jpeg_539665225.jpeg?resize=350%2C200","width":350,"height":200,"srcset":"https:\/\/i0.wp.com\/www.grieta.org.mx\/wp-content\/uploads\/2018\/06\/whatsapp_image_2018-06-12_at_10_14_21_am_crop1528820658384.jpeg_539665225.jpeg?resize=350%2C200 1x, https:\/\/i0.wp.com\/www.grieta.org.mx\/wp-content\/uploads\/2018\/06\/whatsapp_image_2018-06-12_at_10_14_21_am_crop1528820658384.jpeg_539665225.jpeg?resize=525%2C300 1.5x"},"classes":[]},{"id":6116,"url":"http:\/\/www.grieta.org.mx\/index.php\/2016\/07\/13\/pensionados-y-jubilados-de-veracruz-exigen-el-pago-inmediato-de-adeudos\/","url_meta":{"origin":57286,"position":2},"title":"Pensionados, jubilados y maestros de Veracruz exigen el pago inmediato de adeudos","author":"Admin","date":"13 julio, 2016","format":false,"excerpt":"13\/07\/16. Maestros jubilados y en activo se unen en nueva protesta E-Consulta Veracruz 05\/07\/16. Protestas en Veracruz La Cr\u00f3nica de Hoy 04\/07\/16. Protestan sindicatos y jubilados en Veracruz por falta de pagos La Jornada 03\/06\/16. Jubilados del puerto se suman a rechazo de pago de deuda con inmuebles E-consulta Veracruz\u2026","rel":"","context":"En &quot;NOTICIAS NACIONALES&quot;","block_context":{"text":"NOTICIAS NACIONALES","link":"http:\/\/www.grieta.org.mx\/index.php\/category\/noticias-nacionales\/"},"img":{"alt_text":"","src":"https:\/\/i0.wp.com\/www.grieta.org.mx\/wp-content\/uploads\/2018\/03\/14524434_1106112876131411_958039263622046936_o.jpg?resize=350%2C200","width":350,"height":200,"srcset":"https:\/\/i0.wp.com\/www.grieta.org.mx\/wp-content\/uploads\/2018\/03\/14524434_1106112876131411_958039263622046936_o.jpg?resize=350%2C200 1x, https:\/\/i0.wp.com\/www.grieta.org.mx\/wp-content\/uploads\/2018\/03\/14524434_1106112876131411_958039263622046936_o.jpg?resize=525%2C300 1.5x, https:\/\/i0.wp.com\/www.grieta.org.mx\/wp-content\/uploads\/2018\/03\/14524434_1106112876131411_958039263622046936_o.jpg?resize=700%2C400 2x"},"classes":[]},{"id":57709,"url":"http:\/\/www.grieta.org.mx\/index.php\/2021\/03\/09\/terminaran-protestas-de-jubilados-cuando-pensiones-se-paguen-en-salarios-minimos-colima\/","url_meta":{"origin":57286,"position":3},"title":"Terminar\u00e1n protestas de jubilados cuando pensiones se paguen en salarios m\u00ednimos (Colima)","author":"grieta","date":"9 marzo, 2021","format":false,"excerpt":"Foto: El Comentario Francis Bravo \/ El Comentario Las\u00a0manifestaciones de jubilados\u00a0y pensionados en contra de que se les pague bajo la tabulaci\u00f3n en\u00a0UMA\u2019s, terminar\u00e1n cuando el presidente de la Rep\u00fablica,\u00a0Andr\u00e9s Manuel L\u00f3pez Obrador, ofrezca una\u00a0respuesta positiva, asegur\u00f3 el dirigente del Grupo Independiente de Jubilados y Pensionados del ISSSTE en Colima,\u00a0\u00c1ngel\u2026","rel":"","context":"En &quot;CINTILLO&quot;","block_context":{"text":"CINTILLO","link":"http:\/\/www.grieta.org.mx\/index.php\/category\/cintillo\/"},"img":{"alt_text":"","src":"https:\/\/i0.wp.com\/www.grieta.org.mx\/wp-content\/uploads\/2021\/03\/39c63ddb96a31b9610cd976b896ad4f0.jpg?resize=350%2C200","width":350,"height":200,"srcset":"https:\/\/i0.wp.com\/www.grieta.org.mx\/wp-content\/uploads\/2021\/03\/39c63ddb96a31b9610cd976b896ad4f0.jpg?resize=350%2C200 1x, https:\/\/i0.wp.com\/www.grieta.org.mx\/wp-content\/uploads\/2021\/03\/39c63ddb96a31b9610cd976b896ad4f0.jpg?resize=525%2C300 1.5x, https:\/\/i0.wp.com\/www.grieta.org.mx\/wp-content\/uploads\/2021\/03\/39c63ddb96a31b9610cd976b896ad4f0.jpg?resize=700%2C400 2x"},"classes":[]},{"id":25868,"url":"http:\/\/www.grieta.org.mx\/index.php\/2018\/08\/23\/maestros-pensionados-y-jubilados-exigen-aguinaldo-retrasado-sinaloa\/","url_meta":{"origin":57286,"position":4},"title":"Maestros pensionados y jubilados exigen aguinaldo retrasado (Sinaloa)","author":"grieta","date":"23 agosto, 2018","format":false,"excerpt":"Maestros pensionados y jubilados exigen aguinaldo retrasado. Foto: El Debate Blanca Regalado Mazatl\u00e1n, Sinaloa.- Maestros pensionados y jubilados exigen el pago del bono de aguinaldo del a\u00f1o pasado. Luego de tantos retrasos, hab\u00eda una minuta que destacaba como d\u00eda de pago el 15 de agosto y no se cumpli\u00f3, aseguran\u2026","rel":"","context":"En &quot;CINTILLO&quot;","block_context":{"text":"CINTILLO","link":"http:\/\/www.grieta.org.mx\/index.php\/category\/cintillo\/"},"img":{"alt_text":"","src":"https:\/\/i0.wp.com\/www.grieta.org.mx\/wp-content\/uploads\/2018\/08\/dsc0049.jpg_539665225.jpg?resize=350%2C200","width":350,"height":200,"srcset":"https:\/\/i0.wp.com\/www.grieta.org.mx\/wp-content\/uploads\/2018\/08\/dsc0049.jpg_539665225.jpg?resize=350%2C200 1x, https:\/\/i0.wp.com\/www.grieta.org.mx\/wp-content\/uploads\/2018\/08\/dsc0049.jpg_539665225.jpg?resize=525%2C300 1.5x"},"classes":[]},{"id":6841,"url":"http:\/\/www.grieta.org.mx\/index.php\/2016\/05\/01\/jubilados-de-coahuila-protestan-contra-trato-indigno-en-hospitales\/","url_meta":{"origin":57286,"position":5},"title":"Jubilados de Coahuila protestan contra trato indigno en hospitales","author":"grieta","date":"1 mayo, 2016","format":false,"excerpt":"28\/04\/16. Se manifiestan \u2018profes\u2019 en inicio de Copecol El Siglo de Torre\u00f3n 16\/04\/16. Maestros inician tercer d\u00eda de plant\u00f3n\u2026 Nadie escucha sus demandas El Dem\u00f3crata Coahuila 14\/04\/16. Exigen maestros medicamentos y hacen marcha El Diario de Coahuila 09\/03\/16. Maestros paralizan cl\u00ednica; exigen que Moreira devuelva dinero de la 38 El\u2026","rel":"","context":"En &quot;Coahuila&quot;","block_context":{"text":"Coahuila","link":"http:\/\/www.grieta.org.mx\/index.php\/category\/noticias-nacionales\/coahuila\/"},"img":{"alt_text":"","src":"https:\/\/i0.wp.com\/www.grieta.org.mx\/wp-content\/uploads\/2018\/03\/14524434_1106112876131411_958039263622046936_o.jpg?resize=350%2C200","width":350,"height":200,"srcset":"https:\/\/i0.wp.com\/www.grieta.org.mx\/wp-content\/uploads\/2018\/03\/14524434_1106112876131411_958039263622046936_o.jpg?resize=350%2C200 1x, https:\/\/i0.wp.com\/www.grieta.org.mx\/wp-content\/uploads\/2018\/03\/14524434_1106112876131411_958039263622046936_o.jpg?resize=525%2C300 1.5x, https:\/\/i0.wp.com\/www.grieta.org.mx\/wp-content\/uploads\/2018\/03\/14524434_1106112876131411_958039263622046936_o.jpg?resize=700%2C400 2x"},"classes":[]}],"_links":{"self":[{"href":"http:\/\/www.grieta.org.mx\/index.php\/wp-json\/wp\/v2\/posts\/57286","targetHints":{"allow":["GET"]}}],"collection":[{"href":"http:\/\/www.grieta.org.mx\/index.php\/wp-json\/wp\/v2\/posts"}],"about":[{"href":"http:\/\/www.grieta.org.mx\/index.php\/wp-json\/wp\/v2\/types\/post"}],"author":[{"embeddable":true,"href":"http:\/\/www.grieta.org.mx\/index.php\/wp-json\/wp\/v2\/users\/2"}],"replies":[{"embeddable":true,"href":"http:\/\/www.grieta.org.mx\/index.php\/wp-json\/wp\/v2\/comments?post=57286"}],"version-history":[{"count":1,"href":"http:\/\/www.grieta.org.mx\/index.php\/wp-json\/wp\/v2\/posts\/57286\/revisions"}],"predecessor-version":[{"id":57288,"href":"http:\/\/www.grieta.org.mx\/index.php\/wp-json\/wp\/v2\/posts\/57286\/revisions\/57288"}],"wp:featuredmedia":[{"embeddable":true,"href":"http:\/\/www.grieta.org.mx\/index.php\/wp-json\/wp\/v2\/media\/57287"}],"wp:attachment":[{"href":"http:\/\/www.grieta.org.mx\/index.php\/wp-json\/wp\/v2\/media?parent=57286"}],"wp:term":[{"taxonomy":"category","embeddable":true,"href":"http:\/\/www.grieta.org.mx\/index.php\/wp-json\/wp\/v2\/categories?post=57286"},{"taxonomy":"post_tag","embeddable":true,"href":"http:\/\/www.grieta.org.mx\/index.php\/wp-json\/wp\/v2\/tags?post=57286"}],"curies":[{"name":"wp","href":"https:\/\/api.w.org\/{rel}","templated":true}]}}