{"id":5724,"date":"2015-11-02T17:52:42","date_gmt":"2015-11-02T17:52:42","guid":{"rendered":"http:\/\/50.22.11.12\/~grietaor\/?p=5724"},"modified":"2016-03-27T17:55:39","modified_gmt":"2016-03-27T17:55:39","slug":"miles-marchan-en-cancun-contra-feminicidios-y-horas-despues-asesinan-a-otra-mujer","status":"publish","type":"post","link":"http:\/\/www.grieta.org.mx\/index.php\/2015\/11\/02\/miles-marchan-en-cancun-contra-feminicidios-y-horas-despues-asesinan-a-otra-mujer\/","title":{"rendered":"Miles marchan en Canc\u00fan contra feminicidios y horas despu\u00e9s asesinan a otra mujer"},"content":{"rendered":"<p>Ciudad de M\u00e9xico, 2 de noviembre (SinEmbargo).- Unas cuantas horas despu\u00e9s de que aproximadamente 5 mil personas marcharon contra los feminicidios en Canc\u00fan, Quintana Roo, una joven fue encontrada apu\u00f1alada hoy por la ma\u00f1ana, con lo que ya suman tres homicidios de mujeres en menos de un mes.<\/p>\n<p>Ayer, la Organizaci\u00f3n de las Naciones Unidas (ONU) inform\u00f3 que en 2013 una media de siete mujeres fueron asesinadas cada d\u00eda en M\u00e9xico. En total 2 mil 502 muertes, se\u00f1al\u00f3 al presentar la campa\u00f1a \u201c\u00danete\u201d, para prevenir la violencia de g\u00e9nero y generar conciencia.<\/p>\n<p>Mientras, los habitantes de Canc\u00fan hab\u00edan marchado en las calles de la ciudad por el feminicidio de Mar\u00eda Karen Carrasco Castilla, estudiante de la Universidad del Caribe, joven que fue violada y asesinada el pasado martes, en un lote bald\u00edo del fraccionamiento La Guadalupana, en ese centro tur\u00edstico.<\/p>\n<p>Karen estudiaba la Licenciatura de Turismo en la Universidad del Caribe (Unicaribe) y fue reportada como desaparecida el lunes 26 de octubre, cuando se le vio por \u00faltima vez esperando el transporte p\u00fablico cerca de la instituci\u00f3n educativa.<\/p>\n<p>Sin embargo, el mi\u00e9rcoles pasado alrededor de las 13:30 horas fue hallada sin vida en un \u00e1rea verde de la Avenida Chac Mool, en la Regi\u00f3n 217.<\/p>\n<p>De acuerdo con informaci\u00f3n de Noticaribe, el cuerpo de la universitaria presentaba signos de violencia f\u00edsica y sexual. El cad\u00e1ver fue identificado por sus familiares quienes presentaron una denuncia por su desaparici\u00f3n cuando Karen ya no regres\u00f3 de la escuela a casa.<\/p>\n<p>El cuerpo de la primera v\u00edctima de feminicidio fue encontrado el pasado domingo 18 de octubre, en el fraccionamiento Puertas del Mar, en la Regi\u00f3n 251 de esta localidad. La joven se encontraba desnuda, con el rostro destrozado por los golpes.<\/p>\n<p>La PGJ identific\u00f3 a la v\u00edctima como Rebeca Rivera Neri, de 24 a\u00f1os de edad, originaria de Veracruz. Seg\u00fan la necropsia, la mujer fue estrangulada por sus victimarios.<\/p>\n<p>Hoy, los medios locales informaron de una nueva v\u00edctima de esta serie de asesinatos de mujeres; la tercera encontrada muerta en Canc\u00fan en menos de tres semanas. El cuerpo fue hallado las primeras horas de este lunes, en la calle Tercera Privada de Petunia del fraccionamiento Villas del Mar 3, al final de la Avenida Kabah, en la Regi\u00f3n 248.<\/p>\n<p>De acuerdo con Noticaribe, fue el Procurador de Justicia del estado, Carlos Arturo \u00c1lvarez Escalera, quien confirm\u00f3 el homicidio de la mujer, a trav\u00e9s de la estaci\u00f3n de radio del Gobierno del estado.<\/p>\n<p>El funcionario afirm\u00f3 que la v\u00edctima a\u00fan no ha sido identificada, pero que ya hay una persona presentada presuntamente relacionada con el crimen.<\/p>\n<p>\u00c1lvarez Escalera precis\u00f3 que tuvo conocimiento del homicidio a las 4:30 horas de hoy, y aunque la investigaci\u00f3n a\u00fan est\u00e1 en proceso, coment\u00f3 que los primeros indicios apuntan a que la mujer fue asesinada en un lugar distinto al que fue encontrada.<\/p>\n<p>Hay \u201cun arrastre de cuerpo, que significa que la mujer fue movida del lugar donde le infringieron la heridas mortales y se trat\u00f3 de limpiar la escena del crimen\u201d, explic\u00f3 el Procurador, quien descart\u00f3 que la mujer hubiese sido atacada sexualmente, ya que asegur\u00f3, la joven ten\u00eda toda su ropa puesta.<\/p>\n<p>MILES MARCHAN CONTRA LOS FEMINICIDIOS<\/p>\n<p>Marchan para exigir justicia por Karen, la universitaria asesinada en Canc\u00fan. Foto: Cuartoscuro.<br \/>\nMiles marchan para exigir justicia por Karen, la universitaria asesinada en Canc\u00fan. Foto: Cuartoscuro<\/p>\n<p>Ayer, miles de habitantes de Canc\u00fan marcharon para reclamar m\u00e1s seguridad a las autoridades y tambi\u00e9n exigieron que se declare una alerta de g\u00e9nero en este destino tur\u00edstico, ante los continuos casos de mujeres asesinadas.<\/p>\n<p>Los manifestantes repudiaron los recientes cr\u00edmenes y exigieron justicia para Karen Carrasco Castilla, la universitaria asesinada el pasado martes. Los inconformes, quienes marcharon desde el Malec\u00f3n Tajamar con rumbo al Palacio Municipal, reclamaron m\u00e1s seguridad en el lugar y enviaron un mensaje a las autoridades: \u201csi no pueden, renuncien\u201d.<\/p>\n<p><a href=\"http:\/\/www.sinembargo.mx\/02-11-2015\/1538065\" target=\"_blank\">www.sinembargo.mx\/02-11-2015\/1538065<\/a><\/p>\n","protected":false},"excerpt":{"rendered":"<p>Ciudad de M\u00e9xico, 2 de noviembre (SinEmbargo).- Unas cuantas horas despu\u00e9s de que aproximadamente 5 mil personas marcharon contra los feminicidios en Canc\u00fan, Quintana Roo, una joven fue encontrada apu\u00f1alada &hellip; <a href=\"http:\/\/www.grieta.org.mx\/index.php\/2015\/11\/02\/miles-marchan-en-cancun-contra-feminicidios-y-horas-despues-asesinan-a-otra-mujer\/\" class=\"more-link\">Leer m\u00e1s<\/a><\/p>\n","protected":false},"author":2,"featured_media":21928,"comment_status":"closed","ping_status":"open","sticky":false,"template":"","format":"standard","meta":{"ngg_post_thumbnail":0,"_jetpack_newsletter_access":"","_jetpack_dont_email_post_to_subs":false,"_jetpack_newsletter_tier_id":0,"_jetpack_memberships_contains_paywalled_content":false,"_jetpack_memberships_contains_paid_content":false,"footnotes":""},"categories":[80,151],"tags":[81],"class_list":["post-5724","post","type-post","status-publish","format-standard","has-post-thumbnail","hentry","category-cintillo","category-quintana-roo","tag-feminicidios","entry"],"jetpack_featured_media_url":"http:\/\/www.grieta.org.mx\/wp-content\/uploads\/2018\/03\/14524434_1106112876131411_958039263622046936_o.jpg","jetpack_sharing_enabled":true,"jetpack_shortlink":"https:\/\/wp.me\/p7ZJR4-1uk","jetpack_likes_enabled":false,"jetpack-related-posts":[{"id":5710,"url":"http:\/\/www.grieta.org.mx\/index.php\/2016\/08\/03\/feminicidios-en-quintana-roo\/","url_meta":{"origin":5724,"position":0},"title":"Feminicidios en Quintana Roo","author":"grieta","date":"3 agosto, 2016","format":false,"excerpt":"03\/08\/16. Otro feminicidio en Canc\u00fan y otra manifestaci\u00f3n ignorada por las autoridades NoticaribeNews 25\/07\/16. Feminicidios o no; siguen matando mujeres en Canc\u00fan y la Riviera Maya. Una decena de casos en lo que va del a\u00f1o NoticaribeNews 24\/04\/16. Alcanzan feminicidios a mujeres extranjeras en la Riviera Maya. Detienen a sujeto\u2026","rel":"","context":"En &quot;Feminicidios&quot;","block_context":{"text":"Feminicidios","link":"http:\/\/www.grieta.org.mx\/index.php\/category\/temas-nacionales\/feminicidios\/"},"img":{"alt_text":"","src":"https:\/\/i0.wp.com\/www.grieta.org.mx\/wp-content\/uploads\/2018\/03\/14524434_1106112876131411_958039263622046936_o.jpg?resize=350%2C200","width":350,"height":200,"srcset":"https:\/\/i0.wp.com\/www.grieta.org.mx\/wp-content\/uploads\/2018\/03\/14524434_1106112876131411_958039263622046936_o.jpg?resize=350%2C200 1x, https:\/\/i0.wp.com\/www.grieta.org.mx\/wp-content\/uploads\/2018\/03\/14524434_1106112876131411_958039263622046936_o.jpg?resize=525%2C300 1.5x, https:\/\/i0.wp.com\/www.grieta.org.mx\/wp-content\/uploads\/2018\/03\/14524434_1106112876131411_958039263622046936_o.jpg?resize=700%2C400 2x"},"classes":[]},{"id":56198,"url":"http:\/\/www.grieta.org.mx\/index.php\/2021\/01\/09\/feministas-se-manifiestan-para-recordar-represion-policial-en-cancun\/","url_meta":{"origin":5724,"position":1},"title":"Feministas se manifiestan para recordar represi\u00f3n policial en Canc\u00fan","author":"grieta","date":"9 enero, 2021","format":false,"excerpt":"Alonso Cupul \/ MegaNews CANC\u00daN.- Nuevamente el Palacio Municipal de Benito Ju\u00e1rez y la Plaza de la Reforma, se convirtieron en el escenario de una manifestaci\u00f3n feminista para recordar la represi\u00f3n policial del pasado 9 de noviembre del 2020, cuando decenas de mujeres y hombres ped\u00edan justicia por los feminicidios.\u2026","rel":"","context":"En &quot;CINTILLO&quot;","block_context":{"text":"CINTILLO","link":"http:\/\/www.grieta.org.mx\/index.php\/category\/cintillo\/"},"img":{"alt_text":"","src":"https:\/\/i0.wp.com\/www.grieta.org.mx\/wp-content\/uploads\/2021\/01\/FeministasCancun.png?resize=350%2C200","width":350,"height":200,"srcset":"https:\/\/i0.wp.com\/www.grieta.org.mx\/wp-content\/uploads\/2021\/01\/FeministasCancun.png?resize=350%2C200 1x, https:\/\/i0.wp.com\/www.grieta.org.mx\/wp-content\/uploads\/2021\/01\/FeministasCancun.png?resize=525%2C300 1.5x, https:\/\/i0.wp.com\/www.grieta.org.mx\/wp-content\/uploads\/2021\/01\/FeministasCancun.png?resize=700%2C400 2x"},"classes":[]},{"id":54904,"url":"http:\/\/www.grieta.org.mx\/index.php\/2020\/11\/10\/la-policia-de-cancun-disuelve-a-tiros-una-manifestacion-feminista\/","url_meta":{"origin":5724,"position":2},"title":"La polic\u00eda de Canc\u00fan disuelve a tiros una manifestaci\u00f3n feminista","author":"grieta","date":"10 noviembre, 2020","format":false,"excerpt":"Jacobo Garc\u00eda \/ El Pa\u00eds Los agentes irrumpen con las armas en la mano y gritos de \u201dahora si van a valer madres las pinches mujeres\". Dos periodistas son atendidos por heridas de bala Un grupo de unos 50 polic\u00edas municipales de Canc\u00fan disolvieron a tiros este lunes una manifestaci\u00f3n\u2026","rel":"","context":"En &quot;Abuso policiaco en Quintana Roo&quot;","block_context":{"text":"Abuso policiaco en Quintana Roo","link":"http:\/\/www.grieta.org.mx\/index.php\/category\/noticias-nacionales\/quintana-roo\/abuso-policiaco-en-quintana-roo\/"},"img":{"alt_text":"","src":"https:\/\/i0.wp.com\/www.grieta.org.mx\/wp-content\/uploads\/2018\/03\/14524434_1106112876131411_958039263622046936_o.jpg?resize=350%2C200","width":350,"height":200,"srcset":"https:\/\/i0.wp.com\/www.grieta.org.mx\/wp-content\/uploads\/2018\/03\/14524434_1106112876131411_958039263622046936_o.jpg?resize=350%2C200 1x, https:\/\/i0.wp.com\/www.grieta.org.mx\/wp-content\/uploads\/2018\/03\/14524434_1106112876131411_958039263622046936_o.jpg?resize=525%2C300 1.5x, https:\/\/i0.wp.com\/www.grieta.org.mx\/wp-content\/uploads\/2018\/03\/14524434_1106112876131411_958039263622046936_o.jpg?resize=700%2C400 2x"},"classes":[]},{"id":50621,"url":"http:\/\/www.grieta.org.mx\/index.php\/2020\/05\/20\/la-pandemia-de-mano-de-la-violencia-intrafamiliar-quintana-roo\/","url_meta":{"origin":5724,"position":3},"title":"La pandemia de mano de la violencia intrafamiliar (Quintana Roo)","author":"grieta","date":"20 mayo, 2020","format":false,"excerpt":"RUB\u00c9N TORRES \/ Luces del Siglo Violencia intrafamiliar; supera los mil 770 que tiene Yucat\u00e1n y los mil 800 de Campeche CANC\u00daN, Q. ROO.- La letalidad del Covid-19 va de la mano con el incremento de 23 por ciento de las llamadas de auxilio al 911, sobre violencia familiar en\u2026","rel":"","context":"En &quot;CINTILLO&quot;","block_context":{"text":"CINTILLO","link":"http:\/\/www.grieta.org.mx\/index.php\/category\/cintillo\/"},"img":{"alt_text":"","src":"https:\/\/i0.wp.com\/www.grieta.org.mx\/wp-content\/uploads\/2020\/06\/4A-N2-LLAMADAS-AUXILIO.jpeg?resize=350%2C200","width":350,"height":200,"srcset":"https:\/\/i0.wp.com\/www.grieta.org.mx\/wp-content\/uploads\/2020\/06\/4A-N2-LLAMADAS-AUXILIO.jpeg?resize=350%2C200 1x, https:\/\/i0.wp.com\/www.grieta.org.mx\/wp-content\/uploads\/2020\/06\/4A-N2-LLAMADAS-AUXILIO.jpeg?resize=525%2C300 1.5x"},"classes":[]},{"id":23810,"url":"http:\/\/www.grieta.org.mx\/index.php\/2018\/06\/18\/estudiantes-protestan-por-violencia-y-feminicidios-en-cancun\/","url_meta":{"origin":5724,"position":4},"title":"Estudiantes protestan por violencia y feminicidios en Canc\u00fan","author":"grieta","date":"18 junio, 2018","format":false,"excerpt":"CANC\u00daN, Q.ROO.- Estudiantes y familiares de v\u00edctimas de violencia contra la mujer protestaron a la afueras del Ayuntamiento de Benito Ju\u00e1rez para exigir que las autoridades investiguen a profundidad y parar la violencia en el destino tur\u00edstico. Con mantas que exig\u00edan justicia para las v\u00edctimas de feminicidios m\u00e1s de 20\u2026","rel":"","context":"En &quot;CINTILLO&quot;","block_context":{"text":"CINTILLO","link":"http:\/\/www.grieta.org.mx\/index.php\/category\/cintillo\/"},"img":{"alt_text":"","src":"https:\/\/i0.wp.com\/www.grieta.org.mx\/wp-content\/uploads\/2018\/06\/ProtestaFeminicidiosCancun2.png?resize=350%2C200","width":350,"height":200,"srcset":"https:\/\/i0.wp.com\/www.grieta.org.mx\/wp-content\/uploads\/2018\/06\/ProtestaFeminicidiosCancun2.png?resize=350%2C200 1x, https:\/\/i0.wp.com\/www.grieta.org.mx\/wp-content\/uploads\/2018\/06\/ProtestaFeminicidiosCancun2.png?resize=525%2C300 1.5x"},"classes":[]},{"id":5735,"url":"http:\/\/www.grieta.org.mx\/index.php\/2015\/10\/31\/exigimos-que-se-investiguen-y-sancionen-los-feminicidios-cometidos-en-cancun-quintana-roo\/","url_meta":{"origin":5724,"position":5},"title":"Exigimos que se investiguen y sancionen los feminicidios cometidos en Canc\u00fan, Quintana Roo","author":"grieta","date":"31 octubre, 2015","format":false,"excerpt":"La Red de Feministas Peninsulares, integrada por feministas organizadas de Quintana Roo, Yucat\u00e1n y Campeche, convoca a las asociaciones civiles, colectivas y ciudadan\u00eda en General a unirse y expresar la profunda pena e indignaci\u00f3n por los feminicidios cometidos en la Ciudad de Canc\u00fan, Quintana Roo. Demandamos una respuesta inmediata del\u2026","rel":"","context":"En &quot;CINTILLO&quot;","block_context":{"text":"CINTILLO","link":"http:\/\/www.grieta.org.mx\/index.php\/category\/cintillo\/"},"img":{"alt_text":"","src":"https:\/\/i0.wp.com\/www.grieta.org.mx\/wp-content\/uploads\/2018\/03\/14524434_1106112876131411_958039263622046936_o.jpg?resize=350%2C200","width":350,"height":200,"srcset":"https:\/\/i0.wp.com\/www.grieta.org.mx\/wp-content\/uploads\/2018\/03\/14524434_1106112876131411_958039263622046936_o.jpg?resize=350%2C200 1x, https:\/\/i0.wp.com\/www.grieta.org.mx\/wp-content\/uploads\/2018\/03\/14524434_1106112876131411_958039263622046936_o.jpg?resize=525%2C300 1.5x, https:\/\/i0.wp.com\/www.grieta.org.mx\/wp-content\/uploads\/2018\/03\/14524434_1106112876131411_958039263622046936_o.jpg?resize=700%2C400 2x"},"classes":[]}],"_links":{"self":[{"href":"http:\/\/www.grieta.org.mx\/index.php\/wp-json\/wp\/v2\/posts\/5724","targetHints":{"allow":["GET"]}}],"collection":[{"href":"http:\/\/www.grieta.org.mx\/index.php\/wp-json\/wp\/v2\/posts"}],"about":[{"href":"http:\/\/www.grieta.org.mx\/index.php\/wp-json\/wp\/v2\/types\/post"}],"author":[{"embeddable":true,"href":"http:\/\/www.grieta.org.mx\/index.php\/wp-json\/wp\/v2\/users\/2"}],"replies":[{"embeddable":true,"href":"http:\/\/www.grieta.org.mx\/index.php\/wp-json\/wp\/v2\/comments?post=5724"}],"version-history":[{"count":1,"href":"http:\/\/www.grieta.org.mx\/index.php\/wp-json\/wp\/v2\/posts\/5724\/revisions"}],"predecessor-version":[{"id":5727,"href":"http:\/\/www.grieta.org.mx\/index.php\/wp-json\/wp\/v2\/posts\/5724\/revisions\/5727"}],"wp:featuredmedia":[{"embeddable":true,"href":"http:\/\/www.grieta.org.mx\/index.php\/wp-json\/wp\/v2\/media\/21928"}],"wp:attachment":[{"href":"http:\/\/www.grieta.org.mx\/index.php\/wp-json\/wp\/v2\/media?parent=5724"}],"wp:term":[{"taxonomy":"category","embeddable":true,"href":"http:\/\/www.grieta.org.mx\/index.php\/wp-json\/wp\/v2\/categories?post=5724"},{"taxonomy":"post_tag","embeddable":true,"href":"http:\/\/www.grieta.org.mx\/index.php\/wp-json\/wp\/v2\/tags?post=5724"}],"curies":[{"name":"wp","href":"https:\/\/api.w.org\/{rel}","templated":true}]}}