{"id":57232,"date":"2021-02-25T14:36:02","date_gmt":"2021-02-25T20:36:02","guid":{"rendered":"http:\/\/www.grieta.org.mx\/?p=57232"},"modified":"2021-02-27T15:07:58","modified_gmt":"2021-02-27T21:07:58","slug":"feministas-vuelven-a-tomar-congreso-de-qr-por-incumplimiento-de-acuerdo-sobre-aborto","status":"publish","type":"post","link":"http:\/\/www.grieta.org.mx\/index.php\/2021\/02\/25\/feministas-vuelven-a-tomar-congreso-de-qr-por-incumplimiento-de-acuerdo-sobre-aborto\/","title":{"rendered":"Feministas vuelven a tomar Congreso de QR por incumplimiento de acuerdo sobre aborto"},"content":{"rendered":"<p><img loading=\"lazy\" decoding=\"async\" data-attachment-id=\"57233\" data-permalink=\"http:\/\/www.grieta.org.mx\/index.php\/2021\/02\/25\/feministas-vuelven-a-tomar-congreso-de-qr-por-incumplimiento-de-acuerdo-sobre-aborto\/feministascongresoqroo\/\" data-orig-file=\"http:\/\/www.grieta.org.mx\/wp-content\/uploads\/2021\/02\/FeministasCongresoQroo-e1614459299236.png\" data-orig-size=\"800,513\" data-comments-opened=\"0\" data-image-meta=\"{&quot;aperture&quot;:&quot;0&quot;,&quot;credit&quot;:&quot;&quot;,&quot;camera&quot;:&quot;&quot;,&quot;caption&quot;:&quot;&quot;,&quot;created_timestamp&quot;:&quot;0&quot;,&quot;copyright&quot;:&quot;&quot;,&quot;focal_length&quot;:&quot;0&quot;,&quot;iso&quot;:&quot;0&quot;,&quot;shutter_speed&quot;:&quot;0&quot;,&quot;title&quot;:&quot;&quot;,&quot;orientation&quot;:&quot;0&quot;}\" data-image-title=\"FeministasCongresoQroo\" data-image-description=\"\" data-image-caption=\"\" data-medium-file=\"http:\/\/www.grieta.org.mx\/wp-content\/uploads\/2021\/02\/FeministasCongresoQroo-300x193.png\" data-large-file=\"http:\/\/www.grieta.org.mx\/wp-content\/uploads\/2021\/02\/FeministasCongresoQroo-1024x657.png\" src=\"http:\/\/www.grieta.org.mx\/wp-content\/uploads\/2021\/02\/FeministasCongresoQroo-e1614459299236.png\" alt=\"\" width=\"800\" height=\"513\" class=\"alignnone size-full wp-image-57233\" \/><\/p>\n<p>Rosa Santana \/ Proceso<\/p>\n<p>CHETUMAL, Q. Roo. (apro). &#8211; Despu\u00e9s de acusar al gobernador Carlos Joaqu\u00edn Gonz\u00e1lez de sabotear la sesi\u00f3n de las comisiones unidas que el mi\u00e9rcoles 24 discut\u00edan el dictamen para despenalizar el aborto en la entidad que hoy presentar\u00edan al pleno legislativo, integrantes de la Red Feminista Quintanarroense se apoderaron nuevamente la sede del Congreso.<\/p>\n<p>Dado el incumplimiento al Legislativo al acuerdo que ten\u00eda con los colectivos de feministas para elaborar a m\u00e1s tardar el 24 de febrero el dictamen, lo cual no ocurri\u00f3 debido a que varios legisladores abandonaron la sesi\u00f3n antes de la medianoche para romper el qu\u00f3rum, las quejosas advirtieron que esta vez no entregar\u00e1n el inmueble hasta que su demanda llegue al pleno. <\/p>\n<p>Dicho acuerdo fue firmado el pasado 10 de febrero.<\/p>\n<p>Antes de tomar nuevamente el Congreso, dirigentes de la Red Feminista Quintanarroense reprocharon al gobernador su intromisi\u00f3n en los asuntos legislativos y de impedir en este caso la aprobaci\u00f3n del dictamen para la despenalizaci\u00f3n del estado vali\u00e9ndose de diputados que reventaron la sesi\u00f3n al romper el qu\u00f3rum para la aprobaci\u00f3n del dictamen.<\/p>\n<p>Tambi\u00e9n anunciaron que por este sabotaje se retiraban de la mesa de trabajo con el Ejecutivo. No obstante, dijeron que seguir\u00e1n abiertas al di\u00e1logo para establecer un nuevo acuerdo respecto a la protecci\u00f3n de los derechos humanos de las mujeres, aunque ahora exigieron que la interlocuci\u00f3n \u201csea a nivel nacional\u201d.<\/p>\n<p>Las manifestantes tomaron por primera vez la sede del Congreso luego de la violenta represi\u00f3n policiaca a la protesta feminista de noviembre pasado en Canc\u00fan por el feminicidio de Alexis, que dej\u00f3 varios heridos de bala, caso por el que coincidentemente ayer fueron imputados once elementos de la Seguridad P\u00fablica Municipal de Benito Ju\u00e1rez.<\/p>\n<p>Ante una juez de control, se les imputaron los delitos de abuso de lesiones, abuso de autoridad, robo agravado, encubrimiento y delitos contra el sistema penal acusatorio. El 28 de febrero se resolver\u00e1 su situaci\u00f3n jur\u00eddica, pero mientras tanto se les impusieron medidas cautelares.<\/p>\n<p>Las manifestantes aceptaron entregar la sede del Congreso tras acordar con legisladores en cuanto se elaborar\u00e1 el dictamen para la despenalizaci\u00f3n del aborto, fijando como fecha l\u00edmite el 24 de febrero.  <\/p>\n<p><a href=\"https:\/\/www.proceso.com.mx\/nacional\/estados\/2021\/2\/25\/feministas-vuelven-tomar-congreso-de-qr-por-incumplimiento-de-acuerdo-sobre-aborto-259057.html\" rel=\"noopener\" target=\"_blank\">https:\/\/www.proceso.com.mx\/nacional\/estados\/2021\/2\/25\/feministas-vuelven-tomar-congreso-de-qr-por-incumplimiento-de-acuerdo-sobre-aborto-259057.html<\/a><\/p>\n","protected":false},"excerpt":{"rendered":"<p>Rosa Santana \/ Proceso CHETUMAL, Q. Roo. (apro). &#8211; Despu\u00e9s de acusar al gobernador Carlos Joaqu\u00edn Gonz\u00e1lez de sabotear la sesi\u00f3n de las comisiones unidas que el mi\u00e9rcoles 24 discut\u00edan &hellip; <a href=\"http:\/\/www.grieta.org.mx\/index.php\/2021\/02\/25\/feministas-vuelven-a-tomar-congreso-de-qr-por-incumplimiento-de-acuerdo-sobre-aborto\/\" class=\"more-link\">Leer m\u00e1s<\/a><\/p>\n","protected":false},"author":2,"featured_media":57233,"comment_status":"closed","ping_status":"closed","sticky":false,"template":"","format":"standard","meta":{"ngg_post_thumbnail":0,"_jetpack_newsletter_access":"","_jetpack_dont_email_post_to_subs":false,"_jetpack_newsletter_tier_id":0,"_jetpack_memberships_contains_paywalled_content":false,"_jetpack_memberships_contains_paid_content":false,"footnotes":""},"categories":[80,3169,2,28],"tags":[2287,3042],"class_list":["post-57232","post","type-post","status-publish","format-standard","has-post-thumbnail","hentry","category-cintillo","category-lucha-de-las-mujeres-en-quintana-roo","category-noticias-nacionales","category-quintana-roo","tag-aborto","tag-colectivos-feministas","entry"],"jetpack_featured_media_url":"http:\/\/www.grieta.org.mx\/wp-content\/uploads\/2021\/02\/FeministasCongresoQroo-e1614459299236.png","jetpack_sharing_enabled":true,"jetpack_shortlink":"https:\/\/wp.me\/p7ZJR4-eT6","jetpack_likes_enabled":false,"jetpack-related-posts":[{"id":57296,"url":"http:\/\/www.grieta.org.mx\/index.php\/2021\/03\/03\/cancun-ante-negativa-del-congreso-feministas-reafirman-su-lucha-por-aborto\/","url_meta":{"origin":57232,"position":0},"title":"Canc\u00fan; Ante negativa del Congreso, feministas reafirman su lucha por aborto (Quintana Roo)","author":"grieta","date":"3 marzo, 2021","format":false,"excerpt":"SalasM \/ La Verdad Noticias. \u201cLa lucha sigue\u201d, dice integrante del colectivo Resistencia Sorora, tras la no despenalizaci\u00f3n del aborto en Quintana Roo; preparan una serie de eventos. Con m\u00e1s de nueve eventos programados en Canc\u00fan, feministas seguir\u00e1n luchando para que la despenalizaci\u00f3n del aborto sea una realidad en Quintana\u2026","rel":"","context":"En &quot;CINTILLO&quot;","block_context":{"text":"CINTILLO","link":"http:\/\/www.grieta.org.mx\/index.php\/category\/cintillo\/"},"img":{"alt_text":"","src":"https:\/\/i0.wp.com\/www.grieta.org.mx\/wp-content\/uploads\/2021\/03\/CancunFeministas.png?resize=350%2C200","width":350,"height":200,"srcset":"https:\/\/i0.wp.com\/www.grieta.org.mx\/wp-content\/uploads\/2021\/03\/CancunFeministas.png?resize=350%2C200 1x, https:\/\/i0.wp.com\/www.grieta.org.mx\/wp-content\/uploads\/2021\/03\/CancunFeministas.png?resize=525%2C300 1.5x, https:\/\/i0.wp.com\/www.grieta.org.mx\/wp-content\/uploads\/2021\/03\/CancunFeministas.png?resize=700%2C400 2x"},"classes":[]},{"id":53935,"url":"http:\/\/www.grieta.org.mx\/index.php\/2020\/09\/28\/aborto-legal-justicia-social-feministas-de-playa-se-suman-a-manifestaciones-a-favor-de-la-interrupcion-legal-del-embarazo-para-qr\/","url_meta":{"origin":57232,"position":1},"title":"\u201cAborto legal, justicia social\u201d: Feministas de Playa se suman a manifestaciones a favor de la interrupci\u00f3n legal del embarazo para QR","author":"grieta","date":"28 septiembre, 2020","format":false,"excerpt":"Agencia SIM \/ Noticaribe PLAYA DEL CARMEN, MX.- Un grupo de unas 100 mujeres se manifestaron esta tarde en la plaza c\u00edvica 28 de Julio frente al Palacio Municipal, para exigir la despenalizaci\u00f3n del aborto. La protesta es parte de una movilizaci\u00f3n en varias ciudades de Quintana Roo, para marcar\u2026","rel":"","context":"En &quot;CINTILLO&quot;","block_context":{"text":"CINTILLO","link":"http:\/\/www.grieta.org.mx\/index.php\/category\/cintillo\/"},"img":{"alt_text":"","src":"https:\/\/i0.wp.com\/www.grieta.org.mx\/wp-content\/uploads\/2020\/10\/AbortoLegalQRoo.png?resize=350%2C200","width":350,"height":200,"srcset":"https:\/\/i0.wp.com\/www.grieta.org.mx\/wp-content\/uploads\/2020\/10\/AbortoLegalQRoo.png?resize=350%2C200 1x, https:\/\/i0.wp.com\/www.grieta.org.mx\/wp-content\/uploads\/2020\/10\/AbortoLegalQRoo.png?resize=525%2C300 1.5x"},"classes":[]},{"id":67851,"url":"http:\/\/www.grieta.org.mx\/index.php\/2023\/09\/28\/exigen-feministas-en-el-congreso-eliminar-al-aborto-como-delito-michoacan\/","url_meta":{"origin":57232,"position":2},"title":"Exigen feministas en el Congreso eliminar al aborto como delito (Michoac\u00e1n)","author":"grieta","date":"28 septiembre, 2023","format":false,"excerpt":"Imagen: Alejandro Hern\u00e1ndez F\u00e1tima Alfaro \/ Quadratin MORELIA, Mich., 28 de septiembre de 2023.- Colectivas feministas se manifestaron este jueves 28 de septiembre, en el exterior del Palacio Legislativo, para exigir la reforma al c\u00f3digo penal estatal mediante la que se elimine al aborto como un delito. En el D\u00eda\u2026","rel":"","context":"En &quot;CINTILLO&quot;","block_context":{"text":"CINTILLO","link":"http:\/\/www.grieta.org.mx\/index.php\/category\/cintillo\/"},"img":{"alt_text":"","src":"https:\/\/i0.wp.com\/www.grieta.org.mx\/wp-content\/uploads\/2023\/10\/WhatsApp-Image-2023-09-28-at-16.51.45-768x432-1.jpeg?resize=350%2C200","width":350,"height":200,"srcset":"https:\/\/i0.wp.com\/www.grieta.org.mx\/wp-content\/uploads\/2023\/10\/WhatsApp-Image-2023-09-28-at-16.51.45-768x432-1.jpeg?resize=350%2C200 1x, https:\/\/i0.wp.com\/www.grieta.org.mx\/wp-content\/uploads\/2023\/10\/WhatsApp-Image-2023-09-28-at-16.51.45-768x432-1.jpeg?resize=525%2C300 1.5x, https:\/\/i0.wp.com\/www.grieta.org.mx\/wp-content\/uploads\/2023\/10\/WhatsApp-Image-2023-09-28-at-16.51.45-768x432-1.jpeg?resize=700%2C400 2x"},"classes":[]},{"id":64553,"url":"http:\/\/www.grieta.org.mx\/index.php\/2022\/07\/07\/denuncian-colectivos-feministas-cinco-anos-de-simulaciones-en-la-atencion-de-alerta-de-violencia-de-genero-contra-la-mujer-emitida-para-7-de-los-11-municipios-de-quintana-roo\/","url_meta":{"origin":57232,"position":3},"title":"Denuncian colectivos feministas cinco a\u00f1os de simulaciones en la atenci\u00f3n de Alerta de Violencia de G\u00e9nero contra la Mujer emitida para 7 de los 11 municipios de Quintana Roo","author":"grieta","date":"7 julio, 2022","format":false,"excerpt":"Rafael Brice\u00f1o \/ Noticaribe CHETUMAL, MX. \u2013 Al cumplirse este 7 de julio cinco a\u00f1os de la emisi\u00f3n de la alerta de Violencia de G\u00e9nero contra las Mujeres para siete de los 11 municipios de Quintana Roo, colectivos denunciaron que el contexto feminicida no ha disminuido y que al contrario\u2026","rel":"","context":"En &quot;CINTILLO&quot;","block_context":{"text":"CINTILLO","link":"http:\/\/www.grieta.org.mx\/index.php\/category\/cintillo\/"},"img":{"alt_text":"","src":"https:\/\/i0.wp.com\/www.grieta.org.mx\/wp-content\/uploads\/2022\/08\/Feminicidios-e1659649098230.png?resize=350%2C200","width":350,"height":200,"srcset":"https:\/\/i0.wp.com\/www.grieta.org.mx\/wp-content\/uploads\/2022\/08\/Feminicidios-e1659649098230.png?resize=350%2C200 1x, https:\/\/i0.wp.com\/www.grieta.org.mx\/wp-content\/uploads\/2022\/08\/Feminicidios-e1659649098230.png?resize=525%2C300 1.5x, https:\/\/i0.wp.com\/www.grieta.org.mx\/wp-content\/uploads\/2022\/08\/Feminicidios-e1659649098230.png?resize=700%2C400 2x"},"classes":[]},{"id":57444,"url":"http:\/\/www.grieta.org.mx\/index.php\/2021\/03\/08\/marchan-mujeres-en-quintana-roo-colectivos-feministas-toman-las-calles-en-cancun-chetumal-y-playa-del-carmen\/","url_meta":{"origin":57232,"position":4},"title":"Marchan mujeres en Quintana Roo: Colectivos feministas toman las calles en Canc\u00fan, Chetumal y Playa del Carmen","author":"grieta","date":"8 marzo, 2021","format":false,"excerpt":"Por Sara\u00ed Reyes y Rafael Brice\u00f1o \/ Noticaribe CANC\u00daN, MX.- Integrantes de colectivos feministas y de la sociedad civil se manifestaron esta tarde en Canc\u00fan, Chetumal y Playa del Carmen, para conmemorar el D\u00eda internacional de la Mujer. MARCHA CANC\u00daN | Marchan colectivos feministas en zona hotelera para conmemorar el\u2026","rel":"","context":"En &quot;CINTILLO&quot;","block_context":{"text":"CINTILLO","link":"http:\/\/www.grieta.org.mx\/index.php\/category\/cintillo\/"},"img":{"alt_text":"","src":"https:\/\/i0.wp.com\/www.grieta.org.mx\/wp-content\/uploads\/2021\/03\/Marcha8MQRoo.png?resize=350%2C200","width":350,"height":200,"srcset":"https:\/\/i0.wp.com\/www.grieta.org.mx\/wp-content\/uploads\/2021\/03\/Marcha8MQRoo.png?resize=350%2C200 1x, https:\/\/i0.wp.com\/www.grieta.org.mx\/wp-content\/uploads\/2021\/03\/Marcha8MQRoo.png?resize=525%2C300 1.5x"},"classes":[]},{"id":49926,"url":"http:\/\/www.grieta.org.mx\/index.php\/2020\/05\/29\/busqueda-de-despenalizacion-del-aborto-seguira-en-san-lazaro-advierten-feministas-guanajuato\/","url_meta":{"origin":57232,"position":5},"title":"B\u00fasqueda de despenalizaci\u00f3n del aborto seguir\u00e1 en San L\u00e1zaro, advierten feministas (Guanajuato)","author":"grieta","date":"29 mayo, 2020","format":false,"excerpt":"El 28 de septiembre es el d\u00eda de acci\u00f3n Global por el Acceso al Aborto Legal y Seguro, fecha en la que esperan poder salir a la calle y continuar la lucha. Por Vania Jaramillo Le\u00f3n, Gto. No hay marcha atr\u00e1s\u2026 por ahora. Es la sentencia colectivos no solo guanajuatenses\u2026","rel":"","context":"En &quot;CINTILLO&quot;","block_context":{"text":"CINTILLO","link":"http:\/\/www.grieta.org.mx\/index.php\/category\/cintillo\/"},"img":{"alt_text":"","src":"https:\/\/i0.wp.com\/www.grieta.org.mx\/wp-content\/uploads\/2020\/05\/99299854_2709805612572805_5845587026866339840_n.jpg?resize=350%2C200","width":350,"height":200,"srcset":"https:\/\/i0.wp.com\/www.grieta.org.mx\/wp-content\/uploads\/2020\/05\/99299854_2709805612572805_5845587026866339840_n.jpg?resize=350%2C200 1x, https:\/\/i0.wp.com\/www.grieta.org.mx\/wp-content\/uploads\/2020\/05\/99299854_2709805612572805_5845587026866339840_n.jpg?resize=525%2C300 1.5x, https:\/\/i0.wp.com\/www.grieta.org.mx\/wp-content\/uploads\/2020\/05\/99299854_2709805612572805_5845587026866339840_n.jpg?resize=700%2C400 2x"},"classes":[]}],"_links":{"self":[{"href":"http:\/\/www.grieta.org.mx\/index.php\/wp-json\/wp\/v2\/posts\/57232","targetHints":{"allow":["GET"]}}],"collection":[{"href":"http:\/\/www.grieta.org.mx\/index.php\/wp-json\/wp\/v2\/posts"}],"about":[{"href":"http:\/\/www.grieta.org.mx\/index.php\/wp-json\/wp\/v2\/types\/post"}],"author":[{"embeddable":true,"href":"http:\/\/www.grieta.org.mx\/index.php\/wp-json\/wp\/v2\/users\/2"}],"replies":[{"embeddable":true,"href":"http:\/\/www.grieta.org.mx\/index.php\/wp-json\/wp\/v2\/comments?post=57232"}],"version-history":[{"count":1,"href":"http:\/\/www.grieta.org.mx\/index.php\/wp-json\/wp\/v2\/posts\/57232\/revisions"}],"predecessor-version":[{"id":57234,"href":"http:\/\/www.grieta.org.mx\/index.php\/wp-json\/wp\/v2\/posts\/57232\/revisions\/57234"}],"wp:featuredmedia":[{"embeddable":true,"href":"http:\/\/www.grieta.org.mx\/index.php\/wp-json\/wp\/v2\/media\/57233"}],"wp:attachment":[{"href":"http:\/\/www.grieta.org.mx\/index.php\/wp-json\/wp\/v2\/media?parent=57232"}],"wp:term":[{"taxonomy":"category","embeddable":true,"href":"http:\/\/www.grieta.org.mx\/index.php\/wp-json\/wp\/v2\/categories?post=57232"},{"taxonomy":"post_tag","embeddable":true,"href":"http:\/\/www.grieta.org.mx\/index.php\/wp-json\/wp\/v2\/tags?post=57232"}],"curies":[{"name":"wp","href":"https:\/\/api.w.org\/{rel}","templated":true}]}}