{"id":5718,"date":"2015-11-03T17:49:27","date_gmt":"2015-11-03T17:49:27","guid":{"rendered":"http:\/\/50.22.11.12\/~grietaor\/?p=5718"},"modified":"2016-03-27T17:52:04","modified_gmt":"2016-03-27T17:52:04","slug":"localizan-el-cuerpo-de-otra-mujer-en-cancun","status":"publish","type":"post","link":"http:\/\/www.grieta.org.mx\/index.php\/2015\/11\/03\/localizan-el-cuerpo-de-otra-mujer-en-cancun\/","title":{"rendered":"Localizan el cuerpo de otra mujer en Canc\u00fan"},"content":{"rendered":"<p>CANC\u00daN.- La tarde de este martes se report\u00f3 el hallazgo del cuerpo sin vida de otra mujer, en esta ocasi\u00f3n en la zona hotelera de Canc\u00fan, el cuarto caso en la ciudad en las \u00faltimas dos semanas.<\/p>\n<p>Apenas la madrugada de este lunes se confirm\u00f3 el asesinato de Paloma Balam de 18 a\u00f1os en el fraccionamiento Villas del Mar III, en la periferia de esta ciudad.<\/p>\n<p>A trav\u00e9s de un mensaje que circul\u00f3 primero en redes sociales, trascendi\u00f3 el hecho, que m\u00e1s tarde se confirm\u00f3 con la presencia de elementos de la Procuradur\u00eda de Justicia del Estado, Polic\u00eda Municipal, Tur\u00edstica y del Servicio M\u00e9dico Forense en el lugar de los hechos.<\/p>\n<p>Aunque hasta ahora se desconoce la identidad de la persona, cuyo cuerpo ya estaba en estado de descomposici\u00f3n, se dio a conocer que se trata de una mujer.<\/p>\n<p>El suceso se report\u00f3 al rededor de las 17:00 horas y el cuerpo se ubic\u00f3 en un \u00e1rea verde a la altura del kil\u00f3metro 17 de la zona de playas.<\/p>\n<p>Este caso se suma al de la estudiante universitaria de 19 a\u00f1os Mar\u00eda Karen Carrasco, Rebeca Rivera, de 24 a\u00f1os, originaria de Veracruz y Paloma Guadalupe Balam, de 18 a\u00f1os.<\/p>\n<p>Sin embargo, a estas mujeres asesinadas se suma el caso de Mar\u00eda Fernanda S\u00e1nches, de 13 a\u00f1os de edad, que el 16 de abril de 2015 fue encontrada sin vida en un camino de terracer\u00eda en el fraccionamiento Paseos del Mar, en la regi\u00f3n 251. Reportaba varias lesiones con arma blanca y se confirm\u00f3 abuso sexual, entre otras.<\/p>\n<p><a href=\"http:\/\/www.elfinanciero.com.mx\/nacional\/localizan-el-cuerpo-de-otra-mujer-en-cancun.html\" target=\"_blank\">www.elfinanciero.com.mx\/nacional\/localizan-el-cuerpo-de-otra-mujer-en-cancun.html<\/a><\/p>\n","protected":false},"excerpt":{"rendered":"<p>CANC\u00daN.- La tarde de este martes se report\u00f3 el hallazgo del cuerpo sin vida de otra mujer, en esta ocasi\u00f3n en la zona hotelera de Canc\u00fan, el cuarto caso en &hellip; <a href=\"http:\/\/www.grieta.org.mx\/index.php\/2015\/11\/03\/localizan-el-cuerpo-de-otra-mujer-en-cancun\/\" class=\"more-link\">Leer m\u00e1s<\/a><\/p>\n","protected":false},"author":2,"featured_media":21928,"comment_status":"closed","ping_status":"open","sticky":false,"template":"","format":"standard","meta":{"ngg_post_thumbnail":0,"_jetpack_newsletter_access":"","_jetpack_dont_email_post_to_subs":false,"_jetpack_newsletter_tier_id":0,"_jetpack_memberships_contains_paywalled_content":false,"_jetpack_memberships_contains_paid_content":false,"footnotes":""},"categories":[80,151],"tags":[81],"class_list":["post-5718","post","type-post","status-publish","format-standard","has-post-thumbnail","hentry","category-cintillo","category-quintana-roo","tag-feminicidios","entry"],"jetpack_featured_media_url":"http:\/\/www.grieta.org.mx\/wp-content\/uploads\/2018\/03\/14524434_1106112876131411_958039263622046936_o.jpg","jetpack_sharing_enabled":true,"jetpack_shortlink":"https:\/\/wp.me\/p7ZJR4-1ue","jetpack_likes_enabled":false,"jetpack-related-posts":[{"id":5724,"url":"http:\/\/www.grieta.org.mx\/index.php\/2015\/11\/02\/miles-marchan-en-cancun-contra-feminicidios-y-horas-despues-asesinan-a-otra-mujer\/","url_meta":{"origin":5718,"position":0},"title":"Miles marchan en Canc\u00fan contra feminicidios y horas despu\u00e9s asesinan a otra mujer","author":"grieta","date":"2 noviembre, 2015","format":false,"excerpt":"Ciudad de M\u00e9xico, 2 de noviembre (SinEmbargo).- Unas cuantas horas despu\u00e9s de que aproximadamente 5 mil personas marcharon contra los feminicidios en Canc\u00fan, Quintana Roo, una joven fue encontrada apu\u00f1alada hoy por la ma\u00f1ana, con lo que ya suman tres homicidios de mujeres en menos de un mes. Ayer, la\u2026","rel":"","context":"En &quot;CINTILLO&quot;","block_context":{"text":"CINTILLO","link":"http:\/\/www.grieta.org.mx\/index.php\/category\/cintillo\/"},"img":{"alt_text":"","src":"https:\/\/i0.wp.com\/www.grieta.org.mx\/wp-content\/uploads\/2018\/03\/14524434_1106112876131411_958039263622046936_o.jpg?resize=350%2C200","width":350,"height":200,"srcset":"https:\/\/i0.wp.com\/www.grieta.org.mx\/wp-content\/uploads\/2018\/03\/14524434_1106112876131411_958039263622046936_o.jpg?resize=350%2C200 1x, https:\/\/i0.wp.com\/www.grieta.org.mx\/wp-content\/uploads\/2018\/03\/14524434_1106112876131411_958039263622046936_o.jpg?resize=525%2C300 1.5x, https:\/\/i0.wp.com\/www.grieta.org.mx\/wp-content\/uploads\/2018\/03\/14524434_1106112876131411_958039263622046936_o.jpg?resize=700%2C400 2x"},"classes":[]},{"id":67045,"url":"http:\/\/www.grieta.org.mx\/index.php\/2023\/06\/22\/francisca-vive-la-lucha-sigue-marchan-madres-en-cancun-por-mujer-desaparecida-hace-tres-anos-quintana-roo\/","url_meta":{"origin":5718,"position":1},"title":"&#8220;Francisca vive, la lucha sigue&#8221;: Marchan madres en Canc\u00fan por mujer desaparecida hace tres a\u00f1os (Quintana Roo)","author":"grieta","date":"22 junio, 2023","format":false,"excerpt":"Noticaribe CANC\u00daN, MX.- Integrantes del colectivo Madres Buscadoras de Quintana Roo marcharon la tarde de hoy jueves desde Palacio Municipal hasta la Fiscal\u00eda General del Estado, para exigir la b\u00fasqueda de Mariner Flores Patr\u00f3n, quien hoy cumple tres a\u00f1os desaparecida. Poco antes de las 5:30 de esta tarde, los familiares\u2026","rel":"","context":"En &quot;CINTILLO&quot;","block_context":{"text":"CINTILLO","link":"http:\/\/www.grieta.org.mx\/index.php\/category\/cintillo\/"},"img":{"alt_text":"","src":"https:\/\/i0.wp.com\/www.grieta.org.mx\/wp-content\/uploads\/2023\/06\/Cancun-e1687490360317.jpg?resize=350%2C200","width":350,"height":200,"srcset":"https:\/\/i0.wp.com\/www.grieta.org.mx\/wp-content\/uploads\/2023\/06\/Cancun-e1687490360317.jpg?resize=350%2C200 1x, https:\/\/i0.wp.com\/www.grieta.org.mx\/wp-content\/uploads\/2023\/06\/Cancun-e1687490360317.jpg?resize=525%2C300 1.5x, https:\/\/i0.wp.com\/www.grieta.org.mx\/wp-content\/uploads\/2023\/06\/Cancun-e1687490360317.jpg?resize=700%2C400 2x"},"classes":[]},{"id":18364,"url":"http:\/\/www.grieta.org.mx\/index.php\/2016\/07\/25\/feminicidios-o-no-siguen-matando-mujeres-en-cancun-y-la-riviera-maya-una-decena-de-casos-en-lo-que-va-del-ano\/","url_meta":{"origin":5718,"position":2},"title":"Feminicidios o no; siguen matando mujeres en Canc\u00fan y la Riviera Maya. Una decena de casos en lo que va del a\u00f1o","author":"grieta","date":"25 julio, 2016","format":false,"excerpt":"Fabiola Cort\u00e9s Miranda CANC\u00daN, MX.- Feminicidios o no, en Canc\u00fan y la Riviera Maya las mujeres siguen siendo v\u00edctima de violentos homicidios, los dos \u00faltimos, con tintes de asesinatos por raz\u00f3n de g\u00e9nero, ya que las mujeres presentaban a simple vista signos de violencia sexual y sus cuerpos fueron dejados\u2026","rel":"","context":"En &quot;CINTILLO&quot;","block_context":{"text":"CINTILLO","link":"http:\/\/www.grieta.org.mx\/index.php\/category\/cintillo\/"},"img":{"alt_text":"","src":"https:\/\/i0.wp.com\/www.grieta.org.mx\/wp-content\/uploads\/2018\/03\/14524434_1106112876131411_958039263622046936_o.jpg?resize=350%2C200","width":350,"height":200,"srcset":"https:\/\/i0.wp.com\/www.grieta.org.mx\/wp-content\/uploads\/2018\/03\/14524434_1106112876131411_958039263622046936_o.jpg?resize=350%2C200 1x, https:\/\/i0.wp.com\/www.grieta.org.mx\/wp-content\/uploads\/2018\/03\/14524434_1106112876131411_958039263622046936_o.jpg?resize=525%2C300 1.5x, https:\/\/i0.wp.com\/www.grieta.org.mx\/wp-content\/uploads\/2018\/03\/14524434_1106112876131411_958039263622046936_o.jpg?resize=700%2C400 2x"},"classes":[]},{"id":23810,"url":"http:\/\/www.grieta.org.mx\/index.php\/2018\/06\/18\/estudiantes-protestan-por-violencia-y-feminicidios-en-cancun\/","url_meta":{"origin":5718,"position":3},"title":"Estudiantes protestan por violencia y feminicidios en Canc\u00fan","author":"grieta","date":"18 junio, 2018","format":false,"excerpt":"CANC\u00daN, Q.ROO.- Estudiantes y familiares de v\u00edctimas de violencia contra la mujer protestaron a la afueras del Ayuntamiento de Benito Ju\u00e1rez para exigir que las autoridades investiguen a profundidad y parar la violencia en el destino tur\u00edstico. Con mantas que exig\u00edan justicia para las v\u00edctimas de feminicidios m\u00e1s de 20\u2026","rel":"","context":"En &quot;CINTILLO&quot;","block_context":{"text":"CINTILLO","link":"http:\/\/www.grieta.org.mx\/index.php\/category\/cintillo\/"},"img":{"alt_text":"","src":"https:\/\/i0.wp.com\/www.grieta.org.mx\/wp-content\/uploads\/2018\/06\/ProtestaFeminicidiosCancun2.png?resize=350%2C200","width":350,"height":200,"srcset":"https:\/\/i0.wp.com\/www.grieta.org.mx\/wp-content\/uploads\/2018\/06\/ProtestaFeminicidiosCancun2.png?resize=350%2C200 1x, https:\/\/i0.wp.com\/www.grieta.org.mx\/wp-content\/uploads\/2018\/06\/ProtestaFeminicidiosCancun2.png?resize=525%2C300 1.5x"},"classes":[]},{"id":5735,"url":"http:\/\/www.grieta.org.mx\/index.php\/2015\/10\/31\/exigimos-que-se-investiguen-y-sancionen-los-feminicidios-cometidos-en-cancun-quintana-roo\/","url_meta":{"origin":5718,"position":4},"title":"Exigimos que se investiguen y sancionen los feminicidios cometidos en Canc\u00fan, Quintana Roo","author":"grieta","date":"31 octubre, 2015","format":false,"excerpt":"La Red de Feministas Peninsulares, integrada por feministas organizadas de Quintana Roo, Yucat\u00e1n y Campeche, convoca a las asociaciones civiles, colectivas y ciudadan\u00eda en General a unirse y expresar la profunda pena e indignaci\u00f3n por los feminicidios cometidos en la Ciudad de Canc\u00fan, Quintana Roo. Demandamos una respuesta inmediata del\u2026","rel":"","context":"En &quot;CINTILLO&quot;","block_context":{"text":"CINTILLO","link":"http:\/\/www.grieta.org.mx\/index.php\/category\/cintillo\/"},"img":{"alt_text":"","src":"https:\/\/i0.wp.com\/www.grieta.org.mx\/wp-content\/uploads\/2018\/03\/14524434_1106112876131411_958039263622046936_o.jpg?resize=350%2C200","width":350,"height":200,"srcset":"https:\/\/i0.wp.com\/www.grieta.org.mx\/wp-content\/uploads\/2018\/03\/14524434_1106112876131411_958039263622046936_o.jpg?resize=350%2C200 1x, https:\/\/i0.wp.com\/www.grieta.org.mx\/wp-content\/uploads\/2018\/03\/14524434_1106112876131411_958039263622046936_o.jpg?resize=525%2C300 1.5x, https:\/\/i0.wp.com\/www.grieta.org.mx\/wp-content\/uploads\/2018\/03\/14524434_1106112876131411_958039263622046936_o.jpg?resize=700%2C400 2x"},"classes":[]},{"id":18758,"url":"http:\/\/www.grieta.org.mx\/index.php\/2016\/08\/03\/otro-feminicidio-en-cancun-y-otra-manifestacion-ignorada-por-las-autoridades\/","url_meta":{"origin":5718,"position":5},"title":"Otro feminicidio en Canc\u00fan y otra manifestaci\u00f3n ignorada por las autoridades","author":"grieta","date":"3 agosto, 2016","format":false,"excerpt":"CANC\u00daN, MX.- Familiares y vecinos de Margarita, la joven de 23 a\u00f1os que fue asesinada en un paraje de la Regi\u00f3n 218 hace una semana, marcharon de Malec\u00f3n Tajamar al Palacio municipal, la tarde de hoy, para exigir el esclarecimiento de ese y de todos los feminicidios registrados en Canc\u00fan.\u2026","rel":"","context":"En &quot;CINTILLO&quot;","block_context":{"text":"CINTILLO","link":"http:\/\/www.grieta.org.mx\/index.php\/category\/cintillo\/"},"img":{"alt_text":"","src":"https:\/\/i0.wp.com\/www.grieta.org.mx\/wp-content\/uploads\/2018\/03\/14524434_1106112876131411_958039263622046936_o.jpg?resize=350%2C200","width":350,"height":200,"srcset":"https:\/\/i0.wp.com\/www.grieta.org.mx\/wp-content\/uploads\/2018\/03\/14524434_1106112876131411_958039263622046936_o.jpg?resize=350%2C200 1x, https:\/\/i0.wp.com\/www.grieta.org.mx\/wp-content\/uploads\/2018\/03\/14524434_1106112876131411_958039263622046936_o.jpg?resize=525%2C300 1.5x, https:\/\/i0.wp.com\/www.grieta.org.mx\/wp-content\/uploads\/2018\/03\/14524434_1106112876131411_958039263622046936_o.jpg?resize=700%2C400 2x"},"classes":[]}],"_links":{"self":[{"href":"http:\/\/www.grieta.org.mx\/index.php\/wp-json\/wp\/v2\/posts\/5718","targetHints":{"allow":["GET"]}}],"collection":[{"href":"http:\/\/www.grieta.org.mx\/index.php\/wp-json\/wp\/v2\/posts"}],"about":[{"href":"http:\/\/www.grieta.org.mx\/index.php\/wp-json\/wp\/v2\/types\/post"}],"author":[{"embeddable":true,"href":"http:\/\/www.grieta.org.mx\/index.php\/wp-json\/wp\/v2\/users\/2"}],"replies":[{"embeddable":true,"href":"http:\/\/www.grieta.org.mx\/index.php\/wp-json\/wp\/v2\/comments?post=5718"}],"version-history":[{"count":1,"href":"http:\/\/www.grieta.org.mx\/index.php\/wp-json\/wp\/v2\/posts\/5718\/revisions"}],"predecessor-version":[{"id":5721,"href":"http:\/\/www.grieta.org.mx\/index.php\/wp-json\/wp\/v2\/posts\/5718\/revisions\/5721"}],"wp:featuredmedia":[{"embeddable":true,"href":"http:\/\/www.grieta.org.mx\/index.php\/wp-json\/wp\/v2\/media\/21928"}],"wp:attachment":[{"href":"http:\/\/www.grieta.org.mx\/index.php\/wp-json\/wp\/v2\/media?parent=5718"}],"wp:term":[{"taxonomy":"category","embeddable":true,"href":"http:\/\/www.grieta.org.mx\/index.php\/wp-json\/wp\/v2\/categories?post=5718"},{"taxonomy":"post_tag","embeddable":true,"href":"http:\/\/www.grieta.org.mx\/index.php\/wp-json\/wp\/v2\/tags?post=5718"}],"curies":[{"name":"wp","href":"https:\/\/api.w.org\/{rel}","templated":true}]}}