{"id":5717,"date":"2016-07-31T17:48:27","date_gmt":"2016-07-31T22:48:27","guid":{"rendered":"http:\/\/50.22.11.12\/~grietaor\/?p=5717"},"modified":"2016-08-01T19:20:19","modified_gmt":"2016-08-02T00:20:19","slug":"5717","status":"publish","type":"post","link":"http:\/\/www.grieta.org.mx\/index.php\/2016\/07\/31\/5717\/","title":{"rendered":"Protestan en Jalisco por el multihomicido en la colonia Narvarte"},"content":{"rendered":"<p><strong>31\/07\/16. <\/strong><a href=\"http:\/\/www.grieta.org.mx\/index.php\/2016\/07\/31\/a-un-ano-fotoperiodistas-recuerdan-a-ruben\/\" >A un a\u00f1o, fotoperiodistas recuerdan a Rub\u00e9n<\/a><br \/><em>Ntr Guadalajara<\/em><br  \/><\/p>\n<p><strong>02\/08\/15. <\/strong><a href=\"http:\/\/grieta.org.mx\/index.php\/2015\/08\/02\/en-guadalajara-exigen-justicia-por-asesinato-del-fotoperiodista-ruben-espinosa\/\" >En Guadalajara, exigen justicia por asesinato del fotoperiodista Rub\u00e9n Espinosa<\/a><br \/><em>Proyecto Diez<\/em><br  \/><\/p>\n","protected":false},"excerpt":{"rendered":"<p>31\/07\/16. A un a\u00f1o, fotoperiodistas recuerdan a Rub\u00e9nNtr Guadalajara 02\/08\/15. En Guadalajara, exigen justicia por asesinato del fotoperiodista Rub\u00e9n EspinosaProyecto Diez<\/p>\n","protected":false},"author":2,"featured_media":21928,"comment_status":"closed","ping_status":"open","sticky":false,"template":"","format":"standard","meta":{"ngg_post_thumbnail":0,"_jetpack_newsletter_access":"","_jetpack_dont_email_post_to_subs":false,"_jetpack_newsletter_tier_id":0,"_jetpack_memberships_contains_paywalled_content":false,"_jetpack_memberships_contains_paid_content":false,"footnotes":""},"categories":[20,2],"tags":[],"class_list":["post-5717","post","type-post","status-publish","format-standard","has-post-thumbnail","hentry","category-jalisco","category-noticias-nacionales","entry"],"jetpack_featured_media_url":"http:\/\/www.grieta.org.mx\/wp-content\/uploads\/2018\/03\/14524434_1106112876131411_958039263622046936_o.jpg","jetpack_sharing_enabled":true,"jetpack_shortlink":"https:\/\/wp.me\/s7ZJR4-5717","jetpack_likes_enabled":false,"jetpack-related-posts":[{"id":5431,"url":"http:\/\/www.grieta.org.mx\/index.php\/2016\/09\/07\/conflictos-laborales-en-jalisco\/","url_meta":{"origin":5717,"position":0},"title":"Conflictos laborales de trabajadores del estado en Jalisco","author":"grieta","date":"7 septiembre, 2016","format":false,"excerpt":"07\/09\/16. Bur\u00f3cratas se manifiestan; piden restituir dinero a IpejalUni\u00f3n Jalisco 06\/07\/16. Trabajadores exigen aumento de salarioNtr Guadalajara 07\/06\/16. Exigen trabajadores dinero de sus pensionesNtr Guadalajara 24\/05\/16. Jalisco invierte dinero de sus bur\u00f3cratas en desarrollos hotelerosEl Financiero 20\/02\/16. Trabajadores de Cruz Roja Guadalajara exigen prestaciones m\u00e9dicas P\u00e1gina 24 29\/01\/16. Trabajadores del\u2026","rel":"","context":"En &quot;CINTILLO&quot;","block_context":{"text":"CINTILLO","link":"http:\/\/www.grieta.org.mx\/index.php\/category\/cintillo\/"},"img":{"alt_text":"","src":"https:\/\/i0.wp.com\/www.grieta.org.mx\/wp-content\/uploads\/2018\/03\/14524434_1106112876131411_958039263622046936_o.jpg?resize=350%2C200","width":350,"height":200,"srcset":"https:\/\/i0.wp.com\/www.grieta.org.mx\/wp-content\/uploads\/2018\/03\/14524434_1106112876131411_958039263622046936_o.jpg?resize=350%2C200 1x, https:\/\/i0.wp.com\/www.grieta.org.mx\/wp-content\/uploads\/2018\/03\/14524434_1106112876131411_958039263622046936_o.jpg?resize=525%2C300 1.5x, https:\/\/i0.wp.com\/www.grieta.org.mx\/wp-content\/uploads\/2018\/03\/14524434_1106112876131411_958039263622046936_o.jpg?resize=700%2C400 2x"},"classes":[]},{"id":53613,"url":"http:\/\/www.grieta.org.mx\/index.php\/2020\/09\/16\/colectivas-feministas-realizan-antigrita-en-guadalajara-jalisco\/","url_meta":{"origin":5717,"position":1},"title":"Colectivas feministas realizan Antigrita en Guadalajara (Jalisco)","author":"grieta","date":"16 septiembre, 2020","format":false,"excerpt":"Fotograf\u00edas: Mario Marlo Mario Marlo \/ Somos el Medio Guadalajara, 16 de septiembre. Esta tarde en la Glorieta de los y las Jaliscienses Ilustres, en Guadalajara, mujeres realizaron \u00abLa Antigrita\u00bb donde exigieron justicia por los feminicidios y las desapariciones en este estado. Las colectivas feministas que se reunieron en este\u2026","rel":"","context":"En &quot;CINTILLO&quot;","block_context":{"text":"CINTILLO","link":"http:\/\/www.grieta.org.mx\/index.php\/category\/cintillo\/"},"img":{"alt_text":"","src":"https:\/\/i0.wp.com\/www.grieta.org.mx\/wp-content\/uploads\/2020\/09\/Antigrita-5-1068x704-1.jpg?resize=350%2C200","width":350,"height":200,"srcset":"https:\/\/i0.wp.com\/www.grieta.org.mx\/wp-content\/uploads\/2020\/09\/Antigrita-5-1068x704-1.jpg?resize=350%2C200 1x, https:\/\/i0.wp.com\/www.grieta.org.mx\/wp-content\/uploads\/2020\/09\/Antigrita-5-1068x704-1.jpg?resize=525%2C300 1.5x, https:\/\/i0.wp.com\/www.grieta.org.mx\/wp-content\/uploads\/2020\/09\/Antigrita-5-1068x704-1.jpg?resize=700%2C400 2x, https:\/\/i0.wp.com\/www.grieta.org.mx\/wp-content\/uploads\/2020\/09\/Antigrita-5-1068x704-1.jpg?resize=1050%2C600 3x"},"classes":[]},{"id":5629,"url":"http:\/\/www.grieta.org.mx\/index.php\/2016\/06\/12\/movilizaciones-en-jalisco-en-defensa-de-los-derechos-de-la-comunidad-lgbttti\/","url_meta":{"origin":5717,"position":2},"title":"Defensa de los derechos de la comunidad LGBTTTI en Jalisco","author":"grieta","date":"12 junio, 2016","format":false,"excerpt":"12\/06\/16. Polic\u00eda de Guadalajara hostiga a marchantesNtr Guadalajara 23\/05\/16. Cr\u00edmenes por homofobia no cesan en JaliscoCr\u00f3nica Jalisco 22\/08\/15. Por tercera vez en este a\u00f1o, Guadalajara se pinta de coloresProyecto Diez 08\/08\/15. Se manifiestan contra odio, homofobia y discriminaci\u00f3nP\u00e1gina 24 Jalisco","rel":"","context":"En &quot;Jalisco&quot;","block_context":{"text":"Jalisco","link":"http:\/\/www.grieta.org.mx\/index.php\/category\/noticias-nacionales\/jalisco\/"},"img":{"alt_text":"","src":"https:\/\/i0.wp.com\/www.grieta.org.mx\/wp-content\/uploads\/2018\/03\/14524434_1106112876131411_958039263622046936_o.jpg?resize=350%2C200","width":350,"height":200,"srcset":"https:\/\/i0.wp.com\/www.grieta.org.mx\/wp-content\/uploads\/2018\/03\/14524434_1106112876131411_958039263622046936_o.jpg?resize=350%2C200 1x, https:\/\/i0.wp.com\/www.grieta.org.mx\/wp-content\/uploads\/2018\/03\/14524434_1106112876131411_958039263622046936_o.jpg?resize=525%2C300 1.5x, https:\/\/i0.wp.com\/www.grieta.org.mx\/wp-content\/uploads\/2018\/03\/14524434_1106112876131411_958039263622046936_o.jpg?resize=700%2C400 2x"},"classes":[]},{"id":3241,"url":"http:\/\/www.grieta.org.mx\/index.php\/2016\/09\/12\/desaparecidos-en-jalisco\/","url_meta":{"origin":5717,"position":3},"title":"Desaparecidos en Jalisco","author":"grieta","date":"12 septiembre, 2016","format":false,"excerpt":"12\/09\/16. Exigen resolver falta de presupuesto en b\u00fasqueda de desaparecidosNtr Guadalajara 30\/08\/16. Gobierno de Jalisco oculta la tragedia de los desaparecidosSomos el Medio 10\/08\/16. Jalisco, tercer lugar en desapariciones Ntr Guadalajara 15\/06\/16. Familiares de desaparecidos van ante la oficina de la ONU Ntr Guadalajara 08\/06\/16. Jalisco: cr\u00edmenes de lesa humanidad\u2026","rel":"","context":"En &quot;Desaparecidos&quot;","block_context":{"text":"Desaparecidos","link":"http:\/\/www.grieta.org.mx\/index.php\/category\/temas-nacionales\/desaparecidos\/"},"img":{"alt_text":"","src":"https:\/\/i0.wp.com\/www.grieta.org.mx\/wp-content\/uploads\/2018\/03\/14524434_1106112876131411_958039263622046936_o.jpg?resize=350%2C200","width":350,"height":200,"srcset":"https:\/\/i0.wp.com\/www.grieta.org.mx\/wp-content\/uploads\/2018\/03\/14524434_1106112876131411_958039263622046936_o.jpg?resize=350%2C200 1x, https:\/\/i0.wp.com\/www.grieta.org.mx\/wp-content\/uploads\/2018\/03\/14524434_1106112876131411_958039263622046936_o.jpg?resize=525%2C300 1.5x, https:\/\/i0.wp.com\/www.grieta.org.mx\/wp-content\/uploads\/2018\/03\/14524434_1106112876131411_958039263622046936_o.jpg?resize=700%2C400 2x"},"classes":[]},{"id":3171,"url":"http:\/\/www.grieta.org.mx\/index.php\/2016\/08\/23\/movilizaciones-contra-la-reforma-educativa-y-la-evaluacion-magisterial-en-jalisco\/","url_meta":{"origin":5717,"position":4},"title":"Movilizaciones contra la Reforma educativa y evaluaci\u00f3n magisterial en Jalisco","author":"grieta","date":"23 agosto, 2016","format":false,"excerpt":"23\/08\/16. Maestros se manifestaron en el Aeropuerto Internacional de Guadalajara contra la Reforma Educativa Canal 44 23\/08\/16. Maestros en la regi\u00f3n de Los Altos trabajan bajo protesta (Video)Canal 44 27\/07\/16. Bloquean maestros casetasAM Lagos de Moreno 17\/07\/16. Frente Magisterial advierte accionesNtr Guadalajara 04\/07\/16. Abuchean a Aurelio Nu\u00f1o en JaliscoProceso 23\/06\/16.\u2026","rel":"","context":"En &quot;Jalisco&quot;","block_context":{"text":"Jalisco","link":"http:\/\/www.grieta.org.mx\/index.php\/category\/noticias-nacionales\/jalisco\/"},"img":{"alt_text":"","src":"https:\/\/i0.wp.com\/www.grieta.org.mx\/wp-content\/uploads\/2018\/03\/14524434_1106112876131411_958039263622046936_o.jpg?resize=350%2C200","width":350,"height":200,"srcset":"https:\/\/i0.wp.com\/www.grieta.org.mx\/wp-content\/uploads\/2018\/03\/14524434_1106112876131411_958039263622046936_o.jpg?resize=350%2C200 1x, https:\/\/i0.wp.com\/www.grieta.org.mx\/wp-content\/uploads\/2018\/03\/14524434_1106112876131411_958039263622046936_o.jpg?resize=525%2C300 1.5x, https:\/\/i0.wp.com\/www.grieta.org.mx\/wp-content\/uploads\/2018\/03\/14524434_1106112876131411_958039263622046936_o.jpg?resize=700%2C400 2x"},"classes":[]},{"id":66055,"url":"http:\/\/www.grieta.org.mx\/index.php\/2023\/01\/03\/colocan-mas-de-cien-cedulas-de-busqueda-en-palacio-municipal-de-guadalajara-jalisco\/","url_meta":{"origin":5717,"position":5},"title":"Colocan m\u00e1s de cien c\u00e9dulas de b\u00fasqueda en Palacio Municipal de Guadalajara (Jalisco)","author":"grieta","date":"3 enero, 2023","format":false,"excerpt":"Imagen: Sergio Ren\u00e9 de Dios Redacci\u00f3n \/ El Diario NTR M\u00e1s de cien c\u00e9dulas de b\u00fasqueda fueron colocadas en las ventanas y puerta del Palacio Municipal de Guadalajara. Al caminar frente a la fachada del Ayuntamiento de Guadalajara, turistas y paseantes del Centro Hist\u00f3rico podr\u00e1n observar las im\u00e1genes de algunas\u2026","rel":"","context":"En &quot;CINTILLO&quot;","block_context":{"text":"CINTILLO","link":"http:\/\/www.grieta.org.mx\/index.php\/category\/cintillo\/"},"img":{"alt_text":"","src":"https:\/\/i0.wp.com\/www.grieta.org.mx\/wp-content\/uploads\/2023\/01\/2023-01-03_05-01-07___7872.jpg?resize=350%2C200","width":350,"height":200,"srcset":"https:\/\/i0.wp.com\/www.grieta.org.mx\/wp-content\/uploads\/2023\/01\/2023-01-03_05-01-07___7872.jpg?resize=350%2C200 1x, https:\/\/i0.wp.com\/www.grieta.org.mx\/wp-content\/uploads\/2023\/01\/2023-01-03_05-01-07___7872.jpg?resize=525%2C300 1.5x, https:\/\/i0.wp.com\/www.grieta.org.mx\/wp-content\/uploads\/2023\/01\/2023-01-03_05-01-07___7872.jpg?resize=700%2C400 2x"},"classes":[]}],"_links":{"self":[{"href":"http:\/\/www.grieta.org.mx\/index.php\/wp-json\/wp\/v2\/posts\/5717","targetHints":{"allow":["GET"]}}],"collection":[{"href":"http:\/\/www.grieta.org.mx\/index.php\/wp-json\/wp\/v2\/posts"}],"about":[{"href":"http:\/\/www.grieta.org.mx\/index.php\/wp-json\/wp\/v2\/types\/post"}],"author":[{"embeddable":true,"href":"http:\/\/www.grieta.org.mx\/index.php\/wp-json\/wp\/v2\/users\/2"}],"replies":[{"embeddable":true,"href":"http:\/\/www.grieta.org.mx\/index.php\/wp-json\/wp\/v2\/comments?post=5717"}],"version-history":[{"count":1,"href":"http:\/\/www.grieta.org.mx\/index.php\/wp-json\/wp\/v2\/posts\/5717\/revisions"}],"predecessor-version":[{"id":18471,"href":"http:\/\/www.grieta.org.mx\/index.php\/wp-json\/wp\/v2\/posts\/5717\/revisions\/18471"}],"wp:featuredmedia":[{"embeddable":true,"href":"http:\/\/www.grieta.org.mx\/index.php\/wp-json\/wp\/v2\/media\/21928"}],"wp:attachment":[{"href":"http:\/\/www.grieta.org.mx\/index.php\/wp-json\/wp\/v2\/media?parent=5717"}],"wp:term":[{"taxonomy":"category","embeddable":true,"href":"http:\/\/www.grieta.org.mx\/index.php\/wp-json\/wp\/v2\/categories?post=5717"},{"taxonomy":"post_tag","embeddable":true,"href":"http:\/\/www.grieta.org.mx\/index.php\/wp-json\/wp\/v2\/tags?post=5717"}],"curies":[{"name":"wp","href":"https:\/\/api.w.org\/{rel}","templated":true}]}}