{"id":57165,"date":"2021-02-22T00:27:56","date_gmt":"2021-02-22T06:27:56","guid":{"rendered":"http:\/\/www.grieta.org.mx\/?p=57165"},"modified":"2021-02-22T11:32:05","modified_gmt":"2021-02-22T17:32:05","slug":"lilia-alejandra-la-impunidad-frente-al-fragil-discurso-oficial-ciudad-juarez","status":"publish","type":"post","link":"http:\/\/www.grieta.org.mx\/index.php\/2021\/02\/22\/lilia-alejandra-la-impunidad-frente-al-fragil-discurso-oficial-ciudad-juarez\/","title":{"rendered":"Lilia Alejandra: la impunidad frente al fr\u00e1gil discurso oficial (Ciudad Ju\u00e1rez)"},"content":{"rendered":"<div id=\"post-feat-img\" class=\"left relative\"><img loading=\"lazy\" decoding=\"async\" class=\"attachment- size- wp-post-image\" src=\"https:\/\/laverdadjuarez.com\/wp-content\/uploads\/2021\/02\/Norma-Andrade-sostiene-el-retrato-de-Lilia-Alejandra-a-20-anos-de-sus-asesinato.-Fotografia_-Abraham-Rubio-1-ok.jpg\" sizes=\"auto, (max-width: 1371px) 100vw, 1371px\" srcset=\"https:\/\/laverdadjuarez.com\/wp-content\/uploads\/2021\/02\/Norma-Andrade-sostiene-el-retrato-de-Lilia-Alejandra-a-20-anos-de-sus-asesinato.-Fotografia_-Abraham-Rubio-1-ok.jpg 1371w, https:\/\/laverdadjuarez.com\/wp-content\/uploads\/2021\/02\/Norma-Andrade-sostiene-el-retrato-de-Lilia-Alejandra-a-20-anos-de-sus-asesinato.-Fotografia_-Abraham-Rubio-1-ok-300x200.jpg 300w, https:\/\/laverdadjuarez.com\/wp-content\/uploads\/2021\/02\/Norma-Andrade-sostiene-el-retrato-de-Lilia-Alejandra-a-20-anos-de-sus-asesinato.-Fotografia_-Abraham-Rubio-1-ok-1024x683.jpg 1024w, https:\/\/laverdadjuarez.com\/wp-content\/uploads\/2021\/02\/Norma-Andrade-sostiene-el-retrato-de-Lilia-Alejandra-a-20-anos-de-sus-asesinato.-Fotografia_-Abraham-Rubio-1-ok-768x512.jpg 768w\" alt=\"\" width=\"794\" height=\"530\" \/><\/p>\n<div class=\"post-feat-text\"><span class=\"feat-caption\">NORMA ANDRADE CON LA FOTO DE SU HIJA LILIA ALEJANDRA ASESINADA EN CIUDAD JU\u00c1REZ, EN 2001. FOTOGRAF\u00cdA: ABRAHAM RUBIO<\/span><\/div>\n<\/div>\n<div id=\"content-area\" class=\"post-18882 post type-post status-publish format-standard has-post-thumbnail hentry category-especiales category-justicia tag-ciudad-juarez tag-feminicidio tag-lilia-alejandra tag-norma-andrade tag-portada\">\n<div class=\"post-cont-out\">\n<div class=\"post-cont-in\">\n<div id=\"content-main\" class=\"left relative\">\n<section class=\"social-sharing-top\">\n<div class=\"pinterest-share\"><\/div>\n<div class=\"email-share\"><\/div>\n<p><strong>MARCO ANTONIO L\u00d3PEZ<\/strong>\u00a0Y\u00a0<strong>ABRAHAM RUBIO\/LA Verdad Ju\u00e1rez<\/strong><br \/>\nFOTOGRAF\u00cdAS: ABRAHAM RUBIO<\/section>\n<p>Ciudad Ju\u00e1rez, Chihuahua\u2013 Norma Andrade, quien frente al f\u00e9retro de su hija jur\u00f3 que no iba a descansar hasta encontrar justicia, ahora duda. El tiempo la ha orillado a creer que morir\u00e1 sin cumplir esa promesa, y cuando cae en cuenta y lo dice, llora.<\/p>\n<p>Han pasado 20 a\u00f1os y ese duelo que se abri\u00f3 el 14 de febrero de 2001 est\u00e1 lejos de cerrarse para ella y Jade y Caleb, quienes quedaron hu\u00e9rfanos desde ese momento.<\/p>\n<p>El caso del feminicidio de Lilia Alejandra Garc\u00eda Andrade, de 17 a\u00f1os, permanece impune debido a las deficiencias en la investigaci\u00f3n y el actuar de la Fiscal\u00eda General del Estado (FGE) de Chihuahua, que tras una investigaci\u00f3n de tres meses en 2018 detuvo al presunto asesino serial, Manuel N., y dio por \u201cresuelto\u201d un caso que llevaba m\u00e1s de tres lustros sin respuestas.<\/p>\n<p>El gobernador Javier Corral y la Fiscal\u00eda han presionado a la defensa de Norma y a ella para que acepten al detenido como el responsable, pero no lo admiten ante las inconsistencias en la investigaci\u00f3n por el feminicidio de Lilia Alejandra y la arbitrariedad con que las autoridades descartaron la l\u00ednea de investigaci\u00f3n m\u00e1s importante desde 2010: tres muestras gen\u00e9ticas.<\/p>\n<p>Norma dice que estas acciones implicar\u00edan m\u00e1s violaciones por las cuales la Comisi\u00f3n Interamericana de Derechos Humanos (CIDH) condenar\u00eda al Estado, pero eso no le importa en realidad: \u201cLo que me interesa es que detengan al que mat\u00f3 a mi hija y a los que lo ayudaron.\u201d<\/p>\n<h2 class=\"has-text-align-center\"><strong>LA PROMESA DE JUSTICIA<\/strong><\/h2>\n<div class=\"wp-block-image\">\n<figure class=\"aligncenter size-large\"><img loading=\"lazy\" decoding=\"async\" class=\"wp-image-18884\" src=\"https:\/\/laverdadjuarez.com\/wp-content\/uploads\/2021\/02\/Norma-Andrade-sostiene-la-pesquisa-de-Lilia-Alejandra.-Fotografia_-Abraham-Rubio-1024x683.jpg\" sizes=\"auto, (max-width: 1024px) 100vw, 1024px\" srcset=\"https:\/\/laverdadjuarez.com\/wp-content\/uploads\/2021\/02\/Norma-Andrade-sostiene-la-pesquisa-de-Lilia-Alejandra.-Fotografia_-Abraham-Rubio-1024x683.jpg 1024w, https:\/\/laverdadjuarez.com\/wp-content\/uploads\/2021\/02\/Norma-Andrade-sostiene-la-pesquisa-de-Lilia-Alejandra.-Fotografia_-Abraham-Rubio-300x200.jpg 300w, https:\/\/laverdadjuarez.com\/wp-content\/uploads\/2021\/02\/Norma-Andrade-sostiene-la-pesquisa-de-Lilia-Alejandra.-Fotografia_-Abraham-Rubio-768x512.jpg 768w, https:\/\/laverdadjuarez.com\/wp-content\/uploads\/2021\/02\/Norma-Andrade-sostiene-la-pesquisa-de-Lilia-Alejandra.-Fotografia_-Abraham-Rubio.jpg 1418w\" alt=\"\" width=\"794\" height=\"530\" \/><\/figure>\n<\/div>\n<p>&nbsp;<\/p>\n<p>Lilia Alejandra ten\u00eda 17 a\u00f1os cuando desapareci\u00f3 el 14 de febrero del a\u00f1o 2001 tras salir de su trabajo de la Planta Maquiladora Servicios Pl\u00e1sticos Ensambles S.A. de C.V. Pidi\u00f3 prestado dinero para tomar el transporte p\u00fablico y parti\u00f3 al atardecer por un lote bald\u00edo cercano a la zona.<\/p>\n<p>Horas despu\u00e9s, cuando sus familiares se percataron de su ausencia, comenzaron a buscarla con sus amigos y conocidos para conocer su ubicaci\u00f3n. No pudieron localizarla y acudieron a la Agencia del Ministerio P\u00fablico. El primer encuentro desagradable de Norma Andrade con la autoridad fue ese d\u00eda cuando le dijeron que deb\u00eda esperar 72 horas para reportarla desaparecida porque \u201cseguro estaba con el novio\u201d.<\/p>\n<p>Una semana despu\u00e9s, su cuerpo sin vida, torturado y abusado sexualmente fue abandonado enredado en una cobija en un terreno bald\u00edo entre dos de las avenidas m\u00e1s importantes de la ciudad, la Tecnol\u00f3gico y la Ej\u00e9rcito Nacional.<\/p>\n<p>Norma Andrade sepult\u00f3 a su hija con la promesa de que no descansar\u00eda hasta encontrar justicia.<\/p>\n<p>Pasaron nueve a\u00f1os para que la carpeta pudiera tener una l\u00ednea de investigaci\u00f3n s\u00f3lida, que se dio por la presi\u00f3n de la defensa de Norma, Grupo de Acci\u00f3n por la Defensa de los Derechos Humanos, y por ella misma. Se identificaron tres muestras gen\u00e9ticas: el raspado de las u\u00f1as restos org\u00e1nicos (perteneciente a un var\u00f3n o \u201cdudoso\u201d), una mancha de sangre O+ en el cobertor en que fue envuelta la v\u00edctima (muestra C1666-1\/07) y semen que se extrajo del cuerpo de la v\u00edctima (muestra 1298\/06).<\/p>\n<p>La \u00faltima muestra, la 1298\/06, coincidi\u00f3 en el haplotiplo \u201cY\u201d con el ADN de un agente ministerial de nombre Enrique Casta\u00f1eda Ogaz, quien fue asesinado el 19 de febrero de 2010 e ingresado a la base de datos de la FGE meses antes de que la defensa pidiera el cotejo de la muestra en la base de datos.<\/p>\n<p>Los resultados del Informe Pericial en Materia Forense, que entreg\u00f3 y firm\u00f3 la perito Karely Liliana Islas Gonz\u00e1lez el 8 de junio de 2010, mostraron que el agresor de Lilia Alejandra es un familiar perteneciente al linaje paterno de Casta\u00f1eda Ogaz y, de acuerdo con el Ministerio P\u00fablico, la muestra coincide y vincula al agresor de Lilia Alejandra con otros tres feminicidios: Sonia Ivette S\u00e1nchez Ram\u00edrez, Rosa Isela Tena Quintanilla y Coral Arrieta Medina.<\/p>\n<p>Sin embargo, el avance en la investigaci\u00f3n no facilit\u00f3 las cosas para encontrar justicia: las complicaron. Norma sufri\u00f3 dos intentos de asesinato en un lapso de 60 d\u00edas (el primero en Ciudad Ju\u00e1rez el 2 de diciembre de 2011 y el segundo en Ciudad de M\u00e9xico el 3 de febrero de 2012), adem\u00e1s han entrado a su casa a vandalizarla, robado las computadoras de la organizaci\u00f3n en la que trabaja y ha recibido amenazas. Desde 2011, Norma, Caleb y Jade, viven desplazados, lejos de la ciudad donde nacieron.<\/p>\n<p>En el caso de Lilia Alejandra el acceso a la justicia no ha llegado, pero en 2012 la Corte Interamericana de Derechos Humanos (CIDH) admiti\u00f3 el caso debido a la existencia de \u201cun retardo injustificado por parte de los \u00f3rganos jurisdiccionales mexicanos respecto a los hechos denunciados\u201d. En 2018, durante la comparecencia del \u201cCaso 12.853 \u2013 Lilia Garc\u00eda Andrade, M\u00e9xico\u201d, el Estado mexicano acept\u00f3 su \u201cresponsabilidad internacional\u201d por la ineficacia de sus instituciones para prevenir, investigar diligentemente y sancionar a los responsables del secuestro, tortura sexual y feminicidio de la adolescente Lilia Alejandra.<\/p>\n<div class=\"wp-block-image\">\n<figure class=\"aligncenter size-large\"><img loading=\"lazy\" decoding=\"async\" class=\"wp-image-18885\" src=\"https:\/\/laverdadjuarez.com\/wp-content\/uploads\/2021\/02\/Norma-Andrade-muestra-un-tomo-de-la-carpeta-de-investigacion-de-Lilia-Alejandra.Fotografia_-Abraham-Rubio-1024x683.jpg\" sizes=\"auto, (max-width: 1024px) 100vw, 1024px\" srcset=\"https:\/\/laverdadjuarez.com\/wp-content\/uploads\/2021\/02\/Norma-Andrade-muestra-un-tomo-de-la-carpeta-de-investigacion-de-Lilia-Alejandra.Fotografia_-Abraham-Rubio-1024x683.jpg 1024w, https:\/\/laverdadjuarez.com\/wp-content\/uploads\/2021\/02\/Norma-Andrade-muestra-un-tomo-de-la-carpeta-de-investigacion-de-Lilia-Alejandra.Fotografia_-Abraham-Rubio-300x200.jpg 300w, https:\/\/laverdadjuarez.com\/wp-content\/uploads\/2021\/02\/Norma-Andrade-muestra-un-tomo-de-la-carpeta-de-investigacion-de-Lilia-Alejandra.Fotografia_-Abraham-Rubio-768x512.jpg 768w, https:\/\/laverdadjuarez.com\/wp-content\/uploads\/2021\/02\/Norma-Andrade-muestra-un-tomo-de-la-carpeta-de-investigacion-de-Lilia-Alejandra.Fotografia_-Abraham-Rubio-1536x1024.jpg 1536w, https:\/\/laverdadjuarez.com\/wp-content\/uploads\/2021\/02\/Norma-Andrade-muestra-un-tomo-de-la-carpeta-de-investigacion-de-Lilia-Alejandra.Fotografia_-Abraham-Rubio.jpg 1776w\" alt=\"\" width=\"790\" height=\"527\" \/><\/figure>\n<\/div>\n<p>&nbsp;<\/p>\n<p>El Gobierno Federal ofreci\u00f3 un acuerdo amistoso que la defensa neg\u00f3. Pero fue la participaci\u00f3n del representante de la FGE de Chihuahua la que cambi\u00f3 todo a partir de ese momento: Sergio Castro Guevara se present\u00f3 como el nuevo ministerio p\u00fablico encargado de la carpeta y el mismo d\u00eda de la comparecencia les inform\u00f3 de una nueva l\u00ednea de investigaci\u00f3n.<\/p>\n<h2 class=\"has-text-align-center\"><strong>UN DETENIDO, UNA \u201cPRUEBA CIENT\u00cdFICA\u201d<\/strong><\/h2>\n<p>El ministerio p\u00fablico Sergio Castro Guevara tom\u00f3 la carpeta de investigaci\u00f3n entre febrero y marzo de 2018 y, luego de entre dos y tres meses con el caso, determin\u00f3 con una investigaci\u00f3n basada en estad\u00edstica gen\u00e9tica que el principal sospechoso desde 2010, un familiar directo del linaje paterno del agente Casta\u00f1eda Ogaz, no pod\u00eda ser, porque ya se hab\u00eda cotejado el ADN encontrado en el rastro de semen con gran parte de la familia paterna del agente.<\/p>\n<p>Incluso, refiri\u00f3 el agente del Ministerio P\u00fablico en una entrevista, se exhum\u00f3 a un familiar de la l\u00ednea paterna y no coincidi\u00f3 con el ADN, por lo que luego de que se compulsaran las muestras de varios familiares con la del semen, se concluy\u00f3 que lo que en un principio dijeron los peritos no era posible.<\/p>\n<p>Entonces, dijo Castro Guevara, se inici\u00f3 una investigaci\u00f3n desde el principio. En alg\u00fan punto de la investigaci\u00f3n Castro Guevara pidi\u00f3 comparar el ADN de otra v\u00edctima de feminicidio, Leticia Garc\u00eda Leal \u2013que fue asesinada en 2011 y cuyos restos \u00f3seos fueron encontrados dos a\u00f1os despu\u00e9s\u2013, con el de la muestra de semen 1298\/06. Y, de acuerdo con el agente, se determin\u00f3 que el semen que se encontr\u00f3 en el cuerpo de Lilia Alejandra pertenece por \u201cestad\u00edstica gen\u00e9tica\u201d a quien fuera padre biol\u00f3gico de Leticia Garc\u00eda Leal: Manuel N.<\/p>\n<p>Para llegar a dicha conclusi\u00f3n se tomaron muestras gen\u00e9ticas de la madre e hija de Leticia, pero no se tom\u00f3 muestra a Manuel N para confirmar.<\/p>\n<p>Manuel N. fue detenido en la ciudad de Chihuahua el 19 de mayo de 2018, a tres meses de que Castro Guevara tomara la investigaci\u00f3n, y 12 d\u00edas despu\u00e9s de que se llevara a cabo la audiencia en Rep\u00fablica Dominicana de la CIDH.<\/p>\n<p>Manuel N. est\u00e1 detenido y en proceso, a\u00fan sin sentencia a casi tres a\u00f1os de su detenci\u00f3n, por su presunta responsabilidad en el homicidio y violaci\u00f3n de Rosa Isela Tena Quintanilla y por el de Sonia Ivett S\u00e1nchez Ram\u00edrez.<\/p>\n<p>El gobernador del estado de Chihuahua, Javier Corral Jurado, asegur\u00f3 el 8 de agosto de 2018 a los medios de comunicaci\u00f3n, luego de una manifestaci\u00f3n de familiares de v\u00edctimas en el Foro de la Pacificaci\u00f3n que encabez\u00f3 el presidente Andr\u00e9s Manuel L\u00f3pez Obrador, que el feminicidio de Lilia Alejandra Garc\u00eda Andrade estaba resuelto:<\/p>\n<p><em>\u201cQue haya motivaciones personales o pol\u00edticas es otra cosa, son casualmente las dos personas m\u00e1s atendidas por la Fiscal\u00eda (el otro caso al que se refiri\u00f3 es Jos\u00e9 Luis Castillo, padre de Esmeralda Castillo). Un caso que ya est\u00e1 resuelto es el de Norma Andrade, est\u00e1 resuelto el asesino serial con prueba cient\u00edfica, pero encontramos la oposici\u00f3n de ella, dice que no es\u2026 es un crimen seguir medrando con el dolor de las v\u00edctimas\u201d, dijo en esa ocasi\u00f3n.<\/em><\/p>\n<p>El gobernador dio por resuelto el caso, pero en los hechos, ese 8 de agosto, no hab\u00eda una orden de aprehensi\u00f3n validada por el juez por el caso de Lilia Alejandra y tampoco alguna persona detenida por este feminicidio.<\/p>\n<p>De hecho, la orden de aprehensi\u00f3n por el caso de Lilia Alejandra fue negada el 27 de agosto de 2018 por el juez primero de Ejecuci\u00f3n de Penas con funciones del Sistema Tradicional, Rub\u00e9n Efr\u00e9n Ram\u00edrez Santill\u00e1n, al no estar comprobada su probable responsabilidad. Dos semanas despu\u00e9s de que Javier Corral anunciara la resoluci\u00f3n del caso \u201ccon prueba cient\u00edfica\u201d.<\/p>\n<p>Esa \u201cprueba cient\u00edfica\u201d fue cuestionada por la Comisi\u00f3n Ejecutiva de Atenci\u00f3n a V\u00edctimas (CEAV) al hacer una revisi\u00f3n de la estrategia pericial seguida por el MP y determin\u00f3 que:<\/p>\n<p><em>\u201clas actuaciones realizadas por las y los peritos estatales (\u2026) han contribuido en forma significativamente negativa en la investigaci\u00f3n del homicidio de Lilia Alejandra Garc\u00eda Andrade\u201d.<\/em><\/p>\n<p>Por ello, la CEAV orden\u00f3 un estudio exhaustivo de dos aspectos de la investigaci\u00f3n.<\/p>\n<p>El primero sugiere una evaluaci\u00f3n de los dos peritajes contradictorios realizados por la perita Karely Liliana Islas Gonz\u00e1lez, que en un primer momento determin\u00f3 la relaci\u00f3n de parentesco por el linaje paterno entre Casta\u00f1eda Ogaz y el agresor de Lilia Alejandra, y ocho a\u00f1os despu\u00e9s elimin\u00f3 esta l\u00ednea de investigaci\u00f3n tras emitir un segundo documento donde descarta esta hip\u00f3tesis.<\/p>\n<p>El segundo pide una revisi\u00f3n y evaluaci\u00f3n de las t\u00e9cnicas, m\u00e9todos, an\u00e1lisis y conclusiones realizados y si lo referido por los peritos \u201ces congruente con lo dictado y sugerido en la comunidad cient\u00edfica, las bases te\u00f3ricas y pr\u00e1cticas del \u00e1rea de conocimientos en la que dictaminan\u201d.<\/p>\n<p>A m\u00e1s de dos a\u00f1os de que se negara la orden de aprehensi\u00f3n a Manuel N. por el caso de Lilia Alejandra, la carpeta de investigaci\u00f3n no ha tenido modificaciones, es decir, no se ha apelado la decisi\u00f3n del juez, y por lo tanto no se ha liberado alguna orden de aprehensi\u00f3n relacionada con el homicidio de Lilia Alejandra, de acuerdo con el Departamento de Comunicaci\u00f3n del Poder Judicial del Estado de Chihuahua.<\/p>\n<h2 class=\"has-text-align-center\"><strong>FEMINICIDIOS EN M\u00c9XICO: LA SITUACI\u00d3N EST\u00c1 M\u00c1S GRAVE<\/strong><\/h2>\n<figure class=\"wp-block-image size-large\"><img loading=\"lazy\" decoding=\"async\" class=\"wp-image-18886\" src=\"https:\/\/laverdadjuarez.com\/wp-content\/uploads\/2021\/02\/Norma-Andrade-en-la-Caravana-por-la-realidad-del-Norte-mayo-de-2018.-Fotografia_-Abraham-Rubio-1024x683.jpg\" sizes=\"auto, (max-width: 1024px) 100vw, 1024px\" srcset=\"https:\/\/laverdadjuarez.com\/wp-content\/uploads\/2021\/02\/Norma-Andrade-en-la-Caravana-por-la-realidad-del-Norte-mayo-de-2018.-Fotografia_-Abraham-Rubio-1024x683.jpg 1024w, https:\/\/laverdadjuarez.com\/wp-content\/uploads\/2021\/02\/Norma-Andrade-en-la-Caravana-por-la-realidad-del-Norte-mayo-de-2018.-Fotografia_-Abraham-Rubio-300x200.jpg 300w, https:\/\/laverdadjuarez.com\/wp-content\/uploads\/2021\/02\/Norma-Andrade-en-la-Caravana-por-la-realidad-del-Norte-mayo-de-2018.-Fotografia_-Abraham-Rubio-768x512.jpg 768w, https:\/\/laverdadjuarez.com\/wp-content\/uploads\/2021\/02\/Norma-Andrade-en-la-Caravana-por-la-realidad-del-Norte-mayo-de-2018.-Fotografia_-Abraham-Rubio-1536x1024.jpg 1536w, https:\/\/laverdadjuarez.com\/wp-content\/uploads\/2021\/02\/Norma-Andrade-en-la-Caravana-por-la-realidad-del-Norte-mayo-de-2018.-Fotografia_-Abraham-Rubio-2048x1365.jpg 2048w\" alt=\"\" width=\"807\" height=\"539\" \/><\/figure>\n<p>&nbsp;<\/p>\n<p>La b\u00fasqueda de justicia de Norma ha sido transexenal: cuatro gobernadores y presidentes se han reunido con Norma o han escuchado alguna vez la petici\u00f3n de justicia. Sin embargo, considera que la situaci\u00f3n es m\u00e1s grave hoy que hace 20 a\u00f1os: \u201cno nom\u00e1s por el aumento de casos, no nom\u00e1s porque ya es en todo el pa\u00eds. Es m\u00e1s grave el problema porque, a pesar de todo lo que hay (leyes, instituciones, visibilidad en los casos), seguimos sin justicia\u201d.<\/p>\n<p>La impresi\u00f3n de la activista no es para menos: en cinco a\u00f1os los feminicidios en M\u00e9xico aumentaron un 128.71 por ciento, de acuerdo con los datos del Sistema Nacional de Seguridad P\u00fablica. El pa\u00eds aument\u00f3 de 411 carpetas abiertas por feminicidios en 2015 a un total anual de 942 en 2019 y 940 en 2020. Cifras que de acuerdo con organizaciones civiles podr\u00edan ser m\u00e1s debido al subregistro en los estados donde no est\u00e1 tipificado el feminicidio y se considera como homicidio doloso.<\/p>\n<figure class=\"wp-block-image size-large is-resized\"><img loading=\"lazy\" decoding=\"async\" class=\"wp-image-18887\" src=\"https:\/\/laverdadjuarez.com\/wp-content\/uploads\/2021\/02\/Norma-Andrade-en-la-Caravana-por-la-realidad-del-Norte-mayo-de-2018.-Fotografia_-Abraham-Rubio-1-1024x683.jpg\" sizes=\"auto, (max-width: 580px) 100vw, 580px\" srcset=\"https:\/\/laverdadjuarez.com\/wp-content\/uploads\/2021\/02\/Norma-Andrade-en-la-Caravana-por-la-realidad-del-Norte-mayo-de-2018.-Fotografia_-Abraham-Rubio-1-1024x683.jpg 1024w, https:\/\/laverdadjuarez.com\/wp-content\/uploads\/2021\/02\/Norma-Andrade-en-la-Caravana-por-la-realidad-del-Norte-mayo-de-2018.-Fotografia_-Abraham-Rubio-1-300x200.jpg 300w, https:\/\/laverdadjuarez.com\/wp-content\/uploads\/2021\/02\/Norma-Andrade-en-la-Caravana-por-la-realidad-del-Norte-mayo-de-2018.-Fotografia_-Abraham-Rubio-1-768x512.jpg 768w, https:\/\/laverdadjuarez.com\/wp-content\/uploads\/2021\/02\/Norma-Andrade-en-la-Caravana-por-la-realidad-del-Norte-mayo-de-2018.-Fotografia_-Abraham-Rubio-1-1536x1024.jpg 1536w, https:\/\/laverdadjuarez.com\/wp-content\/uploads\/2021\/02\/Norma-Andrade-en-la-Caravana-por-la-realidad-del-Norte-mayo-de-2018.-Fotografia_-Abraham-Rubio-1-2048x1365.jpg 2048w\" alt=\"\" width=\"580\" height=\"386\" \/><\/figure>\n<p>&nbsp;<\/p>\n<p>Julia Mon\u00e1rrez Fragoso, investigadora de El Colegio de la Frontera Norte en Ciudad Ju\u00e1rez, explica que desde 2003 un informe de las Naciones Unidas \u2013 en el que se analizaron 86 feminicidios ocurridos en Ju\u00e1rez\u2013 plante\u00f3 la incapacidad en los procesos de investigaci\u00f3n de las autoridades y la necesidad de cambios profundos en las fiscal\u00edas, pero estos no fueron suficientes: \u201cel sistema ha sido manifiestamente desbordado por un desaf\u00edo criminal para el que no estaba preparado a partir de 2008, dando lugar a un colapso institucional que ha determinado la impunidad generalizada de los responsables de los cr\u00edmenes\u201d.<\/p>\n<p>Sin embargo, considera injustificable que las autoridades del estado de Chihuahua y federales contin\u00faen subestimado el problema: \u201cs\u00ed hay feminicidios, no es una leyenda negra, y las sociedades necesitan para su propia reconciliaci\u00f3n saber la verdad y tener justicia, saber por qu\u00e9 estas ni\u00f1as y mujeres empiezan siendo asesinadas desde 1993 y todav\u00eda hasta el 2021, a pesar de que el Estado mexicano ha sido condenado internacionalmente, sigue todav\u00eda permitiendo la desaparici\u00f3n forzada y el feminicidio\u201d.<\/p>\n<p>Este 21 de febrero se cumplen 20 a\u00f1os del asesinato de Lilia Alejandra y Norma ve lo que vio hace 20 a\u00f1os: \u201cel mismo gobierno insensible de aquella \u00e9poca. Antes no ten\u00edamos nada de medios, entonces hab\u00eda pretexto para decir que no ten\u00edamos y no se encontraba justicia por eso; ahora lo tenemos y de todos modos no encontramos justicia\u201d<\/p>\n<blockquote class=\"wp-embedded-content\" data-secret=\"JxrueqcOEJ\"><p><a href=\"https:\/\/laverdadjuarez.com\/index.php\/2021\/02\/21\/lilia-alejandra-la-impunidad-frente-al-fragil-discurso-oficial\/\">Lilia Alejandra: la impunidad frente al fr\u00e1gil discurso oficial<\/a><\/p><\/blockquote>\n<p><iframe loading=\"lazy\" class=\"wp-embedded-content\" sandbox=\"allow-scripts\" security=\"restricted\" style=\"position: absolute; clip: rect(1px, 1px, 1px, 1px);\" title=\"&#8220;Lilia Alejandra: la impunidad frente al fr\u00e1gil discurso oficial&#8221; &#8212; La Verdad Ju\u00e1rez\" src=\"https:\/\/laverdadjuarez.com\/index.php\/2021\/02\/21\/lilia-alejandra-la-impunidad-frente-al-fragil-discurso-oficial\/embed\/#?secret=JxrueqcOEJ\" data-secret=\"JxrueqcOEJ\" width=\"600\" height=\"338\" frameborder=\"0\" marginwidth=\"0\" marginheight=\"0\" scrolling=\"no\"><\/iframe><\/p>\n<\/div>\n<\/div>\n<\/div>\n<\/div>\n","protected":false},"excerpt":{"rendered":"<p>NORMA ANDRADE CON LA FOTO DE SU HIJA LILIA ALEJANDRA ASESINADA EN CIUDAD JU\u00c1REZ, EN 2001. FOTOGRAF\u00cdA: ABRAHAM RUBIO MARCO ANTONIO L\u00d3PEZ\u00a0Y\u00a0ABRAHAM RUBIO\/LA Verdad Ju\u00e1rez FOTOGRAF\u00cdAS: ABRAHAM RUBIO Ciudad Ju\u00e1rez, &hellip; <a href=\"http:\/\/www.grieta.org.mx\/index.php\/2021\/02\/22\/lilia-alejandra-la-impunidad-frente-al-fragil-discurso-oficial-ciudad-juarez\/\" class=\"more-link\">Leer m\u00e1s<\/a><\/p>\n","protected":false},"author":2,"featured_media":57166,"comment_status":"closed","ping_status":"closed","sticky":false,"template":"","format":"standard","meta":{"ngg_post_thumbnail":0,"_jetpack_newsletter_access":"","_jetpack_dont_email_post_to_subs":false,"_jetpack_newsletter_tier_id":0,"_jetpack_memberships_contains_paywalled_content":false,"_jetpack_memberships_contains_paid_content":false,"footnotes":""},"categories":[12,80,1918],"tags":[3225,2999,81],"class_list":["post-57165","post","type-post","status-publish","format-standard","has-post-thumbnail","hentry","category-chihuahua","category-cintillo","category-feminicidios-en-chihuahua","tag-aumento-de-la-violencia-contra-las-mujeres","tag-feminicidio-violencia-contra-las-mujeres","tag-feminicidios","entry"],"jetpack_featured_media_url":"http:\/\/www.grieta.org.mx\/wp-content\/uploads\/2021\/02\/Norma-Andrade-sostiene-el-retrato-de-Lilia-Alejandra-a-20-anos-de-sus-asesinato.-Fotografia_-Abraham-Rubio-1-ok-1024x683-1.jpg","jetpack_sharing_enabled":true,"jetpack_shortlink":"https:\/\/wp.me\/p7ZJR4-eS1","jetpack_likes_enabled":false,"jetpack-related-posts":[{"id":38463,"url":"http:\/\/www.grieta.org.mx\/index.php\/2019\/08\/20\/feminicidios-tienen-alza-alarmante-chihuahua-y-edomex-estados-mas-peligrosos\/","url_meta":{"origin":57165,"position":0},"title":"Feminicidios tienen alza alarmante; Chihuahua y Edomex, estados m\u00e1s peligrosos","author":"grieta","date":"20 agosto, 2019","format":false,"excerpt":"CIUDAD DE M\u00c9XICO. Comprender el enojo y la exigencia de un \u00a1ya basta! durante las marchas feministas de la semana pasada, implica empat\u00eda y capacidad de comprender que la violencia contra las mujeres es un fen\u00f3meno estructural y sist\u00e9mico, que en los \u00faltimos a\u00f1os ha adquirido dimensiones de esc\u00e1ndalo; por\u2026","rel":"","context":"En &quot;Chihuahua&quot;","block_context":{"text":"Chihuahua","link":"http:\/\/www.grieta.org.mx\/index.php\/category\/noticias-nacionales\/chihuahua\/"},"img":{"alt_text":"","src":"https:\/\/i0.wp.com\/www.grieta.org.mx\/wp-content\/uploads\/2019\/08\/2203861.jpg?resize=350%2C200","width":350,"height":200,"srcset":"https:\/\/i0.wp.com\/www.grieta.org.mx\/wp-content\/uploads\/2019\/08\/2203861.jpg?resize=350%2C200 1x, https:\/\/i0.wp.com\/www.grieta.org.mx\/wp-content\/uploads\/2019\/08\/2203861.jpg?resize=525%2C300 1.5x"},"classes":[]},{"id":11003,"url":"http:\/\/www.grieta.org.mx\/index.php\/2016\/04\/24\/protestan-contra-violencia-de-genero-en-chihuahua\/","url_meta":{"origin":57165,"position":1},"title":"Protestan contra violencia de g\u00e9nero en Chihuahua","author":"grieta","date":"24 abril, 2016","format":false,"excerpt":"En Ciudad Ju\u00e1rez se congregaron familiares de personas desaparecidas y las obreras que realizaron durante meses una huelga afuera de la maquiladora Lexmark para exigir mejores condiciones laborales y sueldos. El contingente de la ciudad de Chihuahua recorri\u00f3 la avenida Universidad e hizo cuatro paradas para realizar actos representativos de\u2026","rel":"","context":"En &quot;chihuahua&quot;","block_context":{"text":"chihuahua","link":"http:\/\/www.grieta.org.mx\/index.php\/category\/chihuahua\/"},"img":{"alt_text":"","src":"https:\/\/i0.wp.com\/www.grieta.org.mx\/wp-content\/uploads\/2018\/03\/14524434_1106112876131411_958039263622046936_o.jpg?resize=350%2C200","width":350,"height":200,"srcset":"https:\/\/i0.wp.com\/www.grieta.org.mx\/wp-content\/uploads\/2018\/03\/14524434_1106112876131411_958039263622046936_o.jpg?resize=350%2C200 1x, https:\/\/i0.wp.com\/www.grieta.org.mx\/wp-content\/uploads\/2018\/03\/14524434_1106112876131411_958039263622046936_o.jpg?resize=525%2C300 1.5x, https:\/\/i0.wp.com\/www.grieta.org.mx\/wp-content\/uploads\/2018\/03\/14524434_1106112876131411_958039263622046936_o.jpg?resize=700%2C400 2x"},"classes":[]},{"id":4582,"url":"http:\/\/www.grieta.org.mx\/index.php\/2015\/11\/25\/exigen-defensoras-informes-sobre-feminicidios-sentencias-y-campanas\/","url_meta":{"origin":57165,"position":2},"title":"Exigen defensoras informes sobre feminicidios, sentencias y campa\u00f1as","author":"grieta","date":"25 noviembre, 2015","format":false,"excerpt":"Entrelineas Alejandra Rey Noticias de Chihuahua.- Defensoras de derechos de las mujeres de diferentes asociaciones civiles se reunieron esta ma\u00f1ana en la Cruz de Clavos para conmemorar la lucha contra la violencia de g\u00e9nero y exigieron al Estado Mexicano informar sobre estad\u00edsticas de feminicidos, sentencias por tales asesinatos y difusi\u00f3n\u2026","rel":"","context":"En &quot;chihuahua&quot;","block_context":{"text":"chihuahua","link":"http:\/\/www.grieta.org.mx\/index.php\/category\/chihuahua\/"},"img":{"alt_text":"","src":"https:\/\/i0.wp.com\/www.grieta.org.mx\/wp-content\/uploads\/2018\/03\/14524434_1106112876131411_958039263622046936_o.jpg?resize=350%2C200","width":350,"height":200,"srcset":"https:\/\/i0.wp.com\/www.grieta.org.mx\/wp-content\/uploads\/2018\/03\/14524434_1106112876131411_958039263622046936_o.jpg?resize=350%2C200 1x, https:\/\/i0.wp.com\/www.grieta.org.mx\/wp-content\/uploads\/2018\/03\/14524434_1106112876131411_958039263622046936_o.jpg?resize=525%2C300 1.5x, https:\/\/i0.wp.com\/www.grieta.org.mx\/wp-content\/uploads\/2018\/03\/14524434_1106112876131411_958039263622046936_o.jpg?resize=700%2C400 2x"},"classes":[]},{"id":49903,"url":"http:\/\/www.grieta.org.mx\/index.php\/2020\/05\/26\/guanajuato-el-estado-con-mas-feminicidios-en-2020\/","url_meta":{"origin":57165,"position":3},"title":"Guanajuato: el estado con m\u00e1s feminicidios en 2020","author":"grieta","date":"26 mayo, 2020","format":false,"excerpt":"Contrar\u00e9plica, martes 26 de mayo de 2020 A nivel nacional, tras los primeros cuatro meses del a\u00f1o 2020, Guanajuato encabeza la lista del registro de feminicidios, con 172 homicidios dolosos. Sin embargo, las autoridades solo tienen registro de ocho. El \u00faltimo corte de las cifras del Secretariado Ejecutivo del Sistema\u2026","rel":"","context":"En &quot;CINTILLO&quot;","block_context":{"text":"CINTILLO","link":"http:\/\/www.grieta.org.mx\/index.php\/category\/cintillo\/"},"img":{"alt_text":"","src":"https:\/\/i0.wp.com\/www.grieta.org.mx\/wp-content\/uploads\/2020\/05\/11d2f9afab0dea6e9b96be48141b0b2d.jpg?resize=350%2C200","width":350,"height":200,"srcset":"https:\/\/i0.wp.com\/www.grieta.org.mx\/wp-content\/uploads\/2020\/05\/11d2f9afab0dea6e9b96be48141b0b2d.jpg?resize=350%2C200 1x, https:\/\/i0.wp.com\/www.grieta.org.mx\/wp-content\/uploads\/2020\/05\/11d2f9afab0dea6e9b96be48141b0b2d.jpg?resize=525%2C300 1.5x, https:\/\/i0.wp.com\/www.grieta.org.mx\/wp-content\/uploads\/2020\/05\/11d2f9afab0dea6e9b96be48141b0b2d.jpg?resize=700%2C400 2x"},"classes":[]},{"id":17988,"url":"http:\/\/www.grieta.org.mx\/index.php\/2016\/07\/23\/chihuahua-sigue-siendo-lider-en-feminicidios\/","url_meta":{"origin":57165,"position":4},"title":"Chihuahua sigue siendo l\u00ecder en&#8230;feminicidios","author":"grieta","date":"23 julio, 2016","format":false,"excerpt":"La Parada Digital La Comisi\u00f3n Permanente del Congreso de la Uni\u00f3n solicita a los congresos estatales de todo el pa\u00eds homologar sus respectivas legislaciones con la Ley General de Acceso de las Mujeres a una Vida Libre de Violencia y con el C\u00f3digo Penal Federal, a fin de lograr una\u2026","rel":"","context":"En &quot;chihuahua&quot;","block_context":{"text":"chihuahua","link":"http:\/\/www.grieta.org.mx\/index.php\/category\/chihuahua\/"},"img":{"alt_text":"","src":"https:\/\/i0.wp.com\/www.grieta.org.mx\/wp-content\/uploads\/2018\/03\/14524434_1106112876131411_958039263622046936_o.jpg?resize=350%2C200","width":350,"height":200,"srcset":"https:\/\/i0.wp.com\/www.grieta.org.mx\/wp-content\/uploads\/2018\/03\/14524434_1106112876131411_958039263622046936_o.jpg?resize=350%2C200 1x, https:\/\/i0.wp.com\/www.grieta.org.mx\/wp-content\/uploads\/2018\/03\/14524434_1106112876131411_958039263622046936_o.jpg?resize=525%2C300 1.5x, https:\/\/i0.wp.com\/www.grieta.org.mx\/wp-content\/uploads\/2018\/03\/14524434_1106112876131411_958039263622046936_o.jpg?resize=700%2C400 2x"},"classes":[]},{"id":54540,"url":"http:\/\/www.grieta.org.mx\/index.php\/2020\/09\/21\/slp-esta-entre-las-ciudades-con-mas-feminicidios\/","url_meta":{"origin":57165,"position":5},"title":"SLP est\u00e1 entre las ciudades con m\u00e1s feminicidios","author":"grieta","date":"21 septiembre, 2020","format":false,"excerpt":"Redacci\u00f3n\/La Orquesta 21 septiembre 2020 De enero a julio tuvo 20 v\u00edctimas; solo la superan Tijuana, Ju\u00e1rez y Culiac\u00e1n El Informe sobre violencia contra las mujeres, del Secretariado Ejecutivo del Sistema Nacional de Seguridad P\u00fablica, reporta que, entre enero y julio del 2020, se registraron en la ciudad de San\u2026","rel":"","context":"En &quot;CINTILLO&quot;","block_context":{"text":"CINTILLO","link":"http:\/\/www.grieta.org.mx\/index.php\/category\/cintillo\/"},"img":{"alt_text":"","src":"https:\/\/i0.wp.com\/www.grieta.org.mx\/wp-content\/uploads\/2020\/10\/photo5125184302974347410-750x375-1.jpg?resize=350%2C200","width":350,"height":200,"srcset":"https:\/\/i0.wp.com\/www.grieta.org.mx\/wp-content\/uploads\/2020\/10\/photo5125184302974347410-750x375-1.jpg?resize=350%2C200 1x, https:\/\/i0.wp.com\/www.grieta.org.mx\/wp-content\/uploads\/2020\/10\/photo5125184302974347410-750x375-1.jpg?resize=525%2C300 1.5x, https:\/\/i0.wp.com\/www.grieta.org.mx\/wp-content\/uploads\/2020\/10\/photo5125184302974347410-750x375-1.jpg?resize=700%2C400 2x"},"classes":[]}],"_links":{"self":[{"href":"http:\/\/www.grieta.org.mx\/index.php\/wp-json\/wp\/v2\/posts\/57165","targetHints":{"allow":["GET"]}}],"collection":[{"href":"http:\/\/www.grieta.org.mx\/index.php\/wp-json\/wp\/v2\/posts"}],"about":[{"href":"http:\/\/www.grieta.org.mx\/index.php\/wp-json\/wp\/v2\/types\/post"}],"author":[{"embeddable":true,"href":"http:\/\/www.grieta.org.mx\/index.php\/wp-json\/wp\/v2\/users\/2"}],"replies":[{"embeddable":true,"href":"http:\/\/www.grieta.org.mx\/index.php\/wp-json\/wp\/v2\/comments?post=57165"}],"version-history":[{"count":1,"href":"http:\/\/www.grieta.org.mx\/index.php\/wp-json\/wp\/v2\/posts\/57165\/revisions"}],"predecessor-version":[{"id":57167,"href":"http:\/\/www.grieta.org.mx\/index.php\/wp-json\/wp\/v2\/posts\/57165\/revisions\/57167"}],"wp:featuredmedia":[{"embeddable":true,"href":"http:\/\/www.grieta.org.mx\/index.php\/wp-json\/wp\/v2\/media\/57166"}],"wp:attachment":[{"href":"http:\/\/www.grieta.org.mx\/index.php\/wp-json\/wp\/v2\/media?parent=57165"}],"wp:term":[{"taxonomy":"category","embeddable":true,"href":"http:\/\/www.grieta.org.mx\/index.php\/wp-json\/wp\/v2\/categories?post=57165"},{"taxonomy":"post_tag","embeddable":true,"href":"http:\/\/www.grieta.org.mx\/index.php\/wp-json\/wp\/v2\/tags?post=57165"}],"curies":[{"name":"wp","href":"https:\/\/api.w.org\/{rel}","templated":true}]}}