{"id":5716,"date":"2015-08-02T17:48:24","date_gmt":"2015-08-02T17:48:24","guid":{"rendered":"http:\/\/50.22.11.12\/~grietaor\/?p=5716"},"modified":"2016-04-25T02:35:23","modified_gmt":"2016-04-25T02:35:23","slug":"en-guadalajara-exigen-justicia-por-asesinato-del-fotoperiodista-ruben-espinosa","status":"publish","type":"post","link":"http:\/\/www.grieta.org.mx\/index.php\/2015\/08\/02\/en-guadalajara-exigen-justicia-por-asesinato-del-fotoperiodista-ruben-espinosa\/","title":{"rendered":"En Guadalajara, exigen justicia por asesinato del fotoperiodista Rub\u00e9n Espinosa"},"content":{"rendered":"<p>Por: Sergio Hern\u00e1ndez M\u00e1rquez <\/p>\n<p>2 de agosto de 2015.- El asesinato del fotoperiodista Rub\u00e9n Espinosa, ocurrido en la Ciudad de M\u00e9xico, levant\u00f3 la indignaci\u00f3n entre sus compa\u00f1eros de profesi\u00f3n en Guadalajara, donde exigieron respuestas, y que se detengan los ataques a la libertad de expresi\u00f3n por parte del Gobierno de Veracruz.<\/p>\n<p>Medio centenar de personas se dieron cita al mediod\u00eda, en el Parque Revoluci\u00f3n, con im\u00e1genes del fotoperiodista asesinado, haciendo un acto simb\u00f3lico en el que fotoperiodistas de Jalisco colocaron sus c\u00e1maras en el suelo, juntas, en una especie de altar, como se\u00f1al de tristeza, protesta e indignaci\u00f3n.<\/p>\n<p>Varios de los presentes portaban mensajes se\u00f1alando la presi\u00f3n que ejerce el Gobierno de Veracruz contra la libertad de expresi\u00f3n, encabezado por el pri\u00edsta Javier Duarte, de quien se sospecha que podr\u00eda estar vinculado a este asesinato, ya que Rub\u00e9n Espinosa aseguraba d\u00edas atr\u00e1s que estaba siendo presionado por esa administraci\u00f3n estatal, por lo que debi\u00f3 huir de Veracruz el 9 de junio, para refugiarse en la Ciudad de M\u00e9xico, tratando de evitar ser asesinado.<\/p>\n<p>\u201c\u2026en Xalapa, compa\u00f1eros de Rub\u00e9n Espinosa, quienes trabajan en medios como Proceso, AVC Noticias, Plumas Libres, Expediente Mx, La Jornada Veracruz, Sala Negra, entre otros, responsabilizan al gobierno de Javier Duarte y a la Secretar\u00eda de Seguridad P\u00fablica de Veracruz de cualquier agresi\u00f3n a su integridad f\u00edsica\u201d, se\u00f1ala parte de la postura que los fotoperiodistas tapat\u00edos dieron a conocer hoy.<\/p>\n<p>\u201cEn Guadalajara nos sumamos a la exigencia de compa\u00f1eros y compa\u00f1eras de varios estados, haciendo publica la denuncia y rechazando este tipo de acciones-agresiones que violentan nuestra labor como Fotoperiodistas, exigiendo tanto al gobierno Federal como al Estatal salvaguardad la integridad no solo del gremio sino de toda la poblaci\u00f3n en general\u201d.<\/p>\n<p>Tiro de gracia<\/p>\n<p>Una de las otras 4 v\u00edctimas del asesinato, ocurrido en la Colonia Narvarte de la Ciudad de M\u00e9xico, era Nadia Vera, luchadora social del estado de Veracruz.<\/p>\n<p>Este domingo, el Procurador General de Justicia del Distrito Federal, Rodolfo R\u00edos Garza, brinda una rueda de prensa en la que inform\u00f3 que todas las personas que se encontraron muertas ten\u00edan un tiro en la cabeza y golpes en el cuerpo.<\/p>\n<p>La PGR no ha solicitado la atracci\u00f3n del caso, informo R\u00edos Garza.<\/p>\n<p><a href=\"http:\/\/www.proyectodiez.mx\/en-guadalajara-exigen-justicia-por-asesinato-del-fotoperiodista-ruben-espinosa\/\" target=\"_blank\">http:\/\/www.proyectodiez.mx\/en-guadalajara-exigen-justicia-por-asesinato-del-fotoperiodista-ruben-espinosa\/<\/a><\/p>\n","protected":false},"excerpt":{"rendered":"<p>Por: Sergio Hern\u00e1ndez M\u00e1rquez 2 de agosto de 2015.- El asesinato del fotoperiodista Rub\u00e9n Espinosa, ocurrido en la Ciudad de M\u00e9xico, levant\u00f3 la indignaci\u00f3n entre sus compa\u00f1eros de profesi\u00f3n en &hellip; <a href=\"http:\/\/www.grieta.org.mx\/index.php\/2015\/08\/02\/en-guadalajara-exigen-justicia-por-asesinato-del-fotoperiodista-ruben-espinosa\/\" class=\"more-link\">Leer m\u00e1s<\/a><\/p>\n","protected":false},"author":2,"featured_media":21928,"comment_status":"closed","ping_status":"open","sticky":false,"template":"","format":"standard","meta":{"ngg_post_thumbnail":0,"_jetpack_newsletter_access":"","_jetpack_dont_email_post_to_subs":false,"_jetpack_newsletter_tier_id":0,"_jetpack_memberships_contains_paywalled_content":false,"_jetpack_memberships_contains_paid_content":false,"footnotes":""},"categories":[80,230],"tags":[120],"class_list":["post-5716","post","type-post","status-publish","format-standard","has-post-thumbnail","hentry","category-cintillo","category-jalisco","tag-violencia-contra-periodistas","entry"],"jetpack_featured_media_url":"http:\/\/www.grieta.org.mx\/wp-content\/uploads\/2018\/03\/14524434_1106112876131411_958039263622046936_o.jpg","jetpack_sharing_enabled":true,"jetpack_shortlink":"https:\/\/wp.me\/p7ZJR4-1uc","jetpack_likes_enabled":false,"jetpack-related-posts":[{"id":5717,"url":"http:\/\/www.grieta.org.mx\/index.php\/2016\/07\/31\/5717\/","url_meta":{"origin":5716,"position":0},"title":"Protestan en Jalisco por el multihomicido en la colonia Narvarte","author":"grieta","date":"31 julio, 2016","format":false,"excerpt":"31\/07\/16. A un a\u00f1o, fotoperiodistas recuerdan a Rub\u00e9nNtr Guadalajara 02\/08\/15. En Guadalajara, exigen justicia por asesinato del fotoperiodista Rub\u00e9n EspinosaProyecto Diez","rel":"","context":"En &quot;Jalisco&quot;","block_context":{"text":"Jalisco","link":"http:\/\/www.grieta.org.mx\/index.php\/category\/noticias-nacionales\/jalisco\/"},"img":{"alt_text":"","src":"https:\/\/i0.wp.com\/www.grieta.org.mx\/wp-content\/uploads\/2018\/03\/14524434_1106112876131411_958039263622046936_o.jpg?resize=350%2C200","width":350,"height":200,"srcset":"https:\/\/i0.wp.com\/www.grieta.org.mx\/wp-content\/uploads\/2018\/03\/14524434_1106112876131411_958039263622046936_o.jpg?resize=350%2C200 1x, https:\/\/i0.wp.com\/www.grieta.org.mx\/wp-content\/uploads\/2018\/03\/14524434_1106112876131411_958039263622046936_o.jpg?resize=525%2C300 1.5x, https:\/\/i0.wp.com\/www.grieta.org.mx\/wp-content\/uploads\/2018\/03\/14524434_1106112876131411_958039263622046936_o.jpg?resize=700%2C400 2x"},"classes":[]},{"id":7552,"url":"http:\/\/www.grieta.org.mx\/index.php\/2015\/08\/05\/protestaran-periodistas-de-tlaxcala-por-asesinato-de-ruben-espinosa\/","url_meta":{"origin":5716,"position":1},"title":"Protestar\u00e1n periodistas de Tlaxcala por asesinato de Rub\u00e9n Espinosa","author":"grieta","date":"5 agosto, 2015","format":false,"excerpt":"Alex G\u00f3mez\/Monitor Tlaxcala La Confederaci\u00f3n de Periodistas convoc\u00f3 a todos los integrantes del gremio en la entidad para llevar a cabo un acto de protesta por el asesinato del fotoperiodista Ruben Espinosa este 5 de agosto frente Palacio de Gobierno de Tlaxcala a las 18:30 hrs. Asimismo, la organizaci\u00f3n de\u2026","rel":"","context":"En &quot;CINTILLO&quot;","block_context":{"text":"CINTILLO","link":"http:\/\/www.grieta.org.mx\/index.php\/category\/cintillo\/"},"img":{"alt_text":"","src":"https:\/\/i0.wp.com\/www.grieta.org.mx\/wp-content\/uploads\/2018\/03\/14524434_1106112876131411_958039263622046936_o.jpg?resize=350%2C200","width":350,"height":200,"srcset":"https:\/\/i0.wp.com\/www.grieta.org.mx\/wp-content\/uploads\/2018\/03\/14524434_1106112876131411_958039263622046936_o.jpg?resize=350%2C200 1x, https:\/\/i0.wp.com\/www.grieta.org.mx\/wp-content\/uploads\/2018\/03\/14524434_1106112876131411_958039263622046936_o.jpg?resize=525%2C300 1.5x, https:\/\/i0.wp.com\/www.grieta.org.mx\/wp-content\/uploads\/2018\/03\/14524434_1106112876131411_958039263622046936_o.jpg?resize=700%2C400 2x"},"classes":[]},{"id":8413,"url":"http:\/\/www.grieta.org.mx\/index.php\/2015\/08\/01\/periodistas-se-manifiestan-en-veracruz-para-exigir-justicia-en-el-crimen-de-ruben-espinosa\/","url_meta":{"origin":5716,"position":2},"title":"Periodistas se manifiestan en Veracruz para exigir justicia en el crimen de Rub\u00e9n Espinosa","author":"Admin","date":"1 agosto, 2015","format":false,"excerpt":"Ciudad de M\u00e9xico, 1 de agosto (SinEmbargo).\u2013 Periodistas y amigos de Rub\u00e9n Espinosa Becerril se congregaron en la Plaza Lerdo, Xalapa, Veracruz, para exigir justicia por el homicidio del fotoperiodista ocurrido la noche de este viernes en un departamento de la colonia Narvarte, en la Ciudad de M\u00e9xico. Los manifestantes\u2026","rel":"","context":"En &quot;CINTILLO&quot;","block_context":{"text":"CINTILLO","link":"http:\/\/www.grieta.org.mx\/index.php\/category\/cintillo\/"},"img":{"alt_text":"","src":"https:\/\/i0.wp.com\/www.grieta.org.mx\/wp-content\/uploads\/2018\/03\/14524434_1106112876131411_958039263622046936_o.jpg?resize=350%2C200","width":350,"height":200,"srcset":"https:\/\/i0.wp.com\/www.grieta.org.mx\/wp-content\/uploads\/2018\/03\/14524434_1106112876131411_958039263622046936_o.jpg?resize=350%2C200 1x, https:\/\/i0.wp.com\/www.grieta.org.mx\/wp-content\/uploads\/2018\/03\/14524434_1106112876131411_958039263622046936_o.jpg?resize=525%2C300 1.5x, https:\/\/i0.wp.com\/www.grieta.org.mx\/wp-content\/uploads\/2018\/03\/14524434_1106112876131411_958039263622046936_o.jpg?resize=700%2C400 2x"},"classes":[]},{"id":4402,"url":"http:\/\/www.grieta.org.mx\/index.php\/2015\/08\/02\/periodistas-de-nuevo-leon-se-suman-a-exigencia-de-justicia-por-asesinato-de-ruben\/","url_meta":{"origin":5716,"position":3},"title":"Periodistas de Nuevo Le\u00f3n se suman a exigencia de justicia por asesinato de Rub\u00e9n","author":"grieta","date":"2 agosto, 2015","format":false,"excerpt":"Proceso MONTERREY, N.L. (proceso.com.mx).- Periodistas de Nuevo Le\u00f3n protestaron esta tarde por el asesinato del fot\u00f3grafo de Proceso, Rub\u00e9n Espinosa, quien fue encontrado muerto el s\u00e1bado en el Distrito Federal. Una ofrenda floral luctuosa con la leyenda: \u201cPeriodistas: ni un muerto m\u00e1s\u201d, fue colocada al pie del Monumento de la\u2026","rel":"","context":"En &quot;CINTILLO&quot;","block_context":{"text":"CINTILLO","link":"http:\/\/www.grieta.org.mx\/index.php\/category\/cintillo\/"},"img":{"alt_text":"","src":"https:\/\/i0.wp.com\/www.grieta.org.mx\/wp-content\/uploads\/2018\/03\/14524434_1106112876131411_958039263622046936_o.jpg?resize=350%2C200","width":350,"height":200,"srcset":"https:\/\/i0.wp.com\/www.grieta.org.mx\/wp-content\/uploads\/2018\/03\/14524434_1106112876131411_958039263622046936_o.jpg?resize=350%2C200 1x, https:\/\/i0.wp.com\/www.grieta.org.mx\/wp-content\/uploads\/2018\/03\/14524434_1106112876131411_958039263622046936_o.jpg?resize=525%2C300 1.5x, https:\/\/i0.wp.com\/www.grieta.org.mx\/wp-content\/uploads\/2018\/03\/14524434_1106112876131411_958039263622046936_o.jpg?resize=700%2C400 2x"},"classes":[]},{"id":6451,"url":"http:\/\/www.grieta.org.mx\/index.php\/2015\/08\/01\/encuentran-asesinado-a-fotoperiodista-de-veracruz-junto-con-otras-cuatro-personas-en-el-df\/","url_meta":{"origin":5716,"position":4},"title":"Encuentran asesinado a fotoperiodista de Veracruz junto con otras cuatro personas en el DF","author":"Admin","date":"1 agosto, 2015","format":false,"excerpt":"Ciudad de M\u00e9xico. (SinEmbargo).\u2013 El fot\u00f3grafo mexicano, Rub\u00e9n Espinosa Becerril, corresponsal de Cuartoscuro y de la revista Proceso fue encontrado hoy asesinado junto con otras cuatro personas en al colonia Narvarte, en la capital del pa\u00eds, confirm\u00f3 un familiar a la organizaci\u00f3n internacional Articulo 19. El cad\u00e1ver de Espinosa fue\u2026","rel":"","context":"En &quot;CINTILLO&quot;","block_context":{"text":"CINTILLO","link":"http:\/\/www.grieta.org.mx\/index.php\/category\/cintillo\/"},"img":{"alt_text":"","src":"https:\/\/i0.wp.com\/www.grieta.org.mx\/wp-content\/uploads\/2018\/03\/14524434_1106112876131411_958039263622046936_o.jpg?resize=350%2C200","width":350,"height":200,"srcset":"https:\/\/i0.wp.com\/www.grieta.org.mx\/wp-content\/uploads\/2018\/03\/14524434_1106112876131411_958039263622046936_o.jpg?resize=350%2C200 1x, https:\/\/i0.wp.com\/www.grieta.org.mx\/wp-content\/uploads\/2018\/03\/14524434_1106112876131411_958039263622046936_o.jpg?resize=525%2C300 1.5x, https:\/\/i0.wp.com\/www.grieta.org.mx\/wp-content\/uploads\/2018\/03\/14524434_1106112876131411_958039263622046936_o.jpg?resize=700%2C400 2x"},"classes":[]},{"id":8918,"url":"http:\/\/www.grieta.org.mx\/index.php\/2015\/08\/03\/repudian-periodistas-michoacanos-el-asesinato-de-ruben-espinosa\/","url_meta":{"origin":5716,"position":5},"title":"Repudian periodistas michoacanos el asesinato de Rub\u00e9n Espinosa","author":"Admin","date":"3 agosto, 2015","format":false,"excerpt":"Tanto reporteros gr\u00e1ficos, as\u00ed como escritos exigieron adem\u00e1s un alto definitivo a las agresiones y asesinatos contra periodistas Por Carlos Arrieta Corresponsal Michoac\u00e1n.- De espaldas hacia la clase pol\u00edtica en los eventos convocados para este lunes y con pancartas, fue la manera en la que levantaron la voz los periodistas\u2026","rel":"","context":"En &quot;CINTILLO&quot;","block_context":{"text":"CINTILLO","link":"http:\/\/www.grieta.org.mx\/index.php\/category\/cintillo\/"},"img":{"alt_text":"","src":"https:\/\/i0.wp.com\/www.grieta.org.mx\/wp-content\/uploads\/2018\/03\/14524434_1106112876131411_958039263622046936_o.jpg?resize=350%2C200","width":350,"height":200,"srcset":"https:\/\/i0.wp.com\/www.grieta.org.mx\/wp-content\/uploads\/2018\/03\/14524434_1106112876131411_958039263622046936_o.jpg?resize=350%2C200 1x, https:\/\/i0.wp.com\/www.grieta.org.mx\/wp-content\/uploads\/2018\/03\/14524434_1106112876131411_958039263622046936_o.jpg?resize=525%2C300 1.5x, https:\/\/i0.wp.com\/www.grieta.org.mx\/wp-content\/uploads\/2018\/03\/14524434_1106112876131411_958039263622046936_o.jpg?resize=700%2C400 2x"},"classes":[]}],"_links":{"self":[{"href":"http:\/\/www.grieta.org.mx\/index.php\/wp-json\/wp\/v2\/posts\/5716","targetHints":{"allow":["GET"]}}],"collection":[{"href":"http:\/\/www.grieta.org.mx\/index.php\/wp-json\/wp\/v2\/posts"}],"about":[{"href":"http:\/\/www.grieta.org.mx\/index.php\/wp-json\/wp\/v2\/types\/post"}],"author":[{"embeddable":true,"href":"http:\/\/www.grieta.org.mx\/index.php\/wp-json\/wp\/v2\/users\/2"}],"replies":[{"embeddable":true,"href":"http:\/\/www.grieta.org.mx\/index.php\/wp-json\/wp\/v2\/comments?post=5716"}],"version-history":[{"count":1,"href":"http:\/\/www.grieta.org.mx\/index.php\/wp-json\/wp\/v2\/posts\/5716\/revisions"}],"predecessor-version":[{"id":10921,"href":"http:\/\/www.grieta.org.mx\/index.php\/wp-json\/wp\/v2\/posts\/5716\/revisions\/10921"}],"wp:featuredmedia":[{"embeddable":true,"href":"http:\/\/www.grieta.org.mx\/index.php\/wp-json\/wp\/v2\/media\/21928"}],"wp:attachment":[{"href":"http:\/\/www.grieta.org.mx\/index.php\/wp-json\/wp\/v2\/media?parent=5716"}],"wp:term":[{"taxonomy":"category","embeddable":true,"href":"http:\/\/www.grieta.org.mx\/index.php\/wp-json\/wp\/v2\/categories?post=5716"},{"taxonomy":"post_tag","embeddable":true,"href":"http:\/\/www.grieta.org.mx\/index.php\/wp-json\/wp\/v2\/tags?post=5716"}],"curies":[{"name":"wp","href":"https:\/\/api.w.org\/{rel}","templated":true}]}}