{"id":5710,"date":"2016-08-03T17:43:02","date_gmt":"2016-08-03T22:43:02","guid":{"rendered":"http:\/\/50.22.11.12\/~grietaor\/?p=5710"},"modified":"2016-08-04T11:49:47","modified_gmt":"2016-08-04T16:49:47","slug":"feminicidios-en-quintana-roo","status":"publish","type":"post","link":"http:\/\/www.grieta.org.mx\/index.php\/2016\/08\/03\/feminicidios-en-quintana-roo\/","title":{"rendered":"Feminicidios en Quintana Roo"},"content":{"rendered":"<p><strong>03\/08\/16. <\/strong><a href=\"http:\/\/www.grieta.org.mx\/index.php\/2016\/08\/03\/otro-feminicidio-en-cancun-y-otra-manifestacion-ignorada-por-las-autoridades\/\">Otro feminicidio en Canc\u00fan y otra manifestaci\u00f3n ignorada por las autoridades<\/a><br \/>\n<em>NoticaribeNews<\/em><\/p>\n<p><strong>25\/07\/16. <\/strong><a href=\"http:\/\/www.grieta.org.mx\/index.php\/2016\/07\/25\/feminicidios-o-no-siguen-matando-mujeres-en-cancun-y-la-riviera-maya-una-decena-de-casos-en-lo-que-va-del-ano\/\">Feminicidios o no; siguen matando mujeres en Canc\u00fan y la Riviera Maya. Una decena de casos en lo que va del a\u00f1o<\/a><br \/>\n<em>NoticaribeNews<\/em><\/p>\n<p><strong>24\/04\/16. <\/strong><a href=\"http:\/\/www.grieta.org.mx\/index.php\/2016\/04\/24\/alcanzan-feminicidios-a-mujeres-extranjeras-en-la-riviera-maya-detienen-a-sujeto-que-enmaleto-a-su-novia-canadiense\/\">Alcanzan feminicidios a mujeres extranjeras en la Riviera Maya. Detienen a sujeto que \u201cenmalet\u00f3\u201d a su novia canadiense<\/a><br \/>\n<em>NoticaribeNews<\/em><\/p>\n<p><strong>03\/05\/16. <\/strong><a href=\"http:\/\/www.grieta.org.mx\/index.php\/2016\/05\/03\/desde-hace-3-meses-la-segob-tiene-informe-sobre-alerta-de-genero-en-qroo-pero-no-la-decreta\/\">Desde hace 3 meses la SEGOB tiene informe sobre Alerta de g\u00e9nero en QRoo, pero no la decreta<\/a><br \/>\n<em>NoticaribeNews<\/em><\/p>\n<p><strong>05\/03\/16. <\/strong><a href=\"http:\/\/grieta.org.mx\/index.php\/2016\/03\/05\/mas-de-260-desaparecidas-y-150-mujeres-asesinadas-en-quinta-roo-en-dos-anos\/\">M\u00e1s de 260 desaparecidas y 150 mujeres asesinadas en Quinta Roo en dos a\u00f1os<\/a><br \/>\n<em>Plumas Libres<\/em><\/p>\n<p><strong>01\/12\/15. <\/strong><a href=\"http:\/\/www.grieta.org.mx\/index.php\/2015\/12\/01\/tortura-sello-de-la-pgje-en-casos-de-feminicidios-en-quintana-roo\/\">Tortura, sello de la PGJE en casos de feminicidios en Quintana Roo<\/a><br \/>\n<em>Proceso<\/em><\/p>\n<p><strong>16\/11\/15. <\/strong><a href=\"http:\/\/www.grieta.org.mx\/index.php\/2015\/11\/16\/borge-cuenta-dolares-pero-no-los-cuerpos-20-feminicidios-en-2015\/\">Borge cuenta d\u00f3lares pero no los cuerpos: 20 feminicidios en 2015<\/a><br \/>\n<em>Sinembargo<\/em><\/p>\n<p><strong>03\/11\/15. <\/strong><a href=\"http:\/\/grieta.org.mx\/index.php\/2015\/11\/03\/localizan-el-cuerpo-de-otra-mujer-en-cancun\/\">Localizan el cuerpo de otra mujer en Canc\u00fan<\/a><br \/>\n<em>El Financiero<\/em><\/p>\n<p><strong>02\/11\/15. <\/strong><a href=\"http:\/\/grieta.org.mx\/index.php\/2015\/11\/02\/miles-marchan-en-cancun-contra-feminicidios-y-horas-despues-asesinan-a-otra-mujer\/\">Miles marchan en Canc\u00fan contra feminicidios y horas despu\u00e9s asesinan a otra mujer<\/a><br \/>\n<em>Sinembargo<\/em><\/p>\n<p><strong>01\/11\/15. <\/strong><a href=\"http:\/\/grieta.org.mx\/index.php\/2015\/11\/01\/5-mil-personas-marcharon-contra-feminicidios-en-cancun\/\">5 mil personas marcharon contra feminicidios en Canc\u00fan<\/a><br \/>\n<em>El Financiero<\/em><\/p>\n<p><strong>31\/10\/15. <\/strong><a href=\"http:\/\/grieta.org.mx\/index.php\/2015\/10\/31\/exigimos-que-se-investiguen-y-sancionen-los-feminicidios-cometidos-en-cancun-quintana-roo\/\">Exigimos que se investiguen y sancionen los feminicidios cometidos en Canc\u00fan, Quintana Roo<\/a><br \/>\n<em>Kaos en la red<\/em><\/p>\n<p><strong>14\/10\/15. <\/strong><a href=\"http:\/\/grieta.org.mx\/index.php\/2015\/10\/14\/exige-justicia-por-el-el-homicidio-de-su-hermana-quintana-roo\/\">Exige justicia por el el homicidio de su hermana (Quintana Roo)<\/a><br \/>\n<em>Novedades Quintana Roo<\/em><\/p>\n","protected":false},"excerpt":{"rendered":"<p>03\/08\/16. Otro feminicidio en Canc\u00fan y otra manifestaci\u00f3n ignorada por las autoridades NoticaribeNews 25\/07\/16. Feminicidios o no; siguen matando mujeres en Canc\u00fan y la Riviera Maya. Una decena de casos &hellip; <a href=\"http:\/\/www.grieta.org.mx\/index.php\/2016\/08\/03\/feminicidios-en-quintana-roo\/\" class=\"more-link\">Leer m\u00e1s<\/a><\/p>\n","protected":false},"author":2,"featured_media":21928,"comment_status":"closed","ping_status":"open","sticky":false,"template":"","format":"standard","meta":{"ngg_post_thumbnail":0,"_jetpack_newsletter_access":"","_jetpack_dont_email_post_to_subs":false,"_jetpack_newsletter_tier_id":0,"_jetpack_memberships_contains_paywalled_content":false,"_jetpack_memberships_contains_paid_content":false,"footnotes":""},"categories":[84,2,28],"tags":[],"class_list":["post-5710","post","type-post","status-publish","format-standard","has-post-thumbnail","hentry","category-feminicidios","category-noticias-nacionales","category-quintana-roo","entry"],"jetpack_featured_media_url":"http:\/\/www.grieta.org.mx\/wp-content\/uploads\/2018\/03\/14524434_1106112876131411_958039263622046936_o.jpg","jetpack_sharing_enabled":true,"jetpack_shortlink":"https:\/\/wp.me\/p7ZJR4-1u6","jetpack_likes_enabled":false,"jetpack-related-posts":[{"id":18386,"url":"http:\/\/www.grieta.org.mx\/index.php\/2016\/04\/24\/alcanzan-feminicidios-a-mujeres-extranjeras-en-la-riviera-maya-detienen-a-sujeto-que-enmaleto-a-su-novia-canadiense\/","url_meta":{"origin":5710,"position":0},"title":"Alcanzan feminicidios a mujeres extranjeras en la Riviera Maya. Detienen a sujeto que \u201cenmalet\u00f3\u201d a su novia canadiense","author":"grieta","date":"24 abril, 2016","format":false,"excerpt":"PLAYA DEL CARMEN, MX.- El clima de agresi\u00f3n contra las mujeres en Quintana Roo ha alcanzado a las turistas y residentes extranjeras. La madrugada del domingo pasado fueron halladas dos maletas que conten\u00edan el cuerpo cercenado de una mujer. El \u201cequipaje\u201d fue dejado en el centro de Playa del Carmen,\u2026","rel":"","context":"En &quot;CINTILLO&quot;","block_context":{"text":"CINTILLO","link":"http:\/\/www.grieta.org.mx\/index.php\/category\/cintillo\/"},"img":{"alt_text":"","src":"https:\/\/i0.wp.com\/www.grieta.org.mx\/wp-content\/uploads\/2018\/03\/14524434_1106112876131411_958039263622046936_o.jpg?resize=350%2C200","width":350,"height":200,"srcset":"https:\/\/i0.wp.com\/www.grieta.org.mx\/wp-content\/uploads\/2018\/03\/14524434_1106112876131411_958039263622046936_o.jpg?resize=350%2C200 1x, https:\/\/i0.wp.com\/www.grieta.org.mx\/wp-content\/uploads\/2018\/03\/14524434_1106112876131411_958039263622046936_o.jpg?resize=525%2C300 1.5x, https:\/\/i0.wp.com\/www.grieta.org.mx\/wp-content\/uploads\/2018\/03\/14524434_1106112876131411_958039263622046936_o.jpg?resize=700%2C400 2x"},"classes":[]},{"id":3590,"url":"http:\/\/www.grieta.org.mx\/index.php\/2016\/06\/20\/maestros-protestan-contra-la-evaluacion-del-magisterio-en-quintana-roo\/","url_meta":{"origin":5710,"position":1},"title":"Movilizaciones contra la Reforma Educativa y la evaluaci\u00f3n magisterial en Quintana Roo","author":"grieta","date":"20 junio, 2016","format":false,"excerpt":"20\/06\/16. Condenan colectivos y magisterio de Canc\u00fan represi\u00f3n en OaxacaIQ Canc\u00fan 16\/06\/16. Padres de familia cierran escuela primaria en Chetumal; no reconocen calificaciones de maestro cesado y los ni\u00f1os pierdenNoticaribe 14\/04\/16. Presentan queja formal contra intimidaci\u00f3n a ni\u00f1osSipse 14\/04\/16. Maestros despedidos pondr\u00e1n demanda contra la SEyCSipse 18\/03\/16. Padres de familia\u2026","rel":"","context":"En &quot;NOTICIAS NACIONALES&quot;","block_context":{"text":"NOTICIAS NACIONALES","link":"http:\/\/www.grieta.org.mx\/index.php\/category\/noticias-nacionales\/"},"img":{"alt_text":"","src":"https:\/\/i0.wp.com\/www.grieta.org.mx\/wp-content\/uploads\/2018\/03\/14524434_1106112876131411_958039263622046936_o.jpg?resize=350%2C200","width":350,"height":200,"srcset":"https:\/\/i0.wp.com\/www.grieta.org.mx\/wp-content\/uploads\/2018\/03\/14524434_1106112876131411_958039263622046936_o.jpg?resize=350%2C200 1x, https:\/\/i0.wp.com\/www.grieta.org.mx\/wp-content\/uploads\/2018\/03\/14524434_1106112876131411_958039263622046936_o.jpg?resize=525%2C300 1.5x, https:\/\/i0.wp.com\/www.grieta.org.mx\/wp-content\/uploads\/2018\/03\/14524434_1106112876131411_958039263622046936_o.jpg?resize=700%2C400 2x"},"classes":[]},{"id":56198,"url":"http:\/\/www.grieta.org.mx\/index.php\/2021\/01\/09\/feministas-se-manifiestan-para-recordar-represion-policial-en-cancun\/","url_meta":{"origin":5710,"position":2},"title":"Feministas se manifiestan para recordar represi\u00f3n policial en Canc\u00fan","author":"grieta","date":"9 enero, 2021","format":false,"excerpt":"Alonso Cupul \/ MegaNews CANC\u00daN.- Nuevamente el Palacio Municipal de Benito Ju\u00e1rez y la Plaza de la Reforma, se convirtieron en el escenario de una manifestaci\u00f3n feminista para recordar la represi\u00f3n policial del pasado 9 de noviembre del 2020, cuando decenas de mujeres y hombres ped\u00edan justicia por los feminicidios.\u2026","rel":"","context":"En &quot;CINTILLO&quot;","block_context":{"text":"CINTILLO","link":"http:\/\/www.grieta.org.mx\/index.php\/category\/cintillo\/"},"img":{"alt_text":"","src":"https:\/\/i0.wp.com\/www.grieta.org.mx\/wp-content\/uploads\/2021\/01\/FeministasCancun.png?resize=350%2C200","width":350,"height":200,"srcset":"https:\/\/i0.wp.com\/www.grieta.org.mx\/wp-content\/uploads\/2021\/01\/FeministasCancun.png?resize=350%2C200 1x, https:\/\/i0.wp.com\/www.grieta.org.mx\/wp-content\/uploads\/2021\/01\/FeministasCancun.png?resize=525%2C300 1.5x, https:\/\/i0.wp.com\/www.grieta.org.mx\/wp-content\/uploads\/2021\/01\/FeministasCancun.png?resize=700%2C400 2x"},"classes":[]},{"id":50621,"url":"http:\/\/www.grieta.org.mx\/index.php\/2020\/05\/20\/la-pandemia-de-mano-de-la-violencia-intrafamiliar-quintana-roo\/","url_meta":{"origin":5710,"position":3},"title":"La pandemia de mano de la violencia intrafamiliar (Quintana Roo)","author":"grieta","date":"20 mayo, 2020","format":false,"excerpt":"RUB\u00c9N TORRES \/ Luces del Siglo Violencia intrafamiliar; supera los mil 770 que tiene Yucat\u00e1n y los mil 800 de Campeche CANC\u00daN, Q. ROO.- La letalidad del Covid-19 va de la mano con el incremento de 23 por ciento de las llamadas de auxilio al 911, sobre violencia familiar en\u2026","rel":"","context":"En &quot;CINTILLO&quot;","block_context":{"text":"CINTILLO","link":"http:\/\/www.grieta.org.mx\/index.php\/category\/cintillo\/"},"img":{"alt_text":"","src":"https:\/\/i0.wp.com\/www.grieta.org.mx\/wp-content\/uploads\/2020\/06\/4A-N2-LLAMADAS-AUXILIO.jpeg?resize=350%2C200","width":350,"height":200,"srcset":"https:\/\/i0.wp.com\/www.grieta.org.mx\/wp-content\/uploads\/2020\/06\/4A-N2-LLAMADAS-AUXILIO.jpeg?resize=350%2C200 1x, https:\/\/i0.wp.com\/www.grieta.org.mx\/wp-content\/uploads\/2020\/06\/4A-N2-LLAMADAS-AUXILIO.jpeg?resize=525%2C300 1.5x"},"classes":[]},{"id":3910,"url":"http:\/\/www.grieta.org.mx\/index.php\/2016\/03\/18\/maestro-despedido-por-no-presentarse-a-evaluacion-da-clases-en-la-calle-en-cancun\/","url_meta":{"origin":5710,"position":4},"title":"Maestro despedido por no presentarse a evaluaci\u00f3n da clases en la calle, en Canc\u00fan","author":"grieta","date":"18 marzo, 2016","format":false,"excerpt":"CANC\u00daN, MX.- Con el apoyo de los padres de familia, y con unos 15 ni\u00f1os tomando clases sobre una banqueta, el profesor Julio C\u00e9sar Tzec, uno de los 25 maestros que no presentaron el examen de evaluaci\u00f3n de la Secretar\u00eda de Educaci\u00f3n P\u00fablica (SEP) y quien fuera despedido, contin\u00faa con\u2026","rel":"","context":"En &quot;CINTILLO&quot;","block_context":{"text":"CINTILLO","link":"http:\/\/www.grieta.org.mx\/index.php\/category\/cintillo\/"},"img":{"alt_text":"","src":"https:\/\/i0.wp.com\/www.grieta.org.mx\/wp-content\/uploads\/2018\/03\/14524434_1106112876131411_958039263622046936_o.jpg?resize=350%2C200","width":350,"height":200,"srcset":"https:\/\/i0.wp.com\/www.grieta.org.mx\/wp-content\/uploads\/2018\/03\/14524434_1106112876131411_958039263622046936_o.jpg?resize=350%2C200 1x, https:\/\/i0.wp.com\/www.grieta.org.mx\/wp-content\/uploads\/2018\/03\/14524434_1106112876131411_958039263622046936_o.jpg?resize=525%2C300 1.5x, https:\/\/i0.wp.com\/www.grieta.org.mx\/wp-content\/uploads\/2018\/03\/14524434_1106112876131411_958039263622046936_o.jpg?resize=700%2C400 2x"},"classes":[]},{"id":66130,"url":"http:\/\/www.grieta.org.mx\/index.php\/2023\/01\/24\/revela-informe-sombra-de-siempre-unidas-52-feminicidios-y-no-14-en-quintana-roo-al-cierre-del-2022\/","url_meta":{"origin":5710,"position":5},"title":"Revela Informe Sombra de \u201cSiempre Unidas\u201d, 52 feminicidios y no 14, en Quintana Roo, al cierre del 2022","author":"grieta","date":"24 enero, 2023","format":false,"excerpt":"Adriana Varillas \/ Estamos Aqu\u00ed.MX 24 de enero\/ Canc\u00fan, Q. Roo.- Pese a las acciones, reformas legislativas, campa\u00f1as y programas gubernamentales aplicados desde 2017 a prop\u00f3sito de la declaraci\u00f3n de Alerta de Violencia de G\u00e9nero (AVG), Quintana Roo se mantiene como una de las entidades m\u00e1s peligrosas para las mujeres,\u2026","rel":"","context":"En &quot;CINTILLO&quot;","block_context":{"text":"CINTILLO","link":"http:\/\/www.grieta.org.mx\/index.php\/category\/cintillo\/"},"img":{"alt_text":"","src":"https:\/\/i0.wp.com\/www.grieta.org.mx\/wp-content\/uploads\/2023\/01\/Sombra.jpg?resize=350%2C200","width":350,"height":200},"classes":[]}],"_links":{"self":[{"href":"http:\/\/www.grieta.org.mx\/index.php\/wp-json\/wp\/v2\/posts\/5710","targetHints":{"allow":["GET"]}}],"collection":[{"href":"http:\/\/www.grieta.org.mx\/index.php\/wp-json\/wp\/v2\/posts"}],"about":[{"href":"http:\/\/www.grieta.org.mx\/index.php\/wp-json\/wp\/v2\/types\/post"}],"author":[{"embeddable":true,"href":"http:\/\/www.grieta.org.mx\/index.php\/wp-json\/wp\/v2\/users\/2"}],"replies":[{"embeddable":true,"href":"http:\/\/www.grieta.org.mx\/index.php\/wp-json\/wp\/v2\/comments?post=5710"}],"version-history":[{"count":1,"href":"http:\/\/www.grieta.org.mx\/index.php\/wp-json\/wp\/v2\/posts\/5710\/revisions"}],"predecessor-version":[{"id":18761,"href":"http:\/\/www.grieta.org.mx\/index.php\/wp-json\/wp\/v2\/posts\/5710\/revisions\/18761"}],"wp:featuredmedia":[{"embeddable":true,"href":"http:\/\/www.grieta.org.mx\/index.php\/wp-json\/wp\/v2\/media\/21928"}],"wp:attachment":[{"href":"http:\/\/www.grieta.org.mx\/index.php\/wp-json\/wp\/v2\/media?parent=5710"}],"wp:term":[{"taxonomy":"category","embeddable":true,"href":"http:\/\/www.grieta.org.mx\/index.php\/wp-json\/wp\/v2\/categories?post=5710"},{"taxonomy":"post_tag","embeddable":true,"href":"http:\/\/www.grieta.org.mx\/index.php\/wp-json\/wp\/v2\/tags?post=5710"}],"curies":[{"name":"wp","href":"https:\/\/api.w.org\/{rel}","templated":true}]}}