{"id":5708,"date":"2016-03-05T17:42:55","date_gmt":"2016-03-05T17:42:55","guid":{"rendered":"http:\/\/50.22.11.12\/~grietaor\/?p=5708"},"modified":"2016-03-27T17:48:44","modified_gmt":"2016-03-27T17:48:44","slug":"mas-de-260-desaparecidas-y-150-mujeres-asesinadas-en-quinta-roo-en-dos-anos","status":"publish","type":"post","link":"http:\/\/www.grieta.org.mx\/index.php\/2016\/03\/05\/mas-de-260-desaparecidas-y-150-mujeres-asesinadas-en-quinta-roo-en-dos-anos\/","title":{"rendered":"M\u00e1s de 260 desaparecidas y 150 mujeres asesinadas en Quinta Roo en dos a\u00f1os"},"content":{"rendered":"<p>Canc\u00fan, Quintana Roo.\u2013 Entre 2014 y 2015 desaparecieron m\u00e1s de 269 j\u00f3venes y fueron asesinadas m\u00e1s de 150 mujeres desde 2012 en Quintana Roo, sin embargo el gobierno estatal insiste en clasificar estos delitos como homicidios y no como feminicidio, el cual est\u00e1 tipificado en la entidad desde 2013 y tiene una pena de 25 a\u00f1os de c\u00e1rcel.<\/p>\n<p>De cara a la conmemoraci\u00f3n del 8 de marzo, organizaciones civiles especialistas en el tema reunidas en una mesa de trabajo para hacer el seguimiento de la solicitud de Alerta de Violencia de G\u00e9nero (AVG), denunciaron que al momento no existe ninguna averiguaci\u00f3n previa por estos casos de feminicidio, ni alguna persona procesada por ese delito en la entidad.<\/p>\n<p>Observaron que la magnitud de la violencia feminicida, hace m\u00e1s que necesario decretar la AVG, sin embargo a la fecha, el gobierno estatal contin\u00faa sin elaborar un protocolo de investigaci\u00f3n con perspectiva de g\u00e9nero para estos casos.<\/p>\n<p>De acuerdo con datos de El Consejo Estatal de Mujeres de Quintana Roo-que solicit\u00f3 la Alerta de G\u00e9nero junto con el Observatorio Ciudadano Nacional de Feminicidio (OCNF)- en el estado, las mujeres viven diversas violencias: de pareja, sexual, explotaci\u00f3n sexual, trata de personas, especialmente de mujeres.<\/p>\n<p>Tan s\u00f3lo entre 2012 y 2013 se registraron 80 asesinatos de mujeres en la entidad; cifra que se increment\u00f3 a 51 en 2014. En 2015, 14 adolescentes fueron asesinadas en Canc\u00fan; otra v\u00edctima se registr\u00f3 en Chetumal y una m\u00e1s en Playa del Carmen. En lo que va de este a\u00f1o, una joven m\u00e1s fue asesinada en Tulum; una fue violada y asesinada en Canc\u00fan, y otra en Playa del Carmen.<\/p>\n<p>VIOLENCIA SEXUAL<\/p>\n<p>Desde 2010, Quintana Roo lidera el listado de estados de la Rep\u00fablica Mexicana con m\u00e1s casos de violencia sexual.<\/p>\n<p>Seg\u00fan datos del Sistema Nacional de Seguridad P\u00fablica, de enero de 2014 a octubre de 2015 se denunciaron oficialmente 903 casos de violaci\u00f3n sexual en contra de mujeres en Quintana Roo.<\/p>\n<p>En 2013 la Secretar\u00eda de Salud atendi\u00f3 a 3 mil 683 v\u00edctimas de violencia sexual. En el mismo periodo los Servicios Especializados para la Atenci\u00f3n a V\u00edctimas de Violencia Familiar, reportaron mil 894 casos.<\/p>\n<p>DESAPARICIONES<\/p>\n<p>De acuerdo con la especialista en violencia M\u00f3nica Franco Mu\u00f1oz, de enero de 2014 a agosto de 2015, desaparecieron en la entidad 269 j\u00f3venes.<\/p>\n<p>Reconoci\u00f3 que el incremento de la violencia se ha permitido y nutrido ante la omisi\u00f3n y negligencia de funcionarios y de legisladoras y legisladores que no muestran inter\u00e9s en el tema y todo ello constituye dijo, violencia institucional.<\/p>\n<p>La mesa fue convocada y respaldada por el colectivo \u201cNi una Menos\u201d, el Consejo Estatal de Mujeres de Quintana Roo, el Observatorio de la Gobernanza para la Cooperaci\u00f3n y el Desarrollo y el cap\u00edtulo Canc\u00fan de la Red de los Derechos Sexuales y Reproductivos en M\u00e9xico (Ddeser), el Centro Integral de Atenci\u00f3n a la Mujer Canc\u00fan (CIAM), entre otras.<\/p>\n<p>Durante su intervenci\u00f3n, Franco Mu\u00f1oz propuso la tipificaci\u00f3n de tres nuevos tipos penales, vinculados con el Feminicidio, figuras que no existen a\u00fan en el marco legal mexicano, pero que en su opini\u00f3n, deben contemplarse pues en los hechos, son fen\u00f3menos estudiados, recurrentes y graves para la vida e integridad de las mujeres.<\/p>\n<p>Entre las propuestas destaca el Suicidio Feminicida, que ocurre cuando las mujeres se matan como un \u00faltimo recurso ante la violencia vivida en todos sus tipos y modalidades.<\/p>\n<p>El otro tipo penal es la tentativa de feminicidio, que se presenta en casos en que las mujeres ha estado a punto de ser asesinadas, pero salvan la vida porque alguien interviene y logra ayudarlas o \u201cporque se arrastran, porque se defienden, porque su agresor se detiene\u201d.<\/p>\n<p>La especialista ejemplific\u00f3 con los testimonios de mujeres que han declarado \u201cme quiso estrangular en cuatro ocasiones, pero sobreviv\u00ed\u201d.<\/p>\n<p>El tercer tipo penal son las lesiones feminicidas, hechas a la v\u00edctima como un mensaje del agresor para dejar por sentado su poder y control del cuerpo de las mujeres. Se da\u00f1an zonas espec\u00edficas, principalmente los \u00f3rganos sexuales.<\/p>\n<p>\u201cMorder el cl\u00edtoris o los pezones hasta arrancarlos; arrojar \u00e1cido en el rostro de las mujeres, son este tipo de lesiones feminicidas que buscan enviar un mensaje. No te hieren cualquier zona del cuerpo\u2026sino sitios muy espec\u00edficos que son los que te dan identidad como mujer\u201d, explic\u00f3.<\/p>\n<p><a href=\"http:\/\/plumaslibres.com.mx\/2016\/03\/05\/155023\/\" target=\"_blank\">plumaslibres.com.mx\/2016\/03\/05\/155023\/<\/a><\/p>\n","protected":false},"excerpt":{"rendered":"<p>Canc\u00fan, Quintana Roo.\u2013 Entre 2014 y 2015 desaparecieron m\u00e1s de 269 j\u00f3venes y fueron asesinadas m\u00e1s de 150 mujeres desde 2012 en Quintana Roo, sin embargo el gobierno estatal insiste &hellip; <a href=\"http:\/\/www.grieta.org.mx\/index.php\/2016\/03\/05\/mas-de-260-desaparecidas-y-150-mujeres-asesinadas-en-quinta-roo-en-dos-anos\/\" class=\"more-link\">Leer m\u00e1s<\/a><\/p>\n","protected":false},"author":2,"featured_media":21928,"comment_status":"closed","ping_status":"open","sticky":false,"template":"","format":"standard","meta":{"ngg_post_thumbnail":0,"_jetpack_newsletter_access":"","_jetpack_dont_email_post_to_subs":false,"_jetpack_newsletter_tier_id":0,"_jetpack_memberships_contains_paywalled_content":false,"_jetpack_memberships_contains_paid_content":false,"footnotes":""},"categories":[80,151],"tags":[81],"class_list":["post-5708","post","type-post","status-publish","format-standard","has-post-thumbnail","hentry","category-cintillo","category-quintana-roo","tag-feminicidios","entry"],"jetpack_featured_media_url":"http:\/\/www.grieta.org.mx\/wp-content\/uploads\/2018\/03\/14524434_1106112876131411_958039263622046936_o.jpg","jetpack_sharing_enabled":true,"jetpack_shortlink":"https:\/\/wp.me\/p7ZJR4-1u4","jetpack_likes_enabled":false,"jetpack-related-posts":[{"id":5710,"url":"http:\/\/www.grieta.org.mx\/index.php\/2016\/08\/03\/feminicidios-en-quintana-roo\/","url_meta":{"origin":5708,"position":0},"title":"Feminicidios en Quintana Roo","author":"grieta","date":"3 agosto, 2016","format":false,"excerpt":"03\/08\/16. Otro feminicidio en Canc\u00fan y otra manifestaci\u00f3n ignorada por las autoridades NoticaribeNews 25\/07\/16. Feminicidios o no; siguen matando mujeres en Canc\u00fan y la Riviera Maya. Una decena de casos en lo que va del a\u00f1o NoticaribeNews 24\/04\/16. Alcanzan feminicidios a mujeres extranjeras en la Riviera Maya. Detienen a sujeto\u2026","rel":"","context":"En &quot;Feminicidios&quot;","block_context":{"text":"Feminicidios","link":"http:\/\/www.grieta.org.mx\/index.php\/category\/temas-nacionales\/feminicidios\/"},"img":{"alt_text":"","src":"https:\/\/i0.wp.com\/www.grieta.org.mx\/wp-content\/uploads\/2018\/03\/14524434_1106112876131411_958039263622046936_o.jpg?resize=350%2C200","width":350,"height":200,"srcset":"https:\/\/i0.wp.com\/www.grieta.org.mx\/wp-content\/uploads\/2018\/03\/14524434_1106112876131411_958039263622046936_o.jpg?resize=350%2C200 1x, https:\/\/i0.wp.com\/www.grieta.org.mx\/wp-content\/uploads\/2018\/03\/14524434_1106112876131411_958039263622046936_o.jpg?resize=525%2C300 1.5x, https:\/\/i0.wp.com\/www.grieta.org.mx\/wp-content\/uploads\/2018\/03\/14524434_1106112876131411_958039263622046936_o.jpg?resize=700%2C400 2x"},"classes":[]},{"id":56723,"url":"http:\/\/www.grieta.org.mx\/index.php\/2021\/02\/01\/concluyo-enero-con-cuatro-mujeres-asesinadas-y-12-desaparecidas-en-quintana-roo-red-feminista\/","url_meta":{"origin":5708,"position":1},"title":"Concluy\u00f3 enero con cuatro mujeres asesinadas y 12 desaparecidas en Quintana Roo: Red Feminista","author":"grieta","date":"1 febrero, 2021","format":false,"excerpt":"Adriana Varillas \/ Estamos Aqu\u00ed Canc\u00fan, Q. Roo, 1 de febrero.- Enero cerr\u00f3 con el asesinato de cuatro mujeres y la desaparici\u00f3n de 12, 11 de ellas, adolescentes y una mujer de 39 a\u00f1os, inform\u00f3 la Red Feminista Quintanarroense (RFQ), al exigir el esclarecimiento de los cr\u00edmenes, la b\u00fasqueda de\u2026","rel":"","context":"En &quot;CINTILLO&quot;","block_context":{"text":"CINTILLO","link":"http:\/\/www.grieta.org.mx\/index.php\/category\/cintillo\/"},"img":{"alt_text":"","src":"https:\/\/i0.wp.com\/www.grieta.org.mx\/wp-content\/uploads\/2021\/02\/FeministasQRoo-e1612462175766.png?resize=350%2C200","width":350,"height":200,"srcset":"https:\/\/i0.wp.com\/www.grieta.org.mx\/wp-content\/uploads\/2021\/02\/FeministasQRoo-e1612462175766.png?resize=350%2C200 1x, https:\/\/i0.wp.com\/www.grieta.org.mx\/wp-content\/uploads\/2021\/02\/FeministasQRoo-e1612462175766.png?resize=525%2C300 1.5x, https:\/\/i0.wp.com\/www.grieta.org.mx\/wp-content\/uploads\/2021\/02\/FeministasQRoo-e1612462175766.png?resize=700%2C400 2x"},"classes":[]},{"id":66130,"url":"http:\/\/www.grieta.org.mx\/index.php\/2023\/01\/24\/revela-informe-sombra-de-siempre-unidas-52-feminicidios-y-no-14-en-quintana-roo-al-cierre-del-2022\/","url_meta":{"origin":5708,"position":2},"title":"Revela Informe Sombra de \u201cSiempre Unidas\u201d, 52 feminicidios y no 14, en Quintana Roo, al cierre del 2022","author":"grieta","date":"24 enero, 2023","format":false,"excerpt":"Adriana Varillas \/ Estamos Aqu\u00ed.MX 24 de enero\/ Canc\u00fan, Q. Roo.- Pese a las acciones, reformas legislativas, campa\u00f1as y programas gubernamentales aplicados desde 2017 a prop\u00f3sito de la declaraci\u00f3n de Alerta de Violencia de G\u00e9nero (AVG), Quintana Roo se mantiene como una de las entidades m\u00e1s peligrosas para las mujeres,\u2026","rel":"","context":"En &quot;CINTILLO&quot;","block_context":{"text":"CINTILLO","link":"http:\/\/www.grieta.org.mx\/index.php\/category\/cintillo\/"},"img":{"alt_text":"","src":"https:\/\/i0.wp.com\/www.grieta.org.mx\/wp-content\/uploads\/2023\/01\/Sombra.jpg?resize=350%2C200","width":350,"height":200},"classes":[]},{"id":64553,"url":"http:\/\/www.grieta.org.mx\/index.php\/2022\/07\/07\/denuncian-colectivos-feministas-cinco-anos-de-simulaciones-en-la-atencion-de-alerta-de-violencia-de-genero-contra-la-mujer-emitida-para-7-de-los-11-municipios-de-quintana-roo\/","url_meta":{"origin":5708,"position":3},"title":"Denuncian colectivos feministas cinco a\u00f1os de simulaciones en la atenci\u00f3n de Alerta de Violencia de G\u00e9nero contra la Mujer emitida para 7 de los 11 municipios de Quintana Roo","author":"grieta","date":"7 julio, 2022","format":false,"excerpt":"Rafael Brice\u00f1o \/ Noticaribe CHETUMAL, MX. \u2013 Al cumplirse este 7 de julio cinco a\u00f1os de la emisi\u00f3n de la alerta de Violencia de G\u00e9nero contra las Mujeres para siete de los 11 municipios de Quintana Roo, colectivos denunciaron que el contexto feminicida no ha disminuido y que al contrario\u2026","rel":"","context":"En &quot;CINTILLO&quot;","block_context":{"text":"CINTILLO","link":"http:\/\/www.grieta.org.mx\/index.php\/category\/cintillo\/"},"img":{"alt_text":"","src":"https:\/\/i0.wp.com\/www.grieta.org.mx\/wp-content\/uploads\/2022\/08\/Feminicidios-e1659649098230.png?resize=350%2C200","width":350,"height":200,"srcset":"https:\/\/i0.wp.com\/www.grieta.org.mx\/wp-content\/uploads\/2022\/08\/Feminicidios-e1659649098230.png?resize=350%2C200 1x, https:\/\/i0.wp.com\/www.grieta.org.mx\/wp-content\/uploads\/2022\/08\/Feminicidios-e1659649098230.png?resize=525%2C300 1.5x, https:\/\/i0.wp.com\/www.grieta.org.mx\/wp-content\/uploads\/2022\/08\/Feminicidios-e1659649098230.png?resize=700%2C400 2x"},"classes":[]},{"id":30644,"url":"http:\/\/www.grieta.org.mx\/index.php\/2019\/03\/13\/feminicidios-emergencia-nacional-por-crimen-organizado-lidera-edomex\/","url_meta":{"origin":5708,"position":4},"title":"Feminicidios, emergencia nacional por crimen organizado; lidera Edomex","author":"grieta","date":"13 marzo, 2019","format":false,"excerpt":"Blanca Estela Santos \/ Quadrat\u00edn M\u00e9xico CIUDAD DE M\u00c9XICO, 13 de marzo de 2019.- Luego de que en 2018 se tuviera el registro de tres mil 607 mujeres asesinadas, casi 10 diariamente, la investigadora y geof\u00edsica, Mar\u00eda Salguero present\u00f3 el Mapa de los Feminicidios en M\u00e9xico, trabajo que realiza desde\u2026","rel":"","context":"En &quot;Baja California&quot;","block_context":{"text":"Baja California","link":"http:\/\/www.grieta.org.mx\/index.php\/category\/noticias-nacionales\/baja-california\/"},"img":{"alt_text":"","src":"https:\/\/i0.wp.com\/www.grieta.org.mx\/wp-content\/uploads\/2019\/03\/femmex.jpg?resize=350%2C200","width":350,"height":200,"srcset":"https:\/\/i0.wp.com\/www.grieta.org.mx\/wp-content\/uploads\/2019\/03\/femmex.jpg?resize=350%2C200 1x, https:\/\/i0.wp.com\/www.grieta.org.mx\/wp-content\/uploads\/2019\/03\/femmex.jpg?resize=525%2C300 1.5x, https:\/\/i0.wp.com\/www.grieta.org.mx\/wp-content\/uploads\/2019\/03\/femmex.jpg?resize=700%2C400 2x, https:\/\/i0.wp.com\/www.grieta.org.mx\/wp-content\/uploads\/2019\/03\/femmex.jpg?resize=1050%2C600 3x"},"classes":[]},{"id":3688,"url":"http:\/\/www.grieta.org.mx\/index.php\/2015\/10\/04\/represion-contra-periodistas-en-quintana-roo\/","url_meta":{"origin":5708,"position":5},"title":"Violencia contra periodistas en Quintana Roo","author":"grieta","date":"4 octubre, 2015","format":false,"excerpt":"04\/10\/15. En 4 a\u00f1os, Borge convirti\u00f3 a QRoo en una entidad de alto riesgo para la libertad de expresi\u00f3n Sinembargo 29\/09\/15. Impugna CNDH la ley Borge contra la libertad de expresi\u00f3n en Quintana Roo Proceso 16\/08\/15. La herencia represora de Borge: Leyes \u2018a modo\u2019 y ataques a periodistas en m\u00e1s\u2026","rel":"","context":"En &quot;NOTICIAS NACIONALES&quot;","block_context":{"text":"NOTICIAS NACIONALES","link":"http:\/\/www.grieta.org.mx\/index.php\/category\/noticias-nacionales\/"},"img":{"alt_text":"","src":"https:\/\/i0.wp.com\/www.grieta.org.mx\/wp-content\/uploads\/2018\/03\/14524434_1106112876131411_958039263622046936_o.jpg?resize=350%2C200","width":350,"height":200,"srcset":"https:\/\/i0.wp.com\/www.grieta.org.mx\/wp-content\/uploads\/2018\/03\/14524434_1106112876131411_958039263622046936_o.jpg?resize=350%2C200 1x, https:\/\/i0.wp.com\/www.grieta.org.mx\/wp-content\/uploads\/2018\/03\/14524434_1106112876131411_958039263622046936_o.jpg?resize=525%2C300 1.5x, https:\/\/i0.wp.com\/www.grieta.org.mx\/wp-content\/uploads\/2018\/03\/14524434_1106112876131411_958039263622046936_o.jpg?resize=700%2C400 2x"},"classes":[]}],"_links":{"self":[{"href":"http:\/\/www.grieta.org.mx\/index.php\/wp-json\/wp\/v2\/posts\/5708","targetHints":{"allow":["GET"]}}],"collection":[{"href":"http:\/\/www.grieta.org.mx\/index.php\/wp-json\/wp\/v2\/posts"}],"about":[{"href":"http:\/\/www.grieta.org.mx\/index.php\/wp-json\/wp\/v2\/types\/post"}],"author":[{"embeddable":true,"href":"http:\/\/www.grieta.org.mx\/index.php\/wp-json\/wp\/v2\/users\/2"}],"replies":[{"embeddable":true,"href":"http:\/\/www.grieta.org.mx\/index.php\/wp-json\/wp\/v2\/comments?post=5708"}],"version-history":[{"count":1,"href":"http:\/\/www.grieta.org.mx\/index.php\/wp-json\/wp\/v2\/posts\/5708\/revisions"}],"predecessor-version":[{"id":5715,"href":"http:\/\/www.grieta.org.mx\/index.php\/wp-json\/wp\/v2\/posts\/5708\/revisions\/5715"}],"wp:featuredmedia":[{"embeddable":true,"href":"http:\/\/www.grieta.org.mx\/index.php\/wp-json\/wp\/v2\/media\/21928"}],"wp:attachment":[{"href":"http:\/\/www.grieta.org.mx\/index.php\/wp-json\/wp\/v2\/media?parent=5708"}],"wp:term":[{"taxonomy":"category","embeddable":true,"href":"http:\/\/www.grieta.org.mx\/index.php\/wp-json\/wp\/v2\/categories?post=5708"},{"taxonomy":"post_tag","embeddable":true,"href":"http:\/\/www.grieta.org.mx\/index.php\/wp-json\/wp\/v2\/tags?post=5708"}],"curies":[{"name":"wp","href":"https:\/\/api.w.org\/{rel}","templated":true}]}}