{"id":56983,"date":"2021-02-10T22:38:13","date_gmt":"2021-02-11T04:38:13","guid":{"rendered":"http:\/\/www.grieta.org.mx\/?p=56983"},"modified":"2021-02-15T22:42:23","modified_gmt":"2021-02-16T04:42:23","slug":"fosas-de-santa-rosa-exterminio-impune-colima","status":"publish","type":"post","link":"http:\/\/www.grieta.org.mx\/index.php\/2021\/02\/10\/fosas-de-santa-rosa-exterminio-impune-colima\/","title":{"rendered":"Fosas de Santa Rosa: Exterminio impune (Colima)"},"content":{"rendered":"<p><img loading=\"lazy\" decoding=\"async\" data-attachment-id=\"56984\" data-permalink=\"http:\/\/www.grieta.org.mx\/index.php\/2021\/02\/10\/fosas-de-santa-rosa-exterminio-impune-colima\/fosas-clandestinas-colima-768x768\/\" data-orig-file=\"http:\/\/www.grieta.org.mx\/wp-content\/uploads\/2021\/02\/Fosas-clandestinas-Colima-768x768-1.jpg\" data-orig-size=\"768,768\" data-comments-opened=\"0\" data-image-meta=\"{&quot;aperture&quot;:&quot;0&quot;,&quot;credit&quot;:&quot;&quot;,&quot;camera&quot;:&quot;&quot;,&quot;caption&quot;:&quot;&quot;,&quot;created_timestamp&quot;:&quot;0&quot;,&quot;copyright&quot;:&quot;&quot;,&quot;focal_length&quot;:&quot;0&quot;,&quot;iso&quot;:&quot;0&quot;,&quot;shutter_speed&quot;:&quot;0&quot;,&quot;title&quot;:&quot;&quot;,&quot;orientation&quot;:&quot;0&quot;}\" data-image-title=\"Fosas-clandestinas-Colima-768&amp;#215;768\" data-image-description=\"\" data-image-caption=\"\" data-medium-file=\"http:\/\/www.grieta.org.mx\/wp-content\/uploads\/2021\/02\/Fosas-clandestinas-Colima-768x768-1-300x300.jpg\" data-large-file=\"http:\/\/www.grieta.org.mx\/wp-content\/uploads\/2021\/02\/Fosas-clandestinas-Colima-768x768-1.jpg\" class=\"size-full wp-image-56984 aligncenter\" src=\"http:\/\/www.grieta.org.mx\/wp-content\/uploads\/2021\/02\/Fosas-clandestinas-Colima-768x768-1.jpg\" alt=\"\" width=\"768\" height=\"768\" srcset=\"http:\/\/www.grieta.org.mx\/wp-content\/uploads\/2021\/02\/Fosas-clandestinas-Colima-768x768-1.jpg 768w, http:\/\/www.grieta.org.mx\/wp-content\/uploads\/2021\/02\/Fosas-clandestinas-Colima-768x768-1-300x300.jpg 300w, http:\/\/www.grieta.org.mx\/wp-content\/uploads\/2021\/02\/Fosas-clandestinas-Colima-768x768-1-150x150.jpg 150w, http:\/\/www.grieta.org.mx\/wp-content\/uploads\/2021\/02\/Fosas-clandestinas-Colima-768x768-1-130x130.jpg 130w, http:\/\/www.grieta.org.mx\/wp-content\/uploads\/2021\/02\/Fosas-clandestinas-Colima-768x768-1-500x500.jpg 500w, http:\/\/www.grieta.org.mx\/wp-content\/uploads\/2021\/02\/Fosas-clandestinas-Colima-768x768-1-144x144.jpg 144w\" sizes=\"auto, (max-width: 768px) 100vw, 768px\" \/><\/p>\n<p>Foto: Ilustrativa<\/p>\n<p>Redacci\u00f3n \/ Diario Avanzada<\/p>\n<p>En estos primeros d\u00edas de febrero se cumplieron dos a\u00f1os del descubrimiento de las fosas clandestinas de Santa Rosa, en un predio ubicado en esa comunidad de Tecom\u00e1n aleda\u00f1a al municipio de Armer\u00eda.<\/p>\n<p>El impacto de ese hecho lo produjo el hallazgo de 73 cuerpos de personas que hab\u00edan sido asesinadas y fueron sepultadas ah\u00ed de manera clandestina, con el prop\u00f3sito de desaparecerlas.<\/p>\n<p>Pero a pesar de que ya pasaron dos a\u00f1os del descubrimiento de ese campo de exterminio, el crimen m\u00faltiple permanece pr\u00e1cticamente impune. Ninguna autoridad, de ning\u00fan nivel ha respondido por este hecho ignominioso, empezando por el gobernador, Jos\u00e9 Ignacio Peralta S\u00e1nchez; el fiscal general de Estado, Gabriel Verduzco Rodr\u00edguez, y las autoridades federales, cada una de ellas en el \u00e1mbito que les corresponde.<\/p>\n<p>Con la indolencia que le ha caracterizado, el gobernador no ha mostrado inter\u00e9s en la situaci\u00f3n de las v\u00edctimas de la violencia, a pesar de que fue su principal oferta de campa\u00f1a; el fiscal se ha manejado entre el inmovilismo y la opacidad, pues ni siquiera es capaz de salir a dar la cara cuando han ocurrido situaciones graves en el estado, que desgraciadamente esto se da con mucha frecuencia; y las autoridades federales no muestran suficiente inter\u00e9s en Colima, pues s\u00f3lo voltean a ver esta entidad cuando ocurren situaciones como la desaparici\u00f3n y asesinato de la diputada morenista Anel Bueno S\u00e1nchez o cuando fue asesinado el juez federal Uriel Villegas Ortiz junto con su esposa.<\/p>\n<p>En el caso de las fosas clandestinas de Santa Rosa, habr\u00eda que precisar que su hallazgo ni siquiera fue resultado de una investigaci\u00f3n seria y profunda de la Fiscal\u00eda, en la que se hubiesen aplicado t\u00e9cnicas de inteligencia, sino que fue un hecho derivado de la casualidad, cuando dos individuos fueron detenidos en flagrancia cuando llevaban secuestrada a una mujer y su peque\u00f1a hija en la cajuela de un veh\u00edculo y esa fue la hebra que condujo a la localizaci\u00f3n del pante\u00f3n clandestino.<\/p>\n<p>Sin embargo, dos a\u00f1os despu\u00e9s no se ha tenido noticia de la detenci\u00f3n de alguna otra persona implicada en las muertes de las 73 personas, adem\u00e1s de todos los delitos adyacentes. Es de pensarse que en torno a esa masacre debe encontrarse implicada una organizaci\u00f3n criminal formada por muchas personas.<\/p>\n<p>Hasta ahora s\u00f3lo se tiene conocimiento de la sentencia condenatoria a uno de los detenidos, a quien el juez sancion\u00f3 a 33 a\u00f1os y cuatro meses de prisi\u00f3n, acusado del delito de secuestro de la mujer y su hija. Nada relacionado con los secuestros, desapariciones, asesinatos e inhumaciones ilegales de las 73 personas cuyos restos fueron localizados en Santa Rosa.<\/p>\n<p>La impunidad sigue ah\u00ed, arraigada en el sistema pol\u00edtico, sin que exista claridad si es resultado de la ineptitud y negligencia de las autoridades responsables de investigar, procurar y administrar la justicia, o por la complicidad y colusi\u00f3n con la delincuencia.<\/p>\n<p>Cualquiera de las dos situaciones trae consigo un nivel de gravedad.<\/p>\n<p><a href=\"https:\/\/www.diarioavanzada.com.mx\/?p=19826\">https:\/\/www.diarioavanzada.com.mx\/?p=19826<\/a><\/p>\n","protected":false},"excerpt":{"rendered":"<p>Foto: Ilustrativa Redacci\u00f3n \/ Diario Avanzada En estos primeros d\u00edas de febrero se cumplieron dos a\u00f1os del descubrimiento de las fosas clandestinas de Santa Rosa, en un predio ubicado en &hellip; <a href=\"http:\/\/www.grieta.org.mx\/index.php\/2021\/02\/10\/fosas-de-santa-rosa-exterminio-impune-colima\/\" class=\"more-link\">Leer m\u00e1s<\/a><\/p>\n","protected":false},"author":2,"featured_media":56984,"comment_status":"closed","ping_status":"closed","sticky":false,"template":"","format":"standard","meta":{"ngg_post_thumbnail":0,"_jetpack_newsletter_access":"","_jetpack_dont_email_post_to_subs":false,"_jetpack_newsletter_tier_id":0,"_jetpack_memberships_contains_paywalled_content":false,"_jetpack_memberships_contains_paid_content":false,"footnotes":""},"categories":[80,13,87,1829,2,83],"tags":[121,2207,856],"class_list":["post-56983","post","type-post","status-publish","format-standard","has-post-thumbnail","hentry","category-cintillo","category-colima","category-desaparecidos","category-desaparecidos-en-colima","category-noticias-nacionales","category-temas-nacionales","tag-desaparecidos","tag-desaparecidos-en-colima","tag-fosas-clandestinas","entry"],"jetpack_featured_media_url":"http:\/\/www.grieta.org.mx\/wp-content\/uploads\/2021\/02\/Fosas-clandestinas-Colima-768x768-1.jpg","jetpack_sharing_enabled":true,"jetpack_shortlink":"https:\/\/wp.me\/p7ZJR4-eP5","jetpack_likes_enabled":false,"jetpack-related-posts":[{"id":61336,"url":"http:\/\/www.grieta.org.mx\/index.php\/2021\/08\/25\/permanecen-sin-identificar-cuerpos-de-las-fosas-clandestinas-de-santa-rosa-red-de-desaparecidos-colima\/","url_meta":{"origin":56983,"position":0},"title":"Permanecen sin identificar cuerpos de las fosas clandestinas de Santa Rosa: Red de Desaparecidos (Colima)","author":"grieta","date":"25 agosto, 2021","format":false,"excerpt":"Foto: El Comentario Francis Bravo \/ El Comentario Aunque no precis\u00f3 el n\u00famero, la presidenta de la\u00a0Red de Desaparecidos\u00a0en\u00a0Colima,\u00a0Mar\u00eda del Carmen Sep\u00falveda G\u00f3mez, inform\u00f3 que todav\u00eda hay cuerpos sin ser identificados, los cuales fueron localizados en las fosas clandestinas de la comunidad de\u00a0Santa Rosa, en el municipio de\u00a0Tecom\u00e1n\u00a0en\u00a0febrero\u00a0de\u00a02019. \u201cLamentablemente, de\u2026","rel":"","context":"En &quot;CINTILLO&quot;","block_context":{"text":"CINTILLO","link":"http:\/\/www.grieta.org.mx\/index.php\/category\/cintillo\/"},"img":{"alt_text":"","src":"https:\/\/i0.wp.com\/www.grieta.org.mx\/wp-content\/uploads\/2021\/08\/e571b045697d6c923b7e4487896bc777.jpg?resize=350%2C200","width":350,"height":200,"srcset":"https:\/\/i0.wp.com\/www.grieta.org.mx\/wp-content\/uploads\/2021\/08\/e571b045697d6c923b7e4487896bc777.jpg?resize=350%2C200 1x, https:\/\/i0.wp.com\/www.grieta.org.mx\/wp-content\/uploads\/2021\/08\/e571b045697d6c923b7e4487896bc777.jpg?resize=525%2C300 1.5x, https:\/\/i0.wp.com\/www.grieta.org.mx\/wp-content\/uploads\/2021\/08\/e571b045697d6c923b7e4487896bc777.jpg?resize=700%2C400 2x"},"classes":[]},{"id":65142,"url":"http:\/\/www.grieta.org.mx\/index.php\/2022\/09\/05\/tecoman-el-municipio-con-mas-fosas-clandestinas-en-el-pais-colima\/","url_meta":{"origin":56983,"position":1},"title":"Tecom\u00e1n, el municipio con m\u00e1s fosas clandestinas en el pa\u00eds (Colima)","author":"grieta","date":"5 septiembre, 2022","format":false,"excerpt":"Imagen: Diario Avanzada Redacci\u00f3n \/ Diario Avanzada Colima, M\u00e9xico, Avanzada (05\/09\/2022).- Este fin de semana, la Fiscal\u00eda General del Estado reconoci\u00f3 la localizaci\u00f3n de seis cuerpos sin vida y restos humanos en fosas clandestinas en la comunidad de Caleras,\u00a0en el municipio de Tecom\u00e1n. Unos meses antes,\u00a0en Tecolapa, en el mismo\u2026","rel":"","context":"En &quot;CINTILLO&quot;","block_context":{"text":"CINTILLO","link":"http:\/\/www.grieta.org.mx\/index.php\/category\/cintillo\/"},"img":{"alt_text":"","src":"https:\/\/i0.wp.com\/www.grieta.org.mx\/wp-content\/uploads\/2022\/09\/Fosas-Clandestinas.jpg?resize=350%2C200","width":350,"height":200,"srcset":"https:\/\/i0.wp.com\/www.grieta.org.mx\/wp-content\/uploads\/2022\/09\/Fosas-Clandestinas.jpg?resize=350%2C200 1x, https:\/\/i0.wp.com\/www.grieta.org.mx\/wp-content\/uploads\/2022\/09\/Fosas-Clandestinas.jpg?resize=525%2C300 1.5x, https:\/\/i0.wp.com\/www.grieta.org.mx\/wp-content\/uploads\/2022\/09\/Fosas-Clandestinas.jpg?resize=700%2C400 2x"},"classes":[]},{"id":52730,"url":"http:\/\/www.grieta.org.mx\/index.php\/2020\/08\/15\/otra-masacre-suman-31-cadaveres-encontrados-en-una-limonera-en-tecoman-colima\/","url_meta":{"origin":56983,"position":2},"title":"Otra masacre, suman 31 cad\u00e1veres encontrados en una limonera en Tecom\u00e1n (Colima)","author":"grieta","date":"15 agosto, 2020","format":false,"excerpt":"Foto: Diario Avanzada Redacci\u00f3n \/ Diario Avanzada TLANESI, Col.- Con un total de 31 cad\u00e1veres exhumados, concluy\u00f3 la b\u00fasqueda en fosas clandestinas localizadas en el municipio de Tecom\u00e1n, inform\u00f3 el portal de noticias de la revista Proceso. Aunque el pasado martes 11 la Fiscal\u00eda General del Estado (FGE) dio a\u2026","rel":"","context":"En &quot;CINTILLO&quot;","block_context":{"text":"CINTILLO","link":"http:\/\/www.grieta.org.mx\/index.php\/category\/cintillo\/"},"img":{"alt_text":"","src":"https:\/\/i0.wp.com\/www.grieta.org.mx\/wp-content\/uploads\/2020\/08\/Fosas-Clandestinas-1.jpg?resize=350%2C200","width":350,"height":200,"srcset":"https:\/\/i0.wp.com\/www.grieta.org.mx\/wp-content\/uploads\/2020\/08\/Fosas-Clandestinas-1.jpg?resize=350%2C200 1x, https:\/\/i0.wp.com\/www.grieta.org.mx\/wp-content\/uploads\/2020\/08\/Fosas-Clandestinas-1.jpg?resize=525%2C300 1.5x, https:\/\/i0.wp.com\/www.grieta.org.mx\/wp-content\/uploads\/2020\/08\/Fosas-Clandestinas-1.jpg?resize=700%2C400 2x"},"classes":[]},{"id":53014,"url":"http:\/\/www.grieta.org.mx\/index.php\/2020\/09\/01\/fiscalia-de-colima-niega-informacion-sobre-las-fosas-de-santa-rosa\/","url_meta":{"origin":56983,"position":3},"title":"Fiscal\u00eda de Colima niega informaci\u00f3n sobre las fosas de Santa Rosa","author":"grieta","date":"1 septiembre, 2020","format":false,"excerpt":"Foto: Diario Avanzada Heidi de Le\u00f3n Guti\u00e9rrez \/ Diario Avanzada Colima, M\u00e9xico, Avanzada (01\/09\/2020).- La Fiscal\u00eda General del Estado (FGE) se neg\u00f3 a informar cu\u00e1les son las l\u00edneas de investigaci\u00f3n para identificar los m\u00e1s de 70 cuerpos localizados en las fosas de Santa Rosa en el municipio de Tecom\u00e1n en\u2026","rel":"","context":"En &quot;CINTILLO&quot;","block_context":{"text":"CINTILLO","link":"http:\/\/www.grieta.org.mx\/index.php\/category\/cintillo\/"},"img":{"alt_text":"","src":"https:\/\/i0.wp.com\/www.grieta.org.mx\/wp-content\/uploads\/2020\/09\/FOSAS-CLANDESTINAS-1.jpg?resize=350%2C200","width":350,"height":200,"srcset":"https:\/\/i0.wp.com\/www.grieta.org.mx\/wp-content\/uploads\/2020\/09\/FOSAS-CLANDESTINAS-1.jpg?resize=350%2C200 1x, https:\/\/i0.wp.com\/www.grieta.org.mx\/wp-content\/uploads\/2020\/09\/FOSAS-CLANDESTINAS-1.jpg?resize=525%2C300 1.5x, https:\/\/i0.wp.com\/www.grieta.org.mx\/wp-content\/uploads\/2020\/09\/FOSAS-CLANDESTINAS-1.jpg?resize=700%2C400 2x"},"classes":[]},{"id":68693,"url":"http:\/\/www.grieta.org.mx\/index.php\/2024\/03\/22\/fiscalia-guarda-silencio-sobre-fosas-clandestinas-en-ixtlahuacan-red-de-desaparecidos-colima\/","url_meta":{"origin":56983,"position":4},"title":"Fiscal\u00eda guarda silencio sobre fosas clandestinas en Ixtlahuac\u00e1n: Red de Desaparecidos (Colima)","author":"grieta","date":"22 marzo, 2024","format":false,"excerpt":"Imagen: El Comentario Francis Bravo \/ El Comentario Los buscadores y buscadoras del estado a\u00fan no han recibido informaci\u00f3n por parte de la\u00a0Fiscal\u00eda General de la Rep\u00fablica\u00a0(FGR) sobre la o las\u00a0fosas clandestinas\u00a0encontradas en el municipio de\u00a0Ixtlahuac\u00e1n\u00a0el pasado 23 de enero. Carmen Sep\u00falveda G\u00f3mez, presidenta de la Red de Desaparecidos en\u2026","rel":"","context":"En &quot;CINTILLO&quot;","block_context":{"text":"CINTILLO","link":"http:\/\/www.grieta.org.mx\/index.php\/category\/cintillo\/"},"img":{"alt_text":"","src":"https:\/\/i0.wp.com\/www.grieta.org.mx\/wp-content\/uploads\/2024\/03\/BDVFGDF.webp?resize=350%2C200","width":350,"height":200,"srcset":"https:\/\/i0.wp.com\/www.grieta.org.mx\/wp-content\/uploads\/2024\/03\/BDVFGDF.webp?resize=350%2C200 1x, https:\/\/i0.wp.com\/www.grieta.org.mx\/wp-content\/uploads\/2024\/03\/BDVFGDF.webp?resize=525%2C300 1.5x, https:\/\/i0.wp.com\/www.grieta.org.mx\/wp-content\/uploads\/2024\/03\/BDVFGDF.webp?resize=700%2C400 2x, https:\/\/i0.wp.com\/www.grieta.org.mx\/wp-content\/uploads\/2024\/03\/BDVFGDF.webp?resize=1050%2C600 3x, https:\/\/i0.wp.com\/www.grieta.org.mx\/wp-content\/uploads\/2024\/03\/BDVFGDF.webp?resize=1400%2C800 4x"},"classes":[]},{"id":60405,"url":"http:\/\/www.grieta.org.mx\/index.php\/2021\/07\/09\/encontraron-188-cadaveres-en-fosas-clandestinas-en-tecoman-en-tres-anos-colima\/","url_meta":{"origin":56983,"position":5},"title":"Encontraron 188 cad\u00e1veres en fosas clandestinas en Tecom\u00e1n en tres a\u00f1os (Colima)","author":"grieta","date":"9 julio, 2021","format":false,"excerpt":"Foto: Diario Avanzada Heidi de Le\u00f3n Guti\u00e9rrez \/ Diario Avanzada Colima, M\u00e9xico, Avanzada (09\/07\/2021).- Los municipios que concentran el mayor n\u00famero de cuerpos encontrados en fosas clandestinas en el periodo de diciembre de 2018 \u2013 junio de 2021, se encuentran en los estados de Jalisco, Colima, Sinaloa, Guanajuato y Sonora.\u2026","rel":"","context":"En &quot;CINTILLO&quot;","block_context":{"text":"CINTILLO","link":"http:\/\/www.grieta.org.mx\/index.php\/category\/cintillo\/"},"img":{"alt_text":"","src":"https:\/\/i0.wp.com\/www.grieta.org.mx\/wp-content\/uploads\/2021\/07\/Fosas-Clandestinas.jpg?resize=350%2C200","width":350,"height":200,"srcset":"https:\/\/i0.wp.com\/www.grieta.org.mx\/wp-content\/uploads\/2021\/07\/Fosas-Clandestinas.jpg?resize=350%2C200 1x, https:\/\/i0.wp.com\/www.grieta.org.mx\/wp-content\/uploads\/2021\/07\/Fosas-Clandestinas.jpg?resize=525%2C300 1.5x, https:\/\/i0.wp.com\/www.grieta.org.mx\/wp-content\/uploads\/2021\/07\/Fosas-Clandestinas.jpg?resize=700%2C400 2x"},"classes":[]}],"_links":{"self":[{"href":"http:\/\/www.grieta.org.mx\/index.php\/wp-json\/wp\/v2\/posts\/56983","targetHints":{"allow":["GET"]}}],"collection":[{"href":"http:\/\/www.grieta.org.mx\/index.php\/wp-json\/wp\/v2\/posts"}],"about":[{"href":"http:\/\/www.grieta.org.mx\/index.php\/wp-json\/wp\/v2\/types\/post"}],"author":[{"embeddable":true,"href":"http:\/\/www.grieta.org.mx\/index.php\/wp-json\/wp\/v2\/users\/2"}],"replies":[{"embeddable":true,"href":"http:\/\/www.grieta.org.mx\/index.php\/wp-json\/wp\/v2\/comments?post=56983"}],"version-history":[{"count":1,"href":"http:\/\/www.grieta.org.mx\/index.php\/wp-json\/wp\/v2\/posts\/56983\/revisions"}],"predecessor-version":[{"id":56985,"href":"http:\/\/www.grieta.org.mx\/index.php\/wp-json\/wp\/v2\/posts\/56983\/revisions\/56985"}],"wp:featuredmedia":[{"embeddable":true,"href":"http:\/\/www.grieta.org.mx\/index.php\/wp-json\/wp\/v2\/media\/56984"}],"wp:attachment":[{"href":"http:\/\/www.grieta.org.mx\/index.php\/wp-json\/wp\/v2\/media?parent=56983"}],"wp:term":[{"taxonomy":"category","embeddable":true,"href":"http:\/\/www.grieta.org.mx\/index.php\/wp-json\/wp\/v2\/categories?post=56983"},{"taxonomy":"post_tag","embeddable":true,"href":"http:\/\/www.grieta.org.mx\/index.php\/wp-json\/wp\/v2\/tags?post=56983"}],"curies":[{"name":"wp","href":"https:\/\/api.w.org\/{rel}","templated":true}]}}