{"id":56980,"date":"2021-02-10T22:20:09","date_gmt":"2021-02-11T04:20:09","guid":{"rendered":"http:\/\/www.grieta.org.mx\/?p=56980"},"modified":"2021-02-15T22:37:39","modified_gmt":"2021-02-16T04:37:39","slug":"por-hostigamiento-sexual-exigen-destitucion-de-alcalde-de-tototlan-jalisco","status":"publish","type":"post","link":"http:\/\/www.grieta.org.mx\/index.php\/2021\/02\/10\/por-hostigamiento-sexual-exigen-destitucion-de-alcalde-de-tototlan-jalisco\/","title":{"rendered":"Por hostigamiento sexual, exigen destituci\u00f3n de alcalde de Tototl\u00e1n (Jalisco)"},"content":{"rendered":"<p><img loading=\"lazy\" decoding=\"async\" data-attachment-id=\"56981\" data-permalink=\"http:\/\/www.grieta.org.mx\/index.php\/2021\/02\/10\/por-hostigamiento-sexual-exigen-destitucion-de-alcalde-de-tototlan-jalisco\/2021-02-10_06-02-08___4115\/\" data-orig-file=\"http:\/\/www.grieta.org.mx\/wp-content\/uploads\/2021\/02\/2021-02-10_06-02-08___4115.jpg\" data-orig-size=\"750,508\" data-comments-opened=\"0\" data-image-meta=\"{&quot;aperture&quot;:&quot;0&quot;,&quot;credit&quot;:&quot;&quot;,&quot;camera&quot;:&quot;&quot;,&quot;caption&quot;:&quot;&quot;,&quot;created_timestamp&quot;:&quot;0&quot;,&quot;copyright&quot;:&quot;&quot;,&quot;focal_length&quot;:&quot;0&quot;,&quot;iso&quot;:&quot;0&quot;,&quot;shutter_speed&quot;:&quot;0&quot;,&quot;title&quot;:&quot;&quot;,&quot;orientation&quot;:&quot;1&quot;}\" data-image-title=\"2021-02-10_06-02-08___4115\" data-image-description=\"\" data-image-caption=\"\" data-medium-file=\"http:\/\/www.grieta.org.mx\/wp-content\/uploads\/2021\/02\/2021-02-10_06-02-08___4115-300x203.jpg\" data-large-file=\"http:\/\/www.grieta.org.mx\/wp-content\/uploads\/2021\/02\/2021-02-10_06-02-08___4115.jpg\" class=\"size-full wp-image-56981 aligncenter\" src=\"http:\/\/www.grieta.org.mx\/wp-content\/uploads\/2021\/02\/2021-02-10_06-02-08___4115.jpg\" alt=\"\" width=\"750\" height=\"508\" srcset=\"http:\/\/www.grieta.org.mx\/wp-content\/uploads\/2021\/02\/2021-02-10_06-02-08___4115.jpg 750w, http:\/\/www.grieta.org.mx\/wp-content\/uploads\/2021\/02\/2021-02-10_06-02-08___4115-300x203.jpg 300w, http:\/\/www.grieta.org.mx\/wp-content\/uploads\/2021\/02\/2021-02-10_06-02-08___4115-738x500.jpg 738w\" sizes=\"auto, (max-width: 750px) 100vw, 750px\" \/><\/p>\n<p>Foto: Twitter\u00a0 @MaFernanda_GE<\/p>\n<p>Redacci\u00f3n \/ El Diario NTR<\/p>\n<p>Despu\u00e9s de que se viraliz\u00f3 el caso de hostigamiento sexual por parte del alcalde de Tototl\u00e1n, Sergio Quezada, en contra de una trabajadora del Ayuntamiento, quien acudi\u00f3 a \u00e9l para denunciar el acoso del que era v\u00edctima por parte de su jefe, las paritaristas exigen que lo inhabiliten del cargo y que no vuelva a ocupar un cargo de primer nivel, explic\u00f3 Nancy Casta\u00f1eda.<\/p>\n<p>Adem\u00e1s, exigen la aplicaci\u00f3n del protocolo cero y que el acoso y hostigamiento sexual se consideren una falta grave.<\/p>\n<p>\u201cTiene que servir de ejemplo, una para que lo inhabiliten del cargo, que lo quiten, pero que lo inhabiliten que no vuelva a ocupar un cargo de primer nivel, no podemos tener m\u00e1s agresores en el poder, dos, para que su jefe inmediato que fue el que lo acos\u00f3 tambi\u00e9n se vete, tenemos un protocolo cero y una ley de servidores vamos haci\u00e9ndolas vale\u201d.<\/p>\n<p>Nancy Casta\u00f1eda, integrante del grupo de paritaristas, se\u00f1al\u00f3 que es inhumano lo que le hicieron a la trabajadora del ayuntamiento porque adem\u00e1s de acosarla y hostigarla sexualmente le negaron su derecho a trabajar.<\/p>\n<p>\u201cTodo este hostigamiento sexual que le hace pasar a ella, y como la revictimiza diciendo que la denuncia ya no la haga, que no vaya a mayores, y que todav\u00eda le digan que sea ella la que se cambie de \u00e1rea como si la v\u00edctima fuera la que se tuviera que ir\u201d.<\/p>\n<p>Adem\u00e1s, de que se inicie un juicio pol\u00edtico en contra del alcalde de Tototl\u00e1n, Sergio Quezada, Nancy Casta\u00f1eda se\u00f1al\u00f3 que se busca que la Fiscal\u00eda de Jalisco reabra la carpeta de investigaci\u00f3n y castigue a los funcionarios que la cerraron al considerar que no hab\u00eda hostigamiento en su contra a pesar de que la v\u00edctima contaba con pruebas de video y audio.<\/p>\n<p>\u201cQueremos que se vuelva a abrir la carpeta de investigaci\u00f3n, pero que tambi\u00e9n se vaya en contra de los servidores p\u00fablicos que incurrieron en cerrar su carpeta manifestando que no hab\u00eda hostigamiento a pesar de que ella ten\u00eda grabaciones\u201d.<\/p>\n<p>Acompa\u00f1amiento legal y protecci\u00f3n del estado\u201d.<\/p>\n<p>En Informativo NTR, Nancy Casta\u00f1eda manifest\u00f3 que ayer durante la clausura del Ayuntamiento de Tototl\u00e1n otras mujeres se atrevieron a denunciar que fueron v\u00edctimas de acoso y hostigamiento, pero tambi\u00e9n hubo quien les grit\u00f3 que se pusieran a trabajar.<\/p>\n<p><a href=\"https:\/\/www.ntrguadalajara.com\/post.php?id_nota=162191\">https:\/\/www.ntrguadalajara.com\/post.php?id_nota=162191<\/a><\/p>\n","protected":false},"excerpt":{"rendered":"<p>Foto: Twitter\u00a0 @MaFernanda_GE Redacci\u00f3n \/ El Diario NTR Despu\u00e9s de que se viraliz\u00f3 el caso de hostigamiento sexual por parte del alcalde de Tototl\u00e1n, Sergio Quezada, en contra de una &hellip; <a href=\"http:\/\/www.grieta.org.mx\/index.php\/2021\/02\/10\/por-hostigamiento-sexual-exigen-destitucion-de-alcalde-de-tototlan-jalisco\/\" class=\"more-link\">Leer m\u00e1s<\/a><\/p>\n","protected":false},"author":2,"featured_media":56981,"comment_status":"closed","ping_status":"closed","sticky":false,"template":"","format":"standard","meta":{"ngg_post_thumbnail":0,"_jetpack_newsletter_access":"","_jetpack_dont_email_post_to_subs":false,"_jetpack_newsletter_tier_id":0,"_jetpack_memberships_contains_paywalled_content":false,"_jetpack_memberships_contains_paid_content":false,"footnotes":""},"categories":[80,20,2,2504],"tags":[3225,1630,381],"class_list":["post-56980","post","type-post","status-publish","format-standard","has-post-thumbnail","hentry","category-cintillo","category-jalisco","category-noticias-nacionales","category-violencia-contra-las-mujeres-en-jalisco","tag-aumento-de-la-violencia-contra-las-mujeres","tag-violencia-contra-las-mujeres","tag-violencia-de-genero","entry"],"jetpack_featured_media_url":"http:\/\/www.grieta.org.mx\/wp-content\/uploads\/2021\/02\/2021-02-10_06-02-08___4115.jpg","jetpack_sharing_enabled":true,"jetpack_shortlink":"https:\/\/wp.me\/p7ZJR4-eP2","jetpack_likes_enabled":false,"jetpack-related-posts":[{"id":56808,"url":"http:\/\/www.grieta.org.mx\/index.php\/2021\/02\/06\/colectivos-feministas-exigen-reparacion-del-dano-a-victima-de-acoso-jalisco\/","url_meta":{"origin":56980,"position":0},"title":"Colectivos feministas exigen reparaci\u00f3n del da\u00f1o a v\u00edctima de acoso (Jalisco)","author":"grieta","date":"6 febrero, 2021","format":false,"excerpt":"Foto: Ilustrativa Una trabajadora de Tototl\u00e1n fue hostigada por un funcionario y el alcalde de dicho municipio Elizabeth R\u00edos \/ El Occidental Porque conductas como las manifestadas no hacen m\u00e1s que poner en riesgo a ni\u00f1as y mujeres, diversos organismos y colectivos feministas exigieron justicia y reparaci\u00f3n del a\u00f1o a\u2026","rel":"","context":"En &quot;CINTILLO&quot;","block_context":{"text":"CINTILLO","link":"http:\/\/www.grieta.org.mx\/index.php\/category\/cintillo\/"},"img":{"alt_text":"","src":"https:\/\/i0.wp.com\/www.grieta.org.mx\/wp-content\/uploads\/2021\/02\/acoso-sexual.jpg?resize=350%2C200","width":350,"height":200,"srcset":"https:\/\/i0.wp.com\/www.grieta.org.mx\/wp-content\/uploads\/2021\/02\/acoso-sexual.jpg?resize=350%2C200 1x, https:\/\/i0.wp.com\/www.grieta.org.mx\/wp-content\/uploads\/2021\/02\/acoso-sexual.jpg?resize=525%2C300 1.5x, https:\/\/i0.wp.com\/www.grieta.org.mx\/wp-content\/uploads\/2021\/02\/acoso-sexual.jpg?resize=700%2C400 2x"},"classes":[]},{"id":60416,"url":"http:\/\/www.grieta.org.mx\/index.php\/2021\/07\/06\/rompan-el-pacto-patriarcal-universitario-alumnas-de-la-udeg-exigen-justicia-tras-caso-de-hostigamiento-abuso-y-agresion-sexual-en-cucosta-jalisco\/","url_meta":{"origin":56980,"position":1},"title":"\u00a1Rompan el pacto patriarcal universitario!: alumnas de la UdeG exigen justicia tras caso de hostigamiento, abuso y agresi\u00f3n sexual en CUCosta (Jalisco)","author":"grieta","date":"6 julio, 2021","format":false,"excerpt":"Foto: Zona Docs Pese a la existencia de un Protocolo Universitario para Atender los Casos de Acoso y Hostigamiento y una Defensor\u00eda de los Derechos Universitarios, las quejas por hostigamiento, acoso y abuso sexual dentro de la Universidad de Guadalajara (UdeG) contin\u00faan impunes, pues estas no suelen resolverse de manera\u2026","rel":"","context":"En &quot;CINTILLO&quot;","block_context":{"text":"CINTILLO","link":"http:\/\/www.grieta.org.mx\/index.php\/category\/cintillo\/"},"img":{"alt_text":"","src":"https:\/\/i0.wp.com\/www.grieta.org.mx\/wp-content\/uploads\/2021\/07\/photo5129765237782849555.jpg?resize=350%2C200","width":350,"height":200,"srcset":"https:\/\/i0.wp.com\/www.grieta.org.mx\/wp-content\/uploads\/2021\/07\/photo5129765237782849555.jpg?resize=350%2C200 1x, https:\/\/i0.wp.com\/www.grieta.org.mx\/wp-content\/uploads\/2021\/07\/photo5129765237782849555.jpg?resize=525%2C300 1.5x, https:\/\/i0.wp.com\/www.grieta.org.mx\/wp-content\/uploads\/2021\/07\/photo5129765237782849555.jpg?resize=700%2C400 2x, https:\/\/i0.wp.com\/www.grieta.org.mx\/wp-content\/uploads\/2021\/07\/photo5129765237782849555.jpg?resize=1050%2C600 3x"},"classes":[]},{"id":64453,"url":"http:\/\/www.grieta.org.mx\/index.php\/2022\/06\/13\/las-paritaristas-clausuran-simbolicamente-secretaria-del-trabajo-en-jalisco-y-exigen-inhabilitacion-de-su-titular-senalado-de-hostigamiento-sexual-y-laboral-jalisco\/","url_meta":{"origin":56980,"position":2},"title":"Las paritaristas clausuran simb\u00f3licamente Secretar\u00eda del Trabajo en Jalisco y exigen inhabilitaci\u00f3n de su titular se\u00f1alado de hostigamiento sexual y laboral (Jalisco)","author":"grieta","date":"13 junio, 2022","format":false,"excerpt":"Imagen: Zona Docs \u201cNo queremos mrepresi\u00e1s agresores en el poder\u201d exigieron las integrantes de colectiva Las Paritaristas, durante la clausura simb\u00f3lica de la Secretar\u00eda del Trabajo y Previsi\u00f3n Social del estado de Jalisco este lunes. Las defensoras y activistas expusieron que el titular de dicha instituci\u00f3n, Marco Valerio P\u00e9rez Gollaz,\u2026","rel":"","context":"En &quot;CINTILLO&quot;","block_context":{"text":"CINTILLO","link":"http:\/\/www.grieta.org.mx\/index.php\/category\/cintillo\/"},"img":{"alt_text":"","src":"https:\/\/i0.wp.com\/www.grieta.org.mx\/wp-content\/uploads\/2022\/06\/photo1655168493-1068x801-1.jpeg?resize=350%2C200","width":350,"height":200,"srcset":"https:\/\/i0.wp.com\/www.grieta.org.mx\/wp-content\/uploads\/2022\/06\/photo1655168493-1068x801-1.jpeg?resize=350%2C200 1x, https:\/\/i0.wp.com\/www.grieta.org.mx\/wp-content\/uploads\/2022\/06\/photo1655168493-1068x801-1.jpeg?resize=525%2C300 1.5x, https:\/\/i0.wp.com\/www.grieta.org.mx\/wp-content\/uploads\/2022\/06\/photo1655168493-1068x801-1.jpeg?resize=700%2C400 2x, https:\/\/i0.wp.com\/www.grieta.org.mx\/wp-content\/uploads\/2022\/06\/photo1655168493-1068x801-1.jpeg?resize=1050%2C600 3x"},"classes":[]},{"id":41136,"url":"http:\/\/www.grieta.org.mx\/index.php\/2019\/11\/14\/fuera-acoso-de-la-unam-estudiantes-exigen-atender-casos-de-violencia-de-genero-y-hostigamiento-sexual-ciudad-de-mexico\/","url_meta":{"origin":56980,"position":3},"title":"Fuera acoso de la UNAM: estudiantes exigen atender casos de violencia de g\u00e9nero y hostigamiento sexual (Ciudad de M\u00e9xico)","author":"grieta","date":"14 noviembre, 2019","format":false,"excerpt":"Itxaro Arteta \/ Animal Pol\u00edtico La movilizaci\u00f3n fue iniciativa de estudiantes de la FES Cuautitl\u00e1n, que desde el 23 de octubre entr\u00f3 en paro debido a que en las mesas de di\u00e1logo con el director no se ha llegado a ninguna soluci\u00f3n para atender las denuncias sobre violencia sexual. Estudiantes\u2026","rel":"","context":"En &quot;CINTILLO&quot;","block_context":{"text":"CINTILLO","link":"http:\/\/www.grieta.org.mx\/index.php\/category\/cintillo\/"},"img":{"alt_text":"","src":"https:\/\/i0.wp.com\/www.grieta.org.mx\/wp-content\/uploads\/2019\/11\/Fuera-acoso-de-la-UNAM-estudiantes-exigen-atender-casos-de-violencia-de-g%C3%A9nero-y-hostigamiento-sexual.jpeg?resize=350%2C200","width":350,"height":200,"srcset":"https:\/\/i0.wp.com\/www.grieta.org.mx\/wp-content\/uploads\/2019\/11\/Fuera-acoso-de-la-UNAM-estudiantes-exigen-atender-casos-de-violencia-de-g%C3%A9nero-y-hostigamiento-sexual.jpeg?resize=350%2C200 1x, https:\/\/i0.wp.com\/www.grieta.org.mx\/wp-content\/uploads\/2019\/11\/Fuera-acoso-de-la-UNAM-estudiantes-exigen-atender-casos-de-violencia-de-g%C3%A9nero-y-hostigamiento-sexual.jpeg?resize=525%2C300 1.5x, https:\/\/i0.wp.com\/www.grieta.org.mx\/wp-content\/uploads\/2019\/11\/Fuera-acoso-de-la-UNAM-estudiantes-exigen-atender-casos-de-violencia-de-g%C3%A9nero-y-hostigamiento-sexual.jpeg?resize=700%2C400 2x, https:\/\/i0.wp.com\/www.grieta.org.mx\/wp-content\/uploads\/2019\/11\/Fuera-acoso-de-la-UNAM-estudiantes-exigen-atender-casos-de-violencia-de-g%C3%A9nero-y-hostigamiento-sexual.jpeg?resize=1050%2C600 3x"},"classes":[]},{"id":32381,"url":"http:\/\/www.grieta.org.mx\/index.php\/2019\/04\/12\/exigen-investigar-a-los-28-docentes-acusados-de-acoso-aguascalientes\/","url_meta":{"origin":56980,"position":4},"title":"Exigen investigar a los 28 docentes acusados de acoso (Aguascalientes)","author":"grieta","date":"12 abril, 2019","format":false,"excerpt":"Redacci\u00f3n\/Hidroc\u00e1lido digital Aguascalientes, Ags.-Alumnas de la Universidad Aut\u00f3noma de Aguascalientes (UAA) se manifestaron en las instalaciones de esta instituci\u00f3n para exigir a las autoridades universitarias que investigue a 28 docentes acusados de acoso y hostigamiento sexual. La ma\u00f1ana de este viernes un grupo de estudiantes de la M\u00e1xima Casa de\u2026","rel":"","context":"En &quot;Aguascalientes&quot;","block_context":{"text":"Aguascalientes","link":"http:\/\/www.grieta.org.mx\/index.php\/category\/noticias-nacionales\/aguascalientes\/"},"img":{"alt_text":"","src":"https:\/\/i0.wp.com\/www.grieta.org.mx\/wp-content\/uploads\/2019\/04\/aguas.jpg?resize=350%2C200","width":350,"height":200},"classes":[]},{"id":46101,"url":"http:\/\/www.grieta.org.mx\/index.php\/2020\/03\/10\/denuncian-acoso-sexual-y-hostigamiento-en-la-universidad-del-istmo-oaxaca\/","url_meta":{"origin":56980,"position":5},"title":"Denuncian acoso sexual y hostigamiento en la Universidad del Istmo (Oaxaca)","author":"grieta","date":"10 marzo, 2020","format":false,"excerpt":"P\u00e1gina 3 \/ Diana Manzo. Denuncian acoso sexual y hostigamiento en la Universidad del Istmo. Foto: Diana Manzo. Juchit\u00e1n, Oax., (pagina3.mx).- Profesoras y estudiantes de la Universidad del Istmo campus Ciudad Ixtepec denuncian acoso de tres profesores de la licenciatura de Derecho. Ello, porque ejercen violencia sexual y hostigamiento desde\u2026","rel":"","context":"En &quot;CINTILLO&quot;","block_context":{"text":"CINTILLO","link":"http:\/\/www.grieta.org.mx\/index.php\/category\/cintillo\/"},"img":{"alt_text":"","src":"https:\/\/i0.wp.com\/www.grieta.org.mx\/wp-content\/uploads\/2020\/03\/Denuncian-acoso-sexual-y-hostigamiento-en-la-Universidad-del-Istmo-1-696x350.jpeg?resize=350%2C200","width":350,"height":200,"srcset":"https:\/\/i0.wp.com\/www.grieta.org.mx\/wp-content\/uploads\/2020\/03\/Denuncian-acoso-sexual-y-hostigamiento-en-la-Universidad-del-Istmo-1-696x350.jpeg?resize=350%2C200 1x, https:\/\/i0.wp.com\/www.grieta.org.mx\/wp-content\/uploads\/2020\/03\/Denuncian-acoso-sexual-y-hostigamiento-en-la-Universidad-del-Istmo-1-696x350.jpeg?resize=525%2C300 1.5x"},"classes":[]}],"_links":{"self":[{"href":"http:\/\/www.grieta.org.mx\/index.php\/wp-json\/wp\/v2\/posts\/56980","targetHints":{"allow":["GET"]}}],"collection":[{"href":"http:\/\/www.grieta.org.mx\/index.php\/wp-json\/wp\/v2\/posts"}],"about":[{"href":"http:\/\/www.grieta.org.mx\/index.php\/wp-json\/wp\/v2\/types\/post"}],"author":[{"embeddable":true,"href":"http:\/\/www.grieta.org.mx\/index.php\/wp-json\/wp\/v2\/users\/2"}],"replies":[{"embeddable":true,"href":"http:\/\/www.grieta.org.mx\/index.php\/wp-json\/wp\/v2\/comments?post=56980"}],"version-history":[{"count":1,"href":"http:\/\/www.grieta.org.mx\/index.php\/wp-json\/wp\/v2\/posts\/56980\/revisions"}],"predecessor-version":[{"id":56982,"href":"http:\/\/www.grieta.org.mx\/index.php\/wp-json\/wp\/v2\/posts\/56980\/revisions\/56982"}],"wp:featuredmedia":[{"embeddable":true,"href":"http:\/\/www.grieta.org.mx\/index.php\/wp-json\/wp\/v2\/media\/56981"}],"wp:attachment":[{"href":"http:\/\/www.grieta.org.mx\/index.php\/wp-json\/wp\/v2\/media?parent=56980"}],"wp:term":[{"taxonomy":"category","embeddable":true,"href":"http:\/\/www.grieta.org.mx\/index.php\/wp-json\/wp\/v2\/categories?post=56980"},{"taxonomy":"post_tag","embeddable":true,"href":"http:\/\/www.grieta.org.mx\/index.php\/wp-json\/wp\/v2\/tags?post=56980"}],"curies":[{"name":"wp","href":"https:\/\/api.w.org\/{rel}","templated":true}]}}