{"id":56855,"date":"2020-09-29T19:50:18","date_gmt":"2020-09-30T00:50:18","guid":{"rendered":"http:\/\/www.grieta.org.mx\/?p=56855"},"modified":"2021-02-08T19:55:56","modified_gmt":"2021-02-09T01:55:56","slug":"feministas-senalan-sistema-proxeneta-en-tlaxcala","status":"publish","type":"post","link":"http:\/\/www.grieta.org.mx\/index.php\/2020\/09\/29\/feministas-senalan-sistema-proxeneta-en-tlaxcala\/","title":{"rendered":"Feministas se\u00f1alan sistema proxeneta en Tlaxcala"},"content":{"rendered":"<p><a href=\"http:\/\/www.grieta.org.mx\/wp-content\/uploads\/2021\/02\/Captura-de-Pantalla-2021-02-08-a-las-19.53.14.png\"><img loading=\"lazy\" decoding=\"async\" data-attachment-id=\"56856\" data-permalink=\"http:\/\/www.grieta.org.mx\/index.php\/2020\/09\/29\/feministas-senalan-sistema-proxeneta-en-tlaxcala\/captura-de-pantalla-2021-02-08-a-las-19-53-14\/\" data-orig-file=\"http:\/\/www.grieta.org.mx\/wp-content\/uploads\/2021\/02\/Captura-de-Pantalla-2021-02-08-a-las-19.53.14.png\" data-orig-size=\"952,566\" data-comments-opened=\"0\" data-image-meta=\"{&quot;aperture&quot;:&quot;0&quot;,&quot;credit&quot;:&quot;&quot;,&quot;camera&quot;:&quot;&quot;,&quot;caption&quot;:&quot;&quot;,&quot;created_timestamp&quot;:&quot;0&quot;,&quot;copyright&quot;:&quot;&quot;,&quot;focal_length&quot;:&quot;0&quot;,&quot;iso&quot;:&quot;0&quot;,&quot;shutter_speed&quot;:&quot;0&quot;,&quot;title&quot;:&quot;&quot;,&quot;orientation&quot;:&quot;0&quot;}\" data-image-title=\"Captura de Pantalla 2021-02-08 a la(s) 19.53.14\" data-image-description=\"\" data-image-caption=\"\" data-medium-file=\"http:\/\/www.grieta.org.mx\/wp-content\/uploads\/2021\/02\/Captura-de-Pantalla-2021-02-08-a-las-19.53.14-300x178.png\" data-large-file=\"http:\/\/www.grieta.org.mx\/wp-content\/uploads\/2021\/02\/Captura-de-Pantalla-2021-02-08-a-las-19.53.14.png\" class=\"aligncenter wp-image-56856\" src=\"http:\/\/www.grieta.org.mx\/wp-content\/uploads\/2021\/02\/Captura-de-Pantalla-2021-02-08-a-las-19.53.14.png\" alt=\"\" width=\"800\" height=\"476\" srcset=\"http:\/\/www.grieta.org.mx\/wp-content\/uploads\/2021\/02\/Captura-de-Pantalla-2021-02-08-a-las-19.53.14.png 952w, http:\/\/www.grieta.org.mx\/wp-content\/uploads\/2021\/02\/Captura-de-Pantalla-2021-02-08-a-las-19.53.14-300x178.png 300w, http:\/\/www.grieta.org.mx\/wp-content\/uploads\/2021\/02\/Captura-de-Pantalla-2021-02-08-a-las-19.53.14-768x457.png 768w, http:\/\/www.grieta.org.mx\/wp-content\/uploads\/2021\/02\/Captura-de-Pantalla-2021-02-08-a-las-19.53.14-841x500.png 841w\" sizes=\"auto, (max-width: 800px) 100vw, 800px\" \/><\/a><\/p>\n<p>Iztel Nicte Uc Dom\u00ednguez \/ La Silla Rota<\/p>\n<p>De 2011 a 2016 se registraron 200 denuncias por trata de personas con fines de explotaci\u00f3n sexual en Tlaxcala. \u201cDurante el mismo periodo solo se han registrado 13 sentencias condenatorias\u201d, se\u00f1al\u00f3 Alma Carina Cuevas, durante la conferencia semanal de Nosotras Tenemos Otros Datos.<\/p>\n<p>Tlaxcala ha sido identificada por acad\u00e9micas, investigadoras y defensoras de derechos humanos, como la entidad federativa con mayor presencia de trata de personas con fines de explotaci\u00f3n sexual. En Tlaxcala existen grupos poderosos de trata de personas. Es un lugar de captaci\u00f3n, tr\u00e1fico y explotaci\u00f3n de personas con fines sexuales.<\/p>\n<p>De acuerdo con la Investigadora de Tlaxcala, Alma Carina Cuevas, en esta entidad el fen\u00f3meno de la trata con fines de explotaci\u00f3n sexual ha incrementado. Adem\u00e1s, se\u00f1al\u00f3 durante la conferencia \u201cFeminicidios, trata y crimen organizado\u201d que la impunidad promueve la permanencia y el aumento de este delito.<\/p>\n<p>La investigadora sostuvo que de 2011 a 2016 se registraron 200 denuncias por trata con fines de explotaci\u00f3n sexual, y durante el mismo periodo, solo se han registrado 13 sentencias condenatorias. \u201cUn porcentaje muy alto queda en impunidad\u201d, afirm\u00f3.<br \/>\nLa cultura machista institucional sostiene al sistema proxeneta<\/p>\n<p>La ponente hizo \u00e9nfasis en que la cultura machista institucional sostiene a un sistema proxeneta a trav\u00e9s de acciones y, sobre todo, omisiones.<\/p>\n<p>Tambi\u00e9n se\u00f1al\u00f3 que existe una complicidad entre las autoridades y los tratantes. Esto se observa en el amplio otorgamiento de permisos para lugares como table dance, los cuales son espacios de prostituci\u00f3n disfrazados de bares. Incluso, se dan permisos excesivos para construir hoteles sin una justificaci\u00f3n clara.<br \/>\nSistema proxeneta<\/p>\n<p>El sistema proxeneta es una categor\u00eda de an\u00e1lisis del antrop\u00f3logo Oscar Montiel, quien a trav\u00e9s de sus investigaciones logr\u00f3 identificar diversos elementos de la trata en Tlaxcala. El autor identific\u00f3 que las pr\u00e1cticas de explotaci\u00f3n sexual est\u00e1n adaptadas a sistemas de reciprocidad, parentesco y compadrazgo. Esto posibilita la reproducci\u00f3n social de los proxenetas rurales.<br \/>\nEl Modus Operandi<\/p>\n<p>De acuerdo con una investigaci\u00f3n realizada por el Centro Frey Juli\u00e1n Garc\u00e9s, y retomada por el Instituto Nacional de las Mujeres (Inmujeres), existen dos modus operandi de los delincuentes para reclutar mujeres: el primero se trata del enamoramiento. Los varones enamoran y enga\u00f1an a las mujeres, las convencen de casarse e ir a vivir con ellos y despu\u00e9s las obligan a prostituirse. En el segundo, los hombres van a lugares m\u00e1s alejados, como zonas rurales, donde se hacen amigos de otros hombres; los emborrachan y compran a sus hijas o familiares mujeres por 15 mil o 20 mil pesos.<\/p>\n<p>Una encuesta realizada a sexoservidoras por la Asociaci\u00f3n para el Desarrollo Integral A.C., confirm\u00f3 la existencia de redes de trata, principalmente en Tlaxcala y Puebla. El 54% de las mujeres entrevistadas dijo haber iniciado en la prostituci\u00f3n entre los 15 y 21 a\u00f1os de edad, mediante enga\u00f1os o amenazas de sus parejas. El 32% de las entrevistadas dijo ser originaria de Tlaxcala y Puebla.<\/p>\n<p>El padrote<\/p>\n<p>De acuerdo con el texto Trata de mujeres en Tlaxcala del Inmujeres, la trata de personas en lugares como Tlaxcala requiere una serie de condicionamientos que hacen posible la figura del \u201cpadrote\u201d, lo que requiere elementos de la cultura patriarcal, donde se encuentran tambi\u00e9n sus familias, los due\u00f1os de bares y hoteles, as\u00ed como las autoridades que lo permiten.<\/p>\n<p>Se trata de una compleja red de complicidades entre los hombres de la regi\u00f3n, con la que utilizan la trata de personas con fines de explotaci\u00f3n sexual como un negocio que se transmite entre las familias.<\/p>\n<p><a href=\"https:\/\/lasillarota.com\/lacaderadeeva\/feministas-senalan-sistema-proxeneta-en-tlaxcala\/436903\">https:\/\/lasillarota.com\/lacaderadeeva\/feministas-senalan-sistema-proxeneta-en-tlaxcala\/436903<\/a><\/p>\n","protected":false},"excerpt":{"rendered":"<p>Iztel Nicte Uc Dom\u00ednguez \/ La Silla Rota De 2011 a 2016 se registraron 200 denuncias por trata de personas con fines de explotaci\u00f3n sexual en Tlaxcala. \u201cDurante el mismo &hellip; <a href=\"http:\/\/www.grieta.org.mx\/index.php\/2020\/09\/29\/feministas-senalan-sistema-proxeneta-en-tlaxcala\/\" class=\"more-link\">Leer m\u00e1s<\/a><\/p>\n","protected":false},"author":1,"featured_media":56856,"comment_status":"closed","ping_status":"closed","sticky":false,"template":"","format":"standard","meta":{"ngg_post_thumbnail":0,"_jetpack_newsletter_access":"","_jetpack_dont_email_post_to_subs":false,"_jetpack_newsletter_tier_id":0,"_jetpack_memberships_contains_paywalled_content":false,"_jetpack_memberships_contains_paid_content":false,"footnotes":""},"categories":[80,2,34,1266,3591],"tags":[417,1630],"class_list":["post-56855","post","type-post","status-publish","format-standard","has-post-thumbnail","hentry","category-cintillo","category-noticias-nacionales","category-tlaxcala","category-trata-de-personas-en-tlaxcala","category-violencia-contra-las-mujeres-en-tlaxcala","tag-trata-de-personas","tag-violencia-contra-las-mujeres","entry"],"jetpack_featured_media_url":"http:\/\/www.grieta.org.mx\/wp-content\/uploads\/2021\/02\/Captura-de-Pantalla-2021-02-08-a-las-19.53.14.png","jetpack_sharing_enabled":true,"jetpack_shortlink":"https:\/\/wp.me\/p7ZJR4-eN1","jetpack_likes_enabled":false,"jetpack-related-posts":[{"id":16988,"url":"http:\/\/www.grieta.org.mx\/index.php\/2016\/07\/13\/explotacion-sexual-de-mujeres-economia-base-de-tlaxcala\/","url_meta":{"origin":56855,"position":0},"title":"Explotaci\u00f3n sexual de mujeres, econom\u00eda base de Tlaxcala","author":"grieta","date":"13 julio, 2016","format":false,"excerpt":"Padrotes ponen de nueva cuenta al Estado de Tlaxcala en el plano internacional, al ser calificado como el Estado donde una gran parte de pobladores se dedican a la trata de personas y la econom\u00eda base de la entidad es la explotaci\u00f3n sexual de mujeres que en un a\u00f1o deja\u2026","rel":"","context":"En &quot;CINTILLO&quot;","block_context":{"text":"CINTILLO","link":"http:\/\/www.grieta.org.mx\/index.php\/category\/cintillo\/"},"img":{"alt_text":"","src":"https:\/\/i0.wp.com\/www.grieta.org.mx\/wp-content\/uploads\/2018\/03\/14524434_1106112876131411_958039263622046936_o.jpg?resize=350%2C200","width":350,"height":200,"srcset":"https:\/\/i0.wp.com\/www.grieta.org.mx\/wp-content\/uploads\/2018\/03\/14524434_1106112876131411_958039263622046936_o.jpg?resize=350%2C200 1x, https:\/\/i0.wp.com\/www.grieta.org.mx\/wp-content\/uploads\/2018\/03\/14524434_1106112876131411_958039263622046936_o.jpg?resize=525%2C300 1.5x, https:\/\/i0.wp.com\/www.grieta.org.mx\/wp-content\/uploads\/2018\/03\/14524434_1106112876131411_958039263622046936_o.jpg?resize=700%2C400 2x"},"classes":[]},{"id":6421,"url":"http:\/\/www.grieta.org.mx\/index.php\/2015\/11\/20\/desmantelan-banda-de-trata-de-personas-captaban-a-sus-victimas-en-tlaxcala-y-las-mandaban-a-eu\/","url_meta":{"origin":56855,"position":1},"title":"Desmantelan banda de trata de personas; captaban a sus v\u00edctimas en Tlaxcala y las mandaban a EU","author":"grieta","date":"20 noviembre, 2015","format":false,"excerpt":"Redacci\u00f3n\/Animal Pol\u00edtico En un operativo simultaneo realizado en Tlaxcala y en Nueva York, elementos federales y del Departamento de Seguridad Interna de Estados Unidos detuvieron a ocho personas, a quienes se les vincula con los delitos de delincuencia organizada, trata y tr\u00e1fico de personas con fines de explotaci\u00f3n sexual, trata\u2026","rel":"","context":"En &quot;CINTILLO&quot;","block_context":{"text":"CINTILLO","link":"http:\/\/www.grieta.org.mx\/index.php\/category\/cintillo\/"},"img":{"alt_text":"","src":"https:\/\/i0.wp.com\/www.grieta.org.mx\/wp-content\/uploads\/2018\/03\/14524434_1106112876131411_958039263622046936_o.jpg?resize=350%2C200","width":350,"height":200,"srcset":"https:\/\/i0.wp.com\/www.grieta.org.mx\/wp-content\/uploads\/2018\/03\/14524434_1106112876131411_958039263622046936_o.jpg?resize=350%2C200 1x, https:\/\/i0.wp.com\/www.grieta.org.mx\/wp-content\/uploads\/2018\/03\/14524434_1106112876131411_958039263622046936_o.jpg?resize=525%2C300 1.5x, https:\/\/i0.wp.com\/www.grieta.org.mx\/wp-content\/uploads\/2018\/03\/14524434_1106112876131411_958039263622046936_o.jpg?resize=700%2C400 2x"},"classes":[]},{"id":20903,"url":"http:\/\/www.grieta.org.mx\/index.php\/2016\/09\/04\/evaluaran-pertinencia-de-alerta-de-violencia-de-genero-contra-mujeres-en-tlaxcala\/","url_meta":{"origin":56855,"position":2},"title":"Evaluar\u00e1n pertinencia de Alerta de Violencia de G\u00e9nero contra Mujeres en Tlaxcala","author":"grieta","date":"4 septiembre, 2016","format":false,"excerpt":"Por Samatha P\u00e1ez El pasado 30 de agosto la titular del Instituto Nacional de la Mujeres (Inmujeres), Lorena Cruz S\u00e1nchez, notific\u00f3 a la organizaci\u00f3n Todos para Todos la admisi\u00f3n de la solicitud para declarar la Alerta por Violencia de G\u00e9nero contra las Mujeres (AVGM) en 13 municipios de Tlaxcala, debido\u2026","rel":"","context":"En &quot;CINTILLO&quot;","block_context":{"text":"CINTILLO","link":"http:\/\/www.grieta.org.mx\/index.php\/category\/cintillo\/"},"img":{"alt_text":"","src":"https:\/\/i0.wp.com\/www.grieta.org.mx\/wp-content\/uploads\/2016\/09\/trata-tlaxcala-el-universal.jpg?resize=350%2C200","width":350,"height":200,"srcset":"https:\/\/i0.wp.com\/www.grieta.org.mx\/wp-content\/uploads\/2016\/09\/trata-tlaxcala-el-universal.jpg?resize=350%2C200 1x, https:\/\/i0.wp.com\/www.grieta.org.mx\/wp-content\/uploads\/2016\/09\/trata-tlaxcala-el-universal.jpg?resize=525%2C300 1.5x, https:\/\/i0.wp.com\/www.grieta.org.mx\/wp-content\/uploads\/2016\/09\/trata-tlaxcala-el-universal.jpg?resize=700%2C400 2x"},"classes":[]},{"id":6067,"url":"http:\/\/www.grieta.org.mx\/index.php\/2016\/01\/19\/mujeres-jovenes-perfil-de-desaparecidas-entre-puebla-y-tlaxcala-2\/","url_meta":{"origin":56855,"position":3},"title":"Mujeres j\u00f3venes, perfil de desaparecidas entre Puebla y Tlaxcala","author":"grieta","date":"19 enero, 2016","format":false,"excerpt":"Samantha P\u00e1ez\/e-tlaxcala El perfil de personas desaparecidas en Tlaxcala es de mujeres j\u00f3venes, de acuerdo con datos del Registro Nacional de Datos de Personas Extraviadas o Desaparecidas. De los 19 casos reportados, de 2009 a 2015, nueve son mujeres y siete de ellas tienen menos de 18 a\u00f1os de edad.\u2026","rel":"","context":"En &quot;CINTILLO&quot;","block_context":{"text":"CINTILLO","link":"http:\/\/www.grieta.org.mx\/index.php\/category\/cintillo\/"},"img":{"alt_text":"","src":"https:\/\/i0.wp.com\/www.grieta.org.mx\/wp-content\/uploads\/2018\/03\/14524434_1106112876131411_958039263622046936_o.jpg?resize=350%2C200","width":350,"height":200,"srcset":"https:\/\/i0.wp.com\/www.grieta.org.mx\/wp-content\/uploads\/2018\/03\/14524434_1106112876131411_958039263622046936_o.jpg?resize=350%2C200 1x, https:\/\/i0.wp.com\/www.grieta.org.mx\/wp-content\/uploads\/2018\/03\/14524434_1106112876131411_958039263622046936_o.jpg?resize=525%2C300 1.5x, https:\/\/i0.wp.com\/www.grieta.org.mx\/wp-content\/uploads\/2018\/03\/14524434_1106112876131411_958039263622046936_o.jpg?resize=700%2C400 2x"},"classes":[]},{"id":32935,"url":"http:\/\/www.grieta.org.mx\/index.php\/2019\/04\/26\/son-de-puebla-41-de-mujeres-explotadas-sexualmente-en-eu\/","url_meta":{"origin":56855,"position":4},"title":"Son de Puebla 41% de mujeres explotadas sexualmente en EU","author":"grieta","date":"26 abril, 2019","format":false,"excerpt":"Karen Meza \/ El Sol de Puebla El 30 por ciento de las v\u00edctimas de explotaci\u00f3n sexual en Puebla durante 2018 fueron mujeres menores de 18 a\u00f1os, report\u00f3 el Secretariado Ejecutivo del Sistema Nacional de Seguridad P\u00fablica (SESNSP). De acuerdo a los registros ante la Fiscal\u00eda General del Estado (FGE)\u2026","rel":"","context":"En &quot;CINTILLO&quot;","block_context":{"text":"CINTILLO","link":"http:\/\/www.grieta.org.mx\/index.php\/category\/cintillo\/"},"img":{"alt_text":"","src":"https:\/\/i0.wp.com\/www.grieta.org.mx\/wp-content\/uploads\/2019\/05\/trata-de-personas.jpg?resize=350%2C200","width":350,"height":200,"srcset":"https:\/\/i0.wp.com\/www.grieta.org.mx\/wp-content\/uploads\/2019\/05\/trata-de-personas.jpg?resize=350%2C200 1x, https:\/\/i0.wp.com\/www.grieta.org.mx\/wp-content\/uploads\/2019\/05\/trata-de-personas.jpg?resize=525%2C300 1.5x, https:\/\/i0.wp.com\/www.grieta.org.mx\/wp-content\/uploads\/2019\/05\/trata-de-personas.jpg?resize=700%2C400 2x"},"classes":[]},{"id":6424,"url":"http:\/\/www.grieta.org.mx\/index.php\/2015\/05\/13\/tenancingo-tlaxcala-cuna-de-la-trata-de-personas\/","url_meta":{"origin":56855,"position":5},"title":"Tenancingo, Tlaxcala, cuna de la trata de personas","author":"grieta","date":"13 mayo, 2015","format":false,"excerpt":"Redacci\u00f3n\/Aristegui Noticias La llamada esclavitud moderna se ha enquistado a tal grado en las sociedades modernas que hay comunidades mexicanas, como Tenancingo, en el estado de Tlaxcala, que basa su econom\u00eda en las redes creadas por delincuentes para explotar sexualmente a cientos de mujeres, tanto en el pa\u00eds como fuera\u2026","rel":"","context":"En &quot;CINTILLO&quot;","block_context":{"text":"CINTILLO","link":"http:\/\/www.grieta.org.mx\/index.php\/category\/cintillo\/"},"img":{"alt_text":"","src":"https:\/\/i0.wp.com\/www.grieta.org.mx\/wp-content\/uploads\/2018\/03\/14524434_1106112876131411_958039263622046936_o.jpg?resize=350%2C200","width":350,"height":200,"srcset":"https:\/\/i0.wp.com\/www.grieta.org.mx\/wp-content\/uploads\/2018\/03\/14524434_1106112876131411_958039263622046936_o.jpg?resize=350%2C200 1x, https:\/\/i0.wp.com\/www.grieta.org.mx\/wp-content\/uploads\/2018\/03\/14524434_1106112876131411_958039263622046936_o.jpg?resize=525%2C300 1.5x, https:\/\/i0.wp.com\/www.grieta.org.mx\/wp-content\/uploads\/2018\/03\/14524434_1106112876131411_958039263622046936_o.jpg?resize=700%2C400 2x"},"classes":[]}],"_links":{"self":[{"href":"http:\/\/www.grieta.org.mx\/index.php\/wp-json\/wp\/v2\/posts\/56855","targetHints":{"allow":["GET"]}}],"collection":[{"href":"http:\/\/www.grieta.org.mx\/index.php\/wp-json\/wp\/v2\/posts"}],"about":[{"href":"http:\/\/www.grieta.org.mx\/index.php\/wp-json\/wp\/v2\/types\/post"}],"author":[{"embeddable":true,"href":"http:\/\/www.grieta.org.mx\/index.php\/wp-json\/wp\/v2\/users\/1"}],"replies":[{"embeddable":true,"href":"http:\/\/www.grieta.org.mx\/index.php\/wp-json\/wp\/v2\/comments?post=56855"}],"version-history":[{"count":1,"href":"http:\/\/www.grieta.org.mx\/index.php\/wp-json\/wp\/v2\/posts\/56855\/revisions"}],"predecessor-version":[{"id":56857,"href":"http:\/\/www.grieta.org.mx\/index.php\/wp-json\/wp\/v2\/posts\/56855\/revisions\/56857"}],"wp:featuredmedia":[{"embeddable":true,"href":"http:\/\/www.grieta.org.mx\/index.php\/wp-json\/wp\/v2\/media\/56856"}],"wp:attachment":[{"href":"http:\/\/www.grieta.org.mx\/index.php\/wp-json\/wp\/v2\/media?parent=56855"}],"wp:term":[{"taxonomy":"category","embeddable":true,"href":"http:\/\/www.grieta.org.mx\/index.php\/wp-json\/wp\/v2\/categories?post=56855"},{"taxonomy":"post_tag","embeddable":true,"href":"http:\/\/www.grieta.org.mx\/index.php\/wp-json\/wp\/v2\/tags?post=56855"}],"curies":[{"name":"wp","href":"https:\/\/api.w.org\/{rel}","templated":true}]}}