{"id":56759,"date":"2021-02-01T14:43:13","date_gmt":"2021-02-01T20:43:13","guid":{"rendered":"http:\/\/www.grieta.org.mx\/?p=56759"},"modified":"2021-02-07T15:07:40","modified_gmt":"2021-02-07T21:07:40","slug":"tortura-asesinatos-violaciones-lo-que-cndh-ha-ocultado-sobre-secuestros-a-migrantes-en-2019-y-2020","status":"publish","type":"post","link":"http:\/\/www.grieta.org.mx\/index.php\/2021\/02\/01\/tortura-asesinatos-violaciones-lo-que-cndh-ha-ocultado-sobre-secuestros-a-migrantes-en-2019-y-2020\/","title":{"rendered":"Tortura, asesinatos, violaciones: lo que CNDH ha ocultado sobre secuestros a migrantes en 2019 y 2020"},"content":{"rendered":"<p><strong>Aunque la CNDH conoc\u00eda del secuestro y extorsi\u00f3n a migrantes ha preferido mantenerlo oculto durante m\u00e1s de un a\u00f1o y no hablar de ello ni en sus informes ni en comunicados.<\/strong><\/p>\n<figure id=\"attachment_56760\" aria-describedby=\"caption-attachment-56760\" style=\"width: 800px\" class=\"wp-caption alignnone\"><img loading=\"lazy\" decoding=\"async\" data-attachment-id=\"56760\" data-permalink=\"http:\/\/www.grieta.org.mx\/index.php\/2021\/02\/01\/tortura-asesinatos-violaciones-lo-que-cndh-ha-ocultado-sobre-secuestros-a-migrantes-en-2019-y-2020\/portada-nota\/\" data-orig-file=\"http:\/\/www.grieta.org.mx\/wp-content\/uploads\/2021\/02\/PORTADA-nota.png\" data-orig-size=\"1143,600\" data-comments-opened=\"0\" data-image-meta=\"{&quot;aperture&quot;:&quot;0&quot;,&quot;credit&quot;:&quot;&quot;,&quot;camera&quot;:&quot;&quot;,&quot;caption&quot;:&quot;&quot;,&quot;created_timestamp&quot;:&quot;0&quot;,&quot;copyright&quot;:&quot;&quot;,&quot;focal_length&quot;:&quot;0&quot;,&quot;iso&quot;:&quot;0&quot;,&quot;shutter_speed&quot;:&quot;0&quot;,&quot;title&quot;:&quot;&quot;,&quot;orientation&quot;:&quot;0&quot;}\" data-image-title=\"PORTADA-nota\" data-image-description=\"\" data-image-caption=\"&lt;p&gt;Andrea Paredes y Jes\u00fas Santamar\u00eda&lt;\/p&gt;\n\" data-medium-file=\"http:\/\/www.grieta.org.mx\/wp-content\/uploads\/2021\/02\/PORTADA-nota-300x157.png\" data-large-file=\"http:\/\/www.grieta.org.mx\/wp-content\/uploads\/2021\/02\/PORTADA-nota-1024x538.png\" class=\"wp-image-56760\" src=\"http:\/\/www.grieta.org.mx\/wp-content\/uploads\/2021\/02\/PORTADA-nota-300x157.png\" alt=\"\" width=\"800\" height=\"420\" srcset=\"http:\/\/www.grieta.org.mx\/wp-content\/uploads\/2021\/02\/PORTADA-nota-300x157.png 300w, http:\/\/www.grieta.org.mx\/wp-content\/uploads\/2021\/02\/PORTADA-nota-1024x538.png 1024w, http:\/\/www.grieta.org.mx\/wp-content\/uploads\/2021\/02\/PORTADA-nota-768x403.png 768w, http:\/\/www.grieta.org.mx\/wp-content\/uploads\/2021\/02\/PORTADA-nota-953x500.png 953w, http:\/\/www.grieta.org.mx\/wp-content\/uploads\/2021\/02\/PORTADA-nota.png 1143w\" sizes=\"auto, (max-width: 800px) 100vw, 800px\" \/><figcaption id=\"caption-attachment-56760\" class=\"wp-caption-text\">Andrea Paredes y Jes\u00fas Santamar\u00eda<\/figcaption><\/figure>\n<p>Manu Ureste y Alberto Pradilla\/ ANIMAL POL\u00cdTICO<\/p>\n<p>Secuestros masivos y extorsiones, lo mismo a manos de grupos armados que de servidores p\u00fablicos. Cuerpos policiales que capturan a migrantes y los entregan al crimen organizado. Familias aterrorizadas que miran c\u00f3mo sus compa\u00f1eros de tr\u00e1nsito hacia Estados Unidos son torturados hasta sacar el n\u00famero de tel\u00e9fono de alguien que pueda pagar por ellos.<\/p>\n<p>Son escenas de lo que personas migrantes han vivido en M\u00e9xico cada d\u00eda de los \u00faltimos dos a\u00f1os, en el gobierno de Andr\u00e9s Manuel L\u00f3pez Obrador, y que la actual Comisi\u00f3n Nacional de Derechos Humanos (CNDH) se ha encargado de silenciar y ocultar.<\/p>\n<p>El asesinato de 19 migrantes ocurrido el pasado 24 de enero en Camargo, Tamaulipas, es solo el \u00faltimo ejemplo de una larga historia de violaciones a los derechos humanos de quienes van en ruta hacia Estados Unidos.<\/p>\n<p>Pero esta violencia no es un hecho aislado.<\/p>\n<p>Entre septiembre de 2019 y febrero del a\u00f1o pasado, la CNDH elabor\u00f3 32 documentos con testimonios que narran torturas, amputaciones, violaciones, y asesinatos de personas migrantes, entre las que habr\u00eda mujeres, ni\u00f1os, ni\u00f1as y adolescentes. En las agresiones estuvieron involucrados integrantes del crimen organizado, pero tambi\u00e9n funcionarios estatales y federales de la polic\u00eda, seg\u00fan el relato de las v\u00edctimas.<\/p>\n<p>Los documentos a los que Animal Pol\u00edtico tuvo acceso muestran que los testimonios fueron tomados por la CNDH en seis estaciones migratorias y estancias provisionales de detenci\u00f3n, as\u00ed como en 12 albergues de la sociedad civil en el norte, centro y el sur del pa\u00eds.<\/p>\n<p>Y que las autoridades actuales de la CNDH tienen pleno conocimiento de los casos.<\/p>\n<p>La propia titular de la Comisi\u00f3n, Rosario Piedra Ibarra, recibi\u00f3 por escrito el 20 de noviembre de 2019, tan solo cuatro d\u00edas despu\u00e9s de asumir el cargo, copia de los testimonios de agresiones a migrantes recabados entre el 24 y 26 de septiembre en Tapachula y en Arriaga, en la frontera sur de M\u00e9xico. As\u00ed lo prueba el oficio OF\/TAP\/573\/2019, elaborado por la Oficina For\u00e1nea de la CNDH en Tapachula.<\/p>\n<p>Lee: CNDH: oportunidad perdida<\/p>\n<p>El 4 de febrero de 2020, Elizabeth Lara Rodr\u00edguez, la nueva directora general de la Quinta Visitadur\u00eda, recibi\u00f3 copia del oficio SE\/DOI\/0140\/20, elaborado por la directora de Organismos Internacionales de la CNDH, \u00c1ngeles Corte. En el escrito, que este medio obtuvo por transparencia p\u00fablica, se expone que M\u00e9dicos Sin Fronteras inform\u00f3 del secuestro de 11 j\u00f3venes hondure\u00f1os que fueron agredidos \u201cf\u00edsica y sexualmente\u201d en Tabasco, advirtiendo, adem\u00e1s, que \u201clos m\u00e9todos de tortura\u201d y \u201cla violencia\u201d contra los migrantes en la zona \u201cno son aislados\u201d.<\/p>\n<p>El 13 de mayo de 2020, la Direcci\u00f3n General de la Quinta Visitadur\u00eda tambi\u00e9n recibi\u00f3 por escrito una nota informativa de personal de la propia CNDH, donde se advierte que las agresiones y secuestros de migrantes en el pa\u00eds siguen sucediendo con los mismos niveles de violencia que hace una d\u00e9cada, cuando la Comisi\u00f3n public\u00f3 en 2009 y 2011 sendos informes especiales sobre agresiones sistem\u00e1ticas a migrantes en M\u00e9xico.<\/p>\n<p>A pesar de lo anterior, la CNDH ha optado por mantener oculta la informaci\u00f3n por m\u00e1s de un a\u00f1o, y no dar a conocer p\u00fablicamente estas violaciones. No lo ha hecho en comunicados, ni en recomendaciones, ni en un informe especial. Ni siquiera hizo menci\u00f3n a un solo caso de secuestros de migrantes en el primer informe de actividades de Rosario Piedra al frente de la CNDH, el pasado 20 de noviembre.<\/p>\n<p>La CNDH, incluso, clasific\u00f3 como informaci\u00f3n \u201creservada\u201d los testimonios, alegando que transparentarlos pondr\u00eda en riesgo la vida de los migrantes, a pesar de que esos testimonios son an\u00f3nimos; es decir, no incluyen nombres, ni direcciones, ni ning\u00fan otro dato personal de la v\u00edctima, salvo la nacionalidad, y la fecha y el lugar donde fueron recabados los casos.<\/p>\n<p>Mientras la CNDH reserva la informaci\u00f3n, el presidente Andr\u00e9s Manuel L\u00f3pez Obrador insiste que, en su gesti\u00f3n, \u201cya no se violan los derechos humanos de los migrantes\u201d. Aunque los testimonios silenciados por el \u00f3rgano aut\u00f3nomo lo contradicen.<\/p>\n<p>\u201cEn el lugar donde nos encerraron hab\u00eda cad\u00e1veres de ni\u00f1os y adultos regados por el piso\u201d, relat\u00f3 uno de los migrantes entrevistados por la CNDH en un albergue de Tijuana, Baja California.<\/p>\n<p>Lee: La CNDH contrat\u00f3 a un capacitador electoral para defender a v\u00edctimas de tortura<\/p>\n<p>\u201cNos hicieron caminar por el monte hasta una ca\u00f1era, y ah\u00ed nos robaron todo. Nos golpearon y nos pidieron los n\u00fameros de nuestros familiares. Mis sobrinos dieron el n\u00famero de mi hermana, su mam\u00e1, porque estaban espantados. Empezaron a golpear fuerte a mis sobrinos para que su mam\u00e1 escuchara los gritos mientras le ped\u00edan el rescate. Mi hermana termin\u00f3 pagando tres mil d\u00f3lares por nosotros\u201d, dijo otro migrante hondure\u00f1o en un albergue en Tenosique, Tabasco.<\/p>\n<p>\u201cMe pegaban con las manos en la nuca y en las piernas con un garrote repetidamente para sacarme informacio\u0301n. Me amarraron toda la noche y marcaban de mi tele\u0301fono a mis contactos para torturarlos y exigirles dinero para no matarme\u201d, relat\u00f3 un guatemalteco en un albergue en Torre\u00f3n, Coahuila.<\/p>\n<p>Desde el pasado 7 de enero, Animal Pol\u00edtico ha buscado hasta en cuatro ocasiones a la CNDH para conocer su postura.<\/p>\n<p>Si bien no concedi\u00f3 entrevista, la CNDH envi\u00f3 el 8 de enero un resumen de 44 comunicados de prensa con diversas recomendaciones emitidas en defensa de migrantes. No obstante, ninguna de esas recomendaciones est\u00e1 relacionada con los casos de secuestros masivos.<\/p>\n<p>Este mismo lunes 1 de febrero, ante la insistencia de este medio en obtener una entrevista, la CNDH envi\u00f3 otro escrito en el que, por medio de cuatro puntos, defiende su labor de protecci\u00f3n a migrantes, se\u00f1alando que realiza visitas peri\u00f3dicas tanto a estaciones migratorias, como a albergues de la sociedad civil.<\/p>\n<p>Aqu\u00ed puedes leer \u00edntegros los puntos.<br \/>\n<a href=\"https:\/\/www.animalpolitico.com\/wp-content\/uploads\/2021\/02\/Respuesta-CNDH-a-Animal-Poli%CC%81tico.pdf\">https:\/\/www.animalpolitico.com\/wp-content\/uploads\/2021\/02\/Respuesta-CNDH-a-Animal-Poli%CC%81tico.pdf<\/a><\/p>\n<p>Adem\u00e1s, apunt\u00f3 que en 2020 emiti\u00f3 10 recomendaciones al Estado mexicano por violaciones de derechos humanos a migrantes. Y asegur\u00f3 que actualmente se encuentra realizando un \u201can\u00e1lisis\u201d para \u201cevaluar las capacidades institucionales del Estado mexicano para cumplir con los derechos\u201d de los migrantes, \u201ca fin de exhortar a que se fortalezcan las instituciones que deben atender a las personas (migrantes)\u201d, tanto a las que son v\u00edctimas de secuestro, como a quienes viajan en caravanas, solicitantes de asilo, etc\u00e9tera.<\/p>\n<p>Sin embargo, la CNDH tampoco explic\u00f3 en este \u00faltimo escrito por qu\u00e9 no ha dado a conocer los testimonios de secuestros masivos, de los que, a continuaci\u00f3n, se revela una muestra.<\/p>\n<p>Este es el M\u00e9xico al que decenas de miles de migrantes se enfrentan a diario, la situaci\u00f3n que la CNDH ha mantenido oculta.<\/p>\n<figure id=\"attachment_56761\" aria-describedby=\"caption-attachment-56761\" style=\"width: 800px\" class=\"wp-caption alignnone\"><img loading=\"lazy\" decoding=\"async\" data-attachment-id=\"56761\" data-permalink=\"http:\/\/www.grieta.org.mx\/index.php\/2021\/02\/01\/tortura-asesinatos-violaciones-lo-que-cndh-ha-ocultado-sobre-secuestros-a-migrantes-en-2019-y-2020\/1-no-recuerdo-cuantos-ni\/\" data-orig-file=\"http:\/\/www.grieta.org.mx\/wp-content\/uploads\/2021\/02\/1-no-recuerdo-cuantos-ni.png\" data-orig-size=\"952,500\" data-comments-opened=\"0\" data-image-meta=\"{&quot;aperture&quot;:&quot;0&quot;,&quot;credit&quot;:&quot;&quot;,&quot;camera&quot;:&quot;&quot;,&quot;caption&quot;:&quot;&quot;,&quot;created_timestamp&quot;:&quot;0&quot;,&quot;copyright&quot;:&quot;&quot;,&quot;focal_length&quot;:&quot;0&quot;,&quot;iso&quot;:&quot;0&quot;,&quot;shutter_speed&quot;:&quot;0&quot;,&quot;title&quot;:&quot;&quot;,&quot;orientation&quot;:&quot;0&quot;}\" data-image-title=\"1-no-recuerdo-cuantos-ni\" data-image-description=\"\" data-image-caption=\"&lt;p&gt;Ilustraci\u00f3n: Andrea Paredes y Jes\u00fas Santamar\u00eda&lt;\/p&gt;\n\" data-medium-file=\"http:\/\/www.grieta.org.mx\/wp-content\/uploads\/2021\/02\/1-no-recuerdo-cuantos-ni-300x158.png\" data-large-file=\"http:\/\/www.grieta.org.mx\/wp-content\/uploads\/2021\/02\/1-no-recuerdo-cuantos-ni.png\" class=\"wp-image-56761\" src=\"http:\/\/www.grieta.org.mx\/wp-content\/uploads\/2021\/02\/1-no-recuerdo-cuantos-ni-300x158.png\" alt=\"\" width=\"800\" height=\"420\" srcset=\"http:\/\/www.grieta.org.mx\/wp-content\/uploads\/2021\/02\/1-no-recuerdo-cuantos-ni-300x158.png 300w, http:\/\/www.grieta.org.mx\/wp-content\/uploads\/2021\/02\/1-no-recuerdo-cuantos-ni-768x403.png 768w, http:\/\/www.grieta.org.mx\/wp-content\/uploads\/2021\/02\/1-no-recuerdo-cuantos-ni.png 952w\" sizes=\"auto, (max-width: 800px) 100vw, 800px\" \/><figcaption id=\"caption-attachment-56761\" class=\"wp-caption-text\">Ilustraci\u00f3n: Andrea Paredes y Jes\u00fas Santamar\u00eda<\/figcaption><\/figure>\n<p><strong>\u201cYa no recuerdo cu\u00e1ntas veces ni cu\u00e1ntos me violaron\u201d<\/strong><br \/>\nPa\u00eds de origen: Honduras<\/p>\n<p>Fecha y lugar donde la CNDH tom\u00f3 el testimonio: 1 octubre 2019, Santa Catarina, Nuevo Le\u00f3n<\/p>\n<p>\u201cTuve que huir de mi pai\u0301s con seis meses de embarazo porque el marero con el que vivi\u0301a ya teni\u0301a vendido a mi hijo cuando naciera.<\/p>\n<p>Llegando al municipio de Vanegas, cerca de San Luis Potosi\u0301, unos polici\u0301as municipales subieron al camio\u0301n donde viajaba y me quitaron el dinero. Despue\u0301s me entregaron a otras personas con uniforme oscuro con un mapa de Me\u0301xico en la parte alta de la manga. Ellos me llevaron a otro lugar donde habi\u0301a otras ocho mujeres. Supe que era un secuestro porque nos obligaban a hablarles a nuestros familiares y a pedir dinero por nuestras vidas.<\/p>\n<p>Practicaban el snuff: violaban a una entre todos mientras la acuchillaban. Yo recuerdo ver pedazos de cuerpos y a ellos masturb\u00e1ndose. Nos pegaban y violaban en repetidas ocasiones. Ya no recuerdo cu\u00e1ntas veces ni cu\u00e1ntos me violaron porque casi siempre me desmayaba. Les imploraba para que pararan, pero no serv\u00eda de nada. Al contrario, me hac\u00edan m\u00e1s da\u00f1o. Me dec\u00edan que me matar\u00edan si gritaba.<\/p>\n<p>Enfrente de m\u00ed mataron a algunas mujeres. Nos trataban como si fue\u0301ramos sus juguetes ero\u0301ticos. Por m\u00ed pagaron 850 do\u0301lares.<\/p>\n<p>Por las armas y las claves que utilizaban para hablar, casi puedo asegurar que eran polici\u0301as los que me secuestraron. Sali\u0301 de ahi\u0301 totalmente perdida, humillada, golpeada, hinchada y desmoralizada. Tuve que acogerme a un programa de protecci\u00f3n de v\u00edctimas. He tardado mucho en poder recuperar mi vida.<\/p>\n<p>Me toco\u0301 recorrer mucho y vivir muy malas experiencias en Me\u0301xico. Mi hija tuvo que nacer en Me\u0301xico, y nacio\u0301 bien gracias a los cuidados que me dieron en el albergue\u201d.<\/p>\n<figure id=\"attachment_56762\" aria-describedby=\"caption-attachment-56762\" style=\"width: 800px\" class=\"wp-caption alignnone\"><img loading=\"lazy\" decoding=\"async\" data-attachment-id=\"56762\" data-permalink=\"http:\/\/www.grieta.org.mx\/index.php\/2021\/02\/01\/tortura-asesinatos-violaciones-lo-que-cndh-ha-ocultado-sobre-secuestros-a-migrantes-en-2019-y-2020\/2-eramos-75-en-cada-casa\/\" data-orig-file=\"http:\/\/www.grieta.org.mx\/wp-content\/uploads\/2021\/02\/2-eramos-75-en-cada-casa-.png\" data-orig-size=\"952,500\" data-comments-opened=\"0\" data-image-meta=\"{&quot;aperture&quot;:&quot;0&quot;,&quot;credit&quot;:&quot;&quot;,&quot;camera&quot;:&quot;&quot;,&quot;caption&quot;:&quot;&quot;,&quot;created_timestamp&quot;:&quot;0&quot;,&quot;copyright&quot;:&quot;&quot;,&quot;focal_length&quot;:&quot;0&quot;,&quot;iso&quot;:&quot;0&quot;,&quot;shutter_speed&quot;:&quot;0&quot;,&quot;title&quot;:&quot;&quot;,&quot;orientation&quot;:&quot;0&quot;}\" data-image-title=\"2-eramos-75-en-cada-casa-\" data-image-description=\"\" data-image-caption=\"&lt;p&gt;Ilustraci\u00f3n: Andrea Paredes y Jes\u00fas Santamar\u00eda&lt;\/p&gt;\n\" data-medium-file=\"http:\/\/www.grieta.org.mx\/wp-content\/uploads\/2021\/02\/2-eramos-75-en-cada-casa--300x158.png\" data-large-file=\"http:\/\/www.grieta.org.mx\/wp-content\/uploads\/2021\/02\/2-eramos-75-en-cada-casa-.png\" class=\"wp-image-56762\" src=\"http:\/\/www.grieta.org.mx\/wp-content\/uploads\/2021\/02\/2-eramos-75-en-cada-casa--300x158.png\" alt=\"\" width=\"800\" height=\"420\" srcset=\"http:\/\/www.grieta.org.mx\/wp-content\/uploads\/2021\/02\/2-eramos-75-en-cada-casa--300x158.png 300w, http:\/\/www.grieta.org.mx\/wp-content\/uploads\/2021\/02\/2-eramos-75-en-cada-casa--768x403.png 768w, http:\/\/www.grieta.org.mx\/wp-content\/uploads\/2021\/02\/2-eramos-75-en-cada-casa-.png 952w\" sizes=\"auto, (max-width: 800px) 100vw, 800px\" \/><figcaption id=\"caption-attachment-56762\" class=\"wp-caption-text\">Ilustraci\u00f3n: Andrea Paredes y Jes\u00fas Santamar\u00eda<\/figcaption><\/figure>\n<p><strong>\u201c\u00c9ramos 75 en cada casa de seguridad. Ped\u00edan 5 mil 500 d\u00f3lares por cada uno\u201d<\/strong><br \/>\nPa\u00eds de origen: Guatemala<\/p>\n<p>Fecha y lugar donde la CNDH tom\u00f3 el testimonio: 25 septiembre 2019, Huixtla, Chiapas<\/p>\n<p>\u201cEsto fue el 15 de febrero de 2019, cuando entr\u00e9 por la Mesilla con 50 personas y un pollero. Llegamos a Villahermosa (Tabasco) y ah\u00ed nos reunimos con m\u00e1s gente. \u00c9ramos en total alrededor de 425 personas. A todos nos metieron en tr\u00e1ileres.<\/p>\n<p>Recuerdo que salimos un martes por la noche. Como llevaba mi celular, el jueves me di cuenta por el GPS de que est\u00e1bamos en Altamira, Tamaulipas. Ah\u00ed de repente el tr\u00e1iler se par\u00f3. Abrieron las puertas y aparecieron muchos hombres armados. Nos bajaron y nos metieron a otro cami\u00f3n sin techo, de esos donde llevan ganado. En el m\u00edo \u00edbamos como 70 hombres. Todos hacinados.<\/p>\n<p>Tardamos alrededor de seis horas en llegar a Heroica Matamoros (Tamaulipas). Ah\u00ed, nos quitaron los tel\u00e9fonos y el dinero que carg\u00e1bamos, y nos metieron en diferentes casas peque\u00f1as. \u00c9ramos como 75 por casa. Todas bien encerradas. Luego nos dijeron que nos iban a cruzar (a Estados Unidos), pero quer\u00edan antes 5 mil 500 d\u00f3lares por cada uno. Creo que eran los del C\u00e1rtel del Golfo. Gente muy violenta, bien armada, y con chalecos antibalas, gorros, y pasamonta\u00f1as.<\/p>\n<p>Fue un secuestro muy grande, de ah\u00ed que las autoridades se dieron cuenta. Yo pienso que les pusieron el dedo y el domingo en la noche llegaron los de la Marina a rescatarnos. Pero los del c\u00e1rtel tienen gente en cada esquina que les informa, y por eso siempre encuentran la manera de escaparse. Nunca los agarran.<\/p>\n<p>(Las autoridades) nos llevaron a un albergue. Estuvimos tres d\u00edas en el refugio y luego nos llevaron a la estaci\u00f3n migratoria Siglo XXI (de Tapachula, Chiapas). All\u00ed, al ingresar, el personal te dice: \u2018Bienvenido al infierno\u2019.<\/p>\n<p>Me devolvieron a mi pa\u00eds el 1 de marzo de 2019. Pero volv\u00ed a intentar cruzar en septiembre de ese mismo a\u00f1o. Le pagu\u00e9 25 mil quetzales a un pollero por dejarme en la frontera y me volvieron a agarrar. Ahora estoy detenido en Huixtla (Chiapas) y me van a deportar otra vez.<\/p>\n<p>M\u00e9xico cuesta cruzarlo. Dejas mucho dinero aqu\u00ed y ni as\u00ed logras llegar a tu destino\u201d.<\/p>\n<figure id=\"attachment_56763\" aria-describedby=\"caption-attachment-56763\" style=\"width: 800px\" class=\"wp-caption alignnone\"><img loading=\"lazy\" decoding=\"async\" data-attachment-id=\"56763\" data-permalink=\"http:\/\/www.grieta.org.mx\/index.php\/2021\/02\/01\/tortura-asesinatos-violaciones-lo-que-cndh-ha-ocultado-sobre-secuestros-a-migrantes-en-2019-y-2020\/3-me-secuestro-la\/\" data-orig-file=\"http:\/\/www.grieta.org.mx\/wp-content\/uploads\/2021\/02\/3-Me-secuestro\u0301-la.png\" data-orig-size=\"952,500\" data-comments-opened=\"0\" data-image-meta=\"{&quot;aperture&quot;:&quot;0&quot;,&quot;credit&quot;:&quot;&quot;,&quot;camera&quot;:&quot;&quot;,&quot;caption&quot;:&quot;&quot;,&quot;created_timestamp&quot;:&quot;0&quot;,&quot;copyright&quot;:&quot;&quot;,&quot;focal_length&quot;:&quot;0&quot;,&quot;iso&quot;:&quot;0&quot;,&quot;shutter_speed&quot;:&quot;0&quot;,&quot;title&quot;:&quot;&quot;,&quot;orientation&quot;:&quot;0&quot;}\" data-image-title=\"3-Me-secuestro\u0301-la\" data-image-description=\"\" data-image-caption=\"&lt;p&gt;Ilustraci\u00f3n: Andrea Paredes y Jes\u00fas Santamar\u00eda&lt;\/p&gt;\n\" data-medium-file=\"http:\/\/www.grieta.org.mx\/wp-content\/uploads\/2021\/02\/3-Me-secuestro\u0301-la-300x158.png\" data-large-file=\"http:\/\/www.grieta.org.mx\/wp-content\/uploads\/2021\/02\/3-Me-secuestro\u0301-la.png\" class=\"wp-image-56763\" src=\"http:\/\/www.grieta.org.mx\/wp-content\/uploads\/2021\/02\/3-Me-secuestro\u0301-la-300x158.png\" alt=\"\" width=\"800\" height=\"420\" srcset=\"http:\/\/www.grieta.org.mx\/wp-content\/uploads\/2021\/02\/3-Me-secuestro\u0301-la-300x158.png 300w, http:\/\/www.grieta.org.mx\/wp-content\/uploads\/2021\/02\/3-Me-secuestro\u0301-la-768x403.png 768w, http:\/\/www.grieta.org.mx\/wp-content\/uploads\/2021\/02\/3-Me-secuestro\u0301-la.png 952w\" sizes=\"auto, (max-width: 800px) 100vw, 800px\" \/><figcaption id=\"caption-attachment-56763\" class=\"wp-caption-text\">Ilustraci\u00f3n: Andrea Paredes y Jes\u00fas Santamar\u00eda<\/figcaption><\/figure>\n<p><strong>\u201cMe secuestr\u00f3 la polic\u00eda\u201d <\/strong><br \/>\nPa\u00eds de origen: Honduras<\/p>\n<p>Fecha y lugar donde la CNDH tom\u00f3 el testimonio: 24 septiembre 2019, Tapachula, Chiapas-<\/p>\n<p>\u201cEn junio de 2019, entr\u00e9 con cuatro amigos por La Mesilla (frontera sur entre Guatemala y M\u00e9xico). Un d\u00eda \u00edbamos caminando cerca de un ret\u00e9n por San Crist\u00f3bal (Chiapas) y nos detuvieron unos agentes uniformados y armados. De repente, levantaron el ret\u00e9n, nos subieron a una patrulla, y nos llevaron a una estaci\u00f3n de polic\u00eda muy cerca del ret\u00e9n. Estacionaron la patrulla y nos dejaron ah\u00ed adentro.<\/p>\n<p>Luego, uno de los agentes lleg\u00f3 y nos dijo: \u201cSi quieren salir libres tienen que pagar 60 mil pesos o los entregamos a Migraci\u00f3n\u201d.<\/p>\n<p>Nos exigieron n\u00fameros de contacto y nos obligaron a hablarle a nuestras familias para pedirles que les hicieran los dep\u00f3sitos a cuentas de otras personas. Nos retuvieron m\u00e1s de un d\u00eda y medio adentro de la patrulla. Sin comer, sin beber, y con amenazas y maltratos. Entre ellos se turnaron para cuidarnos hasta que nuestras familias negociaron con ellos, les depositaron el dinero, y nos dejaron ir.<\/p>\n<p>No s\u00e9 qu\u00e9 tipo de agentes eran. Pero yo creo que eran de la polic\u00eda estatal por lo cerca que estaba su estaci\u00f3n del ret\u00e9n que improvisaron.<\/p>\n<p>En mi pa\u00eds tambi\u00e9n corro peligro. Lo \u00fanico que busco es poder trabajar\u201d.<\/p>\n<figure id=\"attachment_56764\" aria-describedby=\"caption-attachment-56764\" style=\"width: 800px\" class=\"wp-caption alignnone\"><img loading=\"lazy\" decoding=\"async\" data-attachment-id=\"56764\" data-permalink=\"http:\/\/www.grieta.org.mx\/index.php\/2021\/02\/01\/tortura-asesinatos-violaciones-lo-que-cndh-ha-ocultado-sobre-secuestros-a-migrantes-en-2019-y-2020\/4-me-cortaron-el-dedo\/\" data-orig-file=\"http:\/\/www.grieta.org.mx\/wp-content\/uploads\/2021\/02\/4-Me-cortaron-el-dedo.png\" data-orig-size=\"952,500\" data-comments-opened=\"0\" data-image-meta=\"{&quot;aperture&quot;:&quot;0&quot;,&quot;credit&quot;:&quot;&quot;,&quot;camera&quot;:&quot;&quot;,&quot;caption&quot;:&quot;&quot;,&quot;created_timestamp&quot;:&quot;0&quot;,&quot;copyright&quot;:&quot;&quot;,&quot;focal_length&quot;:&quot;0&quot;,&quot;iso&quot;:&quot;0&quot;,&quot;shutter_speed&quot;:&quot;0&quot;,&quot;title&quot;:&quot;&quot;,&quot;orientation&quot;:&quot;0&quot;}\" data-image-title=\"4-Me-cortaron-el-dedo\" data-image-description=\"\" data-image-caption=\"&lt;p&gt;Ilustraci\u00f3n: Andrea Paredes y Jes\u00fas Santamar\u00eda&lt;\/p&gt;\n\" data-medium-file=\"http:\/\/www.grieta.org.mx\/wp-content\/uploads\/2021\/02\/4-Me-cortaron-el-dedo-300x158.png\" data-large-file=\"http:\/\/www.grieta.org.mx\/wp-content\/uploads\/2021\/02\/4-Me-cortaron-el-dedo.png\" class=\"wp-image-56764\" src=\"http:\/\/www.grieta.org.mx\/wp-content\/uploads\/2021\/02\/4-Me-cortaron-el-dedo-300x158.png\" alt=\"\" width=\"800\" height=\"420\" srcset=\"http:\/\/www.grieta.org.mx\/wp-content\/uploads\/2021\/02\/4-Me-cortaron-el-dedo-300x158.png 300w, http:\/\/www.grieta.org.mx\/wp-content\/uploads\/2021\/02\/4-Me-cortaron-el-dedo-768x403.png 768w, http:\/\/www.grieta.org.mx\/wp-content\/uploads\/2021\/02\/4-Me-cortaron-el-dedo.png 952w\" sizes=\"auto, (max-width: 800px) 100vw, 800px\" \/><figcaption id=\"caption-attachment-56764\" class=\"wp-caption-text\">Ilustraci\u00f3n: Andrea Paredes y Jes\u00fas Santamar\u00eda<\/figcaption><\/figure>\n<p><strong>\u201cMe cortaron el dedo me\u00f1ique\u201d<\/strong><br \/>\nPa\u00eds de origen: Nicaragua<\/p>\n<p>Fecha y lugar donde la CNDH tom\u00f3 el testimonio: 26 septiembre 2019, Tapachula, Chiapas.<\/p>\n<p>\u201cSal\u00ed de mi pa\u00eds, Nicaragua, porque quer\u00eda llegar a Estados Unidos para buscar el famoso sue\u00f1o americano.<\/p>\n<p>En noviembre del 2018 entr\u00e9 a M\u00e9xico por el r\u00edo Suchiate (Chiapas). Viaj\u00e9 a veces en tren, otras en bus, y tambi\u00e9n camin\u00e9 mucho. As\u00ed logr\u00e9 llegar hasta San Luis Potos\u00ed.<\/p>\n<p>En ese lugar fui secuestrado por un grupo de cuatro personas armadas. Me llevaron a una casa donde hab\u00eda otros tres hombres, dos mujeres, y un ni\u00f1o. A todos nos preguntaron si ten\u00edamos familiares para pedir rescate. Como les dije que no, me mandaron a otro cuarto con otros que estaban igual que yo.<\/p>\n<p>Me torturaron para que hablara y les diera el n\u00famero de un familiar. Pero no lo hice porque mi \u00fanica familia es mi esposa y mis dos hijos que est\u00e1n en Nicaragua. Y ellos no tienen dinero. Por eso me voy a los Estados Unidos. As\u00ed que, como no habl\u00e9, me cortaron el dedo me\u00f1ique de la mano derecha.<\/p>\n<p>Despu\u00e9s de cinco d\u00edas de estar encerrado, una noche, mientras los cuidadores estaban distra\u00eddos golpeando a los nuevos, logr\u00e9 escaparme con otros tres migrantes. Corrimos hasta que amaneci\u00f3 y llegamos a una rancher\u00eda donde nos regalaron agua y comida.<\/p>\n<p>Decidimos no denunciar porque tem\u00edamos por nuestras vidas, as\u00ed que avanzamos rumbo a Tamaulipas, hasta que en el trayecto nos agarr\u00f3 migraci\u00f3n. A m\u00ed me regres\u00f3 a mi pa\u00eds. Sin embargo, aqu\u00ed ando de nuevo. Haciendo la lucha otra vez\u201d.<\/p>\n<figure id=\"attachment_56765\" aria-describedby=\"caption-attachment-56765\" style=\"width: 800px\" class=\"wp-caption alignnone\"><img loading=\"lazy\" decoding=\"async\" data-attachment-id=\"56765\" data-permalink=\"http:\/\/www.grieta.org.mx\/index.php\/2021\/02\/01\/tortura-asesinatos-violaciones-lo-que-cndh-ha-ocultado-sobre-secuestros-a-migrantes-en-2019-y-2020\/5-ellos-nos-gritaban\/\" data-orig-file=\"http:\/\/www.grieta.org.mx\/wp-content\/uploads\/2021\/02\/5-Ellos-nos-gritaban.png\" data-orig-size=\"952,500\" data-comments-opened=\"0\" data-image-meta=\"{&quot;aperture&quot;:&quot;0&quot;,&quot;credit&quot;:&quot;&quot;,&quot;camera&quot;:&quot;&quot;,&quot;caption&quot;:&quot;&quot;,&quot;created_timestamp&quot;:&quot;0&quot;,&quot;copyright&quot;:&quot;&quot;,&quot;focal_length&quot;:&quot;0&quot;,&quot;iso&quot;:&quot;0&quot;,&quot;shutter_speed&quot;:&quot;0&quot;,&quot;title&quot;:&quot;&quot;,&quot;orientation&quot;:&quot;0&quot;}\" data-image-title=\"5-Ellos-nos-gritaban\" data-image-description=\"\" data-image-caption=\"&lt;p&gt;Ilustraci\u00f3n: Andrea Paredes y Jes\u00fas Santamar\u00eda&lt;\/p&gt;\n\" data-medium-file=\"http:\/\/www.grieta.org.mx\/wp-content\/uploads\/2021\/02\/5-Ellos-nos-gritaban-300x158.png\" data-large-file=\"http:\/\/www.grieta.org.mx\/wp-content\/uploads\/2021\/02\/5-Ellos-nos-gritaban.png\" class=\"wp-image-56765\" src=\"http:\/\/www.grieta.org.mx\/wp-content\/uploads\/2021\/02\/5-Ellos-nos-gritaban-300x158.png\" alt=\"\" width=\"800\" height=\"420\" srcset=\"http:\/\/www.grieta.org.mx\/wp-content\/uploads\/2021\/02\/5-Ellos-nos-gritaban-300x158.png 300w, http:\/\/www.grieta.org.mx\/wp-content\/uploads\/2021\/02\/5-Ellos-nos-gritaban-768x403.png 768w, http:\/\/www.grieta.org.mx\/wp-content\/uploads\/2021\/02\/5-Ellos-nos-gritaban.png 952w\" sizes=\"auto, (max-width: 800px) 100vw, 800px\" \/><figcaption id=\"caption-attachment-56765\" class=\"wp-caption-text\">Ilustraci\u00f3n: Andrea Paredes y Jes\u00fas Santamar\u00eda<\/figcaption><\/figure>\n<p><strong>\u201cEllos nos gritaban: \u201cc\u00e1llate, o te matamos a ti y a tu hijo\u201d<\/strong><br \/>\nPa\u00eds de origen: Honduras<\/p>\n<p>Fecha y lugar donde la CNDH tom\u00f3 el testimonio: 3 octubre 2019, Tijuana, Baja California.<\/p>\n<p>\u201cMi madre sali\u00f3 de Honduras en 2017, para buscar un mejor futuro en Estados Unidos. Al d\u00eda de hoy no sabemos qu\u00e9 fue de ella. No sabemos si est\u00e1 desaparecida, muerta o secuestrada en alg\u00fan lugar de M\u00e9xico.<\/p>\n<p>All\u00e1 en mi pa\u00eds no hay trabajo y a uno ya no le alcanza para sobrevivir. La violencia se ha vuelto insoportable, por lo que decid\u00ed irme el 13 de mayo de 2019, con la ilusi\u00f3n de volver a ver a mi madre y darle una mejor vida a mi hijo.<\/p>\n<p>Sal\u00ed con seis mujeres, cada una tra\u00edamos a un hijo. Entramos por Frontera, Tabasco. El pollero nos sub\u00eda a los buses como si nada. \u00c9l pagaba los boletos y se sentaba en el asiento delantero; ten\u00edamos que estar atentas para que no se escapara.<\/p>\n<p>El 1 de junio ven\u00edamos avanzando, yo estaba medio dormida, cuando de repente sent\u00ed que el bus par\u00f3 abruptamente. Abr\u00ed los ojos y vi como subieron unos hombres cargando armas muy grandes en las manos y otras en las piernas, con chalecos antibalas y encapuchados. Nos hablaban muy fuerte y pon\u00edan sus armas en nuestra cabeza.<\/p>\n<p>Cuando nos bajaron no nos dieron tiempo de nada. Antes de que me cubriera la cabeza, pude ver que hab\u00eda muchas camionetas y mir\u00e9 que hab\u00eda polic\u00edas. Lo s\u00e9 por el traje color negro. S\u00f3lo nos bajaron a las seis mujeres con nuestros hijos.<\/p>\n<p>Nos llevaron en tres camionetas con la cabeza agachada y siempre cubierta. Mi hijo ven\u00eda conmigo temblando y llorando. Yo le dec\u00eda: \u201cvamos a salir de esto\u201d. Pero ellos nos gritaban: \u201cc\u00e1llate, o te matamos a ti y a tu hijo\u201d. Creo que nos llevaron a una casa muy lejos, porque nos agarran en la ma\u00f1ana y llegamos ya de noche. Yo digo que ocurri\u00f3 en Veracruz, porque vi un r\u00f3tulo en el camino antes de que nos secuestraran. Lo m\u00e1s duro fue cuando me quitaron el gorro. Pude ver que hab\u00eda mucha gente, en ese momento pens\u00e9 que pod\u00eda encontrar a mi mam\u00e1.<\/p>\n<p>Me quitaron todas mis pertenencias. Ah\u00ed vi c\u00f3mo torturaban a varones d\u00e1ndoles \u201cchavelazos\u201d con una raqueta de fierro, muy pesada; les pegaban fuert\u00edsimo mientras les dec\u00edan: \u201chabla con tu familia, queremos respuesta hoy mismo\u201d. Nunca hab\u00eda visto ni o\u00eddo eso.<\/p>\n<p>Nos ped\u00edan mucho dinero. No pod\u00edamos llorar porque el jefe se molestaba. En la casa que yo estaba hab\u00eda como 45 personas torturadas, atada de pies a cabeza, se escuchaban balazos a cada momento, la gente estaba tirada en el suelo. En una ocasi\u00f3n pude escuchar a un hombre que mientras golpeaba dec\u00eda: \u201cmira, quiero un rancho o 50 mil d\u00f3lares\u201d.<\/p>\n<p>La casa en la que estaba ten\u00eda cuatro cuartos. Un d\u00eda pude ver por un ventanal que alrededor hab\u00eda casas bonitas, era como una colonia. Los torturados gritaban: \u201creg\u00e1lenme agua, me estoy asfixiando\u201d.<\/p>\n<p>A las mujeres nos pon\u00edan a cocinar y a fregar. En las noches, los que nos cuidaban se juntaban para drogarse, se meten una bolsita con polvo blanco en la nariz. Escog\u00edan a las mujeres que les gustaban para meterlas en un cuarto donde entraban unos y sal\u00edan otros para abusar de ellas repetidamente.<\/p>\n<p>Por las noches siempre hab\u00eda puras \u201chumasonas\u201d, \u00a1mucho humo! S\u00f3lo una vez me dieron oportunidad de hablar con mi hermana mientras me apuntaban un arma sobre mi cabeza, dici\u00e9ndome: \u201cno vas a llorar, ni a decir nada, s\u00f3lo le vas a decir que necesitas 20 mil d\u00f3lares. Tambi\u00e9n dile que se porte bien porque nosotros controlamos M\u00e9xico y nos enteramos de todo, hasta en Honduras sabemos todo\u201d. De nada sirvi\u00f3 porque ellos le hablaban y le dec\u00edan: \u201cest\u00e1 rica tu hermana, la hago mujer cada que yo quiero y el ni\u00f1o se va a morir\u201d.<\/p>\n<p>Le hablaban cada dos d\u00edas. Logr\u00f3 juntar 100 mil lempiras (algo m\u00e1s de 80 mil pesos) y le dijeron que viera la forma de mandar el resto. Ellos me dec\u00edan: \u201cnunca te vas a ir de aqu\u00ed, te vas a quedar a trabajar con nosotros\u201d.<\/p>\n<p>Yo estaba desesperada hasta que supe que Dios exist\u00eda por la respuesta que me dio. Desde que llegu\u00e9 me di cuenta c\u00f3mo uno de los sicarios no me dejaba de mirar. Un d\u00eda se me acerc\u00f3 y me dijo: \u201ct\u00fa est\u00e1s galana, qu\u00e9date conmigo. Yo te arreglo papeles, no te va a faltar nada\u201d. Not\u00e9 que era hondure\u00f1o. Le dije: \u201cSoy mujer de pueblo y estoy casada\u201d. Pasaron m\u00e1s d\u00edas y se me volvi\u00f3 a acercar diciendo: \u201cme caes bien, no te pongas triste. Vas a salir de aqu\u00ed\u201d. Le contest\u00e9: \u201c\u00bfc\u00f3mo? Mira alrededor cu\u00e1ntos hay aqu\u00ed\u201d. Me dijo: \u201cas\u00ed como te agarraron, a m\u00ed me secuestraron hace 10 a\u00f1os. No quiero estar aqu\u00ed, pero ya saben todo sobre mi familia en Honduras. Estoy obligado con ellos, no me pagan mal y ese dinero se los puedo enviar. Si yo me logro escapar tendr\u00eda que buscar la forma de que mi familia huyera o los matar\u00edan. Tantos secuestrados han pasado por aqu\u00ed que quiz\u00e1s hasta en Estados Unidos me encontrar\u00edan\u201d.<\/p>\n<p>Ya llevaba ocho d\u00edas en esa casa. A m\u00ed no me hicieron nada, pero s\u00f3lo nos daban de comer dos veces al d\u00eda. Muchas veces se les olvidaba. De repente, una ma\u00f1ana me lleg\u00f3 el hondure\u00f1o y me dijo: \u201cte voy a ayudar a escapar, me la estoy rifando porque me pueden matar. Vas al ba\u00f1o y te subes a la camioneta\u201d.<\/p>\n<p>Agarr\u00e9 a mi hijo y me fui, nos hizo agacharnos y taparnos la cara. Llevaba la pistola cerca del tim\u00f3n y no nos dejaba quitar el gorro. Dijo: \u201c\u00a1Con el cartel de los Zetas no se juega!\u201d Cuando llegamos a una calle pavimentada dijo: \u201cb\u00e1jate r\u00e1pido, me dio 500 pesos y me dijo agarra el primer bus que pase\u201d. Eso hice y cuando me baj\u00e9 en una terminal vi que dec\u00eda C\u00e1rdenas.<\/p>\n<p>Ya era mitad de julio, una se\u00f1ora me dej\u00f3 hablar y nos dio posada. De ah\u00ed me entregu\u00e9 en Reynosa y me mandaron a San Diego. Me deportaron a Tijuana el 26 de julio. Estando aqu\u00ed decid\u00ed acudir a la fiscal\u00eda para levantar una denuncia sobre mi secuestro, se me neg\u00f3 en la FGR, dici\u00e9ndome que fuera a la Procuradur\u00eda General del Estado. Fui y se\u00f1alaron que no eran competentes, ya que los hechos hab\u00edan ocurrido en otro estado, por lo que me recomendaron volver a ese estado para poder presentar mi denuncia.<\/p>\n<p>Por obvias razones me es imposible hacerlo, y cada d\u00eda que pasa tengo m\u00e1s miedo y me siento totalmente vulnerable. Es incre\u00edble ver c\u00f3mo el crimen son todos, que pasa todo y no pasa nada. A nadie pareciera importarle el dolor humano. Mi hijo est\u00e1 muy lastimado. Ya no supe nada de las mujeres con las que sal\u00ed. Hay muchas v\u00edctimas migrantes en el camino. En el a\u00f1o 2010, muchos de los 72 muertos eran de mi municipio. Aqu\u00ed en el albergue han secuestrado muchos, pero nadie quiere hablar\u201d.<\/p>\n<figure id=\"attachment_56766\" aria-describedby=\"caption-attachment-56766\" style=\"width: 800px\" class=\"wp-caption alignnone\"><img loading=\"lazy\" decoding=\"async\" data-attachment-id=\"56766\" data-permalink=\"http:\/\/www.grieta.org.mx\/index.php\/2021\/02\/01\/tortura-asesinatos-violaciones-lo-que-cndh-ha-ocultado-sobre-secuestros-a-migrantes-en-2019-y-2020\/6-la-policia-municipal-nos\/\" data-orig-file=\"http:\/\/www.grieta.org.mx\/wp-content\/uploads\/2021\/02\/6-La-policia-municipal-nos.png\" data-orig-size=\"952,500\" data-comments-opened=\"0\" data-image-meta=\"{&quot;aperture&quot;:&quot;0&quot;,&quot;credit&quot;:&quot;&quot;,&quot;camera&quot;:&quot;&quot;,&quot;caption&quot;:&quot;&quot;,&quot;created_timestamp&quot;:&quot;0&quot;,&quot;copyright&quot;:&quot;&quot;,&quot;focal_length&quot;:&quot;0&quot;,&quot;iso&quot;:&quot;0&quot;,&quot;shutter_speed&quot;:&quot;0&quot;,&quot;title&quot;:&quot;&quot;,&quot;orientation&quot;:&quot;0&quot;}\" data-image-title=\"6-La-policia-municipal-nos\" data-image-description=\"\" data-image-caption=\"&lt;p&gt;Ilustraci\u00f3n: Andrea Paredes y Jes\u00fas Santamar\u00eda&lt;\/p&gt;\n\" data-medium-file=\"http:\/\/www.grieta.org.mx\/wp-content\/uploads\/2021\/02\/6-La-policia-municipal-nos-300x158.png\" data-large-file=\"http:\/\/www.grieta.org.mx\/wp-content\/uploads\/2021\/02\/6-La-policia-municipal-nos.png\" class=\"wp-image-56766\" src=\"http:\/\/www.grieta.org.mx\/wp-content\/uploads\/2021\/02\/6-La-policia-municipal-nos-300x158.png\" alt=\"\" width=\"800\" height=\"420\" srcset=\"http:\/\/www.grieta.org.mx\/wp-content\/uploads\/2021\/02\/6-La-policia-municipal-nos-300x158.png 300w, http:\/\/www.grieta.org.mx\/wp-content\/uploads\/2021\/02\/6-La-policia-municipal-nos-768x403.png 768w, http:\/\/www.grieta.org.mx\/wp-content\/uploads\/2021\/02\/6-La-policia-municipal-nos.png 952w\" sizes=\"auto, (max-width: 800px) 100vw, 800px\" \/><figcaption id=\"caption-attachment-56766\" class=\"wp-caption-text\">Ilustraci\u00f3n: Andrea Paredes y Jes\u00fas Santamar\u00eda<\/figcaption><\/figure>\n<p><strong>\u201cLa polic\u00eda municipal nos entreg\u00f3 al CJNG\u201d<\/strong><br \/>\nPa\u00eds de origen: Honduras<\/p>\n<p>Fecha y lugar donde la CNDH tom\u00f3 el testimonio: 27 de febrero, CDMX.<\/p>\n<p>Iba en un cami\u00f3n de pasajeros de Acayucan, Veracruz. Todos los que \u00edbamos ah\u00ed \u00e9ramos migrantes, solo que unos parece que ya hab\u00edan pagado al c\u00e1rtel para pasar y otros, como nosotros, pues no.<\/p>\n<p>Ah\u00ed conoc\u00ed a otros compa\u00f1eros que tambi\u00e9n fueron secuestrados conmigo, ellos son de Guatemala. Iban tambi\u00e9n en ese cami\u00f3n.<\/p>\n<p>Saliendo de Acayucan nos topamos con un ret\u00e9n de polic\u00edas municipales. Detuvieron el cami\u00f3n y, fue raro, porque nos buscaron justo a los que ven\u00edamos viajando sin pollero. Como que a todos los dem\u00e1s ya los ten\u00edan bien marcados.<\/p>\n<p>Nos bajaron del cami\u00f3n, a los dos de Guatemala, a m\u00ed, y a otros dos que no supe de d\u00f3nde eran. No subieron a una patrulla de ellos, de la Polic\u00eda Municipal, y nos dijeron que nos llevar\u00edan a Migraci\u00f3n, pero todo eso fue mentira porque nos llevaron directo a una casa de seguridad y nos entregaron con gente del c\u00e1rtel de Jalisco Nueva Generaci\u00f3n (CJNG).<\/p>\n<p>Nos recibieron como 12 personas armadas hasta los dientes, andaban 45 mm, 9 mm, M16 y pistolas manuales. Parec\u00edan mexicanos. No se cubr\u00edan la cara ni nada, se ve que estaban bien de acuerdo con toda la polic\u00eda de ah\u00ed. Muchos de ellos tra\u00edan gorras rojas, pero tambi\u00e9n andaban unos con gorras negras o azules que ten\u00edan bordadas las letras CJNG.<\/p>\n<p>Nos amenazaron de muerte y nos quitaron nuestros tel\u00e9fonos celulares. Ya que tuvieron nuestras claves para desbloquearlos, de ah\u00ed sacaron los contactos de nuestros familiares para empezar a extorsionarlos. De inicio a mi familia le sacaron mil 500 (d\u00f3lares) para que no me hicieran da\u00f1o, y despu\u00e9s otros 2 mil para soltarme.<\/p>\n<p>De los cinco que entramos al mismo tiempo, los familiares de tres pagaron el rescate, pero de los otros dos no sabemos qu\u00e9 habr\u00e1 pasado.<\/p>\n<p>Esto sucedi\u00f3 el 8 de febrero, ah\u00ed nos tuvieron hasta el 10 de febrero que nos soltaron por la tarde, despu\u00e9s de hacer el segundo cobro.<\/p>\n<p>Cuando llegamos hab\u00eda otros dos secuestrados en ese lugar, y cuando nos estaban sacando ya ven\u00edan con otro grupo de 10 personas, todos migrantes. Incluso, se ve\u00eda a una mujer con su hijo como de seis a\u00f1os, y tambi\u00e9n llevaban a un chamaco que viajaba solo. Se ve\u00eda como de unos 14 o 15 a\u00f1os.<\/p>\n<p>Mientras nos alistaban para sacarnos, vimos c\u00f3mo empezaban a torturar a los que acababan de llegar porque no quer\u00edan dar los tel\u00e9fonos de sus familiares. Les quitaban la ropa y empezaban a \u201ctablearlos\u201d (pegarles con unas tablas), ah\u00ed frente a todos los que est\u00e1bamos. Tambi\u00e9n agarraban un pl\u00e1stico largo y les pegaban en la espalda, como si fuera una especie de l\u00e1tigo. Les estaban preguntando si tra\u00edan pollero en el momento en el que nos estaban subiendo al coche.<\/p>\n<p>El coche era un Volkswagen Jetta blanco. Ah\u00ed iba el chofer y el copiloto, los dos bien armados. Uno manejaba y el otro nos llevaba agachados y nos apuntaba con un arma en la nuca, nos dec\u00eda que si mir\u00e1bamos tantito nos mataba. Nos dejaron cerca de la estaci\u00f3n de autobuses, donde los estaba esperando otro que se supon\u00eda tambi\u00e9n que era de ellos.<\/p>\n<p>Despu\u00e9s nos enteramos de que hab\u00edan cobrado otros dos mil (d\u00f3lares) a nuestras familias, supuestamente para que el pollero nos llevara a Estados Unidos. Pero eso fue otro enga\u00f1o, s\u00f3lo nos subieron a otro cami\u00f3n rumbo a Saltillo.<\/p>\n<p>Y ah\u00ed es donde nos agarraron, en un ret\u00e9n de migraci\u00f3n. Pero al pollero lo soltaron porque dec\u00edan que ten\u00eda papeles mexicanos.<\/p>\n<p>Al final le quitaron a mi familia 5 mil 500 d\u00f3lares. Ya me quiero regresar a mi casa, no quiero saber nada de este pa\u00eds.<\/p>\n<figure id=\"attachment_56767\" aria-describedby=\"caption-attachment-56767\" style=\"width: 800px\" class=\"wp-caption alignnone\"><img loading=\"lazy\" decoding=\"async\" data-attachment-id=\"56767\" data-permalink=\"http:\/\/www.grieta.org.mx\/index.php\/2021\/02\/01\/tortura-asesinatos-violaciones-lo-que-cndh-ha-ocultado-sobre-secuestros-a-migrantes-en-2019-y-2020\/7-me-metieron-a\/\" data-orig-file=\"http:\/\/www.grieta.org.mx\/wp-content\/uploads\/2021\/02\/7-me-metieron-a.png\" data-orig-size=\"952,500\" data-comments-opened=\"0\" data-image-meta=\"{&quot;aperture&quot;:&quot;0&quot;,&quot;credit&quot;:&quot;&quot;,&quot;camera&quot;:&quot;&quot;,&quot;caption&quot;:&quot;&quot;,&quot;created_timestamp&quot;:&quot;0&quot;,&quot;copyright&quot;:&quot;&quot;,&quot;focal_length&quot;:&quot;0&quot;,&quot;iso&quot;:&quot;0&quot;,&quot;shutter_speed&quot;:&quot;0&quot;,&quot;title&quot;:&quot;&quot;,&quot;orientation&quot;:&quot;0&quot;}\" data-image-title=\"7-me-metieron-a\" data-image-description=\"\" data-image-caption=\"&lt;p&gt;Ilustraci\u00f3n: Andrea Paredes y Jes\u00fas Santamar\u00eda&lt;\/p&gt;\n\" data-medium-file=\"http:\/\/www.grieta.org.mx\/wp-content\/uploads\/2021\/02\/7-me-metieron-a-300x158.png\" data-large-file=\"http:\/\/www.grieta.org.mx\/wp-content\/uploads\/2021\/02\/7-me-metieron-a.png\" class=\"wp-image-56767\" src=\"http:\/\/www.grieta.org.mx\/wp-content\/uploads\/2021\/02\/7-me-metieron-a-300x158.png\" alt=\"\" width=\"800\" height=\"420\" srcset=\"http:\/\/www.grieta.org.mx\/wp-content\/uploads\/2021\/02\/7-me-metieron-a-300x158.png 300w, http:\/\/www.grieta.org.mx\/wp-content\/uploads\/2021\/02\/7-me-metieron-a-768x403.png 768w, http:\/\/www.grieta.org.mx\/wp-content\/uploads\/2021\/02\/7-me-metieron-a.png 952w\" sizes=\"auto, (max-width: 800px) 100vw, 800px\" \/><figcaption id=\"caption-attachment-56767\" class=\"wp-caption-text\">Ilustraci\u00f3n: Andrea Paredes y Jes\u00fas Santamar\u00eda<\/figcaption><\/figure>\n<p><strong>\u201cMe metieron en una bodega donde ten\u00edan secuestradas a otras 100 personas\u201d<\/strong><br \/>\nPa\u00eds de origen: Cuba<\/p>\n<p>Fecha y lugar donde la CNDH tom\u00f3 el testimonio: 6 de septiembre, CDMX.<\/p>\n<p>\u201cSal\u00ed de Cuba el 8 de junio de este a\u00f1o (2020), en avi\u00f3n, con destino a Panam\u00e1. De ah\u00ed empec\u00e9 a moverme en autob\u00fas. Cruc\u00e9 todo Centroam\u00e9rica hasta llegar a la frontera entre Guatemala y M\u00e9xico. Durante este tramo no tuve problemas reales, solamente un par de retenes militares en Honduras donde me quitaron 30 y $40, respectivamente.<\/p>\n<p>En Chiapas tom\u00e9 un cami\u00f3n directo a Puebla, donde me estar\u00edan esperando para llevarme hasta la frontera con Estados Unidos. Una hermana m\u00eda iba pagando lo del viaje a las personas que me llevaban.<\/p>\n<p>Fue como a la una de la ma\u00f1ana que el cami\u00f3n se detuvo, ya est\u00e1bamos en el estado de Puebla, pero a\u00fan no llegamos a la ciudad. En alguna parte de la autopista, un grupo de 10 o 12 personas vestidas como polic\u00edas detuvo el cami\u00f3n de pasajeros. Ah\u00ed me quitaron 1 mil 500 d\u00f3lares, que es todo lo que tra\u00eda.<\/p>\n<p>Todo ese cami\u00f3n estaba lleno de migrantes, algunos cubanos, pero la gran mayor\u00eda centroamericanos. Despu\u00e9s de m\u00ed, agarraron a tres guatemaltecos que no quisieron dar dinero e intentaron escaparse, pero ah\u00ed mismo los mataron. Les pegaron un tiro en la cabeza, ah\u00ed, enfrente de m\u00ed. Mientras hac\u00edan los cuerpos a un lado, otro cubano y yo logramos echarnos a correr en el monte y nos escapamos.<\/p>\n<p>Agarramos rumbos distintos, pero despu\u00e9s de dos d\u00edas metidos ah\u00ed entre los \u00e1rboles nos encontramos. Fue como si fuera un milagro. Antes de reencontrarme con el otro cubano, estuve durmiendo entre los \u00e1rboles, sin probar una gota de agua ni comer absolutamente nada.<\/p>\n<p>Mira, yo me pongo nervioso hablando de esto, ya me est\u00e1n comenzando a temblar las manos.<\/p>\n<p>Te voy a contar algo, s\u00f3lo lo sabe mi esposa que est\u00e1 en Cuba porque yo le cont\u00e9, y la psic\u00f3loga que me estaba atendiendo en este lugar. Yo tuve un ataque de p\u00e1nico despu\u00e9s de que logr\u00e9 escapar, no recuerdo muchas cosas, s\u00f3lo que cuando volv\u00ed a la realidad, yo me hab\u00eda cagado y orinado en los pantalones. A\u00fan ya a salvo en este lugar, contin\u00fao con problemas de incontinencia provocados por el miedo, por el terror de las cosas que yo presenci\u00e9.<\/p>\n<p>Cuando me encontr\u00e9 con el otro cubano en el monte, est\u00e1bamos cerca de un lugar que creo que se llama charco Buenaventura. El hermano del otro cubano ya le hab\u00eda mandado un coyote para que fuera por \u00e9l y lo llevara con la gente que lo mover\u00eda a Estados Unidos. Pero no me dejaron solo. Este chico me dio hasta dinero para que me las arreglara en el camino y su coyote nos llev\u00f3 juntos hasta un lugar en Pachuca, Hidalgo. Ah\u00ed nos metieron en una especie de bodega donde hab\u00eda mucha gente, ten\u00edan m\u00e1s de 100 personas secuestradas compartiendo el espacio con nosotros. Cerca hab\u00eda un pante\u00f3n, me parece, pero no estoy seguro porque hab\u00edan tapado con lonas y bolsas las ventanas de la bodega. El espacio ten\u00eda un solo ba\u00f1o para todos los que est\u00e1bamos ah\u00ed y las puertas siempre estaban cerradas con cadenas y candados. Adem\u00e1s, hab\u00eda gente armada cuid\u00e1ndonos todo el tiempo.<\/p>\n<p>C\u00f3mo me daba dolor ver a los ni\u00f1os. Hab\u00eda muchos, casi todos enfermos. A mi amigo cubano se lo llevaron y hasta donde s\u00e9, \u00e9l s\u00ed logr\u00f3 llegar hasta Estados Unidos. Yo todav\u00eda estuve ah\u00ed como ocho d\u00edas m\u00e1s. Recuerdo que s\u00f3lo nos daban un tiempo de comida, generalmente de una especie de sopa con frijoles y agua sola. Si quer\u00edas algo de comer te lo ten\u00edas que pagar.<\/p>\n<p>Era una situaci\u00f3n extra\u00f1a porque hab\u00eda muchos que parec\u00eda que estaban secuestrados, y muchos otros que s\u00f3lo estaban ah\u00ed unos d\u00edas y despu\u00e9s los mov\u00edan, los llevaban para el norte.<\/p>\n<p>En esa bodega me dejaron hablar con mi familia en Cuba. Ah\u00ed tengo a mi esposa y a mi hija de 12 a\u00f1os. Le cont\u00e9 lo que me hab\u00eda pasado en el cami\u00f3n.<\/p>\n<p>Mi esposa habl\u00f3 con un pastor importante. Y \u00e9l, a su vez, habl\u00f3 con alguien aqu\u00ed en M\u00e9xico. No entiendo bien qu\u00e9 pas\u00f3, ni c\u00f3mo sucedi\u00f3, pero un d\u00eda el religioso de M\u00e9xico, cuyo nombre no voy a mencionar porque no lo quiero poner en riesgo, pact\u00f3 mi entrega en el centro de Ciudad de M\u00e9xico. No s\u00e9 cu\u00e1nto le cobraron por el rescate.<\/p>\n<p>Cuando me entregaron en la plaza del centro de la ciudad, el religioso me trajo aqu\u00ed, a casa Mambr\u00fa, donde me han tratado con amor, paciencia, y con un profesionalismo incre\u00edble.<\/p>\n<p>Los hombres armados me devolvieron con la condici\u00f3n de que mi entrega se hiciera en la Ciudad de M\u00e9xico, no en Pachuca, como hab\u00eda propuesto inicialmente el hombre religioso. Yo no s\u00e9 qu\u00e9 habr\u00e1 pasado con los dem\u00e1s, no he vuelto a verlos.<\/p>\n<p>Aqu\u00ed en la ciudad todo ha estado m\u00e1s tranquilo, hasta ahora. Desde entonces, s\u00f3lo tuve un problema con polic\u00edas de la ciudad de M\u00e9xico, que me agarraron aqu\u00ed en la esquina de fuera del albergue y me quitaron todo el dinero que me hab\u00edan mandado mis familiares. Me vieron en la calle, me preguntaron de d\u00f3nde era, y cuando notaron que era extranjero, de inmediato me subieron a la patrulla y me empezaron a buscar el dinero hasta que me quitaron todo.<\/p>\n<p>Ahora le he cogido m\u00e1s miedo a los polic\u00edas que a los propios secuestradores\u201d.<\/p>\n<p><a href=\"https:\/\/www.animalpolitico.com\/2021\/02\/migrantes-cndh-informe-oculto-secuestros-tortura-asesinato-violaciones\/\" target=\"_blank\" rel=\"noopener\">https:\/\/www.animalpolitico.com\/2021\/02\/migrantes-cndh-informe-oculto-secuestros-tortura-asesinato-violaciones\/<\/a><\/p>\n<p>&nbsp;<\/p>\n","protected":false},"excerpt":{"rendered":"<p>Aunque la CNDH conoc\u00eda del secuestro y extorsi\u00f3n a migrantes ha preferido mantenerlo oculto durante m\u00e1s de un a\u00f1o y no hablar de ello ni en sus informes ni en &hellip; <a href=\"http:\/\/www.grieta.org.mx\/index.php\/2021\/02\/01\/tortura-asesinatos-violaciones-lo-que-cndh-ha-ocultado-sobre-secuestros-a-migrantes-en-2019-y-2020\/\" class=\"more-link\">Leer m\u00e1s<\/a><\/p>\n","protected":false},"author":2,"featured_media":56760,"comment_status":"closed","ping_status":"closed","sticky":false,"template":"","format":"standard","meta":{"ngg_post_thumbnail":0,"_jetpack_newsletter_access":"","_jetpack_dont_email_post_to_subs":false,"_jetpack_newsletter_tier_id":0,"_jetpack_memberships_contains_paywalled_content":false,"_jetpack_memberships_contains_paid_content":false,"footnotes":""},"categories":[80,86,370,83],"tags":[3564,2779,2274,3801,1738,158,3802,2000,2422,3144,325,3804,3803],"class_list":["post-56759","post","type-post","status-publish","format-standard","has-post-thumbnail","hentry","category-cintillo","category-migrantes","category-migrantes-analisis","category-temas-nacionales","tag-abusos","tag-alineacion-de-amlo-con-politica-antimigrante-de-eu","tag-asesinatos","tag-cndh-omisa","tag-crimenes-de-lesa-humanidad","tag-migrantes","tag-ocultamiento-de-informacion","tag-policia-estatal","tag-policia-municipal","tag-secuestro","tag-tortura","tag-violacion-generalizada-de-derechos-humanos","tag-violaciones","entry"],"jetpack_featured_media_url":"http:\/\/www.grieta.org.mx\/wp-content\/uploads\/2021\/02\/PORTADA-nota.png","jetpack_sharing_enabled":true,"jetpack_shortlink":"https:\/\/wp.me\/p7ZJR4-eLt","jetpack_likes_enabled":false,"jetpack-related-posts":[{"id":68013,"url":"http:\/\/www.grieta.org.mx\/index.php\/2021\/02\/01\/tortura-asesinatos-violaciones-lo-que-cndh-ha-ocultado-sobre-secuestros-a-migrantes-en-2019-y-2020-2\/","url_meta":{"origin":56759,"position":0},"title":"Tortura, asesinatos, violaciones: lo que CNDH ha ocultado sobre secuestros a migrantes en 2019 y 2020","author":"grieta","date":"1 febrero, 2021","format":false,"excerpt":"Aninmal Pol\u00edtico Manu Ureste y Alberto Pradilla Ilustraci\u00f3n: Andrea Paredes y Jes\u00fas Santamar\u00eda Secuestros masivos y extorsiones, lo mismo a manos de grupos armados que de servidores p\u00fablicos. Cuerpos policiales que capturan a migrantes y los entregan al crimen organizado. Familias aterrorizadas que miran c\u00f3mo sus compa\u00f1eros de tr\u00e1nsito hacia\u2026","rel":"","context":"En &quot;CINTILLO&quot;","block_context":{"text":"CINTILLO","link":"http:\/\/www.grieta.org.mx\/index.php\/category\/cintillo\/"},"img":{"alt_text":"","src":"https:\/\/i0.wp.com\/www.grieta.org.mx\/wp-content\/uploads\/2023\/10\/0-PORTADA-nota-960x525-1.jpg?resize=350%2C200","width":350,"height":200,"srcset":"https:\/\/i0.wp.com\/www.grieta.org.mx\/wp-content\/uploads\/2023\/10\/0-PORTADA-nota-960x525-1.jpg?resize=350%2C200 1x, https:\/\/i0.wp.com\/www.grieta.org.mx\/wp-content\/uploads\/2023\/10\/0-PORTADA-nota-960x525-1.jpg?resize=525%2C300 1.5x, https:\/\/i0.wp.com\/www.grieta.org.mx\/wp-content\/uploads\/2023\/10\/0-PORTADA-nota-960x525-1.jpg?resize=700%2C400 2x"},"classes":[]},{"id":56780,"url":"http:\/\/www.grieta.org.mx\/index.php\/2021\/02\/03\/cndh-pide-a-visitadora-dar-explicaciones-por-agresiones-a-migrantes\/","url_meta":{"origin":56759,"position":1},"title":"CNDH pide a visitadora dar \u2018explicaciones\u2019 por agresiones a migrantes","author":"grieta","date":"3 febrero, 2021","format":false,"excerpt":"La CNDH rechaz\u00f3 \u201ctajantemente que se oculte informaci\u00f3n, o se encubran actos violatorios de derechos humanos\u201d. Redacci\u00f3n\/ ANIMAL POL\u00cdTICO La Comisi\u00f3n Nacional de los Derechos Humanos (CNDH) instruy\u00f3 a la titular de la Quinta Visitadur\u00eda, Elizabeth Lara Rodr\u00edguez, a que d\u00e9 \u201cseguimiento\u201d a la difusi\u00f3n por parte de\u00a0Animal Pol\u00edtico\u00a0de\u00a0testimonios de\u2026","rel":"","context":"En &quot;Migrantes&quot;","block_context":{"text":"Migrantes","link":"http:\/\/www.grieta.org.mx\/index.php\/category\/temas-nacionales\/migrantes\/"},"img":{"alt_text":"","src":"https:\/\/i0.wp.com\/www.grieta.org.mx\/wp-content\/uploads\/2021\/02\/cndh-explicaciones-testimonios-agresiones-migrantes.jpeg?resize=350%2C200","width":350,"height":200,"srcset":"https:\/\/i0.wp.com\/www.grieta.org.mx\/wp-content\/uploads\/2021\/02\/cndh-explicaciones-testimonios-agresiones-migrantes.jpeg?resize=350%2C200 1x, https:\/\/i0.wp.com\/www.grieta.org.mx\/wp-content\/uploads\/2021\/02\/cndh-explicaciones-testimonios-agresiones-migrantes.jpeg?resize=525%2C300 1.5x, https:\/\/i0.wp.com\/www.grieta.org.mx\/wp-content\/uploads\/2021\/02\/cndh-explicaciones-testimonios-agresiones-migrantes.jpeg?resize=700%2C400 2x"},"classes":[]},{"id":44325,"url":"http:\/\/www.grieta.org.mx\/index.php\/2019\/10\/30\/denuncian-aumento-de-secuestros-de-migrantes-en-tabasco-aunque-autoridades-lo-niegan-2\/","url_meta":{"origin":56759,"position":2},"title":"Denuncian aumento de secuestros de migrantes en Tabasco, aunque autoridades lo niegan","author":"grieta","date":"30 octubre, 2019","format":false,"excerpt":"M\u00e9dicos Sin Fronteras se suma al albergue La 72 de Tenosique y alerta el incremento de los raptos, as\u00ed como de la violencia contra los migrantes. Alberto Pradilla\/ ANIMAL POL\u00edTICO Mar\u00eda lleg\u00f3 a Tenosique, Tabasco, el 15 de septiembre, coincidiendo con el grito de independencia. Lleg\u00f3 procedente de Tegucigalpa, la\u2026","rel":"","context":"En &quot;CINTILLO&quot;","block_context":{"text":"CINTILLO","link":"http:\/\/www.grieta.org.mx\/index.php\/category\/cintillo\/"},"img":{"alt_text":"","src":"https:\/\/i0.wp.com\/www.grieta.org.mx\/wp-content\/uploads\/2020\/02\/aumento-secuestro-migrantes-tabasco-1.jpg?resize=350%2C200","width":350,"height":200,"srcset":"https:\/\/i0.wp.com\/www.grieta.org.mx\/wp-content\/uploads\/2020\/02\/aumento-secuestro-migrantes-tabasco-1.jpg?resize=350%2C200 1x, https:\/\/i0.wp.com\/www.grieta.org.mx\/wp-content\/uploads\/2020\/02\/aumento-secuestro-migrantes-tabasco-1.jpg?resize=525%2C300 1.5x, https:\/\/i0.wp.com\/www.grieta.org.mx\/wp-content\/uploads\/2020\/02\/aumento-secuestro-migrantes-tabasco-1.jpg?resize=700%2C400 2x"},"classes":[]},{"id":44310,"url":"http:\/\/www.grieta.org.mx\/index.php\/2020\/02\/12\/cndh-investiga-denuncias-por-maltrato-y-descargas-electricas-contra-migrantes-en-tabasco\/","url_meta":{"origin":56759,"position":3},"title":"CNDH investiga denuncias por maltrato y descargas el\u00e9ctricas contra migrantes en Tabasco","author":"grieta","date":"12 febrero, 2020","format":false,"excerpt":"En enero pasado, una estudiante mexicana que estuvo en la estaci\u00f3n \"El Anexo\", en Tabasco, denunci\u00f3 que los migrantes detenidos fueron maltratados, e incluso sometidos con descargas el\u00e9ctricas, por parte del personal del INM. ANIMAL POL\u00cdTICO La Comisi\u00f3n Nacional de los Derechos Humanos (CNDH) investiga las presuntas vulneraciones cometidas contra\u2026","rel":"","context":"En &quot;CINTILLO&quot;","block_context":{"text":"CINTILLO","link":"http:\/\/www.grieta.org.mx\/index.php\/category\/cintillo\/"},"img":{"alt_text":"","src":"https:\/\/i0.wp.com\/www.grieta.org.mx\/wp-content\/uploads\/2020\/02\/cndh_denuncias_maltrato_migrantes-e1581546296311.jpeg?resize=350%2C200","width":350,"height":200,"srcset":"https:\/\/i0.wp.com\/www.grieta.org.mx\/wp-content\/uploads\/2020\/02\/cndh_denuncias_maltrato_migrantes-e1581546296311.jpeg?resize=350%2C200 1x, https:\/\/i0.wp.com\/www.grieta.org.mx\/wp-content\/uploads\/2020\/02\/cndh_denuncias_maltrato_migrantes-e1581546296311.jpeg?resize=525%2C300 1.5x, https:\/\/i0.wp.com\/www.grieta.org.mx\/wp-content\/uploads\/2020\/02\/cndh_denuncias_maltrato_migrantes-e1581546296311.jpeg?resize=700%2C400 2x, https:\/\/i0.wp.com\/www.grieta.org.mx\/wp-content\/uploads\/2020\/02\/cndh_denuncias_maltrato_migrantes-e1581546296311.jpeg?resize=1050%2C600 3x, https:\/\/i0.wp.com\/www.grieta.org.mx\/wp-content\/uploads\/2020\/02\/cndh_denuncias_maltrato_migrantes-e1581546296311.jpeg?resize=1400%2C800 4x"},"classes":[]},{"id":57304,"url":"http:\/\/www.grieta.org.mx\/index.php\/2021\/03\/05\/cndh-nombra-defensor-de-migrantes-a-funcionario-que-ignoro-un-caso-de-torturas-segun-la-propia-institucion\/","url_meta":{"origin":56759,"position":4},"title":"CNDH nombra defensor de migrantes a funcionario que ignor\u00f3 un caso de torturas, seg\u00fan la propia instituci\u00f3n","author":"grieta","date":"5 marzo, 2021","format":false,"excerpt":"Se trata de Ra\u00fal Ram\u00edrez Ram\u00edrez, exombudsman de Sonora. Llega en sustituci\u00f3n de Elizabeth Lara Rodr\u00edguez, quien renunci\u00f3 el martes pasado Alberto Pradilla y Manu Ureste\/ ANIMAL POL\u00cdTICO La Comisi\u00f3n Nacional de los Derechos Humanos (CNDH) nombr\u00f3 el mi\u00e9rcoles pasado como nuevo defensor de migrantes a Ra\u00fal Ram\u00edrez Ram\u00edrez, exombudsman\u2026","rel":"","context":"En &quot;CINTILLO&quot;","block_context":{"text":"CINTILLO","link":"http:\/\/www.grieta.org.mx\/index.php\/category\/cintillo\/"},"img":{"alt_text":"","src":"https:\/\/i0.wp.com\/www.grieta.org.mx\/wp-content\/uploads\/2021\/03\/cndh-directivo-acusado-golpear-mujeres.jpg?resize=350%2C200","width":350,"height":200,"srcset":"https:\/\/i0.wp.com\/www.grieta.org.mx\/wp-content\/uploads\/2021\/03\/cndh-directivo-acusado-golpear-mujeres.jpg?resize=350%2C200 1x, https:\/\/i0.wp.com\/www.grieta.org.mx\/wp-content\/uploads\/2021\/03\/cndh-directivo-acusado-golpear-mujeres.jpg?resize=525%2C300 1.5x, https:\/\/i0.wp.com\/www.grieta.org.mx\/wp-content\/uploads\/2021\/03\/cndh-directivo-acusado-golpear-mujeres.jpg?resize=700%2C400 2x"},"classes":[]},{"id":8699,"url":"http:\/\/www.grieta.org.mx\/index.php\/2015\/09\/07\/advierten-ongs-sobre-incremento-de-secuestros-de-migrantes-en-bc\/","url_meta":{"origin":56759,"position":5},"title":"Advierten ONG\u2019s sobre incremento de secuestros de migrantes en BC","author":"grieta","date":"7 septiembre, 2015","format":false,"excerpt":"Antonio Heras, Mexicali, BC La Coalici\u00f3n Pro Defensa del Migrante reiter\u00f3 su preocupaci\u00f3n por el incremento de secuestros de migrantes, sobre todo en Tijuana, donde la Casa del Migrante ha documentado al menos 30 casos en un periodo de 15 d\u00edas. En estos casos, las v\u00edctimas han sufrido tortura extrema\u2026","rel":"","context":"En &quot;CINTILLO&quot;","block_context":{"text":"CINTILLO","link":"http:\/\/www.grieta.org.mx\/index.php\/category\/cintillo\/"},"img":{"alt_text":"","src":"https:\/\/i0.wp.com\/www.grieta.org.mx\/wp-content\/uploads\/2018\/03\/14524434_1106112876131411_958039263622046936_o.jpg?resize=350%2C200","width":350,"height":200,"srcset":"https:\/\/i0.wp.com\/www.grieta.org.mx\/wp-content\/uploads\/2018\/03\/14524434_1106112876131411_958039263622046936_o.jpg?resize=350%2C200 1x, https:\/\/i0.wp.com\/www.grieta.org.mx\/wp-content\/uploads\/2018\/03\/14524434_1106112876131411_958039263622046936_o.jpg?resize=525%2C300 1.5x, https:\/\/i0.wp.com\/www.grieta.org.mx\/wp-content\/uploads\/2018\/03\/14524434_1106112876131411_958039263622046936_o.jpg?resize=700%2C400 2x"},"classes":[]}],"_links":{"self":[{"href":"http:\/\/www.grieta.org.mx\/index.php\/wp-json\/wp\/v2\/posts\/56759","targetHints":{"allow":["GET"]}}],"collection":[{"href":"http:\/\/www.grieta.org.mx\/index.php\/wp-json\/wp\/v2\/posts"}],"about":[{"href":"http:\/\/www.grieta.org.mx\/index.php\/wp-json\/wp\/v2\/types\/post"}],"author":[{"embeddable":true,"href":"http:\/\/www.grieta.org.mx\/index.php\/wp-json\/wp\/v2\/users\/2"}],"replies":[{"embeddable":true,"href":"http:\/\/www.grieta.org.mx\/index.php\/wp-json\/wp\/v2\/comments?post=56759"}],"version-history":[{"count":1,"href":"http:\/\/www.grieta.org.mx\/index.php\/wp-json\/wp\/v2\/posts\/56759\/revisions"}],"predecessor-version":[{"id":56768,"href":"http:\/\/www.grieta.org.mx\/index.php\/wp-json\/wp\/v2\/posts\/56759\/revisions\/56768"}],"wp:featuredmedia":[{"embeddable":true,"href":"http:\/\/www.grieta.org.mx\/index.php\/wp-json\/wp\/v2\/media\/56760"}],"wp:attachment":[{"href":"http:\/\/www.grieta.org.mx\/index.php\/wp-json\/wp\/v2\/media?parent=56759"}],"wp:term":[{"taxonomy":"category","embeddable":true,"href":"http:\/\/www.grieta.org.mx\/index.php\/wp-json\/wp\/v2\/categories?post=56759"},{"taxonomy":"post_tag","embeddable":true,"href":"http:\/\/www.grieta.org.mx\/index.php\/wp-json\/wp\/v2\/tags?post=56759"}],"curies":[{"name":"wp","href":"https:\/\/api.w.org\/{rel}","templated":true}]}}