{"id":5666,"date":"2015-02-15T17:00:11","date_gmt":"2015-02-15T17:00:11","guid":{"rendered":"http:\/\/50.22.11.12\/~grietaor\/?p=5666"},"modified":"2016-03-27T17:07:06","modified_gmt":"2016-03-27T17:07:06","slug":"familiares-de-desaparecidos-vuelven-a-tomar-las-calles-del-centro","status":"publish","type":"post","link":"http:\/\/www.grieta.org.mx\/index.php\/2015\/02\/15\/familiares-de-desaparecidos-vuelven-a-tomar-las-calles-del-centro\/","title":{"rendered":"Familiares de desaparecidos vuelven a tomar las calles del centro"},"content":{"rendered":"<p>Redacci\u00f3n aguasdital.com, Aguascalientes.<\/p>\n<p>Aguascalientes, Ags.- La ma\u00f1ana de este domingo, familiares de aguascalentenses extraviados marcharon pacificamente por la avenida Francisco I. Madero para exigir a las correspondientes autoridades, por medio de pancartas, mantas y cartulinas, se trabaje para dar con sus paraderos.<\/p>\n<p>Cerca de 80 personas iniciaron el recorrido en la calle 28 de agosto, para concluir al pie de la excedra en donde se turnaron para tomar el micr\u00f3fono y expresar p\u00fablicamente su desolaci\u00f3n al no recibir informaci\u00f3n alguna de parte de la Procuradur\u00eda General de Justicia respecto al curso de las investigaciones.<\/p>\n<p>\u201cLa Navidad no fue la misma de siempre, sin embargo seguimos en pie, tratando de rehacer nuestra vida y estamos insistiendo a las autoridades que hagan su trabajo, que cumplan con su obligaci\u00f3n de ayudarnos. Queremos saber d\u00f3nde est\u00e1n nuestras personas, qui\u00e9n las tiene y por qu\u00e9 no est\u00e1n aqu\u00ed entre nosotros\u201d manifest\u00f3 la hermana de Cristal Acevedo, quien hace siete meses no regresa a su casa.<\/p>\n<p>\u201cLe pido al se\u00f1or Gobernador que nos reciba. Si no hay justicia para el pueblo, no habr\u00e1 paz para el gobierno\u201d, extern\u00f3 el padre de Sergio Lara, que est\u00e1 desaparecido desde hace cuatro a\u00f1os.<\/p>\n<p>Del mismo modo, hicieron uso de la palabra familiares de Sara Estefan\u00eda Mu\u00f1oz y Paola Janet Y\u00e1\u00f1ez, esta \u00faltima con apenas 15 d\u00edas extraviada. Se unieron al clamor los parientes de Cecilia Mart\u00ednez, cuyo caso concluy\u00f3 con un supuesto homicidio de causas poco claras, as\u00ed como alumnas de la Normal de Ca\u00f1ada Honda quienes se solidarizaron con los 43 estudiantes de Ayotzinapa.<\/p>\n<p>Mariana \u00c1vila Montejano, coordinadora del movimiento, inform\u00f3 que el Ministerio P\u00fablico recientemente cambi\u00f3 a los funcionarios encargados de llevar los casos de desapariciones, reiniciando los procedimientos de investigaci\u00f3n practicamente de cero.<\/p>\n<p>\u201cLlamamos a sumarse a las familias que transitan solas y no han hecho p\u00fablica la desaparici\u00f3n de su familiar a petici\u00f3n de las propias autoridades\u201d, extern\u00f3 la activista, al juzgar que no se est\u00e1n siguiendo los protocolos de actuaci\u00f3n y que ni si quiera se conoce con exactitud el n\u00famero de extraviados que, v\u00eda transparencia se sabe ronda sobre los 300. <\/p>\n<p><a href=\"http:\/\/www.aguasdigital.com\/metro\/leer.php?idnota=53538\" target=\"_blank\">www.aguasdigital.com\/metro\/leer.php?idnota=53538<\/a><\/p>\n","protected":false},"excerpt":{"rendered":"<p>Redacci\u00f3n aguasdital.com, Aguascalientes. Aguascalientes, Ags.- La ma\u00f1ana de este domingo, familiares de aguascalentenses extraviados marcharon pacificamente por la avenida Francisco I. Madero para exigir a las correspondientes autoridades, por medio &hellip; <a href=\"http:\/\/www.grieta.org.mx\/index.php\/2015\/02\/15\/familiares-de-desaparecidos-vuelven-a-tomar-las-calles-del-centro\/\" class=\"more-link\">Leer m\u00e1s<\/a><\/p>\n","protected":false},"author":2,"featured_media":21928,"comment_status":"closed","ping_status":"open","sticky":false,"template":"","format":"standard","meta":{"ngg_post_thumbnail":0,"_jetpack_newsletter_access":"","_jetpack_dont_email_post_to_subs":false,"_jetpack_newsletter_tier_id":0,"_jetpack_memberships_contains_paywalled_content":false,"_jetpack_memberships_contains_paid_content":false,"footnotes":""},"categories":[305,80],"tags":[174,121,180],"class_list":["post-5666","post","type-post","status-publish","format-standard","has-post-thumbnail","hentry","category-aguascalientes","category-cintillo","tag-derechos-humanos","tag-desaparecidos","tag-protesta","entry"],"jetpack_featured_media_url":"http:\/\/www.grieta.org.mx\/wp-content\/uploads\/2018\/03\/14524434_1106112876131411_958039263622046936_o.jpg","jetpack_sharing_enabled":true,"jetpack_shortlink":"https:\/\/wp.me\/p7ZJR4-1to","jetpack_likes_enabled":false,"jetpack-related-posts":[{"id":5664,"url":"http:\/\/www.grieta.org.mx\/index.php\/2016\/09\/01\/desaparecidos-en-aguascalientes\/","url_meta":{"origin":5666,"position":0},"title":"Desaparecidos en Aguascalientes","author":"grieta","date":"1 septiembre, 2016","format":false,"excerpt":"01\/09\/16. Fiscal\u00eda contin\u00faa sin publicar el protocolo sobre personas desaparecidas La Jornada Aguascalientes 09\/07\/16. Sin ser localizados, 22 aguascalentenses que desaparecieron este a\u00f1o La Jornada Aguascalientes 12\/01\/16. Ocupa Aguascalientes lugar 19 en desaparecidos en el \u00e1mbito nacional La Jornada Aguascalientes 11\/01\/16. 283 personas est\u00e1n desaparecidas en Aguascalientes La Jornada Aguascalientes\u2026","rel":"","context":"En &quot;Aguascalientes&quot;","block_context":{"text":"Aguascalientes","link":"http:\/\/www.grieta.org.mx\/index.php\/category\/noticias-nacionales\/aguascalientes\/"},"img":{"alt_text":"","src":"https:\/\/i0.wp.com\/www.grieta.org.mx\/wp-content\/uploads\/2018\/03\/14524434_1106112876131411_958039263622046936_o.jpg?resize=350%2C200","width":350,"height":200,"srcset":"https:\/\/i0.wp.com\/www.grieta.org.mx\/wp-content\/uploads\/2018\/03\/14524434_1106112876131411_958039263622046936_o.jpg?resize=350%2C200 1x, https:\/\/i0.wp.com\/www.grieta.org.mx\/wp-content\/uploads\/2018\/03\/14524434_1106112876131411_958039263622046936_o.jpg?resize=525%2C300 1.5x, https:\/\/i0.wp.com\/www.grieta.org.mx\/wp-content\/uploads\/2018\/03\/14524434_1106112876131411_958039263622046936_o.jpg?resize=700%2C400 2x"},"classes":[]},{"id":58967,"url":"http:\/\/www.grieta.org.mx\/index.php\/2021\/04\/24\/familiares-de-desaparecidos-del-maverick-exigen-justicia-en-aguascalientes\/","url_meta":{"origin":5666,"position":1},"title":"Familiares de desaparecidos del \u2018Maverick\u2019 exigen justicia en Aguascalientes","author":"grieta","date":"24 abril, 2021","format":false,"excerpt":"Redacci\u00f3n\/El Clarinete 24 abril 2021 Aguascalientes, Ags.- Familiares de Javier Espino, desaparecido en el antro \u2018Maverick\u2019 en 2007, clausuraron de manera simb\u00f3lica las instalaciones de la Fiscal\u00eda de Estado de Aguascalientes por los nulos resultados en la investigaci\u00f3n. Francisco Espinoza padre de uno de los nueve desaparecidos, indic\u00f3 que son\u2026","rel":"","context":"En &quot;Aguascalientes&quot;","block_context":{"text":"Aguascalientes","link":"http:\/\/www.grieta.org.mx\/index.php\/category\/noticias-nacionales\/aguascalientes\/"},"img":{"alt_text":"","src":"https:\/\/i0.wp.com\/www.grieta.org.mx\/wp-content\/uploads\/2021\/04\/desaparecidos-familiares.jpg?resize=350%2C200","width":350,"height":200,"srcset":"https:\/\/i0.wp.com\/www.grieta.org.mx\/wp-content\/uploads\/2021\/04\/desaparecidos-familiares.jpg?resize=350%2C200 1x, https:\/\/i0.wp.com\/www.grieta.org.mx\/wp-content\/uploads\/2021\/04\/desaparecidos-familiares.jpg?resize=525%2C300 1.5x, https:\/\/i0.wp.com\/www.grieta.org.mx\/wp-content\/uploads\/2021\/04\/desaparecidos-familiares.jpg?resize=700%2C400 2x"},"classes":[]},{"id":30728,"url":"http:\/\/www.grieta.org.mx\/index.php\/2019\/03\/08\/familiares-de-desaparecidos-se-manifiestan-en-aguascalientes\/","url_meta":{"origin":5666,"position":2},"title":"Familiares de desaparecidos se manifiestan en Aguascalientes","author":"grieta","date":"8 marzo, 2019","format":false,"excerpt":"En el posicionamiento se exigi\u00f3 al gobierno federal la actualizaci\u00f3n de bases de datos estatal y nacional que contenga la informaci\u00f3n y fotograf\u00eda de personas desaparecidas Karla M\u00e9ndez\/Exc\u00e9lsior AGUASCALIENTES, Aguascalientes. Durante la visita del Presidente Andr\u00e9s Manuel L\u00f3pez Obrador, familiares de personas desaparecidas se manifestaron en el evento \"La idea\u2026","rel":"","context":"En &quot;Aguascalientes&quot;","block_context":{"text":"Aguascalientes","link":"http:\/\/www.grieta.org.mx\/index.php\/category\/noticias-nacionales\/aguascalientes\/"},"img":{"alt_text":"","src":"https:\/\/i0.wp.com\/www.grieta.org.mx\/wp-content\/uploads\/2019\/03\/2111539.jpg?resize=350%2C200","width":350,"height":200,"srcset":"https:\/\/i0.wp.com\/www.grieta.org.mx\/wp-content\/uploads\/2019\/03\/2111539.jpg?resize=350%2C200 1x, https:\/\/i0.wp.com\/www.grieta.org.mx\/wp-content\/uploads\/2019\/03\/2111539.jpg?resize=525%2C300 1.5x"},"classes":[]},{"id":34140,"url":"http:\/\/www.grieta.org.mx\/index.php\/2019\/05\/30\/familias-de-desaparecidos-marchan-en-aguascalientes-para-exigir-avances-en-investigaciones\/","url_meta":{"origin":5666,"position":3},"title":"Familias de desaparecidos marchan en Aguascalientes para exigir avances en investigaciones","author":"grieta","date":"30 mayo, 2019","format":false,"excerpt":"Redacci\u00f3n\/Proceso. AGUASCALIENTES, Ags., (apro).- Familias de personas desaparecidas o asesinadas, integrantes del Colectivo Buscando Personas Verdad y Justicia, marcharon este jueves desde la Fiscal\u00eda de Aguascalientes hasta el palacio de gobierno para exigir avances y resultados en las investigaciones. Violeta Sab\u00e1s explic\u00f3 que, seg\u00fan la \u00faltima actualizaci\u00f3n del Registro Nacional\u2026","rel":"","context":"En &quot;Aguascalientes&quot;","block_context":{"text":"Aguascalientes","link":"http:\/\/www.grieta.org.mx\/index.php\/category\/noticias-nacionales\/aguascalientes\/"},"img":{"alt_text":"","src":"https:\/\/i0.wp.com\/www.grieta.org.mx\/wp-content\/uploads\/2019\/06\/a2.jpg?resize=350%2C200","width":350,"height":200,"srcset":"https:\/\/i0.wp.com\/www.grieta.org.mx\/wp-content\/uploads\/2019\/06\/a2.jpg?resize=350%2C200 1x, https:\/\/i0.wp.com\/www.grieta.org.mx\/wp-content\/uploads\/2019\/06\/a2.jpg?resize=525%2C300 1.5x, https:\/\/i0.wp.com\/www.grieta.org.mx\/wp-content\/uploads\/2019\/06\/a2.jpg?resize=700%2C400 2x, https:\/\/i0.wp.com\/www.grieta.org.mx\/wp-content\/uploads\/2019\/06\/a2.jpg?resize=1050%2C600 3x"},"classes":[]},{"id":54712,"url":"http:\/\/www.grieta.org.mx\/index.php\/2020\/08\/17\/inicia-caravana-de-familiares-de-desaparecidos-de-aguascalientes-en-puerto-vallarta\/","url_meta":{"origin":5666,"position":4},"title":"Inicia caravana de familiares de desaparecidos de Aguascalientes en Puerto Vallarta","author":"grieta","date":"17 agosto, 2020","format":false,"excerpt":"Alejandro Romo\/Newsweek Aguascalientes 17 agosto 2020 Este lunes comenz\u00f3 la caravana de b\u00fasqueda organizada por el Colectivo Buscando Personas, Verdad y Justicia y el Observatorio de Violencia Social y de G\u00e9nero (OVSG) y familiares de personas desaparecidas de Aguascalientes en municipios de Jalisco. La caravana inici\u00f3 en Puerto Vallarta, Jalisco,\u2026","rel":"","context":"En &quot;Aguascalientes&quot;","block_context":{"text":"Aguascalientes","link":"http:\/\/www.grieta.org.mx\/index.php\/category\/noticias-nacionales\/aguascalientes\/"},"img":{"alt_text":"","src":"https:\/\/i0.wp.com\/www.grieta.org.mx\/wp-content\/uploads\/2020\/11\/WhatsApp-Image-2020-08-17-at-1.48.32-PM.jpeg?resize=350%2C200","width":350,"height":200,"srcset":"https:\/\/i0.wp.com\/www.grieta.org.mx\/wp-content\/uploads\/2020\/11\/WhatsApp-Image-2020-08-17-at-1.48.32-PM.jpeg?resize=350%2C200 1x, https:\/\/i0.wp.com\/www.grieta.org.mx\/wp-content\/uploads\/2020\/11\/WhatsApp-Image-2020-08-17-at-1.48.32-PM.jpeg?resize=525%2C300 1.5x"},"classes":[]},{"id":64417,"url":"http:\/\/www.grieta.org.mx\/index.php\/2022\/06\/02\/no-tenemos-miedo-estamos-buscando-a-nuestros-familiares-no-vamos-a-parar-aguascalientes-jalisco-zacatecas\/","url_meta":{"origin":5666,"position":5},"title":"\u00abNo tenemos miedo, estamos buscando a nuestros familiares, no vamos a parar\u00bb (Aguascalientes, Jalisco, Zacatecas)","author":"grieta","date":"2 junio, 2022","format":false,"excerpt":"Imagen:\u00a0 Perimetral \u00abNo tenemos miedo, estamos buscando a nuestros familiares, no vamos a parar\u00bb Georgina Martinez Macias - Florencia Escobedo \/ Perimetral Familias de Zacatecas, Jalisco y Aguascalientes marcharon este\u00a0 31 de mayo\u00a0 para exigir memoria verdad y justicia por sus familiares v\u00edctimas de desaparici\u00f3n forzada. Dentro del contingente particip\u00f3\u2026","rel":"","context":"En &quot;Aguascalientes&quot;","block_context":{"text":"Aguascalientes","link":"http:\/\/www.grieta.org.mx\/index.php\/category\/noticias-nacionales\/aguascalientes\/"},"img":{"alt_text":"","src":"https:\/\/i0.wp.com\/www.grieta.org.mx\/wp-content\/uploads\/2022\/06\/portada1.webp?resize=350%2C200","width":350,"height":200},"classes":[]}],"_links":{"self":[{"href":"http:\/\/www.grieta.org.mx\/index.php\/wp-json\/wp\/v2\/posts\/5666","targetHints":{"allow":["GET"]}}],"collection":[{"href":"http:\/\/www.grieta.org.mx\/index.php\/wp-json\/wp\/v2\/posts"}],"about":[{"href":"http:\/\/www.grieta.org.mx\/index.php\/wp-json\/wp\/v2\/types\/post"}],"author":[{"embeddable":true,"href":"http:\/\/www.grieta.org.mx\/index.php\/wp-json\/wp\/v2\/users\/2"}],"replies":[{"embeddable":true,"href":"http:\/\/www.grieta.org.mx\/index.php\/wp-json\/wp\/v2\/comments?post=5666"}],"version-history":[{"count":1,"href":"http:\/\/www.grieta.org.mx\/index.php\/wp-json\/wp\/v2\/posts\/5666\/revisions"}],"predecessor-version":[{"id":5669,"href":"http:\/\/www.grieta.org.mx\/index.php\/wp-json\/wp\/v2\/posts\/5666\/revisions\/5669"}],"wp:featuredmedia":[{"embeddable":true,"href":"http:\/\/www.grieta.org.mx\/index.php\/wp-json\/wp\/v2\/media\/21928"}],"wp:attachment":[{"href":"http:\/\/www.grieta.org.mx\/index.php\/wp-json\/wp\/v2\/media?parent=5666"}],"wp:term":[{"taxonomy":"category","embeddable":true,"href":"http:\/\/www.grieta.org.mx\/index.php\/wp-json\/wp\/v2\/categories?post=5666"},{"taxonomy":"post_tag","embeddable":true,"href":"http:\/\/www.grieta.org.mx\/index.php\/wp-json\/wp\/v2\/tags?post=5666"}],"curies":[{"name":"wp","href":"https:\/\/api.w.org\/{rel}","templated":true}]}}