{"id":56604,"date":"2021-01-23T13:25:05","date_gmt":"2021-01-23T19:25:05","guid":{"rendered":"http:\/\/www.grieta.org.mx\/?p=56604"},"modified":"2021-02-01T13:31:28","modified_gmt":"2021-02-01T19:31:28","slug":"familiares-de-joven-desaparecido-denuncian-inaccion-de-la-fiscalia-de-jalisco","status":"publish","type":"post","link":"http:\/\/www.grieta.org.mx\/index.php\/2021\/01\/23\/familiares-de-joven-desaparecido-denuncian-inaccion-de-la-fiscalia-de-jalisco\/","title":{"rendered":"Familiares de joven desaparecido denuncian inacci\u00f3n de la Fiscal\u00eda de Jalisco"},"content":{"rendered":"<p><img loading=\"lazy\" decoding=\"async\" data-attachment-id=\"56605\" data-permalink=\"http:\/\/www.grieta.org.mx\/index.php\/2021\/01\/23\/familiares-de-joven-desaparecido-denuncian-inaccion-de-la-fiscalia-de-jalisco\/familias-mexicanas-buscan-en-vida-a-desaparecidos-en-carceles-y-hospitales-2\/\" data-orig-file=\"http:\/\/www.grieta.org.mx\/wp-content\/uploads\/2021\/02\/Busqueda-de-desaparecidos-EFE-656x420-1.jpg\" data-orig-size=\"656,420\" data-comments-opened=\"0\" data-image-meta=\"{&quot;aperture&quot;:&quot;0&quot;,&quot;credit&quot;:&quot;EFE&quot;,&quot;camera&quot;:&quot;&quot;,&quot;caption&quot;:&quot;MEX7497. GUADALAJARA (M\\u00c9XICO) 12\/03\/2020.- Fotograf\\u00eda fechada el 12 de marzo del 2020 que muestra fotograf\\u00edas de las v\\u00edctimas de desaparici\\u00f3n en Guadalajara, estado de Jalisco (M\\u00e9xico). Unas 80 familias realizan estos d\\u00edas una caravana por varios estados de M\\u00e9xico para buscar a sus desaparecidos con vida en lugares tan diversos como c\\u00e1rceles o hospitales psiqui\\u00e1tricos, una esperanza que se mantienen viva a pesar de las adversidades a las que se enfrentan y la indolencia de las autoridades de justicia. EFE\/Francisco Guasco&quot;,&quot;created_timestamp&quot;:&quot;1583971200&quot;,&quot;copyright&quot;:&quot;&quot;,&quot;focal_length&quot;:&quot;0&quot;,&quot;iso&quot;:&quot;0&quot;,&quot;shutter_speed&quot;:&quot;0&quot;,&quot;title&quot;:&quot;Familias mexicanas buscan en vida a desaparecidos en c\\u00e1rceles y hospitales&quot;,&quot;orientation&quot;:&quot;0&quot;}\" data-image-title=\"Familias mexicanas buscan en vida a desaparecidos en c\u00e1rceles y hospitales\" data-image-description=\"\" data-image-caption=\"&lt;p&gt;MEX7497. GUADALAJARA (M\u00c9XICO) 12\/03\/2020.- Fotograf\u00eda fechada el 12 de marzo del 2020 que muestra fotograf\u00edas de las v\u00edctimas de desaparici\u00f3n en Guadalajara, estado de Jalisco (M\u00e9xico). Unas 80 familias realizan estos d\u00edas una caravana por varios estados de M\u00e9xico para buscar a sus desaparecidos con vida en lugares tan diversos como c\u00e1rceles o hospitales psiqui\u00e1tricos, una esperanza que se mantienen viva a pesar de las adversidades a las que se enfrentan y la indolencia de las autoridades de justicia. EFE\/Francisco Guasco&lt;\/p&gt;\n\" data-medium-file=\"http:\/\/www.grieta.org.mx\/wp-content\/uploads\/2021\/02\/Busqueda-de-desaparecidos-EFE-656x420-1-300x192.jpg\" data-large-file=\"http:\/\/www.grieta.org.mx\/wp-content\/uploads\/2021\/02\/Busqueda-de-desaparecidos-EFE-656x420-1.jpg\" class=\" wp-image-56605 aligncenter\" src=\"http:\/\/www.grieta.org.mx\/wp-content\/uploads\/2021\/02\/Busqueda-de-desaparecidos-EFE-656x420-1.jpg\" alt=\"\" width=\"800\" height=\"513\" srcset=\"http:\/\/www.grieta.org.mx\/wp-content\/uploads\/2021\/02\/Busqueda-de-desaparecidos-EFE-656x420-1.jpg 656w, http:\/\/www.grieta.org.mx\/wp-content\/uploads\/2021\/02\/Busqueda-de-desaparecidos-EFE-656x420-1-300x192.jpg 300w\" sizes=\"auto, (max-width: 800px) 100vw, 800px\" \/><\/p>\n<p>Foto: EFE Archivo<\/p>\n<p><em>A Oscar Manuel Inda Acevedo se lo llevaron de su casa la noche del 14 de enero cuando un comando, supuestamente de la Fiscal\u00eda, entro a la fuerza<\/em><\/p>\n<p>Celia Ni\u00f1o \/UDGTV<\/p>\n<p><strong>Guadalajara, Jalisco. La familia de Oscar Manuel Inda Acevedo<\/strong>\u00a0denuncia la inacci\u00f3n de la Fiscal\u00eda Estatal y la Comisi\u00f3n Estatal de B\u00fasqueda para encontrarlo con vida. A \u00e9l\u00a0<strong>se lo llevaron de su casa la noche del 14 de enero<\/strong>\u00a0cuando un comando entro a la fuerza. Su pareja que se resguardo en una habitaci\u00f3n con sus dos hijos, escuch\u00f3 que le dec\u00edan que ven\u00edan de la Fiscal\u00eda y que se lo iban a llevar, tambi\u00e9n escuch\u00f3 que en su casa estaban m\u00e1s de tres hombres desconocidos, escuch\u00f3 golpes y escuch\u00f3 tambi\u00e9n como tumbaron la puerta de su casa.<\/p>\n<p>La madre de Oscar, Patricia Acevedo, hace esta narraci\u00f3n mientras con enojo y desesperanza, explica c\u00f3mo desde el 14 de enero ninguna autoridad le ha dado novedades del proceso de b\u00fasqueda de su hijo.<\/p>\n<p><em>\u201cBuscamos adentro de las Fiscal\u00eda como pude que me apoyar\u00e1n, no lo tienen seg\u00fan esto, pero\u00a0<strong>tienen muy cerrado el caso y hasta la fecha no tengo ning\u00fan reporte de ellos<\/strong>, nada\u201d.<\/em><\/p>\n<p><em>\u201cDonde \u00e9l vive hay c\u00e1maras, hay c\u00e1maras de video de vigilancia pues me imagino que son de gobierno, son varias y hasta la fecha no han querido revisarlas que porque el juez no ha autorizado ver las c\u00e1maras, y digo ya pasaron muchos d\u00edas y hasta la fecha no han visto las c\u00e1maras, no est\u00e1n buscando nada, simplemente pues va muy lento y que todav\u00eda no tienen nada y pues cualquiera se puede hacer pasar por la Fiscal\u00eda y yo digo que entonces por qu\u00e9 est\u00e1n deteniendo el proceso, por qu\u00e9 va tan lento\u201d.<\/em><\/p>\n<p>La denuncia por la desaparici\u00f3n forzada de su hijo, la hizo su esposo Oscar Inda desde el 15 de enero, es decir, apenas un d\u00eda despu\u00e9s de los hechos, sin embargo en la Comisi\u00f3n de B\u00fasqueda les dicen que no se tiene ninguna novedad, su madre, Patricia Acevedo, solo pide que\u00a0<strong>se cumpla con la urgencia de buscar a los desaparecidos en las primeras horas,<\/strong>\u00a0algo que en el caso de su hijo no ha sucedido ni de cerca.<\/p>\n<p><em>\u201cQue desgracia de tener esta autoridad que tenemos y que no pueda hacer nada por apoyarnos, si fuera un alto funcionario ya lo estuvieran buscando luego luego pero pues uno no tiene los recursos para hacer todo lo que ellos pueden hacer y me entristece y no sab\u00eda la verdad lo que se siente estar de esta manera, es muy feo y no se lo deseo a nadie, simplemente quiero saber si mi hijo est\u00e1 bien y est\u00e1 con vida, eso es lo \u00fanico que pido como una madre\u201d.<\/em><\/p>\n<p><a href=\"https:\/\/udgtv.com\/noticias\/familiares-joven-desaparecido-denuncia-inaccion-fiscalia-jalisco\/\">https:\/\/udgtv.com\/noticias\/familiares-joven-desaparecido-denuncia-inaccion-fiscalia-jalisco\/<\/a><\/p>\n","protected":false},"excerpt":{"rendered":"<p>Foto: EFE Archivo A Oscar Manuel Inda Acevedo se lo llevaron de su casa la noche del 14 de enero cuando un comando, supuestamente de la Fiscal\u00eda, entro a la &hellip; <a href=\"http:\/\/www.grieta.org.mx\/index.php\/2021\/01\/23\/familiares-de-joven-desaparecido-denuncian-inaccion-de-la-fiscalia-de-jalisco\/\" class=\"more-link\">Leer m\u00e1s<\/a><\/p>\n","protected":false},"author":2,"featured_media":56605,"comment_status":"closed","ping_status":"closed","sticky":false,"template":"","format":"standard","meta":{"ngg_post_thumbnail":0,"_jetpack_newsletter_access":"","_jetpack_dont_email_post_to_subs":false,"_jetpack_newsletter_tier_id":0,"_jetpack_memberships_contains_paywalled_content":false,"_jetpack_memberships_contains_paid_content":false,"footnotes":""},"categories":[80,87,1032,20,2,83],"tags":[1828,121,1668,1228],"class_list":["post-56604","post","type-post","status-publish","format-standard","has-post-thumbnail","hentry","category-cintillo","category-desaparecidos","category-desaparecidos-en-jalisco","category-jalisco","category-noticias-nacionales","category-temas-nacionales","tag-busqueda-de-desaparecidos","tag-desaparecidos","tag-familiares-de-desaparecidos","tag-protestas-por-desaparecidos","entry"],"jetpack_featured_media_url":"http:\/\/www.grieta.org.mx\/wp-content\/uploads\/2021\/02\/Busqueda-de-desaparecidos-EFE-656x420-1.jpg","jetpack_sharing_enabled":true,"jetpack_shortlink":"https:\/\/wp.me\/p7ZJR4-eIY","jetpack_likes_enabled":false,"jetpack-related-posts":[{"id":58849,"url":"http:\/\/www.grieta.org.mx\/index.php\/2021\/04\/15\/exigen-familias-la-localizacion-de-sus-desaparecidos-frente-a-casa-jalisco\/","url_meta":{"origin":56604,"position":0},"title":"Exigen familias la localizaci\u00f3n de sus desaparecidos frente a Casa Jalisco","author":"grieta","date":"15 abril, 2021","format":false,"excerpt":"Foto: F\u00e1tima Aguilar Equipo Editorial \/ UDGTV Un grupo de m\u00e1s de 100 familias acudieron la tarde de este jueves a Casa Jalisco\u00a0para evidenciar las omisiones desde la Fiscal\u00eda Estatal en la\u00a0b\u00fasqueda de sus desaparecidos\u00a0y exigir su localizaci\u00f3n. Convocados desde el colectivo Huellas de Amor, acudieron con fotograf\u00edas de sus\u2026","rel":"","context":"En &quot;CINTILLO&quot;","block_context":{"text":"CINTILLO","link":"http:\/\/www.grieta.org.mx\/index.php\/category\/cintillo\/"},"img":{"alt_text":"","src":"https:\/\/i0.wp.com\/www.grieta.org.mx\/wp-content\/uploads\/2021\/04\/Manifestacion-Fatima-Aguilar-696x521-1.jpeg?resize=350%2C200","width":350,"height":200,"srcset":"https:\/\/i0.wp.com\/www.grieta.org.mx\/wp-content\/uploads\/2021\/04\/Manifestacion-Fatima-Aguilar-696x521-1.jpeg?resize=350%2C200 1x, https:\/\/i0.wp.com\/www.grieta.org.mx\/wp-content\/uploads\/2021\/04\/Manifestacion-Fatima-Aguilar-696x521-1.jpeg?resize=525%2C300 1.5x"},"classes":[]},{"id":64530,"url":"http:\/\/www.grieta.org.mx\/index.php\/2022\/07\/06\/la-fiscalia-no-ha-hecho-nada-por-encontrar-a-octavio-y-francisco-jalisco\/","url_meta":{"origin":56604,"position":1},"title":"\u201cLa Fiscal\u00eda no ha hecho nada por encontrar a Octavio y Francisco\u201d (Jalisco)","author":"grieta","date":"6 julio, 2022","format":false,"excerpt":"Imagen: Mario Marlo Octavio Serrano Fragua y Francisco Javier Fajardo Barocio fueron desaparecidos el 1 de julio de su propio trabajo cerca de la colonia Bugambilias en Zapopan, Jalisco; ante las pocas acciones de b\u00fasqueda de la Fiscal\u00eda del Estado de Jalisco, familiares y amigos de ambos j\u00f3venes se manifestaron\u2026","rel":"","context":"En &quot;CINTILLO&quot;","block_context":{"text":"CINTILLO","link":"http:\/\/www.grieta.org.mx\/index.php\/category\/cintillo\/"},"img":{"alt_text":"","src":"https:\/\/i0.wp.com\/www.grieta.org.mx\/wp-content\/uploads\/2022\/07\/photo5634072502313527243.jpg?resize=350%2C200","width":350,"height":200,"srcset":"https:\/\/i0.wp.com\/www.grieta.org.mx\/wp-content\/uploads\/2022\/07\/photo5634072502313527243.jpg?resize=350%2C200 1x, https:\/\/i0.wp.com\/www.grieta.org.mx\/wp-content\/uploads\/2022\/07\/photo5634072502313527243.jpg?resize=525%2C300 1.5x, https:\/\/i0.wp.com\/www.grieta.org.mx\/wp-content\/uploads\/2022\/07\/photo5634072502313527243.jpg?resize=700%2C400 2x, https:\/\/i0.wp.com\/www.grieta.org.mx\/wp-content\/uploads\/2022\/07\/photo5634072502313527243.jpg?resize=1050%2C600 3x"},"classes":[]},{"id":41969,"url":"http:\/\/www.grieta.org.mx\/index.php\/2019\/12\/03\/familiares-de-desaparecidos-reclamaron-la-falta-de-trabajos-y-de-resultados-jalisco\/","url_meta":{"origin":56604,"position":2},"title":"Familiares de desaparecidos reclamaron la falta de trabajos y de resultados (Jalisco)","author":"grieta","date":"3 diciembre, 2019","format":false,"excerpt":"Foto: Especial Juan Levario \/ El Diario NTR Durante la presentaci\u00f3n de un proyecto de colaboraci\u00f3n con expertos guatemaltecos para b\u00fasqueda de personas\u00a0en Jalisco, familiares de desaparecidos reclamaron a Enrique Ibarra Pedroza, secretario general de Gobierno,\u00a0y a otros funcionarios la falta de trabajos y de resultados. Representantes de los colectivos\u2026","rel":"","context":"En &quot;CINTILLO&quot;","block_context":{"text":"CINTILLO","link":"http:\/\/www.grieta.org.mx\/index.php\/category\/cintillo\/"},"img":{"alt_text":"","src":"https:\/\/i0.wp.com\/www.grieta.org.mx\/wp-content\/uploads\/2019\/12\/2019-12-02_11-12-13___5378.jpg?resize=350%2C200","width":350,"height":200,"srcset":"https:\/\/i0.wp.com\/www.grieta.org.mx\/wp-content\/uploads\/2019\/12\/2019-12-02_11-12-13___5378.jpg?resize=350%2C200 1x, https:\/\/i0.wp.com\/www.grieta.org.mx\/wp-content\/uploads\/2019\/12\/2019-12-02_11-12-13___5378.jpg?resize=525%2C300 1.5x, https:\/\/i0.wp.com\/www.grieta.org.mx\/wp-content\/uploads\/2019\/12\/2019-12-02_11-12-13___5378.jpg?resize=700%2C400 2x"},"classes":[]},{"id":62106,"url":"http:\/\/www.grieta.org.mx\/index.php\/2021\/09\/26\/la-fiscalia-no-busco-nosotros-la-encontramos-jalisco\/","url_meta":{"origin":56604,"position":3},"title":"\u201cLa Fiscal\u00eda no busc\u00f3, nosotros la encontramos\u201d (Jalisco)","author":"grieta","date":"26 septiembre, 2021","format":false,"excerpt":"Foto: Zona Docs Tras permanecer siete d\u00edas como desaparecida, Wendoline G\u00f3mez Mendoza fue localizada con vida, el 25 de septiembre. Su familia en un acto simb\u00f3lico retir\u00f3 de la Glorieta de las y los Desaparecidos, la lona de b\u00fasqueda que colocaron tras su desaparici\u00f3n ocurrida, el 18 de septiembre. En\u2026","rel":"","context":"En &quot;CINTILLO&quot;","block_context":{"text":"CINTILLO","link":"http:\/\/www.grieta.org.mx\/index.php\/category\/cintillo\/"},"img":{"alt_text":"","src":"https:\/\/i0.wp.com\/www.grieta.org.mx\/wp-content\/uploads\/2021\/10\/wendoline-768x432-1.jpeg?resize=350%2C200","width":350,"height":200,"srcset":"https:\/\/i0.wp.com\/www.grieta.org.mx\/wp-content\/uploads\/2021\/10\/wendoline-768x432-1.jpeg?resize=350%2C200 1x, https:\/\/i0.wp.com\/www.grieta.org.mx\/wp-content\/uploads\/2021\/10\/wendoline-768x432-1.jpeg?resize=525%2C300 1.5x, https:\/\/i0.wp.com\/www.grieta.org.mx\/wp-content\/uploads\/2021\/10\/wendoline-768x432-1.jpeg?resize=700%2C400 2x"},"classes":[]},{"id":64600,"url":"http:\/\/www.grieta.org.mx\/index.php\/2022\/07\/20\/condiciona-fiscalia-busqueda-de-desaparecidos-no-quieren-la-participacion-de-colectivos-denuncian-madres-buscadoras-jalisco\/","url_meta":{"origin":56604,"position":4},"title":"Condiciona Fiscal\u00eda b\u00fasqueda de desaparecidos; no quieren la participaci\u00f3n de colectivos denuncian madres buscadoras (Jalisco, Sonora)","author":"grieta","date":"20 julio, 2022","format":false,"excerpt":"Imagen: Especial Lauro Rodr\u00edguez \/ El Diario NTR Las Madres Buscadoras de Sonora acusaron que la Fiscal\u00eda del Estado condicion\u00f3 la b\u00fasqueda en campo. Mencion\u00f3 que se niegan a acompa\u00f1ar acciones colectivas. Ceci Patricia Flores Armenta, lideresa del colectivo Madres Buscadoras de Sonora, mencion\u00f3 que extendieron su estancia en Jalisco\u2026","rel":"","context":"En &quot;CINTILLO&quot;","block_context":{"text":"CINTILLO","link":"http:\/\/www.grieta.org.mx\/index.php\/category\/cintillo\/"},"img":{"alt_text":"","src":"https:\/\/i0.wp.com\/www.grieta.org.mx\/wp-content\/uploads\/2022\/07\/2022-07-20_10-07-27___612.png?resize=350%2C200","width":350,"height":200,"srcset":"https:\/\/i0.wp.com\/www.grieta.org.mx\/wp-content\/uploads\/2022\/07\/2022-07-20_10-07-27___612.png?resize=350%2C200 1x, https:\/\/i0.wp.com\/www.grieta.org.mx\/wp-content\/uploads\/2022\/07\/2022-07-20_10-07-27___612.png?resize=525%2C300 1.5x, https:\/\/i0.wp.com\/www.grieta.org.mx\/wp-content\/uploads\/2022\/07\/2022-07-20_10-07-27___612.png?resize=700%2C400 2x"},"classes":[]},{"id":43275,"url":"http:\/\/www.grieta.org.mx\/index.php\/2020\/01\/21\/activistas-colocan-memorial-con-fotografias-de-sus-desaparecidos-frente-a-a-fgr-ciudad-de-mexico\/","url_meta":{"origin":56604,"position":5},"title":"Activistas colocan memorial con fotograf\u00edas de sus desaparecidos frente a a FGR (Ciudad de M\u00e9xico)","author":"grieta","date":"21 enero, 2020","format":false,"excerpt":"Foto: Pablo P\u00e9rez Conexi\u00f3n Migrante Ana Enamorado encabez\u00f3 este lunes 20 de noviembre una manifestaci\u00f3n frente a la FGR, ubicada en la CDMX, exigi\u00f3 la b\u00fasqueda de su hijo, quien desapareci\u00f3 hace 10 a\u00f1os Fue el 19 de enero de 2010 cuando Ana Enamorado tuvo contacto por \u00faltima vez con\u2026","rel":"","context":"En &quot;CINTILLO&quot;","block_context":{"text":"CINTILLO","link":"http:\/\/www.grieta.org.mx\/index.php\/category\/cintillo\/"},"img":{"alt_text":"","src":"https:\/\/i0.wp.com\/www.grieta.org.mx\/wp-content\/uploads\/2020\/01\/Activistas-colocan-memorial-con-fotograf%C3%ADas-de-sus-desaparecidos-frente-a-a-FGR-cdmx-ene.jpg?resize=350%2C200","width":350,"height":200,"srcset":"https:\/\/i0.wp.com\/www.grieta.org.mx\/wp-content\/uploads\/2020\/01\/Activistas-colocan-memorial-con-fotograf%C3%ADas-de-sus-desaparecidos-frente-a-a-FGR-cdmx-ene.jpg?resize=350%2C200 1x, https:\/\/i0.wp.com\/www.grieta.org.mx\/wp-content\/uploads\/2020\/01\/Activistas-colocan-memorial-con-fotograf%C3%ADas-de-sus-desaparecidos-frente-a-a-FGR-cdmx-ene.jpg?resize=525%2C300 1.5x, https:\/\/i0.wp.com\/www.grieta.org.mx\/wp-content\/uploads\/2020\/01\/Activistas-colocan-memorial-con-fotograf%C3%ADas-de-sus-desaparecidos-frente-a-a-FGR-cdmx-ene.jpg?resize=700%2C400 2x, https:\/\/i0.wp.com\/www.grieta.org.mx\/wp-content\/uploads\/2020\/01\/Activistas-colocan-memorial-con-fotograf%C3%ADas-de-sus-desaparecidos-frente-a-a-FGR-cdmx-ene.jpg?resize=1050%2C600 3x"},"classes":[]}],"_links":{"self":[{"href":"http:\/\/www.grieta.org.mx\/index.php\/wp-json\/wp\/v2\/posts\/56604","targetHints":{"allow":["GET"]}}],"collection":[{"href":"http:\/\/www.grieta.org.mx\/index.php\/wp-json\/wp\/v2\/posts"}],"about":[{"href":"http:\/\/www.grieta.org.mx\/index.php\/wp-json\/wp\/v2\/types\/post"}],"author":[{"embeddable":true,"href":"http:\/\/www.grieta.org.mx\/index.php\/wp-json\/wp\/v2\/users\/2"}],"replies":[{"embeddable":true,"href":"http:\/\/www.grieta.org.mx\/index.php\/wp-json\/wp\/v2\/comments?post=56604"}],"version-history":[{"count":1,"href":"http:\/\/www.grieta.org.mx\/index.php\/wp-json\/wp\/v2\/posts\/56604\/revisions"}],"predecessor-version":[{"id":56606,"href":"http:\/\/www.grieta.org.mx\/index.php\/wp-json\/wp\/v2\/posts\/56604\/revisions\/56606"}],"wp:featuredmedia":[{"embeddable":true,"href":"http:\/\/www.grieta.org.mx\/index.php\/wp-json\/wp\/v2\/media\/56605"}],"wp:attachment":[{"href":"http:\/\/www.grieta.org.mx\/index.php\/wp-json\/wp\/v2\/media?parent=56604"}],"wp:term":[{"taxonomy":"category","embeddable":true,"href":"http:\/\/www.grieta.org.mx\/index.php\/wp-json\/wp\/v2\/categories?post=56604"},{"taxonomy":"post_tag","embeddable":true,"href":"http:\/\/www.grieta.org.mx\/index.php\/wp-json\/wp\/v2\/tags?post=56604"}],"curies":[{"name":"wp","href":"https:\/\/api.w.org\/{rel}","templated":true}]}}